{"id":7488,"date":"2025-12-02T15:13:17","date_gmt":"2025-12-02T21:13:17","guid":{"rendered":"https:\/\/lagnoticias.com\/?p=7488"},"modified":"2025-12-02T15:13:18","modified_gmt":"2025-12-02T21:13:18","slug":"listos-para-el-iphone-18-esto-es-lo-que-apple-podria-preparar-para-su-estreno","status":"publish","type":"post","link":"https:\/\/lagnoticias.com\/en\/2025\/12\/02\/listos-para-el-iphone-18-esto-es-lo-que-apple-podria-preparar-para-su-estreno\/","title":{"rendered":"\u00bfListos para el iPhone 18? Esto es lo que Apple podr\u00eda preparar para su estreno"},"content":{"rendered":"<p>Durante a\u00f1os, el lanzamiento del iPhone ha sido uno de los momentos m\u00e1s esperados en el mundo de la tecnolog\u00eda. Cada nueva versi\u00f3n genera una mezcla de expectativa, curiosidad y debate entre los fan\u00e1ticos de Apple y los usuarios que analizan cada detalle del dise\u00f1o, la c\u00e1mara y el rendimiento.<\/p>\n\n\n\n<p>El iPhone 18 no ser\u00e1 la excepci\u00f3n. Aunque todav\u00eda falta para su llegada oficial, ya circulan m\u00faltiples rumores y proyecciones sobre su posible fecha de lanzamiento, caracter\u00edsticas y precio estimado.<\/p>\n\n\n\n<p>El iPhone 17, lanzado recientemente, marc\u00f3 un salto importante en el rendimiento gracias al chip A18 y a las mejoras en inteligencia artificial integradas en iOS. Por eso, muchos se preguntan c\u00f3mo Apple planea superar ese list\u00f3n con su pr\u00f3xima generaci\u00f3n.<\/p>\n\n\n\n<p>Los especialistas aseguran que la compa\u00f1\u00eda buscar\u00e1 afianzar su liderazgo en el segmento premium con innovaciones a\u00fan m\u00e1s centradas en la experiencia del usuario y en la sostenibilidad de sus materiales.<\/p>\n\n\n\n<h2 class=\"wp-block-heading\">Rumores sobre la fecha de lanzamiento del iPhone 18<\/h2>\n\n\n\n<p>Si Apple mantiene su calendario tradicional,&nbsp;el iPhone 18 podr\u00eda presentarse oficialmente en septiembre de 2026.<\/p>\n\n\n\n<p>La compa\u00f1\u00eda de Cupertino suele realizar su evento anual durante la segunda semana de ese mes, donde se revelan las versiones est\u00e1ndar, Pro y Pro Max del nuevo dispositivo. Luego, el lanzamiento al p\u00fablico ocurre unos d\u00edas despu\u00e9s, generalmente a finales de septiembre.<\/p>\n\n\n\n<p>Sin embargo, algunos analistas no descartan la posibilidad de que Apple adelante ligeramente la presentaci\u00f3n debido a la creciente competencia de marcas como Samsung y Google, que est\u00e1n acelerando sus propios lanzamientos.<\/p>\n\n\n\n<p>Aun as\u00ed, es poco probable que el iPhone 18 vea la luz antes de agosto, ya que la empresa ha demostrado preferir mantener un ciclo anual constante que le permite optimizar su producci\u00f3n y campa\u00f1as de marketing.<\/p>\n\n\n\n<h2 class=\"wp-block-heading\">Qu\u00e9 se espera del dise\u00f1o y la pantalla<\/h2>\n\n\n\n<p>Una de las \u00e1reas donde Apple podr\u00eda introducir cambios notables es el dise\u00f1o. Los informes m\u00e1s recientes indican que el iPhone 18&nbsp;podr\u00eda presentar un cuerpo a\u00fan m\u00e1s delgado, fabricado con materiales reciclados y aleaciones m\u00e1s ligeras.<\/p>\n\n\n\n<p>Tambi\u00e9n se especula con la eliminaci\u00f3n completa de los bordes visibles y un panel frontal totalmente cubierto por la pantalla, sin notch ni isla din\u00e1mica, gracias a una c\u00e1mara frontal oculta bajo el vidrio.<\/p>\n\n\n\n<p>La pantalla, por su parte,&nbsp;continuar\u00eda usando la tecnolog\u00eda OLED con tasas de refresco adaptativas de hasta 120 Hz, aunque con mejoras en la eficiencia energ\u00e9tica y la durabilidad.<\/p>\n\n\n\n<p>Apple podr\u00eda implementar una nueva versi\u00f3n del cristal Ceramic Shield con mayor resistencia a ca\u00eddas y ara\u00f1azos, adem\u00e1s de un brillo m\u00e1ximo que supere los 2500 nits para mejorar la visibilidad bajo la luz solar directa.<\/p>\n\n\n\n<h2 class=\"wp-block-heading\">Avances en c\u00e1maras y fotograf\u00eda computacional<\/h2>\n\n\n\n<p>En cada generaci\u00f3n, la c\u00e1mara del iPhone representa uno de los mayores focos de innovaci\u00f3n, y el iPhone 18 no ser\u00eda la excepci\u00f3n.&nbsp;Los rumores apuntan a que Apple planea incorporar un nuevo sensor perisc\u00f3pico para mejorar el zoom \u00f3ptico sin aumentar el tama\u00f1o del dispositivo.<\/p>\n\n\n\n<p>Tambi\u00e9n se espera un salto importante en fotograf\u00eda nocturna y en la capacidad de capturar retratos con profundidad de campo m\u00e1s realista.<\/p>\n\n\n\n<p>La inteligencia artificial jugar\u00e1 un papel clave, optimizando autom\u00e1ticamente el color, la exposici\u00f3n y la textura de las im\u00e1genes. Esto se complementar\u00eda con un procesador A19 Bionic a\u00fan m\u00e1s eficiente, dise\u00f1ado para tareas de IA y realidad aumentada.<\/p>\n\n\n\n<p>En conjunto, estas mejoras situar\u00edan al iPhone 18 como una de las mejores c\u00e1maras m\u00f3viles del mercado, tanto para fotograf\u00eda profesional como para creadores de contenido.<\/p>\n\n\n\n<h2 class=\"wp-block-heading\">Bater\u00eda, rendimiento y sostenibilidad<\/h2>\n\n\n\n<p>Uno de los temas m\u00e1s esperados por los usuarios es la duraci\u00f3n de la bater\u00eda. Apple ha avanzado considerablemente en la eficiencia energ\u00e9tica, pero el iPhone 18 podr\u00eda dar un salto adicional gracias a nuevas celdas de grafeno o a un sistema de carga ultrarr\u00e1pida con soporte para m\u00e1s de 45W.&nbsp;<\/p>\n\n\n\n<p>La carga inal\u00e1mbrica tambi\u00e9n podr\u00eda volverse m\u00e1s eficiente, reduciendo el tiempo necesario para alcanzar el 100% de energ\u00eda.<\/p>\n\n\n\n<p>En cuanto al rendimiento, el chip A19 Bionic ser\u00e1 el coraz\u00f3n de esta nueva generaci\u00f3n. Fabricado con tecnolog\u00eda de 2 nan\u00f3metros, promete una potencia superior con un consumo energ\u00e9tico menor.<\/p>\n\n\n\n<p>Esto permitir\u00e1 ejecutar aplicaciones m\u00e1s exigentes, juegos con gr\u00e1ficos de consola y experiencias de realidad aumentada de alta calidad.<\/p>\n\n\n\n<p>Adem\u00e1s, Apple seguir\u00eda apostando por su compromiso ambiental, utilizando materiales reciclados en el chasis y componentes internos, adem\u00e1s de empaques libres de pl\u00e1sticos y procesos de producci\u00f3n m\u00e1s limpios.<\/p>\n\n\n\n<h2 class=\"wp-block-heading\">Conectividad y nuevas funciones<\/h2>\n\n\n\n<p>El iPhone 18&nbsp;probablemente ser\u00e1 uno de los primeros en incluir conectividad 6G, una tecnolog\u00eda que comenzar\u00e1 a expandirse globalmente a mediados de la pr\u00f3xima d\u00e9cada.<\/p>\n\n\n\n<p>Esto representar\u00eda velocidades de descarga y carga mucho m\u00e1s r\u00e1pidas, ideales para transmisi\u00f3n de video en 8K, juegos en la nube y comunicaci\u00f3n avanzada entre dispositivos inteligentes.<\/p>\n\n\n\n<p>Tambi\u00e9n&nbsp;se espera una evoluci\u00f3n en el ecosistema Apple, con una mayor integraci\u00f3n entre el iPhone, el Apple Watch y los nuevos visores de realidad mixta Vision Pro. La interacci\u00f3n entre estos productos podr\u00eda redefinir la manera en que los usuarios se comunican, trabajan y disfrutan del contenido multimedia.<\/p>\n\n\n\n<p>Otra caracter\u00edstica rumoreada es el&nbsp;regreso del sistema de desbloqueo por huella digital, pero integrado bajo la pantalla, complementando el Face ID. Esta combinaci\u00f3n brindar\u00eda mayor seguridad y comodidad en distintas situaciones, especialmente cuando el rostro del usuario est\u00e9 cubierto.<\/p>\n\n\n\n<h2 class=\"wp-block-heading\">Precio estimado y disponibilidad<\/h2>\n\n\n\n<p>El costo del iPhone 18 a\u00fan no est\u00e1 definido, pero los expertos estiman que mantendr\u00e1 un rango similar al de las versiones anteriores,&nbsp;con un precio base que rondar\u00eda los $999 d\u00f3lares en Estados Unidos. Los modelos Pro y Pro Max podr\u00edan superar los $1,200 y $1,400 d\u00f3lares respectivamente, dependiendo de la capacidad de almacenamiento.<\/p>\n\n\n\n<p>La disponibilidad inicial se concentrar\u00eda en los principales mercados como Estados Unidos, Europa y Jap\u00f3n, para luego expandirse al resto del mundo en las semanas posteriores.<\/p>\n\n\n\n<p>En Am\u00e9rica Latina, el lanzamiento oficial podr\u00eda darse entre octubre y noviembre de 2026, aunque los distribuidores autorizados podr\u00edan ofrecer preventas anticipadas.<\/p>\n\n\n\n<h2 class=\"wp-block-heading\">Lo que podr\u00eda marcar una nueva era<\/h2>\n\n\n\n<p>El iPhone 18 no solo representar\u00e1 una evoluci\u00f3n tecnol\u00f3gica, sino tambi\u00e9n una reafirmaci\u00f3n del papel de Apple en la era de la inteligencia artificial y la conectividad global.<\/p>\n\n\n\n<p>Con un enfoque m\u00e1s ecol\u00f3gico, un dise\u00f1o innovador y mejoras sustanciales en c\u00e1mara y rendimiento, este modelo podr\u00eda consolidarse como el m\u00e1s avanzado de la historia de la marca.<\/p>\n\n\n\n<p>Aunque todav\u00eda falten algunos meses para conocerlo, la expectaci\u00f3n ya est\u00e1 servida. Y si la tradici\u00f3n contin\u00faa, el pr\u00f3ximo gran evento de Apple volver\u00e1 a captar la atenci\u00f3n del mundo entero, record\u00e1ndonos por qu\u00e9 el&nbsp;iPhone&nbsp;sigue siendo, a\u00f1o tras a\u00f1o, el referente m\u00e1ximo de la industria m\u00f3vil.<\/p>","protected":false},"excerpt":{"rendered":"<p>Apple presentar\u00e1 los iPhone 18 en el a\u00f1o 2026<\/p>","protected":false},"author":2,"featured_media":7489,"comment_status":"open","ping_status":"open","sticky":false,"template":"","format":"standard","meta":{"_et_pb_use_builder":"off","_et_pb_old_content":"","_et_gb_content_width":"","footnotes":""},"categories":[247],"tags":[322,739,319,711,2003],"class_list":["post-7488","post","type-post","status-publish","format-standard","has-post-thumbnail","hentry","category-tecnologia","tag-celulares","tag-dispositivos","tag-iphone","tag-iphone-17","tag-iphone-18"],"yoast_head":"<!-- This site is optimized with the Yoast SEO plugin v27.4 - https:\/\/yoast.com\/product\/yoast-seo-wordpress\/ -->\n<title>\u00bfListos para el iPhone 18? Esto es lo que Apple podr\u00eda preparar para su estreno - La G Noticias<\/title>\n<meta name=\"robots\" content=\"index, follow, max-snippet:-1, max-image-preview:large, max-video-preview:-1\" \/>\n<link rel=\"canonical\" href=\"https:\/\/lagnoticias.com\/en\/2025\/12\/02\/listos-para-el-iphone-18-esto-es-lo-que-apple-podria-preparar-para-su-estreno\/\" \/>\n<meta property=\"og:locale\" content=\"en_US\" \/>\n<meta property=\"og:type\" content=\"article\" \/>\n<meta property=\"og:title\" content=\"\u00bfListos para el iPhone 18? Esto es lo que Apple podr\u00eda preparar para su estreno - La G Noticias\" \/>\n<meta property=\"og:description\" content=\"Apple presentar\u00e1 los iPhone 18 en el a\u00f1o 2026\" \/>\n<meta property=\"og:url\" content=\"https:\/\/lagnoticias.com\/en\/2025\/12\/02\/listos-para-el-iphone-18-esto-es-lo-que-apple-podria-preparar-para-su-estreno\/\" \/>\n<meta property=\"og:site_name\" content=\"La G Noticias\" \/>\n<meta property=\"article:publisher\" content=\"https:\/\/www.facebook.com\/LaGNoticias\" \/>\n<meta property=\"article:published_time\" content=\"2025-12-02T21:13:17+00:00\" \/>\n<meta property=\"article:modified_time\" content=\"2025-12-02T21:13:18+00:00\" \/>\n<meta property=\"og:image\" content=\"https:\/\/lagnoticias.com\/wp-content\/uploads\/2025\/12\/8-2.jpg\" \/>\n\t<meta property=\"og:image:width\" content=\"910\" \/>\n\t<meta property=\"og:image:height\" content=\"673\" \/>\n\t<meta property=\"og:image:type\" content=\"image\/jpeg\" \/>\n<meta name=\"author\" content=\"Oscar\" \/>\n<meta name=\"twitter:card\" content=\"summary_large_image\" \/>\n<meta name=\"twitter:creator\" content=\"@lagnoticias\" \/>\n<meta name=\"twitter:site\" content=\"@lagnoticias\" \/>\n<meta name=\"twitter:label1\" content=\"Written by\" \/>\n\t<meta name=\"twitter:data1\" content=\"Oscar\" \/>\n\t<meta name=\"twitter:label2\" content=\"Est. reading time\" \/>\n\t<meta name=\"twitter:data2\" content=\"6 minutes\" \/>\n<script type=\"application\/ld+json\" class=\"yoast-schema-graph\">{\"@context\":\"https:\\\/\\\/schema.org\",\"@graph\":[{\"@type\":\"Article\",\"@id\":\"https:\\\/\\\/lagnoticias.com\\\/2025\\\/12\\\/02\\\/listos-para-el-iphone-18-esto-es-lo-que-apple-podria-preparar-para-su-estreno\\\/#article\",\"isPartOf\":{\"@id\":\"https:\\\/\\\/lagnoticias.com\\\/2025\\\/12\\\/02\\\/listos-para-el-iphone-18-esto-es-lo-que-apple-podria-preparar-para-su-estreno\\\/\"},\"author\":{\"name\":\"Oscar\",\"@id\":\"https:\\\/\\\/lagnoticias.com\\\/#\\\/schema\\\/person\\\/cb9bfe13f8de05d2c55270be25c6a550\"},\"headline\":\"\u00bfListos para el iPhone 18? Esto es lo que Apple podr\u00eda preparar para su estreno\",\"datePublished\":\"2025-12-02T21:13:17+00:00\",\"dateModified\":\"2025-12-02T21:13:18+00:00\",\"mainEntityOfPage\":{\"@id\":\"https:\\\/\\\/lagnoticias.com\\\/2025\\\/12\\\/02\\\/listos-para-el-iphone-18-esto-es-lo-que-apple-podria-preparar-para-su-estreno\\\/\"},\"wordCount\":1238,\"commentCount\":0,\"image\":{\"@id\":\"https:\\\/\\\/lagnoticias.com\\\/2025\\\/12\\\/02\\\/listos-para-el-iphone-18-esto-es-lo-que-apple-podria-preparar-para-su-estreno\\\/#primaryimage\"},\"thumbnailUrl\":\"https:\\\/\\\/lagnoticias.com\\\/wp-content\\\/uploads\\\/2025\\\/12\\\/8-2.jpg\",\"keywords\":[\"CELULARES\",\"DISPOSITIVOS\",\"IPHONE\",\"iphone 17\",\"IPHONE 18\"],\"articleSection\":[\"TECNOLOG\u00cdA\"],\"inLanguage\":\"en-US\",\"potentialAction\":[{\"@type\":\"CommentAction\",\"name\":\"Comment\",\"target\":[\"https:\\\/\\\/lagnoticias.com\\\/2025\\\/12\\\/02\\\/listos-para-el-iphone-18-esto-es-lo-que-apple-podria-preparar-para-su-estreno\\\/#respond\"]}]},{\"@type\":\"WebPage\",\"@id\":\"https:\\\/\\\/lagnoticias.com\\\/2025\\\/12\\\/02\\\/listos-para-el-iphone-18-esto-es-lo-que-apple-podria-preparar-para-su-estreno\\\/\",\"url\":\"https:\\\/\\\/lagnoticias.com\\\/2025\\\/12\\\/02\\\/listos-para-el-iphone-18-esto-es-lo-que-apple-podria-preparar-para-su-estreno\\\/\",\"name\":\"\u00bfListos para el iPhone 18? Esto es lo que Apple podr\u00eda preparar para su estreno - La G Noticias\",\"isPartOf\":{\"@id\":\"https:\\\/\\\/lagnoticias.com\\\/#website\"},\"primaryImageOfPage\":{\"@id\":\"https:\\\/\\\/lagnoticias.com\\\/2025\\\/12\\\/02\\\/listos-para-el-iphone-18-esto-es-lo-que-apple-podria-preparar-para-su-estreno\\\/#primaryimage\"},\"image\":{\"@id\":\"https:\\\/\\\/lagnoticias.com\\\/2025\\\/12\\\/02\\\/listos-para-el-iphone-18-esto-es-lo-que-apple-podria-preparar-para-su-estreno\\\/#primaryimage\"},\"thumbnailUrl\":\"https:\\\/\\\/lagnoticias.com\\\/wp-content\\\/uploads\\\/2025\\\/12\\\/8-2.jpg\",\"datePublished\":\"2025-12-02T21:13:17+00:00\",\"dateModified\":\"2025-12-02T21:13:18+00:00\",\"author\":{\"@id\":\"https:\\\/\\\/lagnoticias.com\\\/#\\\/schema\\\/person\\\/cb9bfe13f8de05d2c55270be25c6a550\"},\"breadcrumb\":{\"@id\":\"https:\\\/\\\/lagnoticias.com\\\/2025\\\/12\\\/02\\\/listos-para-el-iphone-18-esto-es-lo-que-apple-podria-preparar-para-su-estreno\\\/#breadcrumb\"},\"inLanguage\":\"en-US\",\"potentialAction\":[{\"@type\":\"ReadAction\",\"target\":[\"https:\\\/\\\/lagnoticias.com\\\/2025\\\/12\\\/02\\\/listos-para-el-iphone-18-esto-es-lo-que-apple-podria-preparar-para-su-estreno\\\/\"]}]},{\"@type\":\"ImageObject\",\"inLanguage\":\"en-US\",\"@id\":\"https:\\\/\\\/lagnoticias.com\\\/2025\\\/12\\\/02\\\/listos-para-el-iphone-18-esto-es-lo-que-apple-podria-preparar-para-su-estreno\\\/#primaryimage\",\"url\":\"https:\\\/\\\/lagnoticias.com\\\/wp-content\\\/uploads\\\/2025\\\/12\\\/8-2.jpg\",\"contentUrl\":\"https:\\\/\\\/lagnoticias.com\\\/wp-content\\\/uploads\\\/2025\\\/12\\\/8-2.jpg\",\"width\":910,\"height\":673},{\"@type\":\"BreadcrumbList\",\"@id\":\"https:\\\/\\\/lagnoticias.com\\\/2025\\\/12\\\/02\\\/listos-para-el-iphone-18-esto-es-lo-que-apple-podria-preparar-para-su-estreno\\\/#breadcrumb\",\"itemListElement\":[{\"@type\":\"ListItem\",\"position\":1,\"name\":\"Portada\",\"item\":\"https:\\\/\\\/lagnoticias.com\\\/\"},{\"@type\":\"ListItem\",\"position\":2,\"name\":\"\u00bfListos para el iPhone 18? Esto es lo que Apple podr\u00eda preparar para su estreno\"}]},{\"@type\":\"WebSite\",\"@id\":\"https:\\\/\\\/lagnoticias.com\\\/#website\",\"url\":\"https:\\\/\\\/lagnoticias.com\\\/\",\"name\":\"La G Noticias\",\"description\":\"Noticias Positivas\",\"potentialAction\":[{\"@type\":\"SearchAction\",\"target\":{\"@type\":\"EntryPoint\",\"urlTemplate\":\"https:\\\/\\\/lagnoticias.com\\\/?s={search_term_string}\"},\"query-input\":{\"@type\":\"PropertyValueSpecification\",\"valueRequired\":true,\"valueName\":\"search_term_string\"}}],\"inLanguage\":\"en-US\"},{\"@type\":\"Person\",\"@id\":\"https:\\\/\\\/lagnoticias.com\\\/#\\\/schema\\\/person\\\/cb9bfe13f8de05d2c55270be25c6a550\",\"name\":\"Oscar\",\"image\":{\"@type\":\"ImageObject\",\"inLanguage\":\"en-US\",\"@id\":\"https:\\\/\\\/secure.gravatar.com\\\/avatar\\\/45c195718f652dc7ffdd591dc1f2678956ab7fdadcd359a635edc61304a8c757?s=96&d=mm&r=g\",\"url\":\"https:\\\/\\\/secure.gravatar.com\\\/avatar\\\/45c195718f652dc7ffdd591dc1f2678956ab7fdadcd359a635edc61304a8c757?s=96&d=mm&r=g\",\"contentUrl\":\"https:\\\/\\\/secure.gravatar.com\\\/avatar\\\/45c195718f652dc7ffdd591dc1f2678956ab7fdadcd359a635edc61304a8c757?s=96&d=mm&r=g\",\"caption\":\"Oscar\"},\"url\":\"https:\\\/\\\/lagnoticias.com\\\/en\\\/author\\\/oscar\\\/\"}]}<\/script>\n<!-- \/ Yoast SEO plugin. -->","yoast_head_json":{"title":"\u00bfListos para el iPhone 18? Esto es lo que Apple podr\u00eda preparar para su estreno - La G Noticias","robots":{"index":"index","follow":"follow","max-snippet":"max-snippet:-1","max-image-preview":"max-image-preview:large","max-video-preview":"max-video-preview:-1"},"canonical":"https:\/\/lagnoticias.com\/en\/2025\/12\/02\/listos-para-el-iphone-18-esto-es-lo-que-apple-podria-preparar-para-su-estreno\/","og_locale":"en_US","og_type":"article","og_title":"\u00bfListos para el iPhone 18? Esto es lo que Apple podr\u00eda preparar para su estreno - La G Noticias","og_description":"Apple presentar\u00e1 los iPhone 18 en el a\u00f1o 2026","og_url":"https:\/\/lagnoticias.com\/en\/2025\/12\/02\/listos-para-el-iphone-18-esto-es-lo-que-apple-podria-preparar-para-su-estreno\/","og_site_name":"La G Noticias","article_publisher":"https:\/\/www.facebook.com\/LaGNoticias","article_published_time":"2025-12-02T21:13:17+00:00","article_modified_time":"2025-12-02T21:13:18+00:00","og_image":[{"width":910,"height":673,"url":"https:\/\/lagnoticias.com\/wp-content\/uploads\/2025\/12\/8-2.jpg","type":"image\/jpeg"}],"author":"Oscar","twitter_card":"summary_large_image","twitter_creator":"@lagnoticias","twitter_site":"@lagnoticias","twitter_misc":{"Written by":"Oscar","Est. reading time":"6 minutes"},"schema":{"@context":"https:\/\/schema.org","@graph":[{"@type":"Article","@id":"https:\/\/lagnoticias.com\/2025\/12\/02\/listos-para-el-iphone-18-esto-es-lo-que-apple-podria-preparar-para-su-estreno\/#article","isPartOf":{"@id":"https:\/\/lagnoticias.com\/2025\/12\/02\/listos-para-el-iphone-18-esto-es-lo-que-apple-podria-preparar-para-su-estreno\/"},"author":{"name":"Oscar","@id":"https:\/\/lagnoticias.com\/#\/schema\/person\/cb9bfe13f8de05d2c55270be25c6a550"},"headline":"\u00bfListos para el iPhone 18? Esto es lo que Apple podr\u00eda preparar para su estreno","datePublished":"2025-12-02T21:13:17+00:00","dateModified":"2025-12-02T21:13:18+00:00","mainEntityOfPage":{"@id":"https:\/\/lagnoticias.com\/2025\/12\/02\/listos-para-el-iphone-18-esto-es-lo-que-apple-podria-preparar-para-su-estreno\/"},"wordCount":1238,"commentCount":0,"image":{"@id":"https:\/\/lagnoticias.com\/2025\/12\/02\/listos-para-el-iphone-18-esto-es-lo-que-apple-podria-preparar-para-su-estreno\/#primaryimage"},"thumbnailUrl":"https:\/\/lagnoticias.com\/wp-content\/uploads\/2025\/12\/8-2.jpg","keywords":["CELULARES","DISPOSITIVOS","IPHONE","iphone 17","IPHONE 18"],"articleSection":["TECNOLOG\u00cdA"],"inLanguage":"en-US","potentialAction":[{"@type":"CommentAction","name":"Comment","target":["https:\/\/lagnoticias.com\/2025\/12\/02\/listos-para-el-iphone-18-esto-es-lo-que-apple-podria-preparar-para-su-estreno\/#respond"]}]},{"@type":"WebPage","@id":"https:\/\/lagnoticias.com\/2025\/12\/02\/listos-para-el-iphone-18-esto-es-lo-que-apple-podria-preparar-para-su-estreno\/","url":"https:\/\/lagnoticias.com\/2025\/12\/02\/listos-para-el-iphone-18-esto-es-lo-que-apple-podria-preparar-para-su-estreno\/","name":"\u00bfListos para el iPhone 18? Esto es lo que Apple podr\u00eda preparar para su estreno - La G Noticias","isPartOf":{"@id":"https:\/\/lagnoticias.com\/#website"},"primaryImageOfPage":{"@id":"https:\/\/lagnoticias.com\/2025\/12\/02\/listos-para-el-iphone-18-esto-es-lo-que-apple-podria-preparar-para-su-estreno\/#primaryimage"},"image":{"@id":"https:\/\/lagnoticias.com\/2025\/12\/02\/listos-para-el-iphone-18-esto-es-lo-que-apple-podria-preparar-para-su-estreno\/#primaryimage"},"thumbnailUrl":"https:\/\/lagnoticias.com\/wp-content\/uploads\/2025\/12\/8-2.jpg","datePublished":"2025-12-02T21:13:17+00:00","dateModified":"2025-12-02T21:13:18+00:00","author":{"@id":"https:\/\/lagnoticias.com\/#\/schema\/person\/cb9bfe13f8de05d2c55270be25c6a550"},"breadcrumb":{"@id":"https:\/\/lagnoticias.com\/2025\/12\/02\/listos-para-el-iphone-18-esto-es-lo-que-apple-podria-preparar-para-su-estreno\/#breadcrumb"},"inLanguage":"en-US","potentialAction":[{"@type":"ReadAction","target":["https:\/\/lagnoticias.com\/2025\/12\/02\/listos-para-el-iphone-18-esto-es-lo-que-apple-podria-preparar-para-su-estreno\/"]}]},{"@type":"ImageObject","inLanguage":"en-US","@id":"https:\/\/lagnoticias.com\/2025\/12\/02\/listos-para-el-iphone-18-esto-es-lo-que-apple-podria-preparar-para-su-estreno\/#primaryimage","url":"https:\/\/lagnoticias.com\/wp-content\/uploads\/2025\/12\/8-2.jpg","contentUrl":"https:\/\/lagnoticias.com\/wp-content\/uploads\/2025\/12\/8-2.jpg","width":910,"height":673},{"@type":"BreadcrumbList","@id":"https:\/\/lagnoticias.com\/2025\/12\/02\/listos-para-el-iphone-18-esto-es-lo-que-apple-podria-preparar-para-su-estreno\/#breadcrumb","itemListElement":[{"@type":"ListItem","position":1,"name":"Portada","item":"https:\/\/lagnoticias.com\/"},{"@type":"ListItem","position":2,"name":"\u00bfListos para el iPhone 18? Esto es lo que Apple podr\u00eda preparar para su estreno"}]},{"@type":"WebSite","@id":"https:\/\/lagnoticias.com\/#website","url":"https:\/\/lagnoticias.com\/","name":"La G Noticias","description":"Noticias Positivas","potentialAction":[{"@type":"SearchAction","target":{"@type":"EntryPoint","urlTemplate":"https:\/\/lagnoticias.com\/?s={search_term_string}"},"query-input":{"@type":"PropertyValueSpecification","valueRequired":true,"valueName":"search_term_string"}}],"inLanguage":"en-US"},{"@type":"Person","@id":"https:\/\/lagnoticias.com\/#\/schema\/person\/cb9bfe13f8de05d2c55270be25c6a550","name":"Oscar","image":{"@type":"ImageObject","inLanguage":"en-US","@id":"https:\/\/secure.gravatar.com\/avatar\/45c195718f652dc7ffdd591dc1f2678956ab7fdadcd359a635edc61304a8c757?s=96&d=mm&r=g","url":"https:\/\/secure.gravatar.com\/avatar\/45c195718f652dc7ffdd591dc1f2678956ab7fdadcd359a635edc61304a8c757?s=96&d=mm&r=g","contentUrl":"https:\/\/secure.gravatar.com\/avatar\/45c195718f652dc7ffdd591dc1f2678956ab7fdadcd359a635edc61304a8c757?s=96&d=mm&r=g","caption":"Oscar"},"url":"https:\/\/lagnoticias.com\/en\/author\/oscar\/"}]}},"_links":{"self":[{"href":"https:\/\/lagnoticias.com\/en\/wp-json\/wp\/v2\/posts\/7488","targetHints":{"allow":["GET"]}}],"collection":[{"href":"https:\/\/lagnoticias.com\/en\/wp-json\/wp\/v2\/posts"}],"about":[{"href":"https:\/\/lagnoticias.com\/en\/wp-json\/wp\/v2\/types\/post"}],"author":[{"embeddable":true,"href":"https:\/\/lagnoticias.com\/en\/wp-json\/wp\/v2\/users\/2"}],"replies":[{"embeddable":true,"href":"https:\/\/lagnoticias.com\/en\/wp-json\/wp\/v2\/comments?post=7488"}],"version-history":[{"count":1,"href":"https:\/\/lagnoticias.com\/en\/wp-json\/wp\/v2\/posts\/7488\/revisions"}],"predecessor-version":[{"id":7490,"href":"https:\/\/lagnoticias.com\/en\/wp-json\/wp\/v2\/posts\/7488\/revisions\/7490"}],"wp:featuredmedia":[{"embeddable":true,"href":"https:\/\/lagnoticias.com\/en\/wp-json\/wp\/v2\/media\/7489"}],"wp:attachment":[{"href":"https:\/\/lagnoticias.com\/en\/wp-json\/wp\/v2\/media?parent=7488"}],"wp:term":[{"taxonomy":"category","embeddable":true,"href":"https:\/\/lagnoticias.com\/en\/wp-json\/wp\/v2\/categories?post=7488"},{"taxonomy":"post_tag","embeddable":true,"href":"https:\/\/lagnoticias.com\/en\/wp-json\/wp\/v2\/tags?post=7488"}],"curies":[{"name":"wp","href":"https:\/\/api.w.org\/{rel}","templated":true}]}}