{"id":7324,"date":"2025-11-26T15:50:36","date_gmt":"2025-11-26T21:50:36","guid":{"rendered":"https:\/\/lagnoticias.com\/?p=7324"},"modified":"2025-11-26T15:53:15","modified_gmt":"2025-11-26T21:53:15","slug":"anuncian-ingreso-de-vientos-nortes-en-el-territorio-nacional","status":"publish","type":"post","link":"https:\/\/lagnoticias.com\/en\/2025\/11\/26\/anuncian-ingreso-de-vientos-nortes-en-el-territorio-nacional\/","title":{"rendered":"Anuncian ingreso de Vientos Nortes en el territorio nacional"},"content":{"rendered":"<p>El Ministerio de Medio Ambiente inform\u00f3 que a partir de ma\u00f1ana se prev\u00e9 el ingreso de Vientos Nortes en el pa\u00eds.<\/p>\n\n\n\n<p>La instituci\u00f3n detall\u00f3 que las r\u00e1fagas de viento alcanzar\u00edan velocidades de 40 a 60 km\/h y ser\u00edan m\u00e1s notables en las zonas altas de la regi\u00f3n occidental, central y norte del pa\u00eds.<\/p>\n\n\n\n<p>En cuanto a la temperatura, el ambiente se percibir\u00e1 m\u00e1s fresco debido a la acci\u00f3n del viento.<\/p>\n\n\n\n<p>La instituci\u00f3n hace un llamado a la poblaci\u00f3n a tomar precauciones, como evitar las quemas agr\u00edcolas durante per\u00edodos de vientos fuertes.<\/p>\n\n\n\n<p>Tambi\u00e9n, se recomend\u00f3 a las personas que realizan navegaci\u00f3n mar\u00edtima y a\u00e9rea, pesca artesanal o deportiva evaluar las condiciones atmosf\u00e9ricas y oceanogr\u00e1ficas antes de realizar sus actividades.<\/p>\n\n\n\n<p><\/p>\n\n\n\n<figure class=\"wp-block-embed is-type-rich is-provider-twitter wp-block-embed-twitter\"><div class=\"wp-block-embed__wrapper\">\n<blockquote class=\"twitter-tweet\" data-width=\"550\" data-dnt=\"true\"><p lang=\"es\" dir=\"ltr\">\ud83d\udccc <a href=\"https:\/\/twitter.com\/hashtag\/ElObservatorioInforma?src=hash&amp;ref_src=twsrc%5Etfw\" target=\"_blank\" rel=\"noopener noreferrer nofollow\">#ElObservatorioInforma<\/a> | Durante la tarde de este jueves 27 de noviembre se prev\u00e9 el ingreso de Vientos Nortes, con r\u00e1fagas de 40 a 60 km\/h, m\u00e1s perceptibles en zonas altas del occidente, centro y norte. \u26a0\ufe0f<br><br>Aunque no se esperan cambios importantes en la temperatura, el\u2026 <a href=\"https:\/\/t.co\/SC3wAZYr0N\" target=\"_blank\" rel=\"noopener noreferrer nofollow\">pic.twitter.com\/SC3wAZYr0N<\/a><\/p>&mdash; Ministerio de Medio Ambiente (@MedioAmbienteSV) <a href=\"https:\/\/twitter.com\/MedioAmbienteSV\/status\/1993740150384300365?ref_src=twsrc%5Etfw\" target=\"_blank\" rel=\"noopener noreferrer nofollow\">November 26, 2025<\/a><\/blockquote><script async src=\"https:\/\/platform.twitter.com\/widgets.js\" charset=\"utf-8\"><\/script>\n<\/div><\/figure>","protected":false},"excerpt":{"rendered":"<p>Medio Ambiente informa que el ingreso de Vientos Nortes ser\u00e1 a partir de este jueves.<\/p>","protected":false},"author":2,"featured_media":7325,"comment_status":"open","ping_status":"open","sticky":false,"template":"","format":"standard","meta":{"_et_pb_use_builder":"off","_et_pb_old_content":"","_et_gb_content_width":"","footnotes":""},"categories":[244],"tags":[339,267,497,706,1798],"class_list":["post-7324","post","type-post","status-publish","format-standard","has-post-thumbnail","hentry","category-nacionales","tag-clima","tag-el-salvador","tag-marn","tag-medio-ambiente","tag-vientos-nortes"],"yoast_head":"<!-- This site is optimized with the Yoast SEO plugin v27.4 - https:\/\/yoast.com\/product\/yoast-seo-wordpress\/ -->\n<title>Anuncian ingreso de Vientos Nortes en el territorio nacional - La G Noticias<\/title>\n<meta name=\"robots\" content=\"index, follow, max-snippet:-1, max-image-preview:large, max-video-preview:-1\" \/>\n<link rel=\"canonical\" href=\"https:\/\/lagnoticias.com\/en\/2025\/11\/26\/anuncian-ingreso-de-vientos-nortes-en-el-territorio-nacional\/\" \/>\n<meta property=\"og:locale\" content=\"en_US\" \/>\n<meta property=\"og:type\" content=\"article\" \/>\n<meta property=\"og:title\" content=\"Anuncian ingreso de Vientos Nortes en el territorio nacional - La G Noticias\" \/>\n<meta property=\"og:description\" content=\"Medio Ambiente informa que el ingreso de Vientos Nortes ser\u00e1 a partir de este jueves.\" \/>\n<meta property=\"og:url\" content=\"https:\/\/lagnoticias.com\/en\/2025\/11\/26\/anuncian-ingreso-de-vientos-nortes-en-el-territorio-nacional\/\" \/>\n<meta property=\"og:site_name\" content=\"La G Noticias\" \/>\n<meta property=\"article:publisher\" content=\"https:\/\/www.facebook.com\/LaGNoticias\" \/>\n<meta property=\"article:published_time\" content=\"2025-11-26T21:50:36+00:00\" \/>\n<meta property=\"article:modified_time\" content=\"2025-11-26T21:53:15+00:00\" \/>\n<meta property=\"og:image\" content=\"https:\/\/lagnoticias.com\/wp-content\/uploads\/2025\/11\/9-14.jpg\" \/>\n\t<meta property=\"og:image:width\" content=\"863\" \/>\n\t<meta property=\"og:image:height\" content=\"500\" \/>\n\t<meta property=\"og:image:type\" content=\"image\/jpeg\" \/>\n<meta name=\"author\" content=\"Oscar\" \/>\n<meta name=\"twitter:card\" content=\"summary_large_image\" \/>\n<meta name=\"twitter:creator\" content=\"@lagnoticias\" \/>\n<meta name=\"twitter:site\" content=\"@lagnoticias\" \/>\n<meta name=\"twitter:label1\" content=\"Written by\" \/>\n\t<meta name=\"twitter:data1\" content=\"Oscar\" \/>\n\t<meta name=\"twitter:label2\" content=\"Est. reading time\" \/>\n\t<meta name=\"twitter:data2\" content=\"1 minute\" \/>\n<script type=\"application\/ld+json\" class=\"yoast-schema-graph\">{\"@context\":\"https:\\\/\\\/schema.org\",\"@graph\":[{\"@type\":\"Article\",\"@id\":\"https:\\\/\\\/lagnoticias.com\\\/2025\\\/11\\\/26\\\/anuncian-ingreso-de-vientos-nortes-en-el-territorio-nacional\\\/#article\",\"isPartOf\":{\"@id\":\"https:\\\/\\\/lagnoticias.com\\\/2025\\\/11\\\/26\\\/anuncian-ingreso-de-vientos-nortes-en-el-territorio-nacional\\\/\"},\"author\":{\"name\":\"Oscar\",\"@id\":\"https:\\\/\\\/lagnoticias.com\\\/#\\\/schema\\\/person\\\/cb9bfe13f8de05d2c55270be25c6a550\"},\"headline\":\"Anuncian ingreso de Vientos Nortes en el territorio nacional\",\"datePublished\":\"2025-11-26T21:50:36+00:00\",\"dateModified\":\"2025-11-26T21:53:15+00:00\",\"mainEntityOfPage\":{\"@id\":\"https:\\\/\\\/lagnoticias.com\\\/2025\\\/11\\\/26\\\/anuncian-ingreso-de-vientos-nortes-en-el-territorio-nacional\\\/\"},\"wordCount\":153,\"commentCount\":0,\"image\":{\"@id\":\"https:\\\/\\\/lagnoticias.com\\\/2025\\\/11\\\/26\\\/anuncian-ingreso-de-vientos-nortes-en-el-territorio-nacional\\\/#primaryimage\"},\"thumbnailUrl\":\"https:\\\/\\\/lagnoticias.com\\\/wp-content\\\/uploads\\\/2025\\\/11\\\/9-14.jpg\",\"keywords\":[\"CLIMA\",\"EL SALVADOR\",\"MARN\",\"MEDIO AMBIENTE\",\"VIENTOS NORTES\"],\"articleSection\":[\"NACIONALES\"],\"inLanguage\":\"en-US\",\"potentialAction\":[{\"@type\":\"CommentAction\",\"name\":\"Comment\",\"target\":[\"https:\\\/\\\/lagnoticias.com\\\/2025\\\/11\\\/26\\\/anuncian-ingreso-de-vientos-nortes-en-el-territorio-nacional\\\/#respond\"]}]},{\"@type\":\"WebPage\",\"@id\":\"https:\\\/\\\/lagnoticias.com\\\/2025\\\/11\\\/26\\\/anuncian-ingreso-de-vientos-nortes-en-el-territorio-nacional\\\/\",\"url\":\"https:\\\/\\\/lagnoticias.com\\\/2025\\\/11\\\/26\\\/anuncian-ingreso-de-vientos-nortes-en-el-territorio-nacional\\\/\",\"name\":\"Anuncian ingreso de Vientos Nortes en el territorio nacional - La G Noticias\",\"isPartOf\":{\"@id\":\"https:\\\/\\\/lagnoticias.com\\\/#website\"},\"primaryImageOfPage\":{\"@id\":\"https:\\\/\\\/lagnoticias.com\\\/2025\\\/11\\\/26\\\/anuncian-ingreso-de-vientos-nortes-en-el-territorio-nacional\\\/#primaryimage\"},\"image\":{\"@id\":\"https:\\\/\\\/lagnoticias.com\\\/2025\\\/11\\\/26\\\/anuncian-ingreso-de-vientos-nortes-en-el-territorio-nacional\\\/#primaryimage\"},\"thumbnailUrl\":\"https:\\\/\\\/lagnoticias.com\\\/wp-content\\\/uploads\\\/2025\\\/11\\\/9-14.jpg\",\"datePublished\":\"2025-11-26T21:50:36+00:00\",\"dateModified\":\"2025-11-26T21:53:15+00:00\",\"author\":{\"@id\":\"https:\\\/\\\/lagnoticias.com\\\/#\\\/schema\\\/person\\\/cb9bfe13f8de05d2c55270be25c6a550\"},\"breadcrumb\":{\"@id\":\"https:\\\/\\\/lagnoticias.com\\\/2025\\\/11\\\/26\\\/anuncian-ingreso-de-vientos-nortes-en-el-territorio-nacional\\\/#breadcrumb\"},\"inLanguage\":\"en-US\",\"potentialAction\":[{\"@type\":\"ReadAction\",\"target\":[\"https:\\\/\\\/lagnoticias.com\\\/2025\\\/11\\\/26\\\/anuncian-ingreso-de-vientos-nortes-en-el-territorio-nacional\\\/\"]}]},{\"@type\":\"ImageObject\",\"inLanguage\":\"en-US\",\"@id\":\"https:\\\/\\\/lagnoticias.com\\\/2025\\\/11\\\/26\\\/anuncian-ingreso-de-vientos-nortes-en-el-territorio-nacional\\\/#primaryimage\",\"url\":\"https:\\\/\\\/lagnoticias.com\\\/wp-content\\\/uploads\\\/2025\\\/11\\\/9-14.jpg\",\"contentUrl\":\"https:\\\/\\\/lagnoticias.com\\\/wp-content\\\/uploads\\\/2025\\\/11\\\/9-14.jpg\",\"width\":863,\"height\":500},{\"@type\":\"BreadcrumbList\",\"@id\":\"https:\\\/\\\/lagnoticias.com\\\/2025\\\/11\\\/26\\\/anuncian-ingreso-de-vientos-nortes-en-el-territorio-nacional\\\/#breadcrumb\",\"itemListElement\":[{\"@type\":\"ListItem\",\"position\":1,\"name\":\"Portada\",\"item\":\"https:\\\/\\\/lagnoticias.com\\\/\"},{\"@type\":\"ListItem\",\"position\":2,\"name\":\"Anuncian ingreso de Vientos Nortes en el territorio nacional\"}]},{\"@type\":\"WebSite\",\"@id\":\"https:\\\/\\\/lagnoticias.com\\\/#website\",\"url\":\"https:\\\/\\\/lagnoticias.com\\\/\",\"name\":\"La G Noticias\",\"description\":\"Noticias Positivas\",\"potentialAction\":[{\"@type\":\"SearchAction\",\"target\":{\"@type\":\"EntryPoint\",\"urlTemplate\":\"https:\\\/\\\/lagnoticias.com\\\/?s={search_term_string}\"},\"query-input\":{\"@type\":\"PropertyValueSpecification\",\"valueRequired\":true,\"valueName\":\"search_term_string\"}}],\"inLanguage\":\"en-US\"},{\"@type\":\"Person\",\"@id\":\"https:\\\/\\\/lagnoticias.com\\\/#\\\/schema\\\/person\\\/cb9bfe13f8de05d2c55270be25c6a550\",\"name\":\"Oscar\",\"image\":{\"@type\":\"ImageObject\",\"inLanguage\":\"en-US\",\"@id\":\"https:\\\/\\\/secure.gravatar.com\\\/avatar\\\/45c195718f652dc7ffdd591dc1f2678956ab7fdadcd359a635edc61304a8c757?s=96&d=mm&r=g\",\"url\":\"https:\\\/\\\/secure.gravatar.com\\\/avatar\\\/45c195718f652dc7ffdd591dc1f2678956ab7fdadcd359a635edc61304a8c757?s=96&d=mm&r=g\",\"contentUrl\":\"https:\\\/\\\/secure.gravatar.com\\\/avatar\\\/45c195718f652dc7ffdd591dc1f2678956ab7fdadcd359a635edc61304a8c757?s=96&d=mm&r=g\",\"caption\":\"Oscar\"},\"url\":\"https:\\\/\\\/lagnoticias.com\\\/en\\\/author\\\/oscar\\\/\"}]}<\/script>\n<!-- \/ Yoast SEO plugin. -->","yoast_head_json":{"title":"Anuncian ingreso de Vientos Nortes en el territorio nacional - La G Noticias","robots":{"index":"index","follow":"follow","max-snippet":"max-snippet:-1","max-image-preview":"max-image-preview:large","max-video-preview":"max-video-preview:-1"},"canonical":"https:\/\/lagnoticias.com\/en\/2025\/11\/26\/anuncian-ingreso-de-vientos-nortes-en-el-territorio-nacional\/","og_locale":"en_US","og_type":"article","og_title":"Anuncian ingreso de Vientos Nortes en el territorio nacional - La G Noticias","og_description":"Medio Ambiente informa que el ingreso de Vientos Nortes ser\u00e1 a partir de este jueves.","og_url":"https:\/\/lagnoticias.com\/en\/2025\/11\/26\/anuncian-ingreso-de-vientos-nortes-en-el-territorio-nacional\/","og_site_name":"La G Noticias","article_publisher":"https:\/\/www.facebook.com\/LaGNoticias","article_published_time":"2025-11-26T21:50:36+00:00","article_modified_time":"2025-11-26T21:53:15+00:00","og_image":[{"width":863,"height":500,"url":"https:\/\/lagnoticias.com\/wp-content\/uploads\/2025\/11\/9-14.jpg","type":"image\/jpeg"}],"author":"Oscar","twitter_card":"summary_large_image","twitter_creator":"@lagnoticias","twitter_site":"@lagnoticias","twitter_misc":{"Written by":"Oscar","Est. reading time":"1 minute"},"schema":{"@context":"https:\/\/schema.org","@graph":[{"@type":"Article","@id":"https:\/\/lagnoticias.com\/2025\/11\/26\/anuncian-ingreso-de-vientos-nortes-en-el-territorio-nacional\/#article","isPartOf":{"@id":"https:\/\/lagnoticias.com\/2025\/11\/26\/anuncian-ingreso-de-vientos-nortes-en-el-territorio-nacional\/"},"author":{"name":"Oscar","@id":"https:\/\/lagnoticias.com\/#\/schema\/person\/cb9bfe13f8de05d2c55270be25c6a550"},"headline":"Anuncian ingreso de Vientos Nortes en el territorio nacional","datePublished":"2025-11-26T21:50:36+00:00","dateModified":"2025-11-26T21:53:15+00:00","mainEntityOfPage":{"@id":"https:\/\/lagnoticias.com\/2025\/11\/26\/anuncian-ingreso-de-vientos-nortes-en-el-territorio-nacional\/"},"wordCount":153,"commentCount":0,"image":{"@id":"https:\/\/lagnoticias.com\/2025\/11\/26\/anuncian-ingreso-de-vientos-nortes-en-el-territorio-nacional\/#primaryimage"},"thumbnailUrl":"https:\/\/lagnoticias.com\/wp-content\/uploads\/2025\/11\/9-14.jpg","keywords":["CLIMA","EL SALVADOR","MARN","MEDIO AMBIENTE","VIENTOS NORTES"],"articleSection":["NACIONALES"],"inLanguage":"en-US","potentialAction":[{"@type":"CommentAction","name":"Comment","target":["https:\/\/lagnoticias.com\/2025\/11\/26\/anuncian-ingreso-de-vientos-nortes-en-el-territorio-nacional\/#respond"]}]},{"@type":"WebPage","@id":"https:\/\/lagnoticias.com\/2025\/11\/26\/anuncian-ingreso-de-vientos-nortes-en-el-territorio-nacional\/","url":"https:\/\/lagnoticias.com\/2025\/11\/26\/anuncian-ingreso-de-vientos-nortes-en-el-territorio-nacional\/","name":"Anuncian ingreso de Vientos Nortes en el territorio nacional - La G Noticias","isPartOf":{"@id":"https:\/\/lagnoticias.com\/#website"},"primaryImageOfPage":{"@id":"https:\/\/lagnoticias.com\/2025\/11\/26\/anuncian-ingreso-de-vientos-nortes-en-el-territorio-nacional\/#primaryimage"},"image":{"@id":"https:\/\/lagnoticias.com\/2025\/11\/26\/anuncian-ingreso-de-vientos-nortes-en-el-territorio-nacional\/#primaryimage"},"thumbnailUrl":"https:\/\/lagnoticias.com\/wp-content\/uploads\/2025\/11\/9-14.jpg","datePublished":"2025-11-26T21:50:36+00:00","dateModified":"2025-11-26T21:53:15+00:00","author":{"@id":"https:\/\/lagnoticias.com\/#\/schema\/person\/cb9bfe13f8de05d2c55270be25c6a550"},"breadcrumb":{"@id":"https:\/\/lagnoticias.com\/2025\/11\/26\/anuncian-ingreso-de-vientos-nortes-en-el-territorio-nacional\/#breadcrumb"},"inLanguage":"en-US","potentialAction":[{"@type":"ReadAction","target":["https:\/\/lagnoticias.com\/2025\/11\/26\/anuncian-ingreso-de-vientos-nortes-en-el-territorio-nacional\/"]}]},{"@type":"ImageObject","inLanguage":"en-US","@id":"https:\/\/lagnoticias.com\/2025\/11\/26\/anuncian-ingreso-de-vientos-nortes-en-el-territorio-nacional\/#primaryimage","url":"https:\/\/lagnoticias.com\/wp-content\/uploads\/2025\/11\/9-14.jpg","contentUrl":"https:\/\/lagnoticias.com\/wp-content\/uploads\/2025\/11\/9-14.jpg","width":863,"height":500},{"@type":"BreadcrumbList","@id":"https:\/\/lagnoticias.com\/2025\/11\/26\/anuncian-ingreso-de-vientos-nortes-en-el-territorio-nacional\/#breadcrumb","itemListElement":[{"@type":"ListItem","position":1,"name":"Portada","item":"https:\/\/lagnoticias.com\/"},{"@type":"ListItem","position":2,"name":"Anuncian ingreso de Vientos Nortes en el territorio nacional"}]},{"@type":"WebSite","@id":"https:\/\/lagnoticias.com\/#website","url":"https:\/\/lagnoticias.com\/","name":"La G Noticias","description":"Noticias Positivas","potentialAction":[{"@type":"SearchAction","target":{"@type":"EntryPoint","urlTemplate":"https:\/\/lagnoticias.com\/?s={search_term_string}"},"query-input":{"@type":"PropertyValueSpecification","valueRequired":true,"valueName":"search_term_string"}}],"inLanguage":"en-US"},{"@type":"Person","@id":"https:\/\/lagnoticias.com\/#\/schema\/person\/cb9bfe13f8de05d2c55270be25c6a550","name":"Oscar","image":{"@type":"ImageObject","inLanguage":"en-US","@id":"https:\/\/secure.gravatar.com\/avatar\/45c195718f652dc7ffdd591dc1f2678956ab7fdadcd359a635edc61304a8c757?s=96&d=mm&r=g","url":"https:\/\/secure.gravatar.com\/avatar\/45c195718f652dc7ffdd591dc1f2678956ab7fdadcd359a635edc61304a8c757?s=96&d=mm&r=g","contentUrl":"https:\/\/secure.gravatar.com\/avatar\/45c195718f652dc7ffdd591dc1f2678956ab7fdadcd359a635edc61304a8c757?s=96&d=mm&r=g","caption":"Oscar"},"url":"https:\/\/lagnoticias.com\/en\/author\/oscar\/"}]}},"_links":{"self":[{"href":"https:\/\/lagnoticias.com\/en\/wp-json\/wp\/v2\/posts\/7324","targetHints":{"allow":["GET"]}}],"collection":[{"href":"https:\/\/lagnoticias.com\/en\/wp-json\/wp\/v2\/posts"}],"about":[{"href":"https:\/\/lagnoticias.com\/en\/wp-json\/wp\/v2\/types\/post"}],"author":[{"embeddable":true,"href":"https:\/\/lagnoticias.com\/en\/wp-json\/wp\/v2\/users\/2"}],"replies":[{"embeddable":true,"href":"https:\/\/lagnoticias.com\/en\/wp-json\/wp\/v2\/comments?post=7324"}],"version-history":[{"count":2,"href":"https:\/\/lagnoticias.com\/en\/wp-json\/wp\/v2\/posts\/7324\/revisions"}],"predecessor-version":[{"id":7328,"href":"https:\/\/lagnoticias.com\/en\/wp-json\/wp\/v2\/posts\/7324\/revisions\/7328"}],"wp:featuredmedia":[{"embeddable":true,"href":"https:\/\/lagnoticias.com\/en\/wp-json\/wp\/v2\/media\/7325"}],"wp:attachment":[{"href":"https:\/\/lagnoticias.com\/en\/wp-json\/wp\/v2\/media?parent=7324"}],"wp:term":[{"taxonomy":"category","embeddable":true,"href":"https:\/\/lagnoticias.com\/en\/wp-json\/wp\/v2\/categories?post=7324"},{"taxonomy":"post_tag","embeddable":true,"href":"https:\/\/lagnoticias.com\/en\/wp-json\/wp\/v2\/tags?post=7324"}],"curies":[{"name":"wp","href":"https:\/\/api.w.org\/{rel}","templated":true}]}}