{"id":7319,"date":"2025-11-26T15:19:33","date_gmt":"2025-11-26T21:19:33","guid":{"rendered":"https:\/\/lagnoticias.com\/?p=7319"},"modified":"2025-11-26T15:19:34","modified_gmt":"2025-11-26T21:19:34","slug":"la-cantante-cardi-b-convierte-el-cordon-umbilical-de-su-bebe-en-una-joya-extravagante","status":"publish","type":"post","link":"https:\/\/lagnoticias.com\/en\/2025\/11\/26\/la-cantante-cardi-b-convierte-el-cordon-umbilical-de-su-bebe-en-una-joya-extravagante\/","title":{"rendered":"La cantante Cardi B convierte el cord\u00f3n umbilical de su beb\u00e9 en una joya extravagante"},"content":{"rendered":"<p>El pasado mes de noviembre,&nbsp;Cardi B&nbsp;anunci\u00f3 mediante su cuenta de Instagram el nacimiento de su cuarto hijo.<\/p>\n\n\n\n<p>En las fotograf\u00edas publicadas se observa a la rapera abrazando al reci\u00e9n nacido en una habitaci\u00f3n infantil, mientras el beb\u00e9 viste un conjunto azul y un gorrito de los New England Patriots, un gui\u00f1o al equipo donde juega Stefon Diggs, jugador de la NFL, padre del beb\u00e9 y actual pareja de la artista.<\/p>\n\n\n\n<p>Entre las im\u00e1genes tambi\u00e9n destaca una fotograf\u00eda familiar tomada en la sala del hospital, donde ambos padres sostienen al peque\u00f1o con el rostro difuminado. En la publicaci\u00f3n, Cardi B a\u00f1adi\u00f3 la fecha&nbsp;\u201c11\/4\u201d, se\u00f1alando formalmente el d\u00eda de nacimiento del menor.<\/p>\n\n\n\n<h2 class=\"wp-block-heading\">Un recuerdo poco convencional: el cord\u00f3n umbilical convertido en joya<\/h2>\n\n\n\n<p>Adem\u00e1s del anuncio, seg\u00fan lo retomado por&nbsp;El Heraldo, se revel\u00f3 que la rapera eligi\u00f3 una forma simb\u00f3lica y poco convencional de conmemorar la llegada de su hijo. La cantante&nbsp;decidi\u00f3 transformar un fragmento del cord\u00f3n umbilical del reci\u00e9n nacido en una pieza ba\u00f1ada en cromo dorado.<\/p>\n\n\n\n<p><\/p>\n\n\n\n<figure class=\"wp-block-image aligncenter size-large\"><img loading=\"lazy\" decoding=\"async\" width=\"1024\" height=\"576\" src=\"https:\/\/lagnoticias.com\/wp-content\/uploads\/2025\/11\/89-1-1024x576.jpg\" alt=\"\" class=\"wp-image-7321\" srcset=\"https:\/\/lagnoticias.com\/wp-content\/uploads\/2025\/11\/89-1-980x551.jpg 980w, https:\/\/lagnoticias.com\/wp-content\/uploads\/2025\/11\/89-1-480x270.jpg 480w\" sizes=\"(min-width: 0px) and (max-width: 480px) 480px, (min-width: 481px) and (max-width: 980px) 980px, (min-width: 981px) 1024px, 100vw\" \/><\/figure>\n\n\n\n<p><\/p>\n\n\n\n<p>El proceso estuvo a cargo de&nbsp;Mommy Made Encapsulation, empresa estadounidense especializada en recuerdos posparto. A trav\u00e9s de su cuenta de Instagram, compartieron un video en el que se observa la elaboraci\u00f3n del objeto: desde la deshidrataci\u00f3n del cord\u00f3n, el moldeado en forma de coraz\u00f3n, hasta la inmersi\u00f3n final en un ba\u00f1o dorado.<\/p>\n\n\n\n<p>\u201cLa primera conexi\u00f3n entre una madre y su beb\u00e9\u2026 Convertir algo tan significativo en una pieza que se pueda sostener y apreciar para siempre es una de las partes m\u00e1s especiales de lo que hacemos\u201d, expres\u00f3 la empresa en su publicaci\u00f3n.<\/p>\n\n\n\n<h2 class=\"wp-block-heading\">El proceso detr\u00e1s de la pieza y la tendencia de recuerdos posparto<\/h2>\n\n\n\n<p>De acuerdo con la descripci\u00f3n oficial de Mommy Made Encapsulation, este servicio&nbsp;consiste en deshidratar el cord\u00f3n umbilical y moldearlo, usualmente en forma de coraz\u00f3n, para despu\u00e9s cubrirlo con un ba\u00f1o de cromo dorado&nbsp;y as\u00ed crear una pieza duradera.<\/p>\n\n\n\n<p>Este tipo de recuerdos forma parte de una tendencia creciente entre madres que buscan conservar elementos del nacimiento. Algunas optan por la encapsulaci\u00f3n de la placenta, la impresi\u00f3n art\u00edstica de su forma (placenta print) o, como en este caso, joyas creadas con el cord\u00f3n umbilical.<\/p>\n\n\n\n<p>Medios internacionales se\u00f1alan que el servicio de&nbsp;\u201cplacenta encapsulada\u201d&nbsp;ronda los&nbsp;500 d\u00f3lares. El costo adicional por el \u201ccord\u00f3n umbilical dorado\u201d no fue revelado, aunque se estima que ronda los 50 d\u00f3lares.<\/p>\n\n\n\n<h2 class=\"wp-block-heading\">Otros recuerdos solicitados por la rapera<\/h2>\n\n\n\n<p>Adem\u00e1s de la joya dorada, Cardi B tambi\u00e9n solicit\u00f3 una&nbsp;placenta print, una impresi\u00f3n art\u00edstica que conserva la forma de la placenta como recuerdo visual del nacimiento. Estos recuerdos representan los primeros cap\u00edtulos de esta nueva etapa para la rapera y Stefon Diggs, pues este es el primer hijo en com\u00fan de la pareja.<\/p>\n\n\n\n<h2 class=\"wp-block-heading\">\u00bfQui\u00e9n es Cardi B?<\/h2>\n\n\n\n<p>Cardi B, cuyo nombre real es Belcalis Marlenis Alm\u00e1nzar, es una rapera, compositora y personalidad medi\u00e1tica estadounidense. Alcanz\u00f3 reconocimiento internacional en 2017 con el \u00e9xito&nbsp;\u201cBodak Yellow\u201d, que la llev\u00f3 a encabezar listas musicales y la consolid\u00f3 como una de las artistas m\u00e1s influyentes del g\u00e9nero urbano.<\/p>\n\n\n\n<p>A lo largo de su carrera ha obtenido premios como Grammy, Billboard Music Awards y MTV Video Music Awards, adem\u00e1s de destacar por su presencia en redes sociales y su impacto cultural.<\/p>","protected":false},"excerpt":{"rendered":"<p>El pasado mes de noviembre,&nbsp;Cardi B&nbsp;anunci\u00f3 mediante su cuenta de Instagram el nacimiento de su cuarto hijo. En las fotograf\u00edas publicadas se observa a la rapera abrazando al reci\u00e9n nacido en una habitaci\u00f3n infantil, mientras el beb\u00e9 viste un conjunto azul y un gorrito de los New England Patriots, un gui\u00f1o al equipo donde juega [&hellip;]<\/p>","protected":false},"author":2,"featured_media":7322,"comment_status":"open","ping_status":"open","sticky":false,"template":"","format":"standard","meta":{"_et_pb_use_builder":"off","_et_pb_old_content":"","_et_gb_content_width":"","footnotes":""},"categories":[249],"tags":[1953,343,1952,1954,1955],"class_list":["post-7319","post","type-post","status-publish","format-standard","has-post-thumbnail","hentry","category-entretenimiento","tag-bebe-2","tag-cantante","tag-cardi-b","tag-cordon-umbilical","tag-joya"],"yoast_head":"<!-- This site is optimized with the Yoast SEO plugin v27.4 - https:\/\/yoast.com\/product\/yoast-seo-wordpress\/ -->\n<title>La cantante Cardi B convierte el cord\u00f3n umbilical de su beb\u00e9 en una joya extravagante - La G Noticias<\/title>\n<meta name=\"robots\" content=\"index, follow, max-snippet:-1, max-image-preview:large, max-video-preview:-1\" \/>\n<link rel=\"canonical\" href=\"https:\/\/lagnoticias.com\/en\/2025\/11\/26\/la-cantante-cardi-b-convierte-el-cordon-umbilical-de-su-bebe-en-una-joya-extravagante\/\" \/>\n<meta property=\"og:locale\" content=\"en_US\" \/>\n<meta property=\"og:type\" content=\"article\" \/>\n<meta property=\"og:title\" content=\"La cantante Cardi B convierte el cord\u00f3n umbilical de su beb\u00e9 en una joya extravagante - La G Noticias\" \/>\n<meta property=\"og:description\" content=\"El pasado mes de noviembre,&nbsp;Cardi B&nbsp;anunci\u00f3 mediante su cuenta de Instagram el nacimiento de su cuarto hijo. En las fotograf\u00edas publicadas se observa a la rapera abrazando al reci\u00e9n nacido en una habitaci\u00f3n infantil, mientras el beb\u00e9 viste un conjunto azul y un gorrito de los New England Patriots, un gui\u00f1o al equipo donde juega [&hellip;]\" \/>\n<meta property=\"og:url\" content=\"https:\/\/lagnoticias.com\/en\/2025\/11\/26\/la-cantante-cardi-b-convierte-el-cordon-umbilical-de-su-bebe-en-una-joya-extravagante\/\" \/>\n<meta property=\"og:site_name\" content=\"La G Noticias\" \/>\n<meta property=\"article:publisher\" content=\"https:\/\/www.facebook.com\/LaGNoticias\" \/>\n<meta property=\"article:published_time\" content=\"2025-11-26T21:19:33+00:00\" \/>\n<meta property=\"article:modified_time\" content=\"2025-11-26T21:19:34+00:00\" \/>\n<meta property=\"og:image\" content=\"https:\/\/lagnoticias.com\/wp-content\/uploads\/2025\/11\/69-1.jpg\" \/>\n\t<meta property=\"og:image:width\" content=\"1068\" \/>\n\t<meta property=\"og:image:height\" content=\"712\" \/>\n\t<meta property=\"og:image:type\" content=\"image\/jpeg\" \/>\n<meta name=\"author\" content=\"Oscar\" \/>\n<meta name=\"twitter:card\" content=\"summary_large_image\" \/>\n<meta name=\"twitter:creator\" content=\"@lagnoticias\" \/>\n<meta name=\"twitter:site\" content=\"@lagnoticias\" \/>\n<meta name=\"twitter:label1\" content=\"Written by\" \/>\n\t<meta name=\"twitter:data1\" content=\"Oscar\" \/>\n\t<meta name=\"twitter:label2\" content=\"Est. reading time\" \/>\n\t<meta name=\"twitter:data2\" content=\"3 minutes\" \/>\n<script type=\"application\/ld+json\" class=\"yoast-schema-graph\">{\"@context\":\"https:\\\/\\\/schema.org\",\"@graph\":[{\"@type\":\"Article\",\"@id\":\"https:\\\/\\\/lagnoticias.com\\\/2025\\\/11\\\/26\\\/la-cantante-cardi-b-convierte-el-cordon-umbilical-de-su-bebe-en-una-joya-extravagante\\\/#article\",\"isPartOf\":{\"@id\":\"https:\\\/\\\/lagnoticias.com\\\/2025\\\/11\\\/26\\\/la-cantante-cardi-b-convierte-el-cordon-umbilical-de-su-bebe-en-una-joya-extravagante\\\/\"},\"author\":{\"name\":\"Oscar\",\"@id\":\"https:\\\/\\\/lagnoticias.com\\\/#\\\/schema\\\/person\\\/cb9bfe13f8de05d2c55270be25c6a550\"},\"headline\":\"La cantante Cardi B convierte el cord\u00f3n umbilical de su beb\u00e9 en una joya extravagante\",\"datePublished\":\"2025-11-26T21:19:33+00:00\",\"dateModified\":\"2025-11-26T21:19:34+00:00\",\"mainEntityOfPage\":{\"@id\":\"https:\\\/\\\/lagnoticias.com\\\/2025\\\/11\\\/26\\\/la-cantante-cardi-b-convierte-el-cordon-umbilical-de-su-bebe-en-una-joya-extravagante\\\/\"},\"wordCount\":616,\"commentCount\":0,\"image\":{\"@id\":\"https:\\\/\\\/lagnoticias.com\\\/2025\\\/11\\\/26\\\/la-cantante-cardi-b-convierte-el-cordon-umbilical-de-su-bebe-en-una-joya-extravagante\\\/#primaryimage\"},\"thumbnailUrl\":\"https:\\\/\\\/lagnoticias.com\\\/wp-content\\\/uploads\\\/2025\\\/11\\\/69-1.jpg\",\"keywords\":[\"BEB\u00c9\",\"CANTANTE\",\"CARDI B\",\"CORD\u00d3N UMBILICAL\",\"JOYA\"],\"articleSection\":[\"ENTRETENIMIENTO\"],\"inLanguage\":\"en-US\",\"potentialAction\":[{\"@type\":\"CommentAction\",\"name\":\"Comment\",\"target\":[\"https:\\\/\\\/lagnoticias.com\\\/2025\\\/11\\\/26\\\/la-cantante-cardi-b-convierte-el-cordon-umbilical-de-su-bebe-en-una-joya-extravagante\\\/#respond\"]}]},{\"@type\":\"WebPage\",\"@id\":\"https:\\\/\\\/lagnoticias.com\\\/2025\\\/11\\\/26\\\/la-cantante-cardi-b-convierte-el-cordon-umbilical-de-su-bebe-en-una-joya-extravagante\\\/\",\"url\":\"https:\\\/\\\/lagnoticias.com\\\/2025\\\/11\\\/26\\\/la-cantante-cardi-b-convierte-el-cordon-umbilical-de-su-bebe-en-una-joya-extravagante\\\/\",\"name\":\"La cantante Cardi B convierte el cord\u00f3n umbilical de su beb\u00e9 en una joya extravagante - La G Noticias\",\"isPartOf\":{\"@id\":\"https:\\\/\\\/lagnoticias.com\\\/#website\"},\"primaryImageOfPage\":{\"@id\":\"https:\\\/\\\/lagnoticias.com\\\/2025\\\/11\\\/26\\\/la-cantante-cardi-b-convierte-el-cordon-umbilical-de-su-bebe-en-una-joya-extravagante\\\/#primaryimage\"},\"image\":{\"@id\":\"https:\\\/\\\/lagnoticias.com\\\/2025\\\/11\\\/26\\\/la-cantante-cardi-b-convierte-el-cordon-umbilical-de-su-bebe-en-una-joya-extravagante\\\/#primaryimage\"},\"thumbnailUrl\":\"https:\\\/\\\/lagnoticias.com\\\/wp-content\\\/uploads\\\/2025\\\/11\\\/69-1.jpg\",\"datePublished\":\"2025-11-26T21:19:33+00:00\",\"dateModified\":\"2025-11-26T21:19:34+00:00\",\"author\":{\"@id\":\"https:\\\/\\\/lagnoticias.com\\\/#\\\/schema\\\/person\\\/cb9bfe13f8de05d2c55270be25c6a550\"},\"breadcrumb\":{\"@id\":\"https:\\\/\\\/lagnoticias.com\\\/2025\\\/11\\\/26\\\/la-cantante-cardi-b-convierte-el-cordon-umbilical-de-su-bebe-en-una-joya-extravagante\\\/#breadcrumb\"},\"inLanguage\":\"en-US\",\"potentialAction\":[{\"@type\":\"ReadAction\",\"target\":[\"https:\\\/\\\/lagnoticias.com\\\/2025\\\/11\\\/26\\\/la-cantante-cardi-b-convierte-el-cordon-umbilical-de-su-bebe-en-una-joya-extravagante\\\/\"]}]},{\"@type\":\"ImageObject\",\"inLanguage\":\"en-US\",\"@id\":\"https:\\\/\\\/lagnoticias.com\\\/2025\\\/11\\\/26\\\/la-cantante-cardi-b-convierte-el-cordon-umbilical-de-su-bebe-en-una-joya-extravagante\\\/#primaryimage\",\"url\":\"https:\\\/\\\/lagnoticias.com\\\/wp-content\\\/uploads\\\/2025\\\/11\\\/69-1.jpg\",\"contentUrl\":\"https:\\\/\\\/lagnoticias.com\\\/wp-content\\\/uploads\\\/2025\\\/11\\\/69-1.jpg\",\"width\":1068,\"height\":712},{\"@type\":\"BreadcrumbList\",\"@id\":\"https:\\\/\\\/lagnoticias.com\\\/2025\\\/11\\\/26\\\/la-cantante-cardi-b-convierte-el-cordon-umbilical-de-su-bebe-en-una-joya-extravagante\\\/#breadcrumb\",\"itemListElement\":[{\"@type\":\"ListItem\",\"position\":1,\"name\":\"Portada\",\"item\":\"https:\\\/\\\/lagnoticias.com\\\/\"},{\"@type\":\"ListItem\",\"position\":2,\"name\":\"La cantante Cardi B convierte el cord\u00f3n umbilical de su beb\u00e9 en una joya extravagante\"}]},{\"@type\":\"WebSite\",\"@id\":\"https:\\\/\\\/lagnoticias.com\\\/#website\",\"url\":\"https:\\\/\\\/lagnoticias.com\\\/\",\"name\":\"La G Noticias\",\"description\":\"Noticias Positivas\",\"potentialAction\":[{\"@type\":\"SearchAction\",\"target\":{\"@type\":\"EntryPoint\",\"urlTemplate\":\"https:\\\/\\\/lagnoticias.com\\\/?s={search_term_string}\"},\"query-input\":{\"@type\":\"PropertyValueSpecification\",\"valueRequired\":true,\"valueName\":\"search_term_string\"}}],\"inLanguage\":\"en-US\"},{\"@type\":\"Person\",\"@id\":\"https:\\\/\\\/lagnoticias.com\\\/#\\\/schema\\\/person\\\/cb9bfe13f8de05d2c55270be25c6a550\",\"name\":\"Oscar\",\"image\":{\"@type\":\"ImageObject\",\"inLanguage\":\"en-US\",\"@id\":\"https:\\\/\\\/secure.gravatar.com\\\/avatar\\\/45c195718f652dc7ffdd591dc1f2678956ab7fdadcd359a635edc61304a8c757?s=96&d=mm&r=g\",\"url\":\"https:\\\/\\\/secure.gravatar.com\\\/avatar\\\/45c195718f652dc7ffdd591dc1f2678956ab7fdadcd359a635edc61304a8c757?s=96&d=mm&r=g\",\"contentUrl\":\"https:\\\/\\\/secure.gravatar.com\\\/avatar\\\/45c195718f652dc7ffdd591dc1f2678956ab7fdadcd359a635edc61304a8c757?s=96&d=mm&r=g\",\"caption\":\"Oscar\"},\"url\":\"https:\\\/\\\/lagnoticias.com\\\/en\\\/author\\\/oscar\\\/\"}]}<\/script>\n<!-- \/ Yoast SEO plugin. -->","yoast_head_json":{"title":"La cantante Cardi B convierte el cord\u00f3n umbilical de su beb\u00e9 en una joya extravagante - La G Noticias","robots":{"index":"index","follow":"follow","max-snippet":"max-snippet:-1","max-image-preview":"max-image-preview:large","max-video-preview":"max-video-preview:-1"},"canonical":"https:\/\/lagnoticias.com\/en\/2025\/11\/26\/la-cantante-cardi-b-convierte-el-cordon-umbilical-de-su-bebe-en-una-joya-extravagante\/","og_locale":"en_US","og_type":"article","og_title":"La cantante Cardi B convierte el cord\u00f3n umbilical de su beb\u00e9 en una joya extravagante - La G Noticias","og_description":"El pasado mes de noviembre,&nbsp;Cardi B&nbsp;anunci\u00f3 mediante su cuenta de Instagram el nacimiento de su cuarto hijo. En las fotograf\u00edas publicadas se observa a la rapera abrazando al reci\u00e9n nacido en una habitaci\u00f3n infantil, mientras el beb\u00e9 viste un conjunto azul y un gorrito de los New England Patriots, un gui\u00f1o al equipo donde juega [&hellip;]","og_url":"https:\/\/lagnoticias.com\/en\/2025\/11\/26\/la-cantante-cardi-b-convierte-el-cordon-umbilical-de-su-bebe-en-una-joya-extravagante\/","og_site_name":"La G Noticias","article_publisher":"https:\/\/www.facebook.com\/LaGNoticias","article_published_time":"2025-11-26T21:19:33+00:00","article_modified_time":"2025-11-26T21:19:34+00:00","og_image":[{"width":1068,"height":712,"url":"https:\/\/lagnoticias.com\/wp-content\/uploads\/2025\/11\/69-1.jpg","type":"image\/jpeg"}],"author":"Oscar","twitter_card":"summary_large_image","twitter_creator":"@lagnoticias","twitter_site":"@lagnoticias","twitter_misc":{"Written by":"Oscar","Est. reading time":"3 minutes"},"schema":{"@context":"https:\/\/schema.org","@graph":[{"@type":"Article","@id":"https:\/\/lagnoticias.com\/2025\/11\/26\/la-cantante-cardi-b-convierte-el-cordon-umbilical-de-su-bebe-en-una-joya-extravagante\/#article","isPartOf":{"@id":"https:\/\/lagnoticias.com\/2025\/11\/26\/la-cantante-cardi-b-convierte-el-cordon-umbilical-de-su-bebe-en-una-joya-extravagante\/"},"author":{"name":"Oscar","@id":"https:\/\/lagnoticias.com\/#\/schema\/person\/cb9bfe13f8de05d2c55270be25c6a550"},"headline":"La cantante Cardi B convierte el cord\u00f3n umbilical de su beb\u00e9 en una joya extravagante","datePublished":"2025-11-26T21:19:33+00:00","dateModified":"2025-11-26T21:19:34+00:00","mainEntityOfPage":{"@id":"https:\/\/lagnoticias.com\/2025\/11\/26\/la-cantante-cardi-b-convierte-el-cordon-umbilical-de-su-bebe-en-una-joya-extravagante\/"},"wordCount":616,"commentCount":0,"image":{"@id":"https:\/\/lagnoticias.com\/2025\/11\/26\/la-cantante-cardi-b-convierte-el-cordon-umbilical-de-su-bebe-en-una-joya-extravagante\/#primaryimage"},"thumbnailUrl":"https:\/\/lagnoticias.com\/wp-content\/uploads\/2025\/11\/69-1.jpg","keywords":["BEB\u00c9","CANTANTE","CARDI B","CORD\u00d3N UMBILICAL","JOYA"],"articleSection":["ENTRETENIMIENTO"],"inLanguage":"en-US","potentialAction":[{"@type":"CommentAction","name":"Comment","target":["https:\/\/lagnoticias.com\/2025\/11\/26\/la-cantante-cardi-b-convierte-el-cordon-umbilical-de-su-bebe-en-una-joya-extravagante\/#respond"]}]},{"@type":"WebPage","@id":"https:\/\/lagnoticias.com\/2025\/11\/26\/la-cantante-cardi-b-convierte-el-cordon-umbilical-de-su-bebe-en-una-joya-extravagante\/","url":"https:\/\/lagnoticias.com\/2025\/11\/26\/la-cantante-cardi-b-convierte-el-cordon-umbilical-de-su-bebe-en-una-joya-extravagante\/","name":"La cantante Cardi B convierte el cord\u00f3n umbilical de su beb\u00e9 en una joya extravagante - La G Noticias","isPartOf":{"@id":"https:\/\/lagnoticias.com\/#website"},"primaryImageOfPage":{"@id":"https:\/\/lagnoticias.com\/2025\/11\/26\/la-cantante-cardi-b-convierte-el-cordon-umbilical-de-su-bebe-en-una-joya-extravagante\/#primaryimage"},"image":{"@id":"https:\/\/lagnoticias.com\/2025\/11\/26\/la-cantante-cardi-b-convierte-el-cordon-umbilical-de-su-bebe-en-una-joya-extravagante\/#primaryimage"},"thumbnailUrl":"https:\/\/lagnoticias.com\/wp-content\/uploads\/2025\/11\/69-1.jpg","datePublished":"2025-11-26T21:19:33+00:00","dateModified":"2025-11-26T21:19:34+00:00","author":{"@id":"https:\/\/lagnoticias.com\/#\/schema\/person\/cb9bfe13f8de05d2c55270be25c6a550"},"breadcrumb":{"@id":"https:\/\/lagnoticias.com\/2025\/11\/26\/la-cantante-cardi-b-convierte-el-cordon-umbilical-de-su-bebe-en-una-joya-extravagante\/#breadcrumb"},"inLanguage":"en-US","potentialAction":[{"@type":"ReadAction","target":["https:\/\/lagnoticias.com\/2025\/11\/26\/la-cantante-cardi-b-convierte-el-cordon-umbilical-de-su-bebe-en-una-joya-extravagante\/"]}]},{"@type":"ImageObject","inLanguage":"en-US","@id":"https:\/\/lagnoticias.com\/2025\/11\/26\/la-cantante-cardi-b-convierte-el-cordon-umbilical-de-su-bebe-en-una-joya-extravagante\/#primaryimage","url":"https:\/\/lagnoticias.com\/wp-content\/uploads\/2025\/11\/69-1.jpg","contentUrl":"https:\/\/lagnoticias.com\/wp-content\/uploads\/2025\/11\/69-1.jpg","width":1068,"height":712},{"@type":"BreadcrumbList","@id":"https:\/\/lagnoticias.com\/2025\/11\/26\/la-cantante-cardi-b-convierte-el-cordon-umbilical-de-su-bebe-en-una-joya-extravagante\/#breadcrumb","itemListElement":[{"@type":"ListItem","position":1,"name":"Portada","item":"https:\/\/lagnoticias.com\/"},{"@type":"ListItem","position":2,"name":"La cantante Cardi B convierte el cord\u00f3n umbilical de su beb\u00e9 en una joya extravagante"}]},{"@type":"WebSite","@id":"https:\/\/lagnoticias.com\/#website","url":"https:\/\/lagnoticias.com\/","name":"La G Noticias","description":"Noticias Positivas","potentialAction":[{"@type":"SearchAction","target":{"@type":"EntryPoint","urlTemplate":"https:\/\/lagnoticias.com\/?s={search_term_string}"},"query-input":{"@type":"PropertyValueSpecification","valueRequired":true,"valueName":"search_term_string"}}],"inLanguage":"en-US"},{"@type":"Person","@id":"https:\/\/lagnoticias.com\/#\/schema\/person\/cb9bfe13f8de05d2c55270be25c6a550","name":"Oscar","image":{"@type":"ImageObject","inLanguage":"en-US","@id":"https:\/\/secure.gravatar.com\/avatar\/45c195718f652dc7ffdd591dc1f2678956ab7fdadcd359a635edc61304a8c757?s=96&d=mm&r=g","url":"https:\/\/secure.gravatar.com\/avatar\/45c195718f652dc7ffdd591dc1f2678956ab7fdadcd359a635edc61304a8c757?s=96&d=mm&r=g","contentUrl":"https:\/\/secure.gravatar.com\/avatar\/45c195718f652dc7ffdd591dc1f2678956ab7fdadcd359a635edc61304a8c757?s=96&d=mm&r=g","caption":"Oscar"},"url":"https:\/\/lagnoticias.com\/en\/author\/oscar\/"}]}},"_links":{"self":[{"href":"https:\/\/lagnoticias.com\/en\/wp-json\/wp\/v2\/posts\/7319","targetHints":{"allow":["GET"]}}],"collection":[{"href":"https:\/\/lagnoticias.com\/en\/wp-json\/wp\/v2\/posts"}],"about":[{"href":"https:\/\/lagnoticias.com\/en\/wp-json\/wp\/v2\/types\/post"}],"author":[{"embeddable":true,"href":"https:\/\/lagnoticias.com\/en\/wp-json\/wp\/v2\/users\/2"}],"replies":[{"embeddable":true,"href":"https:\/\/lagnoticias.com\/en\/wp-json\/wp\/v2\/comments?post=7319"}],"version-history":[{"count":1,"href":"https:\/\/lagnoticias.com\/en\/wp-json\/wp\/v2\/posts\/7319\/revisions"}],"predecessor-version":[{"id":7323,"href":"https:\/\/lagnoticias.com\/en\/wp-json\/wp\/v2\/posts\/7319\/revisions\/7323"}],"wp:featuredmedia":[{"embeddable":true,"href":"https:\/\/lagnoticias.com\/en\/wp-json\/wp\/v2\/media\/7322"}],"wp:attachment":[{"href":"https:\/\/lagnoticias.com\/en\/wp-json\/wp\/v2\/media?parent=7319"}],"wp:term":[{"taxonomy":"category","embeddable":true,"href":"https:\/\/lagnoticias.com\/en\/wp-json\/wp\/v2\/categories?post=7319"},{"taxonomy":"post_tag","embeddable":true,"href":"https:\/\/lagnoticias.com\/en\/wp-json\/wp\/v2\/tags?post=7319"}],"curies":[{"name":"wp","href":"https:\/\/api.w.org\/{rel}","templated":true}]}}