{"id":7213,"date":"2025-11-21T16:22:14","date_gmt":"2025-11-21T22:22:14","guid":{"rendered":"https:\/\/lagnoticias.com\/?p=7213"},"modified":"2025-11-21T16:22:15","modified_gmt":"2025-11-21T22:22:15","slug":"todo-sobre-la-corona-de-adviento-2025-significado-y-preparacion","status":"publish","type":"post","link":"https:\/\/lagnoticias.com\/en\/2025\/11\/21\/todo-sobre-la-corona-de-adviento-2025-significado-y-preparacion\/","title":{"rendered":"Todo sobre la Corona de Adviento 2025: significado y preparaci\u00f3n"},"content":{"rendered":"<p>La&nbsp;corona de Adviento&nbsp;es un signo que \u201cexpresa la alegr\u00eda del tiempo de preparaci\u00f3n a la&nbsp;Navidad\u201d&nbsp;y representa \u201cla esperanza de que la luz y la vida triunfar\u00e1n sobre las tinieblas y la muerte\u201d, seg\u00fan Aciprensa.<\/p>\n\n\n\n<p>De acuerdo con esa fuente, su origen proviene de una tradici\u00f3n pagana europea que consist\u00eda en encender velas durante el invierno para representar el fuego del dios sol, con el prop\u00f3sito de que regresara con su luz y calor.<\/p>\n\n\n\n<p>Sin embargo,&nbsp;Vatican News&nbsp;indica que apareci\u00f3 por primera vez entre los luteranos alemanes en el siglo XVI, aunque fue introducida m\u00e1s tarde, en 1839, por el pastor protestante Johann Hinrich Wichern, uno de los fundadores de la Misi\u00f3n Dom\u00e9stica, un movimiento pionero en Alemania relacionado con la pastoral urbana.<\/p>\n\n\n\n<p>La primera corona fue una gran rueda de madera con muchas m\u00e1s velas: veinte peque\u00f1as para los d\u00edas de semana y cuatro para los domingos. Con el tiempo, esta tradici\u00f3n protestante fue adoptada por las iglesias cat\u00f3licas.<\/p>\n\n\n\n<p>Al principio, se encontraba \u00fanicamente en espacios eclesi\u00e1sticos, pero posteriormente lleg\u00f3 a los hogares de todo el mundo, seg\u00fan&nbsp;Vatican News. La idea surgi\u00f3 por los ni\u00f1os de un orfanato, quienes preguntaban constantemente cu\u00e1ntos d\u00edas faltaban para Navidad.<\/p>\n\n\n\n<h2 class=\"wp-block-heading\">Significado de los elementos de la Corona de Adviento<\/h2>\n\n\n\n<p>La corona est\u00e1 formada por varios s\u00edmbolos:<\/p>\n\n\n\n<ul class=\"wp-block-list\">\n<li>La forma circular: no tiene principio ni fin. Representa el amor eterno de Dios y tambi\u00e9n el amor al pr\u00f3jimo, que no debe terminar.<\/li>\n\n\n\n<li>Las ramas verdes: el verde simboliza esperanza y vida. Indica el deseo de alcanzar la gracia de Dios, el perd\u00f3n y la gloria eterna.<\/li>\n\n\n\n<li>Las cuatro velas: representan la oscuridad causada por el pecado, que aleja al hombre de Dios. Se encienden una a una durante los cuatro domingos de Adviento.<\/li>\n\n\n\n<li>Las manzanas rojas: aluden a los frutos del Ed\u00e9n, recordando el pecado original y la promesa del Salvador.<\/li>\n\n\n\n<li>El list\u00f3n rojo: simboliza el amor de Dios y el amor del ser humano hacia \u00c9l.<\/li>\n<\/ul>\n\n\n\n<h2 class=\"wp-block-heading\">Calendario de Adviento 2025<\/h2>\n\n\n\n<p>Aciprensa explica que con el primer domingo de Adviento comienza el nuevo<strong>&nbsp;a\u00f1o lit\u00fargico 2025-2026, correspondiente al ciclo A<\/strong>&nbsp;y a\u00f1o par. Notar\u00e1 que el color de los ornamentos del sacerdote es el morado, que es s\u00edmbolo penitencia. Este es el color lit\u00fargico tanto de Adviento como de Cuaresma.<\/p>\n\n\n\n<ul class=\"wp-block-list\">\n<li>Domingo 30 de noviembre:\u00a0se enciende la primera vela morada.<\/li>\n\n\n\n<li>Domingo 7 de diciembre:\u00a0segunda vela morada. El Evangelio se centra en san Juan Bautista y el llamado a la conversi\u00f3n.<\/li>\n\n\n\n<li>Domingo 14 de diciembre:\u00a0Domingo de\u00a0Gaudete\u00a0(al\u00e9grense). se usa casulla rosada y se enciende la vela rosada. El lunes 15 culmina la primera parte del Adviento y el martes 16 inicia la segunda parte del Adviento, la recta final hacia la Navidad.<\/li>\n\n\n\n<li>Domingo 21 de diciembre:\u00a0cuarta vela, color morado.<\/li>\n\n\n\n<li>Mi\u00e9rcoles 24 de diciembre,\u00a0al atardecer: finaliza el Adviento con las primeras v\u00edsperas de la Navidad. Usualmente se enciende una vela blanca.<\/li>\n\n\n\n<li>Sugerencias para esta tradici\u00f3n familiar<\/li>\n\n\n\n<li>Colocar la corona en un lugar visible dentro del hogar, especialmente para que los ni\u00f1os recuerden la importancia de la preparaci\u00f3n espiritual.<\/li>\n\n\n\n<li>Establecer un horario fijo para encender las velas, lo que refuerza su valor simb\u00f3lico.<\/li>\n\n\n\n<li>Repartir funciones entre los miembros de la familia, para fomentar la participaci\u00f3n.<\/li>\n<\/ul>\n\n\n\n<h2 class=\"wp-block-heading\">Asignaci\u00f3n de roles sugerida:<\/h2>\n\n\n\n<ul class=\"wp-block-list\">\n<li>Encargado de preparar y limpiar el lugar donde se colocar\u00e1 y rezar\u00e1 cada domingo.<\/li>\n\n\n\n<li>Apagar las luces del hogar al inicio y encenderlas al final.<\/li>\n\n\n\n<li>Dirigir el canto o colocar m\u00fasica navide\u00f1a.<\/li>\n\n\n\n<li>Guiar las oraciones.<\/li>\n\n\n\n<li>Preparar y leer los textos b\u00edblicos.<\/li>\n\n\n\n<li>Encender las velas.<\/li>\n<\/ul>\n\n\n\n<p><\/p>\n\n\n\n<p><\/p>\n\n\n\n<p>(PL)<\/p>","protected":false},"excerpt":{"rendered":"<p>Conoce el calendario de Adviento 2025, significado de la corona, el color de las velas, los elementos para armarla y recomendaciones para esta tradici\u00f3n que antecede a la Navidad.<\/p>","protected":false},"author":2,"featured_media":7214,"comment_status":"open","ping_status":"open","sticky":false,"template":"","format":"standard","meta":{"_et_pb_use_builder":"off","_et_pb_old_content":"","_et_gb_content_width":"","footnotes":""},"categories":[929],"tags":[1917,1915,922,1916],"class_list":["post-7213","post","type-post","status-publish","format-standard","has-post-thumbnail","hentry","category-vida","tag-calendario-de-adviento","tag-corona-de-adviento-2025","tag-navidad","tag-velas"],"yoast_head":"<!-- This site is optimized with the Yoast SEO plugin v27.4 - https:\/\/yoast.com\/product\/yoast-seo-wordpress\/ -->\n<title>Todo sobre la Corona de Adviento 2025: significado y preparaci\u00f3n - La G Noticias<\/title>\n<meta name=\"robots\" content=\"index, follow, max-snippet:-1, max-image-preview:large, max-video-preview:-1\" \/>\n<link rel=\"canonical\" href=\"https:\/\/lagnoticias.com\/en\/2025\/11\/21\/todo-sobre-la-corona-de-adviento-2025-significado-y-preparacion\/\" \/>\n<meta property=\"og:locale\" content=\"en_US\" \/>\n<meta property=\"og:type\" content=\"article\" \/>\n<meta property=\"og:title\" content=\"Todo sobre la Corona de Adviento 2025: significado y preparaci\u00f3n - La G Noticias\" \/>\n<meta property=\"og:description\" content=\"Conoce el calendario de Adviento 2025, significado de la corona, el color de las velas, los elementos para armarla y recomendaciones para esta tradici\u00f3n que antecede a la Navidad.\" \/>\n<meta property=\"og:url\" content=\"https:\/\/lagnoticias.com\/en\/2025\/11\/21\/todo-sobre-la-corona-de-adviento-2025-significado-y-preparacion\/\" \/>\n<meta property=\"og:site_name\" content=\"La G Noticias\" \/>\n<meta property=\"article:publisher\" content=\"https:\/\/www.facebook.com\/LaGNoticias\" \/>\n<meta property=\"article:published_time\" content=\"2025-11-21T22:22:14+00:00\" \/>\n<meta property=\"article:modified_time\" content=\"2025-11-21T22:22:15+00:00\" \/>\n<meta property=\"og:image\" content=\"https:\/\/lagnoticias.com\/wp-content\/uploads\/2025\/11\/4-17-scaled.jpg\" \/>\n\t<meta property=\"og:image:width\" content=\"2560\" \/>\n\t<meta property=\"og:image:height\" content=\"1707\" \/>\n\t<meta property=\"og:image:type\" content=\"image\/jpeg\" \/>\n<meta name=\"author\" content=\"Oscar\" \/>\n<meta name=\"twitter:card\" content=\"summary_large_image\" \/>\n<meta name=\"twitter:creator\" content=\"@lagnoticias\" \/>\n<meta name=\"twitter:site\" content=\"@lagnoticias\" \/>\n<meta name=\"twitter:label1\" content=\"Written by\" \/>\n\t<meta name=\"twitter:data1\" content=\"Oscar\" \/>\n\t<meta name=\"twitter:label2\" content=\"Est. reading time\" \/>\n\t<meta name=\"twitter:data2\" content=\"3 minutes\" \/>\n<script type=\"application\/ld+json\" class=\"yoast-schema-graph\">{\"@context\":\"https:\\\/\\\/schema.org\",\"@graph\":[{\"@type\":\"Article\",\"@id\":\"https:\\\/\\\/lagnoticias.com\\\/2025\\\/11\\\/21\\\/todo-sobre-la-corona-de-adviento-2025-significado-y-preparacion\\\/#article\",\"isPartOf\":{\"@id\":\"https:\\\/\\\/lagnoticias.com\\\/2025\\\/11\\\/21\\\/todo-sobre-la-corona-de-adviento-2025-significado-y-preparacion\\\/\"},\"author\":{\"name\":\"Oscar\",\"@id\":\"https:\\\/\\\/lagnoticias.com\\\/#\\\/schema\\\/person\\\/cb9bfe13f8de05d2c55270be25c6a550\"},\"headline\":\"Todo sobre la Corona de Adviento 2025: significado y preparaci\u00f3n\",\"datePublished\":\"2025-11-21T22:22:14+00:00\",\"dateModified\":\"2025-11-21T22:22:15+00:00\",\"mainEntityOfPage\":{\"@id\":\"https:\\\/\\\/lagnoticias.com\\\/2025\\\/11\\\/21\\\/todo-sobre-la-corona-de-adviento-2025-significado-y-preparacion\\\/\"},\"wordCount\":640,\"commentCount\":0,\"image\":{\"@id\":\"https:\\\/\\\/lagnoticias.com\\\/2025\\\/11\\\/21\\\/todo-sobre-la-corona-de-adviento-2025-significado-y-preparacion\\\/#primaryimage\"},\"thumbnailUrl\":\"https:\\\/\\\/lagnoticias.com\\\/wp-content\\\/uploads\\\/2025\\\/11\\\/4-17-scaled.jpg\",\"keywords\":[\"CALENDARIO DE ADVIENTO\",\"CORONA DE ADVIENTO 2025\",\"NAVIDAD\",\"VELAS\"],\"articleSection\":[\"VIDA\"],\"inLanguage\":\"en-US\",\"potentialAction\":[{\"@type\":\"CommentAction\",\"name\":\"Comment\",\"target\":[\"https:\\\/\\\/lagnoticias.com\\\/2025\\\/11\\\/21\\\/todo-sobre-la-corona-de-adviento-2025-significado-y-preparacion\\\/#respond\"]}]},{\"@type\":\"WebPage\",\"@id\":\"https:\\\/\\\/lagnoticias.com\\\/2025\\\/11\\\/21\\\/todo-sobre-la-corona-de-adviento-2025-significado-y-preparacion\\\/\",\"url\":\"https:\\\/\\\/lagnoticias.com\\\/2025\\\/11\\\/21\\\/todo-sobre-la-corona-de-adviento-2025-significado-y-preparacion\\\/\",\"name\":\"Todo sobre la Corona de Adviento 2025: significado y preparaci\u00f3n - La G Noticias\",\"isPartOf\":{\"@id\":\"https:\\\/\\\/lagnoticias.com\\\/#website\"},\"primaryImageOfPage\":{\"@id\":\"https:\\\/\\\/lagnoticias.com\\\/2025\\\/11\\\/21\\\/todo-sobre-la-corona-de-adviento-2025-significado-y-preparacion\\\/#primaryimage\"},\"image\":{\"@id\":\"https:\\\/\\\/lagnoticias.com\\\/2025\\\/11\\\/21\\\/todo-sobre-la-corona-de-adviento-2025-significado-y-preparacion\\\/#primaryimage\"},\"thumbnailUrl\":\"https:\\\/\\\/lagnoticias.com\\\/wp-content\\\/uploads\\\/2025\\\/11\\\/4-17-scaled.jpg\",\"datePublished\":\"2025-11-21T22:22:14+00:00\",\"dateModified\":\"2025-11-21T22:22:15+00:00\",\"author\":{\"@id\":\"https:\\\/\\\/lagnoticias.com\\\/#\\\/schema\\\/person\\\/cb9bfe13f8de05d2c55270be25c6a550\"},\"breadcrumb\":{\"@id\":\"https:\\\/\\\/lagnoticias.com\\\/2025\\\/11\\\/21\\\/todo-sobre-la-corona-de-adviento-2025-significado-y-preparacion\\\/#breadcrumb\"},\"inLanguage\":\"en-US\",\"potentialAction\":[{\"@type\":\"ReadAction\",\"target\":[\"https:\\\/\\\/lagnoticias.com\\\/2025\\\/11\\\/21\\\/todo-sobre-la-corona-de-adviento-2025-significado-y-preparacion\\\/\"]}]},{\"@type\":\"ImageObject\",\"inLanguage\":\"en-US\",\"@id\":\"https:\\\/\\\/lagnoticias.com\\\/2025\\\/11\\\/21\\\/todo-sobre-la-corona-de-adviento-2025-significado-y-preparacion\\\/#primaryimage\",\"url\":\"https:\\\/\\\/lagnoticias.com\\\/wp-content\\\/uploads\\\/2025\\\/11\\\/4-17-scaled.jpg\",\"contentUrl\":\"https:\\\/\\\/lagnoticias.com\\\/wp-content\\\/uploads\\\/2025\\\/11\\\/4-17-scaled.jpg\",\"width\":2560,\"height\":1707},{\"@type\":\"BreadcrumbList\",\"@id\":\"https:\\\/\\\/lagnoticias.com\\\/2025\\\/11\\\/21\\\/todo-sobre-la-corona-de-adviento-2025-significado-y-preparacion\\\/#breadcrumb\",\"itemListElement\":[{\"@type\":\"ListItem\",\"position\":1,\"name\":\"Portada\",\"item\":\"https:\\\/\\\/lagnoticias.com\\\/\"},{\"@type\":\"ListItem\",\"position\":2,\"name\":\"Todo sobre la Corona de Adviento 2025: significado y preparaci\u00f3n\"}]},{\"@type\":\"WebSite\",\"@id\":\"https:\\\/\\\/lagnoticias.com\\\/#website\",\"url\":\"https:\\\/\\\/lagnoticias.com\\\/\",\"name\":\"La G Noticias\",\"description\":\"Noticias Positivas\",\"potentialAction\":[{\"@type\":\"SearchAction\",\"target\":{\"@type\":\"EntryPoint\",\"urlTemplate\":\"https:\\\/\\\/lagnoticias.com\\\/?s={search_term_string}\"},\"query-input\":{\"@type\":\"PropertyValueSpecification\",\"valueRequired\":true,\"valueName\":\"search_term_string\"}}],\"inLanguage\":\"en-US\"},{\"@type\":\"Person\",\"@id\":\"https:\\\/\\\/lagnoticias.com\\\/#\\\/schema\\\/person\\\/cb9bfe13f8de05d2c55270be25c6a550\",\"name\":\"Oscar\",\"image\":{\"@type\":\"ImageObject\",\"inLanguage\":\"en-US\",\"@id\":\"https:\\\/\\\/secure.gravatar.com\\\/avatar\\\/45c195718f652dc7ffdd591dc1f2678956ab7fdadcd359a635edc61304a8c757?s=96&d=mm&r=g\",\"url\":\"https:\\\/\\\/secure.gravatar.com\\\/avatar\\\/45c195718f652dc7ffdd591dc1f2678956ab7fdadcd359a635edc61304a8c757?s=96&d=mm&r=g\",\"contentUrl\":\"https:\\\/\\\/secure.gravatar.com\\\/avatar\\\/45c195718f652dc7ffdd591dc1f2678956ab7fdadcd359a635edc61304a8c757?s=96&d=mm&r=g\",\"caption\":\"Oscar\"},\"url\":\"https:\\\/\\\/lagnoticias.com\\\/en\\\/author\\\/oscar\\\/\"}]}<\/script>\n<!-- \/ Yoast SEO plugin. -->","yoast_head_json":{"title":"Todo sobre la Corona de Adviento 2025: significado y preparaci\u00f3n - La G Noticias","robots":{"index":"index","follow":"follow","max-snippet":"max-snippet:-1","max-image-preview":"max-image-preview:large","max-video-preview":"max-video-preview:-1"},"canonical":"https:\/\/lagnoticias.com\/en\/2025\/11\/21\/todo-sobre-la-corona-de-adviento-2025-significado-y-preparacion\/","og_locale":"en_US","og_type":"article","og_title":"Todo sobre la Corona de Adviento 2025: significado y preparaci\u00f3n - La G Noticias","og_description":"Conoce el calendario de Adviento 2025, significado de la corona, el color de las velas, los elementos para armarla y recomendaciones para esta tradici\u00f3n que antecede a la Navidad.","og_url":"https:\/\/lagnoticias.com\/en\/2025\/11\/21\/todo-sobre-la-corona-de-adviento-2025-significado-y-preparacion\/","og_site_name":"La G Noticias","article_publisher":"https:\/\/www.facebook.com\/LaGNoticias","article_published_time":"2025-11-21T22:22:14+00:00","article_modified_time":"2025-11-21T22:22:15+00:00","og_image":[{"width":2560,"height":1707,"url":"https:\/\/lagnoticias.com\/wp-content\/uploads\/2025\/11\/4-17-scaled.jpg","type":"image\/jpeg"}],"author":"Oscar","twitter_card":"summary_large_image","twitter_creator":"@lagnoticias","twitter_site":"@lagnoticias","twitter_misc":{"Written by":"Oscar","Est. reading time":"3 minutes"},"schema":{"@context":"https:\/\/schema.org","@graph":[{"@type":"Article","@id":"https:\/\/lagnoticias.com\/2025\/11\/21\/todo-sobre-la-corona-de-adviento-2025-significado-y-preparacion\/#article","isPartOf":{"@id":"https:\/\/lagnoticias.com\/2025\/11\/21\/todo-sobre-la-corona-de-adviento-2025-significado-y-preparacion\/"},"author":{"name":"Oscar","@id":"https:\/\/lagnoticias.com\/#\/schema\/person\/cb9bfe13f8de05d2c55270be25c6a550"},"headline":"Todo sobre la Corona de Adviento 2025: significado y preparaci\u00f3n","datePublished":"2025-11-21T22:22:14+00:00","dateModified":"2025-11-21T22:22:15+00:00","mainEntityOfPage":{"@id":"https:\/\/lagnoticias.com\/2025\/11\/21\/todo-sobre-la-corona-de-adviento-2025-significado-y-preparacion\/"},"wordCount":640,"commentCount":0,"image":{"@id":"https:\/\/lagnoticias.com\/2025\/11\/21\/todo-sobre-la-corona-de-adviento-2025-significado-y-preparacion\/#primaryimage"},"thumbnailUrl":"https:\/\/lagnoticias.com\/wp-content\/uploads\/2025\/11\/4-17-scaled.jpg","keywords":["CALENDARIO DE ADVIENTO","CORONA DE ADVIENTO 2025","NAVIDAD","VELAS"],"articleSection":["VIDA"],"inLanguage":"en-US","potentialAction":[{"@type":"CommentAction","name":"Comment","target":["https:\/\/lagnoticias.com\/2025\/11\/21\/todo-sobre-la-corona-de-adviento-2025-significado-y-preparacion\/#respond"]}]},{"@type":"WebPage","@id":"https:\/\/lagnoticias.com\/2025\/11\/21\/todo-sobre-la-corona-de-adviento-2025-significado-y-preparacion\/","url":"https:\/\/lagnoticias.com\/2025\/11\/21\/todo-sobre-la-corona-de-adviento-2025-significado-y-preparacion\/","name":"Todo sobre la Corona de Adviento 2025: significado y preparaci\u00f3n - La G Noticias","isPartOf":{"@id":"https:\/\/lagnoticias.com\/#website"},"primaryImageOfPage":{"@id":"https:\/\/lagnoticias.com\/2025\/11\/21\/todo-sobre-la-corona-de-adviento-2025-significado-y-preparacion\/#primaryimage"},"image":{"@id":"https:\/\/lagnoticias.com\/2025\/11\/21\/todo-sobre-la-corona-de-adviento-2025-significado-y-preparacion\/#primaryimage"},"thumbnailUrl":"https:\/\/lagnoticias.com\/wp-content\/uploads\/2025\/11\/4-17-scaled.jpg","datePublished":"2025-11-21T22:22:14+00:00","dateModified":"2025-11-21T22:22:15+00:00","author":{"@id":"https:\/\/lagnoticias.com\/#\/schema\/person\/cb9bfe13f8de05d2c55270be25c6a550"},"breadcrumb":{"@id":"https:\/\/lagnoticias.com\/2025\/11\/21\/todo-sobre-la-corona-de-adviento-2025-significado-y-preparacion\/#breadcrumb"},"inLanguage":"en-US","potentialAction":[{"@type":"ReadAction","target":["https:\/\/lagnoticias.com\/2025\/11\/21\/todo-sobre-la-corona-de-adviento-2025-significado-y-preparacion\/"]}]},{"@type":"ImageObject","inLanguage":"en-US","@id":"https:\/\/lagnoticias.com\/2025\/11\/21\/todo-sobre-la-corona-de-adviento-2025-significado-y-preparacion\/#primaryimage","url":"https:\/\/lagnoticias.com\/wp-content\/uploads\/2025\/11\/4-17-scaled.jpg","contentUrl":"https:\/\/lagnoticias.com\/wp-content\/uploads\/2025\/11\/4-17-scaled.jpg","width":2560,"height":1707},{"@type":"BreadcrumbList","@id":"https:\/\/lagnoticias.com\/2025\/11\/21\/todo-sobre-la-corona-de-adviento-2025-significado-y-preparacion\/#breadcrumb","itemListElement":[{"@type":"ListItem","position":1,"name":"Portada","item":"https:\/\/lagnoticias.com\/"},{"@type":"ListItem","position":2,"name":"Todo sobre la Corona de Adviento 2025: significado y preparaci\u00f3n"}]},{"@type":"WebSite","@id":"https:\/\/lagnoticias.com\/#website","url":"https:\/\/lagnoticias.com\/","name":"La G Noticias","description":"Noticias Positivas","potentialAction":[{"@type":"SearchAction","target":{"@type":"EntryPoint","urlTemplate":"https:\/\/lagnoticias.com\/?s={search_term_string}"},"query-input":{"@type":"PropertyValueSpecification","valueRequired":true,"valueName":"search_term_string"}}],"inLanguage":"en-US"},{"@type":"Person","@id":"https:\/\/lagnoticias.com\/#\/schema\/person\/cb9bfe13f8de05d2c55270be25c6a550","name":"Oscar","image":{"@type":"ImageObject","inLanguage":"en-US","@id":"https:\/\/secure.gravatar.com\/avatar\/45c195718f652dc7ffdd591dc1f2678956ab7fdadcd359a635edc61304a8c757?s=96&d=mm&r=g","url":"https:\/\/secure.gravatar.com\/avatar\/45c195718f652dc7ffdd591dc1f2678956ab7fdadcd359a635edc61304a8c757?s=96&d=mm&r=g","contentUrl":"https:\/\/secure.gravatar.com\/avatar\/45c195718f652dc7ffdd591dc1f2678956ab7fdadcd359a635edc61304a8c757?s=96&d=mm&r=g","caption":"Oscar"},"url":"https:\/\/lagnoticias.com\/en\/author\/oscar\/"}]}},"_links":{"self":[{"href":"https:\/\/lagnoticias.com\/en\/wp-json\/wp\/v2\/posts\/7213","targetHints":{"allow":["GET"]}}],"collection":[{"href":"https:\/\/lagnoticias.com\/en\/wp-json\/wp\/v2\/posts"}],"about":[{"href":"https:\/\/lagnoticias.com\/en\/wp-json\/wp\/v2\/types\/post"}],"author":[{"embeddable":true,"href":"https:\/\/lagnoticias.com\/en\/wp-json\/wp\/v2\/users\/2"}],"replies":[{"embeddable":true,"href":"https:\/\/lagnoticias.com\/en\/wp-json\/wp\/v2\/comments?post=7213"}],"version-history":[{"count":1,"href":"https:\/\/lagnoticias.com\/en\/wp-json\/wp\/v2\/posts\/7213\/revisions"}],"predecessor-version":[{"id":7215,"href":"https:\/\/lagnoticias.com\/en\/wp-json\/wp\/v2\/posts\/7213\/revisions\/7215"}],"wp:featuredmedia":[{"embeddable":true,"href":"https:\/\/lagnoticias.com\/en\/wp-json\/wp\/v2\/media\/7214"}],"wp:attachment":[{"href":"https:\/\/lagnoticias.com\/en\/wp-json\/wp\/v2\/media?parent=7213"}],"wp:term":[{"taxonomy":"category","embeddable":true,"href":"https:\/\/lagnoticias.com\/en\/wp-json\/wp\/v2\/categories?post=7213"},{"taxonomy":"post_tag","embeddable":true,"href":"https:\/\/lagnoticias.com\/en\/wp-json\/wp\/v2\/tags?post=7213"}],"curies":[{"name":"wp","href":"https:\/\/api.w.org\/{rel}","templated":true}]}}