{"id":7208,"date":"2025-11-21T12:14:33","date_gmt":"2025-11-21T18:14:33","guid":{"rendered":"https:\/\/lagnoticias.com\/?p=7208"},"modified":"2025-11-21T12:14:33","modified_gmt":"2025-11-21T18:14:33","slug":"el-plan-de-28-puntos-de-estados-unidos-para-la-paz-en-ucrania","status":"publish","type":"post","link":"https:\/\/lagnoticias.com\/en\/2025\/11\/21\/el-plan-de-28-puntos-de-estados-unidos-para-la-paz-en-ucrania\/","title":{"rendered":"El plan de 28 puntos de Estados Unidos para la paz en Ucrania"},"content":{"rendered":"<p>Un funcionario estadounidense confirm\u00f3 que un borrador del&nbsp;acuerdo propuesto por EE.UU.&nbsp;para&nbsp;Ucrania&nbsp;compromete a la potencia norteamericana y a sus aliados europeos a ofrecer a Kiev garant\u00edas de seguridad al estilo de la&nbsp;OTAN, en caso de un eventual ataque futuro.<\/p>\n\n\n\n<p>El plan de 28 puntos&nbsp;para Ucrania tambi\u00e9n prev\u00e9 que ese pa\u00eds europeo ceda las regiones de Donetsk y Lugansk a&nbsp;Rusia, seg\u00fan el borrador del documento al que accedi\u00f3 el jueves la agencia de noticias AFP.<\/p>\n\n\n\n<p>Esas dos provincias del este de Ucrania, adem\u00e1s de Crimea, anexada por Mosc\u00fa en 2014, ser\u00edan \u00abreconocidas de facto como rusas, incluso por los Estados Unidos\u00bb, de acuerdo con el proyecto.<\/p>\n\n\n\n<p>Seg\u00fan el documento, otras dos regiones en el sur de Ucrania ser\u00edan divididas seg\u00fan el trazado de la actual l\u00ednea de frente, las de Jers\u00f3n y Zaporiyia, donde un ataque ruso dej\u00f3 al menos cinco muertos y varios heridos la noche del jueves, seg\u00fan socorristas.<\/p>\n\n\n\n<p>Adem\u00e1s de ceder ese territorio, Kiev deber\u00eda aceptar un recorte de su ej\u00e9rcito a 600.000 efectivos, la OTAN se comprometer\u00eda a no estacionar tropas en Ucrania y aviones europeos permanecer\u00edan apostados en Polonia.<\/p>\n\n\n\n<p>Tras reunirse con una delegaci\u00f3n del Pent\u00e1gono, el presidente ucraniano, Volodimir Zelenski, subray\u00f3 que cualquier acuerdo para poner fin a la invasi\u00f3n rusa iniciada en febrero de 2022 deb\u00eda traer \u00abuna paz digna\u00bb.<\/p>\n\n\n\n<p>Eso incluye que se respete la \u00abindependencia\u00bb, la \u00absoberan\u00eda\u00bb y \u00abla dignidad del pueblo ucraniano\u00bb, a\u00f1adi\u00f3 el mandatario.<\/p>\n\n\n\n<h2 class=\"wp-block-heading\">\u00abEn revisi\u00f3n\u00bb<\/h2>\n\n\n\n<p>La oficina de Zelenski afirm\u00f3 que esperaba discutir el contenido del plan con Trump en los pr\u00f3ximos d\u00edas.<\/p>\n\n\n\n<p>El informe del medio&nbsp;Axios&nbsp;se\u00f1ala que \u00abcualquier futuro &#8216;ataque armado significativo, deliberado y sostenido&#8217; de Rusia contra Ucrania &#8216;ser\u00e1 considerado como un ataque que amenaza a la paz y la seguridad de la comunidad transatl\u00e1ntica&#8217;, y Estados Unidos y sus aliados responder\u00e1n en consecuencia, incluso mediante el uso de la fuerza militar\u00bb.<\/p>\n\n\n\n<p>La Casa Blanca enfatiz\u00f3 que la discusi\u00f3n sobre el plan sigue en curso, y que en \u00e9l trabajaron discretamente el enviado especial estadounidense, Steve Witkoff, y el secretario de Estado, Marco Rubio, durante un mes.<\/p>\n\n\n\n<p>\u00abEst\u00e1 en proceso de negociaci\u00f3n y a\u00fan se encuentra en revisi\u00f3n, pero el presidente (Trump) apoya este plan. Es un buen plan tanto para Rusia como para Ucrania, y creemos que deber\u00eda ser aceptable para ambas partes\u00bb, aclar\u00f3 la portavoz de la Casa Blanca, Karoline Leavitt.<\/p>\n\n\n\n<p>Asegur\u00f3 que Washington \u00abest\u00e1 dialogando tanto con una parte como con la otra\u00bb, desestimando algunas preocupaciones en Kiev de que el plan fuese demasiado cercano a las exigencias de Mosc\u00fa.<\/p>\n\n\n\n<h2 class=\"wp-block-heading\">\u00abAcuerdo de no agresi\u00f3n\u00bb<\/h2>\n\n\n\n<p>Seg\u00fan el borrador del plan, tambi\u00e9n se prev\u00e9 la firma de un \u00abacuerdo de no agresi\u00f3n\u00bb entre Rusia, Ucrania y Europa.<\/p>\n\n\n\n<p>Adem\u00e1s, Kiev renunciar\u00eda a integrar la OTAN, una de las mayores reivindicaciones de Rusia, pero ser\u00eda elegible para la adhesi\u00f3n a la Uni\u00f3n Europea.<\/p>\n\n\n\n<p>Adem\u00e1s, Rusia ser\u00eda \u00abreintegrada en la econom\u00eda global\u00bb y se le permitir\u00eda regresar al G8, del que fue expulsada en 2014 tras la anexi\u00f3n de Crimea.<\/p>\n\n\n\n<h2 class=\"wp-block-heading\">Central nuclear de Zaporiyia<\/h2>\n\n\n\n<p>El plan tambi\u00e9n prev\u00e9 que Kiev celebre elecciones en 100 d\u00edas, otra exigencia rusa. Asimismo, el borrador indica que los&nbsp;esfuerzos para la reconstrucci\u00f3n, emprendidos por&nbsp;Estados Unidos, sean financiados con 100.000 millones de d\u00f3lares provenientes de activos rusos actualmente congelados.<\/p>\n\n\n\n<p>La central nuclear de Zaporiyia ser\u00eda reactivada bajo la supervisi\u00f3n del Organismo Internacional de Energ\u00eda At\u00f3mica (OIEA) y su producci\u00f3n de electricidad se dividir\u00eda en un 50 por ciento&nbsp;para Ucrania y un 50 por ciento&nbsp;para Rusia.<\/p>\n\n\n\n<p>Un alto funcionario de Kiev deplor\u00f3 m\u00e1s temprano que las propuestas para terminar con la invasi\u00f3n sean preparadas por Rusia y aprobadas por los estadounidenses. Agreg\u00f3 que tampoco estaba \u00abclaro\u00bb lo que har\u00eda Mosc\u00fa a cambio.<\/p>\n\n\n\n<p>Los aliados europeos de Ucrania, por su parte, insisten en que cualquier acuerdo incluya las posiciones de la UE y de Kiev.&nbsp;\u00abPara que un plan funcione, es necesario que los ucranianos y los europeos est\u00e9n involucrados\u00bb, dijo&nbsp;la jefa de la diplomacia de la UE, Kaja Kallas.<\/p>\n\n\n\n<p><\/p>\n\n\n\n<p><\/p>\n\n\n\n<p><\/p>\n\n\n\n<p>(DW)<\/p>","protected":false},"excerpt":{"rendered":"<p>El presidente de los EEUU se compromete a defender a Ucrania frente a una agresi\u00f3n externa, a cambio de la cesi\u00f3n del Dombas en favor de Mosc\u00fa y el levantamiento de todas las sanciones impuestas por la Casa Blanca y la UE<\/p>","protected":false},"author":2,"featured_media":7209,"comment_status":"open","ping_status":"open","sticky":false,"template":"","format":"standard","meta":{"_et_pb_use_builder":"off","_et_pb_old_content":"","_et_gb_content_width":"","footnotes":""},"categories":[245],"tags":[272,260,392,1182,391,390,393],"class_list":["post-7208","post","type-post","status-publish","format-standard","has-post-thumbnail","hentry","category-internacionales","tag-donald-trump","tag-estados-unidos","tag-guerra-rusa-ucrania","tag-otan","tag-rusia","tag-ucrania","tag-volodimir-zelenski"],"yoast_head":"<!-- This site is optimized with the Yoast SEO plugin v27.4 - https:\/\/yoast.com\/product\/yoast-seo-wordpress\/ -->\n<title>El plan de 28 puntos de Estados Unidos para la paz en Ucrania - La G Noticias<\/title>\n<meta name=\"robots\" content=\"index, follow, max-snippet:-1, max-image-preview:large, max-video-preview:-1\" \/>\n<link rel=\"canonical\" href=\"https:\/\/lagnoticias.com\/en\/2025\/11\/21\/el-plan-de-28-puntos-de-estados-unidos-para-la-paz-en-ucrania\/\" \/>\n<meta property=\"og:locale\" content=\"en_US\" \/>\n<meta property=\"og:type\" content=\"article\" \/>\n<meta property=\"og:title\" content=\"El plan de 28 puntos de Estados Unidos para la paz en Ucrania - La G Noticias\" \/>\n<meta property=\"og:description\" content=\"El presidente de los EEUU se compromete a defender a Ucrania frente a una agresi\u00f3n externa, a cambio de la cesi\u00f3n del Dombas en favor de Mosc\u00fa y el levantamiento de todas las sanciones impuestas por la Casa Blanca y la UE\" \/>\n<meta property=\"og:url\" content=\"https:\/\/lagnoticias.com\/en\/2025\/11\/21\/el-plan-de-28-puntos-de-estados-unidos-para-la-paz-en-ucrania\/\" \/>\n<meta property=\"og:site_name\" content=\"La G Noticias\" \/>\n<meta property=\"article:publisher\" content=\"https:\/\/www.facebook.com\/LaGNoticias\" \/>\n<meta property=\"article:published_time\" content=\"2025-11-21T18:14:33+00:00\" \/>\n<meta property=\"og:image\" content=\"https:\/\/lagnoticias.com\/wp-content\/uploads\/2025\/11\/8-17.jpg\" \/>\n\t<meta property=\"og:image:width\" content=\"1161\" \/>\n\t<meta property=\"og:image:height\" content=\"724\" \/>\n\t<meta property=\"og:image:type\" content=\"image\/jpeg\" \/>\n<meta name=\"author\" content=\"Oscar\" \/>\n<meta name=\"twitter:card\" content=\"summary_large_image\" \/>\n<meta name=\"twitter:creator\" content=\"@lagnoticias\" \/>\n<meta name=\"twitter:site\" content=\"@lagnoticias\" \/>\n<meta name=\"twitter:label1\" content=\"Written by\" \/>\n\t<meta name=\"twitter:data1\" content=\"Oscar\" \/>\n\t<meta name=\"twitter:label2\" content=\"Est. reading time\" \/>\n\t<meta name=\"twitter:data2\" content=\"4 minutes\" \/>\n<script type=\"application\/ld+json\" class=\"yoast-schema-graph\">{\"@context\":\"https:\\\/\\\/schema.org\",\"@graph\":[{\"@type\":\"Article\",\"@id\":\"https:\\\/\\\/lagnoticias.com\\\/2025\\\/11\\\/21\\\/el-plan-de-28-puntos-de-estados-unidos-para-la-paz-en-ucrania\\\/#article\",\"isPartOf\":{\"@id\":\"https:\\\/\\\/lagnoticias.com\\\/2025\\\/11\\\/21\\\/el-plan-de-28-puntos-de-estados-unidos-para-la-paz-en-ucrania\\\/\"},\"author\":{\"name\":\"Oscar\",\"@id\":\"https:\\\/\\\/lagnoticias.com\\\/#\\\/schema\\\/person\\\/cb9bfe13f8de05d2c55270be25c6a550\"},\"headline\":\"El plan de 28 puntos de Estados Unidos para la paz en Ucrania\",\"datePublished\":\"2025-11-21T18:14:33+00:00\",\"mainEntityOfPage\":{\"@id\":\"https:\\\/\\\/lagnoticias.com\\\/2025\\\/11\\\/21\\\/el-plan-de-28-puntos-de-estados-unidos-para-la-paz-en-ucrania\\\/\"},\"wordCount\":748,\"commentCount\":0,\"image\":{\"@id\":\"https:\\\/\\\/lagnoticias.com\\\/2025\\\/11\\\/21\\\/el-plan-de-28-puntos-de-estados-unidos-para-la-paz-en-ucrania\\\/#primaryimage\"},\"thumbnailUrl\":\"https:\\\/\\\/lagnoticias.com\\\/wp-content\\\/uploads\\\/2025\\\/11\\\/8-17.jpg\",\"keywords\":[\"DONALD TRUMP\",\"ESTADOS UNIDOS\",\"GUERRA RUSA UCRANIA\",\"OTAN\",\"RUSIA\",\"UCRANIA\",\"VOLODIMIR ZELENSKI\"],\"articleSection\":[\"INTERNACIONALES\"],\"inLanguage\":\"en-US\",\"potentialAction\":[{\"@type\":\"CommentAction\",\"name\":\"Comment\",\"target\":[\"https:\\\/\\\/lagnoticias.com\\\/2025\\\/11\\\/21\\\/el-plan-de-28-puntos-de-estados-unidos-para-la-paz-en-ucrania\\\/#respond\"]}]},{\"@type\":\"WebPage\",\"@id\":\"https:\\\/\\\/lagnoticias.com\\\/2025\\\/11\\\/21\\\/el-plan-de-28-puntos-de-estados-unidos-para-la-paz-en-ucrania\\\/\",\"url\":\"https:\\\/\\\/lagnoticias.com\\\/2025\\\/11\\\/21\\\/el-plan-de-28-puntos-de-estados-unidos-para-la-paz-en-ucrania\\\/\",\"name\":\"El plan de 28 puntos de Estados Unidos para la paz en Ucrania - La G Noticias\",\"isPartOf\":{\"@id\":\"https:\\\/\\\/lagnoticias.com\\\/#website\"},\"primaryImageOfPage\":{\"@id\":\"https:\\\/\\\/lagnoticias.com\\\/2025\\\/11\\\/21\\\/el-plan-de-28-puntos-de-estados-unidos-para-la-paz-en-ucrania\\\/#primaryimage\"},\"image\":{\"@id\":\"https:\\\/\\\/lagnoticias.com\\\/2025\\\/11\\\/21\\\/el-plan-de-28-puntos-de-estados-unidos-para-la-paz-en-ucrania\\\/#primaryimage\"},\"thumbnailUrl\":\"https:\\\/\\\/lagnoticias.com\\\/wp-content\\\/uploads\\\/2025\\\/11\\\/8-17.jpg\",\"datePublished\":\"2025-11-21T18:14:33+00:00\",\"author\":{\"@id\":\"https:\\\/\\\/lagnoticias.com\\\/#\\\/schema\\\/person\\\/cb9bfe13f8de05d2c55270be25c6a550\"},\"breadcrumb\":{\"@id\":\"https:\\\/\\\/lagnoticias.com\\\/2025\\\/11\\\/21\\\/el-plan-de-28-puntos-de-estados-unidos-para-la-paz-en-ucrania\\\/#breadcrumb\"},\"inLanguage\":\"en-US\",\"potentialAction\":[{\"@type\":\"ReadAction\",\"target\":[\"https:\\\/\\\/lagnoticias.com\\\/2025\\\/11\\\/21\\\/el-plan-de-28-puntos-de-estados-unidos-para-la-paz-en-ucrania\\\/\"]}]},{\"@type\":\"ImageObject\",\"inLanguage\":\"en-US\",\"@id\":\"https:\\\/\\\/lagnoticias.com\\\/2025\\\/11\\\/21\\\/el-plan-de-28-puntos-de-estados-unidos-para-la-paz-en-ucrania\\\/#primaryimage\",\"url\":\"https:\\\/\\\/lagnoticias.com\\\/wp-content\\\/uploads\\\/2025\\\/11\\\/8-17.jpg\",\"contentUrl\":\"https:\\\/\\\/lagnoticias.com\\\/wp-content\\\/uploads\\\/2025\\\/11\\\/8-17.jpg\",\"width\":1161,\"height\":724},{\"@type\":\"BreadcrumbList\",\"@id\":\"https:\\\/\\\/lagnoticias.com\\\/2025\\\/11\\\/21\\\/el-plan-de-28-puntos-de-estados-unidos-para-la-paz-en-ucrania\\\/#breadcrumb\",\"itemListElement\":[{\"@type\":\"ListItem\",\"position\":1,\"name\":\"Portada\",\"item\":\"https:\\\/\\\/lagnoticias.com\\\/\"},{\"@type\":\"ListItem\",\"position\":2,\"name\":\"El plan de 28 puntos de Estados Unidos para la paz en Ucrania\"}]},{\"@type\":\"WebSite\",\"@id\":\"https:\\\/\\\/lagnoticias.com\\\/#website\",\"url\":\"https:\\\/\\\/lagnoticias.com\\\/\",\"name\":\"La G Noticias\",\"description\":\"Noticias Positivas\",\"potentialAction\":[{\"@type\":\"SearchAction\",\"target\":{\"@type\":\"EntryPoint\",\"urlTemplate\":\"https:\\\/\\\/lagnoticias.com\\\/?s={search_term_string}\"},\"query-input\":{\"@type\":\"PropertyValueSpecification\",\"valueRequired\":true,\"valueName\":\"search_term_string\"}}],\"inLanguage\":\"en-US\"},{\"@type\":\"Person\",\"@id\":\"https:\\\/\\\/lagnoticias.com\\\/#\\\/schema\\\/person\\\/cb9bfe13f8de05d2c55270be25c6a550\",\"name\":\"Oscar\",\"image\":{\"@type\":\"ImageObject\",\"inLanguage\":\"en-US\",\"@id\":\"https:\\\/\\\/secure.gravatar.com\\\/avatar\\\/45c195718f652dc7ffdd591dc1f2678956ab7fdadcd359a635edc61304a8c757?s=96&d=mm&r=g\",\"url\":\"https:\\\/\\\/secure.gravatar.com\\\/avatar\\\/45c195718f652dc7ffdd591dc1f2678956ab7fdadcd359a635edc61304a8c757?s=96&d=mm&r=g\",\"contentUrl\":\"https:\\\/\\\/secure.gravatar.com\\\/avatar\\\/45c195718f652dc7ffdd591dc1f2678956ab7fdadcd359a635edc61304a8c757?s=96&d=mm&r=g\",\"caption\":\"Oscar\"},\"url\":\"https:\\\/\\\/lagnoticias.com\\\/en\\\/author\\\/oscar\\\/\"}]}<\/script>\n<!-- \/ Yoast SEO plugin. -->","yoast_head_json":{"title":"El plan de 28 puntos de Estados Unidos para la paz en Ucrania - La G Noticias","robots":{"index":"index","follow":"follow","max-snippet":"max-snippet:-1","max-image-preview":"max-image-preview:large","max-video-preview":"max-video-preview:-1"},"canonical":"https:\/\/lagnoticias.com\/en\/2025\/11\/21\/el-plan-de-28-puntos-de-estados-unidos-para-la-paz-en-ucrania\/","og_locale":"en_US","og_type":"article","og_title":"El plan de 28 puntos de Estados Unidos para la paz en Ucrania - La G Noticias","og_description":"El presidente de los EEUU se compromete a defender a Ucrania frente a una agresi\u00f3n externa, a cambio de la cesi\u00f3n del Dombas en favor de Mosc\u00fa y el levantamiento de todas las sanciones impuestas por la Casa Blanca y la UE","og_url":"https:\/\/lagnoticias.com\/en\/2025\/11\/21\/el-plan-de-28-puntos-de-estados-unidos-para-la-paz-en-ucrania\/","og_site_name":"La G Noticias","article_publisher":"https:\/\/www.facebook.com\/LaGNoticias","article_published_time":"2025-11-21T18:14:33+00:00","og_image":[{"width":1161,"height":724,"url":"https:\/\/lagnoticias.com\/wp-content\/uploads\/2025\/11\/8-17.jpg","type":"image\/jpeg"}],"author":"Oscar","twitter_card":"summary_large_image","twitter_creator":"@lagnoticias","twitter_site":"@lagnoticias","twitter_misc":{"Written by":"Oscar","Est. reading time":"4 minutes"},"schema":{"@context":"https:\/\/schema.org","@graph":[{"@type":"Article","@id":"https:\/\/lagnoticias.com\/2025\/11\/21\/el-plan-de-28-puntos-de-estados-unidos-para-la-paz-en-ucrania\/#article","isPartOf":{"@id":"https:\/\/lagnoticias.com\/2025\/11\/21\/el-plan-de-28-puntos-de-estados-unidos-para-la-paz-en-ucrania\/"},"author":{"name":"Oscar","@id":"https:\/\/lagnoticias.com\/#\/schema\/person\/cb9bfe13f8de05d2c55270be25c6a550"},"headline":"El plan de 28 puntos de Estados Unidos para la paz en Ucrania","datePublished":"2025-11-21T18:14:33+00:00","mainEntityOfPage":{"@id":"https:\/\/lagnoticias.com\/2025\/11\/21\/el-plan-de-28-puntos-de-estados-unidos-para-la-paz-en-ucrania\/"},"wordCount":748,"commentCount":0,"image":{"@id":"https:\/\/lagnoticias.com\/2025\/11\/21\/el-plan-de-28-puntos-de-estados-unidos-para-la-paz-en-ucrania\/#primaryimage"},"thumbnailUrl":"https:\/\/lagnoticias.com\/wp-content\/uploads\/2025\/11\/8-17.jpg","keywords":["DONALD TRUMP","ESTADOS UNIDOS","GUERRA RUSA UCRANIA","OTAN","RUSIA","UCRANIA","VOLODIMIR ZELENSKI"],"articleSection":["INTERNACIONALES"],"inLanguage":"en-US","potentialAction":[{"@type":"CommentAction","name":"Comment","target":["https:\/\/lagnoticias.com\/2025\/11\/21\/el-plan-de-28-puntos-de-estados-unidos-para-la-paz-en-ucrania\/#respond"]}]},{"@type":"WebPage","@id":"https:\/\/lagnoticias.com\/2025\/11\/21\/el-plan-de-28-puntos-de-estados-unidos-para-la-paz-en-ucrania\/","url":"https:\/\/lagnoticias.com\/2025\/11\/21\/el-plan-de-28-puntos-de-estados-unidos-para-la-paz-en-ucrania\/","name":"El plan de 28 puntos de Estados Unidos para la paz en Ucrania - La G Noticias","isPartOf":{"@id":"https:\/\/lagnoticias.com\/#website"},"primaryImageOfPage":{"@id":"https:\/\/lagnoticias.com\/2025\/11\/21\/el-plan-de-28-puntos-de-estados-unidos-para-la-paz-en-ucrania\/#primaryimage"},"image":{"@id":"https:\/\/lagnoticias.com\/2025\/11\/21\/el-plan-de-28-puntos-de-estados-unidos-para-la-paz-en-ucrania\/#primaryimage"},"thumbnailUrl":"https:\/\/lagnoticias.com\/wp-content\/uploads\/2025\/11\/8-17.jpg","datePublished":"2025-11-21T18:14:33+00:00","author":{"@id":"https:\/\/lagnoticias.com\/#\/schema\/person\/cb9bfe13f8de05d2c55270be25c6a550"},"breadcrumb":{"@id":"https:\/\/lagnoticias.com\/2025\/11\/21\/el-plan-de-28-puntos-de-estados-unidos-para-la-paz-en-ucrania\/#breadcrumb"},"inLanguage":"en-US","potentialAction":[{"@type":"ReadAction","target":["https:\/\/lagnoticias.com\/2025\/11\/21\/el-plan-de-28-puntos-de-estados-unidos-para-la-paz-en-ucrania\/"]}]},{"@type":"ImageObject","inLanguage":"en-US","@id":"https:\/\/lagnoticias.com\/2025\/11\/21\/el-plan-de-28-puntos-de-estados-unidos-para-la-paz-en-ucrania\/#primaryimage","url":"https:\/\/lagnoticias.com\/wp-content\/uploads\/2025\/11\/8-17.jpg","contentUrl":"https:\/\/lagnoticias.com\/wp-content\/uploads\/2025\/11\/8-17.jpg","width":1161,"height":724},{"@type":"BreadcrumbList","@id":"https:\/\/lagnoticias.com\/2025\/11\/21\/el-plan-de-28-puntos-de-estados-unidos-para-la-paz-en-ucrania\/#breadcrumb","itemListElement":[{"@type":"ListItem","position":1,"name":"Portada","item":"https:\/\/lagnoticias.com\/"},{"@type":"ListItem","position":2,"name":"El plan de 28 puntos de Estados Unidos para la paz en Ucrania"}]},{"@type":"WebSite","@id":"https:\/\/lagnoticias.com\/#website","url":"https:\/\/lagnoticias.com\/","name":"La G Noticias","description":"Noticias Positivas","potentialAction":[{"@type":"SearchAction","target":{"@type":"EntryPoint","urlTemplate":"https:\/\/lagnoticias.com\/?s={search_term_string}"},"query-input":{"@type":"PropertyValueSpecification","valueRequired":true,"valueName":"search_term_string"}}],"inLanguage":"en-US"},{"@type":"Person","@id":"https:\/\/lagnoticias.com\/#\/schema\/person\/cb9bfe13f8de05d2c55270be25c6a550","name":"Oscar","image":{"@type":"ImageObject","inLanguage":"en-US","@id":"https:\/\/secure.gravatar.com\/avatar\/45c195718f652dc7ffdd591dc1f2678956ab7fdadcd359a635edc61304a8c757?s=96&d=mm&r=g","url":"https:\/\/secure.gravatar.com\/avatar\/45c195718f652dc7ffdd591dc1f2678956ab7fdadcd359a635edc61304a8c757?s=96&d=mm&r=g","contentUrl":"https:\/\/secure.gravatar.com\/avatar\/45c195718f652dc7ffdd591dc1f2678956ab7fdadcd359a635edc61304a8c757?s=96&d=mm&r=g","caption":"Oscar"},"url":"https:\/\/lagnoticias.com\/en\/author\/oscar\/"}]}},"_links":{"self":[{"href":"https:\/\/lagnoticias.com\/en\/wp-json\/wp\/v2\/posts\/7208","targetHints":{"allow":["GET"]}}],"collection":[{"href":"https:\/\/lagnoticias.com\/en\/wp-json\/wp\/v2\/posts"}],"about":[{"href":"https:\/\/lagnoticias.com\/en\/wp-json\/wp\/v2\/types\/post"}],"author":[{"embeddable":true,"href":"https:\/\/lagnoticias.com\/en\/wp-json\/wp\/v2\/users\/2"}],"replies":[{"embeddable":true,"href":"https:\/\/lagnoticias.com\/en\/wp-json\/wp\/v2\/comments?post=7208"}],"version-history":[{"count":1,"href":"https:\/\/lagnoticias.com\/en\/wp-json\/wp\/v2\/posts\/7208\/revisions"}],"predecessor-version":[{"id":7210,"href":"https:\/\/lagnoticias.com\/en\/wp-json\/wp\/v2\/posts\/7208\/revisions\/7210"}],"wp:featuredmedia":[{"embeddable":true,"href":"https:\/\/lagnoticias.com\/en\/wp-json\/wp\/v2\/media\/7209"}],"wp:attachment":[{"href":"https:\/\/lagnoticias.com\/en\/wp-json\/wp\/v2\/media?parent=7208"}],"wp:term":[{"taxonomy":"category","embeddable":true,"href":"https:\/\/lagnoticias.com\/en\/wp-json\/wp\/v2\/categories?post=7208"},{"taxonomy":"post_tag","embeddable":true,"href":"https:\/\/lagnoticias.com\/en\/wp-json\/wp\/v2\/tags?post=7208"}],"curies":[{"name":"wp","href":"https:\/\/api.w.org\/{rel}","templated":true}]}}