{"id":7185,"date":"2025-11-21T09:07:05","date_gmt":"2025-11-21T15:07:05","guid":{"rendered":"https:\/\/lagnoticias.com\/?p=7185"},"modified":"2025-11-24T09:06:07","modified_gmt":"2025-11-24T15:06:07","slug":"defensoria-del-consumidor-realizo-la-premiacion-de-la-quinta-edicion-del-concurso-de-audiovisuales","status":"publish","type":"post","link":"https:\/\/lagnoticias.com\/en\/2025\/11\/21\/defensoria-del-consumidor-realizo-la-premiacion-de-la-quinta-edicion-del-concurso-de-audiovisuales\/","title":{"rendered":"Defensor\u00eda del Consumidor realiz\u00f3 la premiaci\u00f3n de la quinta edici\u00f3n del concurso de audiovisuales"},"content":{"rendered":"<p>La Defensor\u00eda del Consumidor realiz\u00f3 la premiaci\u00f3n de la quinta edici\u00f3n del concurso de audiovisuales que impulsa la instituci\u00f3n, enfocado en la tem\u00e1tica de publicidad enga\u00f1osa o falsa, una iniciativa que se ha posicionado como un espacio clave para promover la participaci\u00f3n universitaria y fomentar contenido educativo que llegue a la poblaci\u00f3n.<\/p>\n\n\n\n<p>\u201cDesde 2021 hemos realizado un recorrido con cinco cert\u00e1menes en los que hemos puesto a prueba la creatividad y disposici\u00f3n de un talento que hay en las universidades para realizar videos y acercarnos a la poblaci\u00f3n.<\/p>\n\n\n\n<p>\u201cEs una estrategia en la cual llamamos a sumarse a la voz de la Defensor\u00eda para aumentar el esfuerzo de divulgaci\u00f3n y llegar con un mensaje claro, oportuno, para que la poblaci\u00f3n pueda conocer cu\u00e1les son sus derechos y a trav\u00e9s de qu\u00e9 mecanismos los pueden ejercer\u201d, detall\u00f3 el presidente de la Defensor\u00eda, Ricardo Salazar.<\/p>\n\n\n\n<p>Durante la actividad, tambi\u00e9n destac\u00f3 la pertinencia de la tem\u00e1tica seleccionada para este a\u00f1o, considerando el aumento de actividad comercial en noviembre por el viernes negro. \u201cEn a\u00f1os anteriores hemos tenido tem\u00e1ticas como el comercio electr\u00f3nico, promociones y ofertas, garant\u00edas, inteligencia artificial, y derecho a la informaci\u00f3n\u201d, reiter\u00f3.<\/p>\n\n\n\n<p>Asimismo, la instituci\u00f3n reconoci\u00f3 el talento participante, tras recibir 40 proyectos audiovisuales que fueron divulgados previamente y que reflejan creatividad, dedicaci\u00f3n y compromiso por parte de la comunidad estudiantil. La Defensor\u00eda tambi\u00e9n subray\u00f3 los avances en formaci\u00f3n, alcanzando m\u00e1s de 21,300 estudiantes capacitados desde 2019 gracias al trabajo conjunto con instituciones de educaci\u00f3n superior.<\/p>\n\n\n\n<p>Con este tipo de iniciativas, se reafirma la voluntad pol\u00edtica de seguir construyendo un pa\u00eds donde cada salvadore\u00f1o conozca sus derechos, cuente con mecanismos efectivos de defensa y tenga la certeza de que las instituciones trabajan para protegerlo de manera oportuna y contundente.<\/p>","protected":false},"excerpt":{"rendered":"<p>La Defensor\u00eda del Consumidor realiz\u00f3 la premiaci\u00f3n de la quinta edici\u00f3n del concurso de audiovisuales que impulsa la instituci\u00f3n, enfocado en la tem\u00e1tica de publicidad enga\u00f1osa o falsa, una iniciativa que se ha posicionado como un espacio clave para promover la participaci\u00f3n universitaria y fomentar contenido educativo que llegue a la poblaci\u00f3n. \u201cDesde 2021 hemos [&hellip;]<\/p>","protected":false},"author":2,"featured_media":7186,"comment_status":"open","ping_status":"open","sticky":false,"template":"","format":"standard","meta":{"_et_pb_use_builder":"off","_et_pb_old_content":"","_et_gb_content_width":"","footnotes":""},"categories":[244],"tags":[709,366,267,268],"class_list":["post-7185","post","type-post","status-publish","format-standard","has-post-thumbnail","hentry","category-nacionales","tag-consumidores","tag-defensoria-del-consumidor","tag-el-salvador","tag-gobierno-de-el-salvador"],"yoast_head":"<!-- This site is optimized with the Yoast SEO plugin v27.4 - https:\/\/yoast.com\/product\/yoast-seo-wordpress\/ -->\n<title>Defensor\u00eda del Consumidor realiz\u00f3 la premiaci\u00f3n de la quinta edici\u00f3n del concurso de audiovisuales - La G Noticias<\/title>\n<meta name=\"robots\" content=\"index, follow, max-snippet:-1, max-image-preview:large, max-video-preview:-1\" \/>\n<link rel=\"canonical\" href=\"https:\/\/lagnoticias.com\/en\/2025\/11\/21\/defensoria-del-consumidor-realizo-la-premiacion-de-la-quinta-edicion-del-concurso-de-audiovisuales\/\" \/>\n<meta property=\"og:locale\" content=\"en_US\" \/>\n<meta property=\"og:type\" content=\"article\" \/>\n<meta property=\"og:title\" content=\"Defensor\u00eda del Consumidor realiz\u00f3 la premiaci\u00f3n de la quinta edici\u00f3n del concurso de audiovisuales - La G Noticias\" \/>\n<meta property=\"og:description\" content=\"La Defensor\u00eda del Consumidor realiz\u00f3 la premiaci\u00f3n de la quinta edici\u00f3n del concurso de audiovisuales que impulsa la instituci\u00f3n, enfocado en la tem\u00e1tica de publicidad enga\u00f1osa o falsa, una iniciativa que se ha posicionado como un espacio clave para promover la participaci\u00f3n universitaria y fomentar contenido educativo que llegue a la poblaci\u00f3n. \u201cDesde 2021 hemos [&hellip;]\" \/>\n<meta property=\"og:url\" content=\"https:\/\/lagnoticias.com\/en\/2025\/11\/21\/defensoria-del-consumidor-realizo-la-premiacion-de-la-quinta-edicion-del-concurso-de-audiovisuales\/\" \/>\n<meta property=\"og:site_name\" content=\"La G Noticias\" \/>\n<meta property=\"article:publisher\" content=\"https:\/\/www.facebook.com\/LaGNoticias\" \/>\n<meta property=\"article:published_time\" content=\"2025-11-21T15:07:05+00:00\" \/>\n<meta property=\"article:modified_time\" content=\"2025-11-24T15:06:07+00:00\" \/>\n<meta property=\"og:image\" content=\"https:\/\/lagnoticias.com\/wp-content\/uploads\/2025\/11\/4-16-scaled.jpg\" \/>\n\t<meta property=\"og:image:width\" content=\"2560\" \/>\n\t<meta property=\"og:image:height\" content=\"1479\" \/>\n\t<meta property=\"og:image:type\" content=\"image\/jpeg\" \/>\n<meta name=\"author\" content=\"Oscar\" \/>\n<meta name=\"twitter:card\" content=\"summary_large_image\" \/>\n<meta name=\"twitter:creator\" content=\"@lagnoticias\" \/>\n<meta name=\"twitter:site\" content=\"@lagnoticias\" \/>\n<meta name=\"twitter:label1\" content=\"Written by\" \/>\n\t<meta name=\"twitter:data1\" content=\"Oscar\" \/>\n\t<meta name=\"twitter:label2\" content=\"Est. reading time\" \/>\n\t<meta name=\"twitter:data2\" content=\"2 minutes\" \/>\n<script type=\"application\/ld+json\" class=\"yoast-schema-graph\">{\"@context\":\"https:\\\/\\\/schema.org\",\"@graph\":[{\"@type\":\"Article\",\"@id\":\"https:\\\/\\\/lagnoticias.com\\\/2025\\\/11\\\/21\\\/defensoria-del-consumidor-realizo-la-premiacion-de-la-quinta-edicion-del-concurso-de-audiovisuales\\\/#article\",\"isPartOf\":{\"@id\":\"https:\\\/\\\/lagnoticias.com\\\/2025\\\/11\\\/21\\\/defensoria-del-consumidor-realizo-la-premiacion-de-la-quinta-edicion-del-concurso-de-audiovisuales\\\/\"},\"author\":{\"name\":\"Oscar\",\"@id\":\"https:\\\/\\\/lagnoticias.com\\\/#\\\/schema\\\/person\\\/cb9bfe13f8de05d2c55270be25c6a550\"},\"headline\":\"Defensor\u00eda del Consumidor realiz\u00f3 la premiaci\u00f3n de la quinta edici\u00f3n del concurso de audiovisuales\",\"datePublished\":\"2025-11-21T15:07:05+00:00\",\"dateModified\":\"2025-11-24T15:06:07+00:00\",\"mainEntityOfPage\":{\"@id\":\"https:\\\/\\\/lagnoticias.com\\\/2025\\\/11\\\/21\\\/defensoria-del-consumidor-realizo-la-premiacion-de-la-quinta-edicion-del-concurso-de-audiovisuales\\\/\"},\"wordCount\":336,\"commentCount\":0,\"image\":{\"@id\":\"https:\\\/\\\/lagnoticias.com\\\/2025\\\/11\\\/21\\\/defensoria-del-consumidor-realizo-la-premiacion-de-la-quinta-edicion-del-concurso-de-audiovisuales\\\/#primaryimage\"},\"thumbnailUrl\":\"https:\\\/\\\/lagnoticias.com\\\/wp-content\\\/uploads\\\/2025\\\/11\\\/4-16-scaled.jpg\",\"keywords\":[\"consumidores\",\"DEFENSOR\u00cdA DEL CONSUMIDOR\",\"EL SALVADOR\",\"GOBIERNO DE EL SALVADOR\"],\"articleSection\":[\"NACIONALES\"],\"inLanguage\":\"en-US\",\"potentialAction\":[{\"@type\":\"CommentAction\",\"name\":\"Comment\",\"target\":[\"https:\\\/\\\/lagnoticias.com\\\/2025\\\/11\\\/21\\\/defensoria-del-consumidor-realizo-la-premiacion-de-la-quinta-edicion-del-concurso-de-audiovisuales\\\/#respond\"]}]},{\"@type\":\"WebPage\",\"@id\":\"https:\\\/\\\/lagnoticias.com\\\/2025\\\/11\\\/21\\\/defensoria-del-consumidor-realizo-la-premiacion-de-la-quinta-edicion-del-concurso-de-audiovisuales\\\/\",\"url\":\"https:\\\/\\\/lagnoticias.com\\\/2025\\\/11\\\/21\\\/defensoria-del-consumidor-realizo-la-premiacion-de-la-quinta-edicion-del-concurso-de-audiovisuales\\\/\",\"name\":\"Defensor\u00eda del Consumidor realiz\u00f3 la premiaci\u00f3n de la quinta edici\u00f3n del concurso de audiovisuales - La G Noticias\",\"isPartOf\":{\"@id\":\"https:\\\/\\\/lagnoticias.com\\\/#website\"},\"primaryImageOfPage\":{\"@id\":\"https:\\\/\\\/lagnoticias.com\\\/2025\\\/11\\\/21\\\/defensoria-del-consumidor-realizo-la-premiacion-de-la-quinta-edicion-del-concurso-de-audiovisuales\\\/#primaryimage\"},\"image\":{\"@id\":\"https:\\\/\\\/lagnoticias.com\\\/2025\\\/11\\\/21\\\/defensoria-del-consumidor-realizo-la-premiacion-de-la-quinta-edicion-del-concurso-de-audiovisuales\\\/#primaryimage\"},\"thumbnailUrl\":\"https:\\\/\\\/lagnoticias.com\\\/wp-content\\\/uploads\\\/2025\\\/11\\\/4-16-scaled.jpg\",\"datePublished\":\"2025-11-21T15:07:05+00:00\",\"dateModified\":\"2025-11-24T15:06:07+00:00\",\"author\":{\"@id\":\"https:\\\/\\\/lagnoticias.com\\\/#\\\/schema\\\/person\\\/cb9bfe13f8de05d2c55270be25c6a550\"},\"breadcrumb\":{\"@id\":\"https:\\\/\\\/lagnoticias.com\\\/2025\\\/11\\\/21\\\/defensoria-del-consumidor-realizo-la-premiacion-de-la-quinta-edicion-del-concurso-de-audiovisuales\\\/#breadcrumb\"},\"inLanguage\":\"en-US\",\"potentialAction\":[{\"@type\":\"ReadAction\",\"target\":[\"https:\\\/\\\/lagnoticias.com\\\/2025\\\/11\\\/21\\\/defensoria-del-consumidor-realizo-la-premiacion-de-la-quinta-edicion-del-concurso-de-audiovisuales\\\/\"]}]},{\"@type\":\"ImageObject\",\"inLanguage\":\"en-US\",\"@id\":\"https:\\\/\\\/lagnoticias.com\\\/2025\\\/11\\\/21\\\/defensoria-del-consumidor-realizo-la-premiacion-de-la-quinta-edicion-del-concurso-de-audiovisuales\\\/#primaryimage\",\"url\":\"https:\\\/\\\/lagnoticias.com\\\/wp-content\\\/uploads\\\/2025\\\/11\\\/4-16-scaled.jpg\",\"contentUrl\":\"https:\\\/\\\/lagnoticias.com\\\/wp-content\\\/uploads\\\/2025\\\/11\\\/4-16-scaled.jpg\",\"width\":2560,\"height\":1479},{\"@type\":\"BreadcrumbList\",\"@id\":\"https:\\\/\\\/lagnoticias.com\\\/2025\\\/11\\\/21\\\/defensoria-del-consumidor-realizo-la-premiacion-de-la-quinta-edicion-del-concurso-de-audiovisuales\\\/#breadcrumb\",\"itemListElement\":[{\"@type\":\"ListItem\",\"position\":1,\"name\":\"Portada\",\"item\":\"https:\\\/\\\/lagnoticias.com\\\/\"},{\"@type\":\"ListItem\",\"position\":2,\"name\":\"Defensor\u00eda del Consumidor realiz\u00f3 la premiaci\u00f3n de la quinta edici\u00f3n del concurso de audiovisuales\"}]},{\"@type\":\"WebSite\",\"@id\":\"https:\\\/\\\/lagnoticias.com\\\/#website\",\"url\":\"https:\\\/\\\/lagnoticias.com\\\/\",\"name\":\"La G Noticias\",\"description\":\"Noticias Positivas\",\"potentialAction\":[{\"@type\":\"SearchAction\",\"target\":{\"@type\":\"EntryPoint\",\"urlTemplate\":\"https:\\\/\\\/lagnoticias.com\\\/?s={search_term_string}\"},\"query-input\":{\"@type\":\"PropertyValueSpecification\",\"valueRequired\":true,\"valueName\":\"search_term_string\"}}],\"inLanguage\":\"en-US\"},{\"@type\":\"Person\",\"@id\":\"https:\\\/\\\/lagnoticias.com\\\/#\\\/schema\\\/person\\\/cb9bfe13f8de05d2c55270be25c6a550\",\"name\":\"Oscar\",\"image\":{\"@type\":\"ImageObject\",\"inLanguage\":\"en-US\",\"@id\":\"https:\\\/\\\/secure.gravatar.com\\\/avatar\\\/45c195718f652dc7ffdd591dc1f2678956ab7fdadcd359a635edc61304a8c757?s=96&d=mm&r=g\",\"url\":\"https:\\\/\\\/secure.gravatar.com\\\/avatar\\\/45c195718f652dc7ffdd591dc1f2678956ab7fdadcd359a635edc61304a8c757?s=96&d=mm&r=g\",\"contentUrl\":\"https:\\\/\\\/secure.gravatar.com\\\/avatar\\\/45c195718f652dc7ffdd591dc1f2678956ab7fdadcd359a635edc61304a8c757?s=96&d=mm&r=g\",\"caption\":\"Oscar\"},\"url\":\"https:\\\/\\\/lagnoticias.com\\\/en\\\/author\\\/oscar\\\/\"}]}<\/script>\n<!-- \/ Yoast SEO plugin. -->","yoast_head_json":{"title":"Defensor\u00eda del Consumidor realiz\u00f3 la premiaci\u00f3n de la quinta edici\u00f3n del concurso de audiovisuales - La G Noticias","robots":{"index":"index","follow":"follow","max-snippet":"max-snippet:-1","max-image-preview":"max-image-preview:large","max-video-preview":"max-video-preview:-1"},"canonical":"https:\/\/lagnoticias.com\/en\/2025\/11\/21\/defensoria-del-consumidor-realizo-la-premiacion-de-la-quinta-edicion-del-concurso-de-audiovisuales\/","og_locale":"en_US","og_type":"article","og_title":"Defensor\u00eda del Consumidor realiz\u00f3 la premiaci\u00f3n de la quinta edici\u00f3n del concurso de audiovisuales - La G Noticias","og_description":"La Defensor\u00eda del Consumidor realiz\u00f3 la premiaci\u00f3n de la quinta edici\u00f3n del concurso de audiovisuales que impulsa la instituci\u00f3n, enfocado en la tem\u00e1tica de publicidad enga\u00f1osa o falsa, una iniciativa que se ha posicionado como un espacio clave para promover la participaci\u00f3n universitaria y fomentar contenido educativo que llegue a la poblaci\u00f3n. \u201cDesde 2021 hemos [&hellip;]","og_url":"https:\/\/lagnoticias.com\/en\/2025\/11\/21\/defensoria-del-consumidor-realizo-la-premiacion-de-la-quinta-edicion-del-concurso-de-audiovisuales\/","og_site_name":"La G Noticias","article_publisher":"https:\/\/www.facebook.com\/LaGNoticias","article_published_time":"2025-11-21T15:07:05+00:00","article_modified_time":"2025-11-24T15:06:07+00:00","og_image":[{"width":2560,"height":1479,"url":"https:\/\/lagnoticias.com\/wp-content\/uploads\/2025\/11\/4-16-scaled.jpg","type":"image\/jpeg"}],"author":"Oscar","twitter_card":"summary_large_image","twitter_creator":"@lagnoticias","twitter_site":"@lagnoticias","twitter_misc":{"Written by":"Oscar","Est. reading time":"2 minutes"},"schema":{"@context":"https:\/\/schema.org","@graph":[{"@type":"Article","@id":"https:\/\/lagnoticias.com\/2025\/11\/21\/defensoria-del-consumidor-realizo-la-premiacion-de-la-quinta-edicion-del-concurso-de-audiovisuales\/#article","isPartOf":{"@id":"https:\/\/lagnoticias.com\/2025\/11\/21\/defensoria-del-consumidor-realizo-la-premiacion-de-la-quinta-edicion-del-concurso-de-audiovisuales\/"},"author":{"name":"Oscar","@id":"https:\/\/lagnoticias.com\/#\/schema\/person\/cb9bfe13f8de05d2c55270be25c6a550"},"headline":"Defensor\u00eda del Consumidor realiz\u00f3 la premiaci\u00f3n de la quinta edici\u00f3n del concurso de audiovisuales","datePublished":"2025-11-21T15:07:05+00:00","dateModified":"2025-11-24T15:06:07+00:00","mainEntityOfPage":{"@id":"https:\/\/lagnoticias.com\/2025\/11\/21\/defensoria-del-consumidor-realizo-la-premiacion-de-la-quinta-edicion-del-concurso-de-audiovisuales\/"},"wordCount":336,"commentCount":0,"image":{"@id":"https:\/\/lagnoticias.com\/2025\/11\/21\/defensoria-del-consumidor-realizo-la-premiacion-de-la-quinta-edicion-del-concurso-de-audiovisuales\/#primaryimage"},"thumbnailUrl":"https:\/\/lagnoticias.com\/wp-content\/uploads\/2025\/11\/4-16-scaled.jpg","keywords":["consumidores","DEFENSOR\u00cdA DEL CONSUMIDOR","EL SALVADOR","GOBIERNO DE EL SALVADOR"],"articleSection":["NACIONALES"],"inLanguage":"en-US","potentialAction":[{"@type":"CommentAction","name":"Comment","target":["https:\/\/lagnoticias.com\/2025\/11\/21\/defensoria-del-consumidor-realizo-la-premiacion-de-la-quinta-edicion-del-concurso-de-audiovisuales\/#respond"]}]},{"@type":"WebPage","@id":"https:\/\/lagnoticias.com\/2025\/11\/21\/defensoria-del-consumidor-realizo-la-premiacion-de-la-quinta-edicion-del-concurso-de-audiovisuales\/","url":"https:\/\/lagnoticias.com\/2025\/11\/21\/defensoria-del-consumidor-realizo-la-premiacion-de-la-quinta-edicion-del-concurso-de-audiovisuales\/","name":"Defensor\u00eda del Consumidor realiz\u00f3 la premiaci\u00f3n de la quinta edici\u00f3n del concurso de audiovisuales - La G Noticias","isPartOf":{"@id":"https:\/\/lagnoticias.com\/#website"},"primaryImageOfPage":{"@id":"https:\/\/lagnoticias.com\/2025\/11\/21\/defensoria-del-consumidor-realizo-la-premiacion-de-la-quinta-edicion-del-concurso-de-audiovisuales\/#primaryimage"},"image":{"@id":"https:\/\/lagnoticias.com\/2025\/11\/21\/defensoria-del-consumidor-realizo-la-premiacion-de-la-quinta-edicion-del-concurso-de-audiovisuales\/#primaryimage"},"thumbnailUrl":"https:\/\/lagnoticias.com\/wp-content\/uploads\/2025\/11\/4-16-scaled.jpg","datePublished":"2025-11-21T15:07:05+00:00","dateModified":"2025-11-24T15:06:07+00:00","author":{"@id":"https:\/\/lagnoticias.com\/#\/schema\/person\/cb9bfe13f8de05d2c55270be25c6a550"},"breadcrumb":{"@id":"https:\/\/lagnoticias.com\/2025\/11\/21\/defensoria-del-consumidor-realizo-la-premiacion-de-la-quinta-edicion-del-concurso-de-audiovisuales\/#breadcrumb"},"inLanguage":"en-US","potentialAction":[{"@type":"ReadAction","target":["https:\/\/lagnoticias.com\/2025\/11\/21\/defensoria-del-consumidor-realizo-la-premiacion-de-la-quinta-edicion-del-concurso-de-audiovisuales\/"]}]},{"@type":"ImageObject","inLanguage":"en-US","@id":"https:\/\/lagnoticias.com\/2025\/11\/21\/defensoria-del-consumidor-realizo-la-premiacion-de-la-quinta-edicion-del-concurso-de-audiovisuales\/#primaryimage","url":"https:\/\/lagnoticias.com\/wp-content\/uploads\/2025\/11\/4-16-scaled.jpg","contentUrl":"https:\/\/lagnoticias.com\/wp-content\/uploads\/2025\/11\/4-16-scaled.jpg","width":2560,"height":1479},{"@type":"BreadcrumbList","@id":"https:\/\/lagnoticias.com\/2025\/11\/21\/defensoria-del-consumidor-realizo-la-premiacion-de-la-quinta-edicion-del-concurso-de-audiovisuales\/#breadcrumb","itemListElement":[{"@type":"ListItem","position":1,"name":"Portada","item":"https:\/\/lagnoticias.com\/"},{"@type":"ListItem","position":2,"name":"Defensor\u00eda del Consumidor realiz\u00f3 la premiaci\u00f3n de la quinta edici\u00f3n del concurso de audiovisuales"}]},{"@type":"WebSite","@id":"https:\/\/lagnoticias.com\/#website","url":"https:\/\/lagnoticias.com\/","name":"La G Noticias","description":"Noticias Positivas","potentialAction":[{"@type":"SearchAction","target":{"@type":"EntryPoint","urlTemplate":"https:\/\/lagnoticias.com\/?s={search_term_string}"},"query-input":{"@type":"PropertyValueSpecification","valueRequired":true,"valueName":"search_term_string"}}],"inLanguage":"en-US"},{"@type":"Person","@id":"https:\/\/lagnoticias.com\/#\/schema\/person\/cb9bfe13f8de05d2c55270be25c6a550","name":"Oscar","image":{"@type":"ImageObject","inLanguage":"en-US","@id":"https:\/\/secure.gravatar.com\/avatar\/45c195718f652dc7ffdd591dc1f2678956ab7fdadcd359a635edc61304a8c757?s=96&d=mm&r=g","url":"https:\/\/secure.gravatar.com\/avatar\/45c195718f652dc7ffdd591dc1f2678956ab7fdadcd359a635edc61304a8c757?s=96&d=mm&r=g","contentUrl":"https:\/\/secure.gravatar.com\/avatar\/45c195718f652dc7ffdd591dc1f2678956ab7fdadcd359a635edc61304a8c757?s=96&d=mm&r=g","caption":"Oscar"},"url":"https:\/\/lagnoticias.com\/en\/author\/oscar\/"}]}},"_links":{"self":[{"href":"https:\/\/lagnoticias.com\/en\/wp-json\/wp\/v2\/posts\/7185","targetHints":{"allow":["GET"]}}],"collection":[{"href":"https:\/\/lagnoticias.com\/en\/wp-json\/wp\/v2\/posts"}],"about":[{"href":"https:\/\/lagnoticias.com\/en\/wp-json\/wp\/v2\/types\/post"}],"author":[{"embeddable":true,"href":"https:\/\/lagnoticias.com\/en\/wp-json\/wp\/v2\/users\/2"}],"replies":[{"embeddable":true,"href":"https:\/\/lagnoticias.com\/en\/wp-json\/wp\/v2\/comments?post=7185"}],"version-history":[{"count":1,"href":"https:\/\/lagnoticias.com\/en\/wp-json\/wp\/v2\/posts\/7185\/revisions"}],"predecessor-version":[{"id":7187,"href":"https:\/\/lagnoticias.com\/en\/wp-json\/wp\/v2\/posts\/7185\/revisions\/7187"}],"wp:featuredmedia":[{"embeddable":true,"href":"https:\/\/lagnoticias.com\/en\/wp-json\/wp\/v2\/media\/7186"}],"wp:attachment":[{"href":"https:\/\/lagnoticias.com\/en\/wp-json\/wp\/v2\/media?parent=7185"}],"wp:term":[{"taxonomy":"category","embeddable":true,"href":"https:\/\/lagnoticias.com\/en\/wp-json\/wp\/v2\/categories?post=7185"},{"taxonomy":"post_tag","embeddable":true,"href":"https:\/\/lagnoticias.com\/en\/wp-json\/wp\/v2\/tags?post=7185"}],"curies":[{"name":"wp","href":"https:\/\/api.w.org\/{rel}","templated":true}]}}