{"id":7182,"date":"2025-11-20T14:59:51","date_gmt":"2025-11-20T20:59:51","guid":{"rendered":"https:\/\/lagnoticias.com\/?p=7182"},"modified":"2025-11-20T14:59:52","modified_gmt":"2025-11-20T20:59:52","slug":"kunno-rompe-el-silencio-sobre-la-boda-religiosa-de-angela-aguilar-y-christian-nodal","status":"publish","type":"post","link":"https:\/\/lagnoticias.com\/en\/2025\/11\/20\/kunno-rompe-el-silencio-sobre-la-boda-religiosa-de-angela-aguilar-y-christian-nodal\/","title":{"rendered":"Kunno rompe el silencio sobre la boda religiosa de \u00c1ngela Aguilar y Christian Nodal"},"content":{"rendered":"<p>La pr\u00f3xima boda religiosa entre&nbsp;\u00c1ngela Aguilar&nbsp;y&nbsp;Christian Nodal&nbsp;se ha convertido en uno de los temas m\u00e1s comentados dentro del espect\u00e1culo mexicano. A m\u00e1s de un a\u00f1o de realizarse, el anuncio ha dado mucho de qu\u00e9 hablar, impulsada principalmente por la revelaci\u00f3n de que el enlace est\u00e1 previsto para&nbsp;mayo de 2026.<\/p>\n\n\n\n<p>La elecci\u00f3n de este mes ha provocado curiosidad entre los seguidores de ambos artistas, derivando en especulaciones, comentarios humor\u00edsticos y diversos an\u00e1lisis en plataformas digitales.<\/p>\n\n\n\n<p>Este detalle, aparentemente simple, ha sido suficiente para desatar una ola de preguntas sobre los motivos detr\u00e1s de la decisi\u00f3n, especialmente por el simbolismo que mayo ha tenido en la vida sentimental de Nodal, seg\u00fan ha recordado parte del p\u00fablico en redes sociales.<\/p>\n\n\n\n<h2 class=\"wp-block-heading\">La hip\u00f3tesis de Kunno sobre el mes de mayo<\/h2>\n\n\n\n<p>En medio de este inter\u00e9s colectivo,&nbsp;Kunno, creador de contenido y amigo cercano de la pareja, comparti\u00f3 su percepci\u00f3n sobre el tema durante un reciente encuentro con representantes de la prensa.<\/p>\n\n\n\n<p>El influencer fue cuestionado sobre los preparativos del enlace y, aunque confirm\u00f3 que ha mantenido comunicaci\u00f3n con la pareja, se\u00f1al\u00f3 que el motivo exacto detr\u00e1s de la selecci\u00f3n de mayo contin\u00faa siendo un asunto no esclarecido del todo.<\/p>\n\n\n\n<p>Kunno explic\u00f3 que, al ser presionado por los reporteros, ofreci\u00f3 una teor\u00eda basada en una posible conmemoraci\u00f3n importante para los artistas.<\/p>\n\n\n\n<p>\u201cSi no me equivoco, es porque es el aniversario, creo. Pero no s\u00e9. La verdad es que no s\u00e9 por qu\u00e9 en mayo, pero le preguntar\u00e9 y les aviso\u201d, coment\u00f3. Con ello, dej\u00f3 claro que incluso entre amigos cercanos persiste desconocimiento sobre la raz\u00f3n precisa para elegir ese mes, lo que ha aumentado la expectativa entre los seguidores.<\/p>\n\n\n\n<h2 class=\"wp-block-heading\">Un anuncio espont\u00e1neo y el simbolismo del mes<\/h2>\n\n\n\n<p>La confirmaci\u00f3n de la boda religiosa se volvi\u00f3 viral despu\u00e9s de que&nbsp;\u00c1ngela Aguilar compartiera la noticia durante una firma de aut\u00f3grafos&nbsp;como parte de su gira \u201cLibre Coraz\u00f3n\u201d por Estados Unidos. En ese encuentro, la cantante expres\u00f3: \u201cVayan a mi boda, me voy a casar en mayo, por la iglesia\u201d, una declaraci\u00f3n que recorri\u00f3 r\u00e1pidamente las plataformas digitales.<\/p>\n\n\n\n<p>La elecci\u00f3n de mayo ha sido objeto de diversas interpretaciones. En entrevistas anteriores, Christian Nodal hab\u00eda se\u00f1alado que este mes marc\u00f3 momentos significativos en su vida personal, lo que llev\u00f3 a los usuarios de redes sociales a relacionar dicha selecci\u00f3n con episodios clave de su historia amorosa.<\/p>\n\n\n\n<p>Entre ellos, se han mencionado los acontecimientos que rodearon el final de su relaci\u00f3n con Cazzu y el inicio de su cercan\u00eda con \u00c1ngela, lo que ha generado conversaciones y contenido viral que incluye bromas y memes.<\/p>\n\n\n\n<p>Si bien la pareja no ha confirmado p\u00fablicamente alg\u00fan simbolismo espec\u00edfico, las coincidencias del calendario han incentivado a los seguidores a buscar posibles significados detr\u00e1s de la fecha.<\/p>\n\n\n\n<h2 class=\"wp-block-heading\">Nodal adelanta detalles sobre la celebraci\u00f3n<\/h2>\n\n\n\n<p>Por su parte, Christian Nodal tambi\u00e9n ha respondido a preguntas relacionadas con su pr\u00f3xima boda. En una entrevista reciente, ante cuestionamientos sobre si volver\u00eda a casarse, el int\u00e9rprete respondi\u00f3 de manera ligera: \u201cUna vez m\u00e1s. Lo bueno es que con la misma\u201d, haciendo referencia a la ceremonia religiosa que formalizar\u00e1 su uni\u00f3n con \u00c1ngela.<\/p>\n\n\n\n<p>El cantante adelant\u00f3 que&nbsp;el evento se celebrar\u00e1 en Zacatecas y que la ceremonia tendr\u00e1 un formato abierto, pensado para \u201ctodo el pueblo\u201d&nbsp;y para las personas cercanas a ambos. Aunque a\u00fan no se ha anunciado una fecha exacta, la confirmaci\u00f3n del estado y el mes ha sido suficiente para generar una fuerte anticipaci\u00f3n entre sus seguidores.<\/p>","protected":false},"excerpt":{"rendered":"<p>La confirmaci\u00f3n de la boda religiosa se volvi\u00f3 viral despu\u00e9s de que \u00c1ngela compartiera la noticia durante una firma de aut\u00f3grafos como parte de su gira.<\/p>","protected":false},"author":2,"featured_media":7183,"comment_status":"open","ping_status":"open","sticky":false,"template":"","format":"standard","meta":{"_et_pb_use_builder":"off","_et_pb_old_content":"","_et_gb_content_width":"","footnotes":""},"categories":[249],"tags":[692,534,693,1902,287],"class_list":["post-7182","post","type-post","status-publish","format-standard","has-post-thumbnail","hentry","category-entretenimiento","tag-angela-aguilar-2","tag-cantantes","tag-christian-nodal","tag-kunno","tag-mexico"],"yoast_head":"<!-- This site is optimized with the Yoast SEO plugin v27.4 - https:\/\/yoast.com\/product\/yoast-seo-wordpress\/ -->\n<title>Kunno rompe el silencio sobre la boda religiosa de \u00c1ngela Aguilar y Christian Nodal - La G Noticias<\/title>\n<meta name=\"robots\" content=\"index, follow, max-snippet:-1, max-image-preview:large, max-video-preview:-1\" \/>\n<link rel=\"canonical\" href=\"https:\/\/lagnoticias.com\/en\/2025\/11\/20\/kunno-rompe-el-silencio-sobre-la-boda-religiosa-de-angela-aguilar-y-christian-nodal\/\" \/>\n<meta property=\"og:locale\" content=\"en_US\" \/>\n<meta property=\"og:type\" content=\"article\" \/>\n<meta property=\"og:title\" content=\"Kunno rompe el silencio sobre la boda religiosa de \u00c1ngela Aguilar y Christian Nodal - La G Noticias\" \/>\n<meta property=\"og:description\" content=\"La confirmaci\u00f3n de la boda religiosa se volvi\u00f3 viral despu\u00e9s de que \u00c1ngela compartiera la noticia durante una firma de aut\u00f3grafos como parte de su gira.\" \/>\n<meta property=\"og:url\" content=\"https:\/\/lagnoticias.com\/en\/2025\/11\/20\/kunno-rompe-el-silencio-sobre-la-boda-religiosa-de-angela-aguilar-y-christian-nodal\/\" \/>\n<meta property=\"og:site_name\" content=\"La G Noticias\" \/>\n<meta property=\"article:publisher\" content=\"https:\/\/www.facebook.com\/LaGNoticias\" \/>\n<meta property=\"article:published_time\" content=\"2025-11-20T20:59:51+00:00\" \/>\n<meta property=\"article:modified_time\" content=\"2025-11-20T20:59:52+00:00\" \/>\n<meta property=\"og:image\" content=\"https:\/\/lagnoticias.com\/wp-content\/uploads\/2025\/11\/2-17.jpg\" \/>\n\t<meta property=\"og:image:width\" content=\"1200\" \/>\n\t<meta property=\"og:image:height\" content=\"740\" \/>\n\t<meta property=\"og:image:type\" content=\"image\/jpeg\" \/>\n<meta name=\"author\" content=\"Oscar\" \/>\n<meta name=\"twitter:card\" content=\"summary_large_image\" \/>\n<meta name=\"twitter:creator\" content=\"@lagnoticias\" \/>\n<meta name=\"twitter:site\" content=\"@lagnoticias\" \/>\n<meta name=\"twitter:label1\" content=\"Written by\" \/>\n\t<meta name=\"twitter:data1\" content=\"Oscar\" \/>\n\t<meta name=\"twitter:label2\" content=\"Est. reading time\" \/>\n\t<meta name=\"twitter:data2\" content=\"3 minutes\" \/>\n<script type=\"application\/ld+json\" class=\"yoast-schema-graph\">{\"@context\":\"https:\\\/\\\/schema.org\",\"@graph\":[{\"@type\":\"Article\",\"@id\":\"https:\\\/\\\/lagnoticias.com\\\/2025\\\/11\\\/20\\\/kunno-rompe-el-silencio-sobre-la-boda-religiosa-de-angela-aguilar-y-christian-nodal\\\/#article\",\"isPartOf\":{\"@id\":\"https:\\\/\\\/lagnoticias.com\\\/2025\\\/11\\\/20\\\/kunno-rompe-el-silencio-sobre-la-boda-religiosa-de-angela-aguilar-y-christian-nodal\\\/\"},\"author\":{\"name\":\"Oscar\",\"@id\":\"https:\\\/\\\/lagnoticias.com\\\/#\\\/schema\\\/person\\\/cb9bfe13f8de05d2c55270be25c6a550\"},\"headline\":\"Kunno rompe el silencio sobre la boda religiosa de \u00c1ngela Aguilar y Christian Nodal\",\"datePublished\":\"2025-11-20T20:59:51+00:00\",\"dateModified\":\"2025-11-20T20:59:52+00:00\",\"mainEntityOfPage\":{\"@id\":\"https:\\\/\\\/lagnoticias.com\\\/2025\\\/11\\\/20\\\/kunno-rompe-el-silencio-sobre-la-boda-religiosa-de-angela-aguilar-y-christian-nodal\\\/\"},\"wordCount\":649,\"commentCount\":0,\"image\":{\"@id\":\"https:\\\/\\\/lagnoticias.com\\\/2025\\\/11\\\/20\\\/kunno-rompe-el-silencio-sobre-la-boda-religiosa-de-angela-aguilar-y-christian-nodal\\\/#primaryimage\"},\"thumbnailUrl\":\"https:\\\/\\\/lagnoticias.com\\\/wp-content\\\/uploads\\\/2025\\\/11\\\/2-17.jpg\",\"keywords\":[\"\u00c1NGELA AGUILAR\",\"CANTANTES\",\"CHRISTIAN NODAL\",\"KUNNO\",\"M\u00c9XICO\"],\"articleSection\":[\"ENTRETENIMIENTO\"],\"inLanguage\":\"en-US\",\"potentialAction\":[{\"@type\":\"CommentAction\",\"name\":\"Comment\",\"target\":[\"https:\\\/\\\/lagnoticias.com\\\/2025\\\/11\\\/20\\\/kunno-rompe-el-silencio-sobre-la-boda-religiosa-de-angela-aguilar-y-christian-nodal\\\/#respond\"]}]},{\"@type\":\"WebPage\",\"@id\":\"https:\\\/\\\/lagnoticias.com\\\/2025\\\/11\\\/20\\\/kunno-rompe-el-silencio-sobre-la-boda-religiosa-de-angela-aguilar-y-christian-nodal\\\/\",\"url\":\"https:\\\/\\\/lagnoticias.com\\\/2025\\\/11\\\/20\\\/kunno-rompe-el-silencio-sobre-la-boda-religiosa-de-angela-aguilar-y-christian-nodal\\\/\",\"name\":\"Kunno rompe el silencio sobre la boda religiosa de \u00c1ngela Aguilar y Christian Nodal - La G Noticias\",\"isPartOf\":{\"@id\":\"https:\\\/\\\/lagnoticias.com\\\/#website\"},\"primaryImageOfPage\":{\"@id\":\"https:\\\/\\\/lagnoticias.com\\\/2025\\\/11\\\/20\\\/kunno-rompe-el-silencio-sobre-la-boda-religiosa-de-angela-aguilar-y-christian-nodal\\\/#primaryimage\"},\"image\":{\"@id\":\"https:\\\/\\\/lagnoticias.com\\\/2025\\\/11\\\/20\\\/kunno-rompe-el-silencio-sobre-la-boda-religiosa-de-angela-aguilar-y-christian-nodal\\\/#primaryimage\"},\"thumbnailUrl\":\"https:\\\/\\\/lagnoticias.com\\\/wp-content\\\/uploads\\\/2025\\\/11\\\/2-17.jpg\",\"datePublished\":\"2025-11-20T20:59:51+00:00\",\"dateModified\":\"2025-11-20T20:59:52+00:00\",\"author\":{\"@id\":\"https:\\\/\\\/lagnoticias.com\\\/#\\\/schema\\\/person\\\/cb9bfe13f8de05d2c55270be25c6a550\"},\"breadcrumb\":{\"@id\":\"https:\\\/\\\/lagnoticias.com\\\/2025\\\/11\\\/20\\\/kunno-rompe-el-silencio-sobre-la-boda-religiosa-de-angela-aguilar-y-christian-nodal\\\/#breadcrumb\"},\"inLanguage\":\"en-US\",\"potentialAction\":[{\"@type\":\"ReadAction\",\"target\":[\"https:\\\/\\\/lagnoticias.com\\\/2025\\\/11\\\/20\\\/kunno-rompe-el-silencio-sobre-la-boda-religiosa-de-angela-aguilar-y-christian-nodal\\\/\"]}]},{\"@type\":\"ImageObject\",\"inLanguage\":\"en-US\",\"@id\":\"https:\\\/\\\/lagnoticias.com\\\/2025\\\/11\\\/20\\\/kunno-rompe-el-silencio-sobre-la-boda-religiosa-de-angela-aguilar-y-christian-nodal\\\/#primaryimage\",\"url\":\"https:\\\/\\\/lagnoticias.com\\\/wp-content\\\/uploads\\\/2025\\\/11\\\/2-17.jpg\",\"contentUrl\":\"https:\\\/\\\/lagnoticias.com\\\/wp-content\\\/uploads\\\/2025\\\/11\\\/2-17.jpg\",\"width\":1200,\"height\":740},{\"@type\":\"BreadcrumbList\",\"@id\":\"https:\\\/\\\/lagnoticias.com\\\/2025\\\/11\\\/20\\\/kunno-rompe-el-silencio-sobre-la-boda-religiosa-de-angela-aguilar-y-christian-nodal\\\/#breadcrumb\",\"itemListElement\":[{\"@type\":\"ListItem\",\"position\":1,\"name\":\"Portada\",\"item\":\"https:\\\/\\\/lagnoticias.com\\\/\"},{\"@type\":\"ListItem\",\"position\":2,\"name\":\"Kunno rompe el silencio sobre la boda religiosa de \u00c1ngela Aguilar y Christian Nodal\"}]},{\"@type\":\"WebSite\",\"@id\":\"https:\\\/\\\/lagnoticias.com\\\/#website\",\"url\":\"https:\\\/\\\/lagnoticias.com\\\/\",\"name\":\"La G Noticias\",\"description\":\"Noticias Positivas\",\"potentialAction\":[{\"@type\":\"SearchAction\",\"target\":{\"@type\":\"EntryPoint\",\"urlTemplate\":\"https:\\\/\\\/lagnoticias.com\\\/?s={search_term_string}\"},\"query-input\":{\"@type\":\"PropertyValueSpecification\",\"valueRequired\":true,\"valueName\":\"search_term_string\"}}],\"inLanguage\":\"en-US\"},{\"@type\":\"Person\",\"@id\":\"https:\\\/\\\/lagnoticias.com\\\/#\\\/schema\\\/person\\\/cb9bfe13f8de05d2c55270be25c6a550\",\"name\":\"Oscar\",\"image\":{\"@type\":\"ImageObject\",\"inLanguage\":\"en-US\",\"@id\":\"https:\\\/\\\/secure.gravatar.com\\\/avatar\\\/45c195718f652dc7ffdd591dc1f2678956ab7fdadcd359a635edc61304a8c757?s=96&d=mm&r=g\",\"url\":\"https:\\\/\\\/secure.gravatar.com\\\/avatar\\\/45c195718f652dc7ffdd591dc1f2678956ab7fdadcd359a635edc61304a8c757?s=96&d=mm&r=g\",\"contentUrl\":\"https:\\\/\\\/secure.gravatar.com\\\/avatar\\\/45c195718f652dc7ffdd591dc1f2678956ab7fdadcd359a635edc61304a8c757?s=96&d=mm&r=g\",\"caption\":\"Oscar\"},\"url\":\"https:\\\/\\\/lagnoticias.com\\\/en\\\/author\\\/oscar\\\/\"}]}<\/script>\n<!-- \/ Yoast SEO plugin. -->","yoast_head_json":{"title":"Kunno rompe el silencio sobre la boda religiosa de \u00c1ngela Aguilar y Christian Nodal - La G Noticias","robots":{"index":"index","follow":"follow","max-snippet":"max-snippet:-1","max-image-preview":"max-image-preview:large","max-video-preview":"max-video-preview:-1"},"canonical":"https:\/\/lagnoticias.com\/en\/2025\/11\/20\/kunno-rompe-el-silencio-sobre-la-boda-religiosa-de-angela-aguilar-y-christian-nodal\/","og_locale":"en_US","og_type":"article","og_title":"Kunno rompe el silencio sobre la boda religiosa de \u00c1ngela Aguilar y Christian Nodal - La G Noticias","og_description":"La confirmaci\u00f3n de la boda religiosa se volvi\u00f3 viral despu\u00e9s de que \u00c1ngela compartiera la noticia durante una firma de aut\u00f3grafos como parte de su gira.","og_url":"https:\/\/lagnoticias.com\/en\/2025\/11\/20\/kunno-rompe-el-silencio-sobre-la-boda-religiosa-de-angela-aguilar-y-christian-nodal\/","og_site_name":"La G Noticias","article_publisher":"https:\/\/www.facebook.com\/LaGNoticias","article_published_time":"2025-11-20T20:59:51+00:00","article_modified_time":"2025-11-20T20:59:52+00:00","og_image":[{"width":1200,"height":740,"url":"https:\/\/lagnoticias.com\/wp-content\/uploads\/2025\/11\/2-17.jpg","type":"image\/jpeg"}],"author":"Oscar","twitter_card":"summary_large_image","twitter_creator":"@lagnoticias","twitter_site":"@lagnoticias","twitter_misc":{"Written by":"Oscar","Est. reading time":"3 minutes"},"schema":{"@context":"https:\/\/schema.org","@graph":[{"@type":"Article","@id":"https:\/\/lagnoticias.com\/2025\/11\/20\/kunno-rompe-el-silencio-sobre-la-boda-religiosa-de-angela-aguilar-y-christian-nodal\/#article","isPartOf":{"@id":"https:\/\/lagnoticias.com\/2025\/11\/20\/kunno-rompe-el-silencio-sobre-la-boda-religiosa-de-angela-aguilar-y-christian-nodal\/"},"author":{"name":"Oscar","@id":"https:\/\/lagnoticias.com\/#\/schema\/person\/cb9bfe13f8de05d2c55270be25c6a550"},"headline":"Kunno rompe el silencio sobre la boda religiosa de \u00c1ngela Aguilar y Christian Nodal","datePublished":"2025-11-20T20:59:51+00:00","dateModified":"2025-11-20T20:59:52+00:00","mainEntityOfPage":{"@id":"https:\/\/lagnoticias.com\/2025\/11\/20\/kunno-rompe-el-silencio-sobre-la-boda-religiosa-de-angela-aguilar-y-christian-nodal\/"},"wordCount":649,"commentCount":0,"image":{"@id":"https:\/\/lagnoticias.com\/2025\/11\/20\/kunno-rompe-el-silencio-sobre-la-boda-religiosa-de-angela-aguilar-y-christian-nodal\/#primaryimage"},"thumbnailUrl":"https:\/\/lagnoticias.com\/wp-content\/uploads\/2025\/11\/2-17.jpg","keywords":["\u00c1NGELA AGUILAR","CANTANTES","CHRISTIAN NODAL","KUNNO","M\u00c9XICO"],"articleSection":["ENTRETENIMIENTO"],"inLanguage":"en-US","potentialAction":[{"@type":"CommentAction","name":"Comment","target":["https:\/\/lagnoticias.com\/2025\/11\/20\/kunno-rompe-el-silencio-sobre-la-boda-religiosa-de-angela-aguilar-y-christian-nodal\/#respond"]}]},{"@type":"WebPage","@id":"https:\/\/lagnoticias.com\/2025\/11\/20\/kunno-rompe-el-silencio-sobre-la-boda-religiosa-de-angela-aguilar-y-christian-nodal\/","url":"https:\/\/lagnoticias.com\/2025\/11\/20\/kunno-rompe-el-silencio-sobre-la-boda-religiosa-de-angela-aguilar-y-christian-nodal\/","name":"Kunno rompe el silencio sobre la boda religiosa de \u00c1ngela Aguilar y Christian Nodal - La G Noticias","isPartOf":{"@id":"https:\/\/lagnoticias.com\/#website"},"primaryImageOfPage":{"@id":"https:\/\/lagnoticias.com\/2025\/11\/20\/kunno-rompe-el-silencio-sobre-la-boda-religiosa-de-angela-aguilar-y-christian-nodal\/#primaryimage"},"image":{"@id":"https:\/\/lagnoticias.com\/2025\/11\/20\/kunno-rompe-el-silencio-sobre-la-boda-religiosa-de-angela-aguilar-y-christian-nodal\/#primaryimage"},"thumbnailUrl":"https:\/\/lagnoticias.com\/wp-content\/uploads\/2025\/11\/2-17.jpg","datePublished":"2025-11-20T20:59:51+00:00","dateModified":"2025-11-20T20:59:52+00:00","author":{"@id":"https:\/\/lagnoticias.com\/#\/schema\/person\/cb9bfe13f8de05d2c55270be25c6a550"},"breadcrumb":{"@id":"https:\/\/lagnoticias.com\/2025\/11\/20\/kunno-rompe-el-silencio-sobre-la-boda-religiosa-de-angela-aguilar-y-christian-nodal\/#breadcrumb"},"inLanguage":"en-US","potentialAction":[{"@type":"ReadAction","target":["https:\/\/lagnoticias.com\/2025\/11\/20\/kunno-rompe-el-silencio-sobre-la-boda-religiosa-de-angela-aguilar-y-christian-nodal\/"]}]},{"@type":"ImageObject","inLanguage":"en-US","@id":"https:\/\/lagnoticias.com\/2025\/11\/20\/kunno-rompe-el-silencio-sobre-la-boda-religiosa-de-angela-aguilar-y-christian-nodal\/#primaryimage","url":"https:\/\/lagnoticias.com\/wp-content\/uploads\/2025\/11\/2-17.jpg","contentUrl":"https:\/\/lagnoticias.com\/wp-content\/uploads\/2025\/11\/2-17.jpg","width":1200,"height":740},{"@type":"BreadcrumbList","@id":"https:\/\/lagnoticias.com\/2025\/11\/20\/kunno-rompe-el-silencio-sobre-la-boda-religiosa-de-angela-aguilar-y-christian-nodal\/#breadcrumb","itemListElement":[{"@type":"ListItem","position":1,"name":"Portada","item":"https:\/\/lagnoticias.com\/"},{"@type":"ListItem","position":2,"name":"Kunno rompe el silencio sobre la boda religiosa de \u00c1ngela Aguilar y Christian Nodal"}]},{"@type":"WebSite","@id":"https:\/\/lagnoticias.com\/#website","url":"https:\/\/lagnoticias.com\/","name":"La G Noticias","description":"Noticias Positivas","potentialAction":[{"@type":"SearchAction","target":{"@type":"EntryPoint","urlTemplate":"https:\/\/lagnoticias.com\/?s={search_term_string}"},"query-input":{"@type":"PropertyValueSpecification","valueRequired":true,"valueName":"search_term_string"}}],"inLanguage":"en-US"},{"@type":"Person","@id":"https:\/\/lagnoticias.com\/#\/schema\/person\/cb9bfe13f8de05d2c55270be25c6a550","name":"Oscar","image":{"@type":"ImageObject","inLanguage":"en-US","@id":"https:\/\/secure.gravatar.com\/avatar\/45c195718f652dc7ffdd591dc1f2678956ab7fdadcd359a635edc61304a8c757?s=96&d=mm&r=g","url":"https:\/\/secure.gravatar.com\/avatar\/45c195718f652dc7ffdd591dc1f2678956ab7fdadcd359a635edc61304a8c757?s=96&d=mm&r=g","contentUrl":"https:\/\/secure.gravatar.com\/avatar\/45c195718f652dc7ffdd591dc1f2678956ab7fdadcd359a635edc61304a8c757?s=96&d=mm&r=g","caption":"Oscar"},"url":"https:\/\/lagnoticias.com\/en\/author\/oscar\/"}]}},"_links":{"self":[{"href":"https:\/\/lagnoticias.com\/en\/wp-json\/wp\/v2\/posts\/7182","targetHints":{"allow":["GET"]}}],"collection":[{"href":"https:\/\/lagnoticias.com\/en\/wp-json\/wp\/v2\/posts"}],"about":[{"href":"https:\/\/lagnoticias.com\/en\/wp-json\/wp\/v2\/types\/post"}],"author":[{"embeddable":true,"href":"https:\/\/lagnoticias.com\/en\/wp-json\/wp\/v2\/users\/2"}],"replies":[{"embeddable":true,"href":"https:\/\/lagnoticias.com\/en\/wp-json\/wp\/v2\/comments?post=7182"}],"version-history":[{"count":1,"href":"https:\/\/lagnoticias.com\/en\/wp-json\/wp\/v2\/posts\/7182\/revisions"}],"predecessor-version":[{"id":7184,"href":"https:\/\/lagnoticias.com\/en\/wp-json\/wp\/v2\/posts\/7182\/revisions\/7184"}],"wp:featuredmedia":[{"embeddable":true,"href":"https:\/\/lagnoticias.com\/en\/wp-json\/wp\/v2\/media\/7183"}],"wp:attachment":[{"href":"https:\/\/lagnoticias.com\/en\/wp-json\/wp\/v2\/media?parent=7182"}],"wp:term":[{"taxonomy":"category","embeddable":true,"href":"https:\/\/lagnoticias.com\/en\/wp-json\/wp\/v2\/categories?post=7182"},{"taxonomy":"post_tag","embeddable":true,"href":"https:\/\/lagnoticias.com\/en\/wp-json\/wp\/v2\/tags?post=7182"}],"curies":[{"name":"wp","href":"https:\/\/api.w.org\/{rel}","templated":true}]}}