{"id":7176,"date":"2025-11-20T14:42:31","date_gmt":"2025-11-20T20:42:31","guid":{"rendered":"https:\/\/lagnoticias.com\/?p=7176"},"modified":"2025-11-20T14:42:32","modified_gmt":"2025-11-20T20:42:32","slug":"viceministerio-de-transporte-mantiene-los-controles-en-carreteras-para-garantizar-la-seguridad-vial-de-los-salvadorenos","status":"publish","type":"post","link":"https:\/\/lagnoticias.com\/en\/2025\/11\/20\/viceministerio-de-transporte-mantiene-los-controles-en-carreteras-para-garantizar-la-seguridad-vial-de-los-salvadorenos\/","title":{"rendered":"Viceministerio de Transporte mantiene los controles en carreteras para garantizar la seguridad vial de los salvadore\u00f1os"},"content":{"rendered":"<p>El director de Tr\u00e1nsito Terrestre del Viceministerio de Transporte, F\u00e9lix Serrano, enfatiz\u00f3 en las medidas que implementan para prevenir accidentes&nbsp;de tr\u00e1nsito y reducir el n\u00famero de fatalidades y lesionados&nbsp;<\/p>\n\n\n\n<p>\u201cLos controles que establecemos en las carreteras buscan identificar casos de personas que no portan la documentaci\u00f3n en regla, es un esfuerzo que hacemos en conjunto con la PNC. Adem\u00e1s, nos permite tener en el radar otras situaciones que puedan generar un peligro al volante\u201d, explic\u00f3.&nbsp;<\/p>\n\n\n\n<p>De acuerdo a las estad\u00edsticas de la instituci\u00f3n, se registra un promedio de 58 a 60 accidentes diarios. Entre las principales causas de accidentabilidad la quinta es&nbsp;la excesiva velocidad.<\/p>\n\n\n\n<p>Pero, entre las causas de fatalidad, el exceso de velocidad es la primera, y la distracci\u00f3n al volante la segunda. En lo que va de 2025, se registran 19,351 siniestros viales, 11,528 lesionados y 1,049 fallecidos.<\/p>\n\n\n\n<p>\u201cUna de las medidas es mantener la presencia en carretera, haremos un esfuerzo por aumentar la cantidad de controles, sobre todo, porque sabemos que hay zonas con mayor afluencia, porque est\u00e1n cercanos a los lugares tur\u00edsticos que las personas visitan\u201d, enfatiz\u00f3.<\/p>\n\n\n\n<p>Otra de las medidas que se encuentran vigentes es el sistema de fotomultas que actualmente se implementa en la autopista a Comalapa y el bulevar Monse\u00f1or Romero, el cual permite no solo controlar los l\u00edmites de velocidad de los diferentes transportes, sino controlar otras situaciones, como la verificaci\u00f3n del cumplimiento de los horarios de circulaci\u00f3n del transporte de carga.<\/p>\n\n\n\n<p>El Viceministerio de Transporte promueve una cultura vial de respeto, concientizando a los automovilistas, motociclistas y peatones sobre la importancia de respetar la normativa de tr\u00e1nsito por medio de la prevenci\u00f3n, traduciendo esto en la reducci\u00f3n de la cantidad de accidentes y fatalidades en territorio nacional.<\/p>","protected":false},"excerpt":{"rendered":"<p>El director de Tr\u00e1nsito Terrestre del Viceministerio de Transporte, F\u00e9lix Serrano, enfatiz\u00f3 en las medidas que implementan para prevenir accidentes&nbsp;de tr\u00e1nsito y reducir el n\u00famero de fatalidades y lesionados&nbsp; \u201cLos controles que establecemos en las carreteras buscan identificar casos de personas que no portan la documentaci\u00f3n en regla, es un esfuerzo que hacemos en conjunto [&hellip;]<\/p>","protected":false},"author":2,"featured_media":7177,"comment_status":"open","ping_status":"open","sticky":false,"template":"","format":"standard","meta":{"_et_pb_use_builder":"off","_et_pb_old_content":"","_et_gb_content_width":"","footnotes":""},"categories":[244],"tags":[329,267,1901,268,1900,1748],"class_list":["post-7176","post","type-post","status-publish","format-standard","has-post-thumbnail","hentry","category-nacionales","tag-accidentes-de-transito","tag-el-salvador","tag-fotomultas","tag-gobierno-de-el-salvador","tag-multas","tag-viceministerio-de-transporte"],"yoast_head":"<!-- This site is optimized with the Yoast SEO plugin v27.4 - https:\/\/yoast.com\/product\/yoast-seo-wordpress\/ -->\n<title>Viceministerio de Transporte mantiene los controles en carreteras para garantizar la seguridad vial de los salvadore\u00f1os - La G Noticias<\/title>\n<meta name=\"robots\" content=\"index, follow, max-snippet:-1, max-image-preview:large, max-video-preview:-1\" \/>\n<link rel=\"canonical\" href=\"https:\/\/lagnoticias.com\/en\/2025\/11\/20\/viceministerio-de-transporte-mantiene-los-controles-en-carreteras-para-garantizar-la-seguridad-vial-de-los-salvadorenos\/\" \/>\n<meta property=\"og:locale\" content=\"en_US\" \/>\n<meta property=\"og:type\" content=\"article\" \/>\n<meta property=\"og:title\" content=\"Viceministerio de Transporte mantiene los controles en carreteras para garantizar la seguridad vial de los salvadore\u00f1os - La G Noticias\" \/>\n<meta property=\"og:description\" content=\"El director de Tr\u00e1nsito Terrestre del Viceministerio de Transporte, F\u00e9lix Serrano, enfatiz\u00f3 en las medidas que implementan para prevenir accidentes&nbsp;de tr\u00e1nsito y reducir el n\u00famero de fatalidades y lesionados&nbsp; \u201cLos controles que establecemos en las carreteras buscan identificar casos de personas que no portan la documentaci\u00f3n en regla, es un esfuerzo que hacemos en conjunto [&hellip;]\" \/>\n<meta property=\"og:url\" content=\"https:\/\/lagnoticias.com\/en\/2025\/11\/20\/viceministerio-de-transporte-mantiene-los-controles-en-carreteras-para-garantizar-la-seguridad-vial-de-los-salvadorenos\/\" \/>\n<meta property=\"og:site_name\" content=\"La G Noticias\" \/>\n<meta property=\"article:publisher\" content=\"https:\/\/www.facebook.com\/LaGNoticias\" \/>\n<meta property=\"article:published_time\" content=\"2025-11-20T20:42:31+00:00\" \/>\n<meta property=\"article:modified_time\" content=\"2025-11-20T20:42:32+00:00\" \/>\n<meta property=\"og:image\" content=\"https:\/\/lagnoticias.com\/wp-content\/uploads\/2025\/11\/6-19-scaled.jpg\" \/>\n\t<meta property=\"og:image:width\" content=\"2560\" \/>\n\t<meta property=\"og:image:height\" content=\"1707\" \/>\n\t<meta property=\"og:image:type\" content=\"image\/jpeg\" \/>\n<meta name=\"author\" content=\"Oscar\" \/>\n<meta name=\"twitter:card\" content=\"summary_large_image\" \/>\n<meta name=\"twitter:creator\" content=\"@lagnoticias\" \/>\n<meta name=\"twitter:site\" content=\"@lagnoticias\" \/>\n<meta name=\"twitter:label1\" content=\"Written by\" \/>\n\t<meta name=\"twitter:data1\" content=\"Oscar\" \/>\n\t<meta name=\"twitter:label2\" content=\"Est. reading time\" \/>\n\t<meta name=\"twitter:data2\" content=\"2 minutes\" \/>\n<script type=\"application\/ld+json\" class=\"yoast-schema-graph\">{\"@context\":\"https:\\\/\\\/schema.org\",\"@graph\":[{\"@type\":\"Article\",\"@id\":\"https:\\\/\\\/lagnoticias.com\\\/2025\\\/11\\\/20\\\/viceministerio-de-transporte-mantiene-los-controles-en-carreteras-para-garantizar-la-seguridad-vial-de-los-salvadorenos\\\/#article\",\"isPartOf\":{\"@id\":\"https:\\\/\\\/lagnoticias.com\\\/2025\\\/11\\\/20\\\/viceministerio-de-transporte-mantiene-los-controles-en-carreteras-para-garantizar-la-seguridad-vial-de-los-salvadorenos\\\/\"},\"author\":{\"name\":\"Oscar\",\"@id\":\"https:\\\/\\\/lagnoticias.com\\\/#\\\/schema\\\/person\\\/cb9bfe13f8de05d2c55270be25c6a550\"},\"headline\":\"Viceministerio de Transporte mantiene los controles en carreteras para garantizar la seguridad vial de los salvadore\u00f1os\",\"datePublished\":\"2025-11-20T20:42:31+00:00\",\"dateModified\":\"2025-11-20T20:42:32+00:00\",\"mainEntityOfPage\":{\"@id\":\"https:\\\/\\\/lagnoticias.com\\\/2025\\\/11\\\/20\\\/viceministerio-de-transporte-mantiene-los-controles-en-carreteras-para-garantizar-la-seguridad-vial-de-los-salvadorenos\\\/\"},\"wordCount\":321,\"commentCount\":0,\"image\":{\"@id\":\"https:\\\/\\\/lagnoticias.com\\\/2025\\\/11\\\/20\\\/viceministerio-de-transporte-mantiene-los-controles-en-carreteras-para-garantizar-la-seguridad-vial-de-los-salvadorenos\\\/#primaryimage\"},\"thumbnailUrl\":\"https:\\\/\\\/lagnoticias.com\\\/wp-content\\\/uploads\\\/2025\\\/11\\\/6-19-scaled.jpg\",\"keywords\":[\"accidentes de tr\u00e1nsito\",\"EL SALVADOR\",\"FOTOMULTAS\",\"GOBIERNO DE EL SALVADOR\",\"MULTAS\",\"VICEMINISTERIO DE TRANSPORTE\"],\"articleSection\":[\"NACIONALES\"],\"inLanguage\":\"en-US\",\"potentialAction\":[{\"@type\":\"CommentAction\",\"name\":\"Comment\",\"target\":[\"https:\\\/\\\/lagnoticias.com\\\/2025\\\/11\\\/20\\\/viceministerio-de-transporte-mantiene-los-controles-en-carreteras-para-garantizar-la-seguridad-vial-de-los-salvadorenos\\\/#respond\"]}]},{\"@type\":\"WebPage\",\"@id\":\"https:\\\/\\\/lagnoticias.com\\\/2025\\\/11\\\/20\\\/viceministerio-de-transporte-mantiene-los-controles-en-carreteras-para-garantizar-la-seguridad-vial-de-los-salvadorenos\\\/\",\"url\":\"https:\\\/\\\/lagnoticias.com\\\/2025\\\/11\\\/20\\\/viceministerio-de-transporte-mantiene-los-controles-en-carreteras-para-garantizar-la-seguridad-vial-de-los-salvadorenos\\\/\",\"name\":\"Viceministerio de Transporte mantiene los controles en carreteras para garantizar la seguridad vial de los salvadore\u00f1os - La G Noticias\",\"isPartOf\":{\"@id\":\"https:\\\/\\\/lagnoticias.com\\\/#website\"},\"primaryImageOfPage\":{\"@id\":\"https:\\\/\\\/lagnoticias.com\\\/2025\\\/11\\\/20\\\/viceministerio-de-transporte-mantiene-los-controles-en-carreteras-para-garantizar-la-seguridad-vial-de-los-salvadorenos\\\/#primaryimage\"},\"image\":{\"@id\":\"https:\\\/\\\/lagnoticias.com\\\/2025\\\/11\\\/20\\\/viceministerio-de-transporte-mantiene-los-controles-en-carreteras-para-garantizar-la-seguridad-vial-de-los-salvadorenos\\\/#primaryimage\"},\"thumbnailUrl\":\"https:\\\/\\\/lagnoticias.com\\\/wp-content\\\/uploads\\\/2025\\\/11\\\/6-19-scaled.jpg\",\"datePublished\":\"2025-11-20T20:42:31+00:00\",\"dateModified\":\"2025-11-20T20:42:32+00:00\",\"author\":{\"@id\":\"https:\\\/\\\/lagnoticias.com\\\/#\\\/schema\\\/person\\\/cb9bfe13f8de05d2c55270be25c6a550\"},\"breadcrumb\":{\"@id\":\"https:\\\/\\\/lagnoticias.com\\\/2025\\\/11\\\/20\\\/viceministerio-de-transporte-mantiene-los-controles-en-carreteras-para-garantizar-la-seguridad-vial-de-los-salvadorenos\\\/#breadcrumb\"},\"inLanguage\":\"en-US\",\"potentialAction\":[{\"@type\":\"ReadAction\",\"target\":[\"https:\\\/\\\/lagnoticias.com\\\/2025\\\/11\\\/20\\\/viceministerio-de-transporte-mantiene-los-controles-en-carreteras-para-garantizar-la-seguridad-vial-de-los-salvadorenos\\\/\"]}]},{\"@type\":\"ImageObject\",\"inLanguage\":\"en-US\",\"@id\":\"https:\\\/\\\/lagnoticias.com\\\/2025\\\/11\\\/20\\\/viceministerio-de-transporte-mantiene-los-controles-en-carreteras-para-garantizar-la-seguridad-vial-de-los-salvadorenos\\\/#primaryimage\",\"url\":\"https:\\\/\\\/lagnoticias.com\\\/wp-content\\\/uploads\\\/2025\\\/11\\\/6-19-scaled.jpg\",\"contentUrl\":\"https:\\\/\\\/lagnoticias.com\\\/wp-content\\\/uploads\\\/2025\\\/11\\\/6-19-scaled.jpg\",\"width\":2560,\"height\":1707},{\"@type\":\"BreadcrumbList\",\"@id\":\"https:\\\/\\\/lagnoticias.com\\\/2025\\\/11\\\/20\\\/viceministerio-de-transporte-mantiene-los-controles-en-carreteras-para-garantizar-la-seguridad-vial-de-los-salvadorenos\\\/#breadcrumb\",\"itemListElement\":[{\"@type\":\"ListItem\",\"position\":1,\"name\":\"Portada\",\"item\":\"https:\\\/\\\/lagnoticias.com\\\/\"},{\"@type\":\"ListItem\",\"position\":2,\"name\":\"Viceministerio de Transporte mantiene los controles en carreteras para garantizar la seguridad vial de los salvadore\u00f1os\"}]},{\"@type\":\"WebSite\",\"@id\":\"https:\\\/\\\/lagnoticias.com\\\/#website\",\"url\":\"https:\\\/\\\/lagnoticias.com\\\/\",\"name\":\"La G Noticias\",\"description\":\"Noticias Positivas\",\"potentialAction\":[{\"@type\":\"SearchAction\",\"target\":{\"@type\":\"EntryPoint\",\"urlTemplate\":\"https:\\\/\\\/lagnoticias.com\\\/?s={search_term_string}\"},\"query-input\":{\"@type\":\"PropertyValueSpecification\",\"valueRequired\":true,\"valueName\":\"search_term_string\"}}],\"inLanguage\":\"en-US\"},{\"@type\":\"Person\",\"@id\":\"https:\\\/\\\/lagnoticias.com\\\/#\\\/schema\\\/person\\\/cb9bfe13f8de05d2c55270be25c6a550\",\"name\":\"Oscar\",\"image\":{\"@type\":\"ImageObject\",\"inLanguage\":\"en-US\",\"@id\":\"https:\\\/\\\/secure.gravatar.com\\\/avatar\\\/45c195718f652dc7ffdd591dc1f2678956ab7fdadcd359a635edc61304a8c757?s=96&d=mm&r=g\",\"url\":\"https:\\\/\\\/secure.gravatar.com\\\/avatar\\\/45c195718f652dc7ffdd591dc1f2678956ab7fdadcd359a635edc61304a8c757?s=96&d=mm&r=g\",\"contentUrl\":\"https:\\\/\\\/secure.gravatar.com\\\/avatar\\\/45c195718f652dc7ffdd591dc1f2678956ab7fdadcd359a635edc61304a8c757?s=96&d=mm&r=g\",\"caption\":\"Oscar\"},\"url\":\"https:\\\/\\\/lagnoticias.com\\\/en\\\/author\\\/oscar\\\/\"}]}<\/script>\n<!-- \/ Yoast SEO plugin. -->","yoast_head_json":{"title":"Viceministerio de Transporte mantiene los controles en carreteras para garantizar la seguridad vial de los salvadore\u00f1os - La G Noticias","robots":{"index":"index","follow":"follow","max-snippet":"max-snippet:-1","max-image-preview":"max-image-preview:large","max-video-preview":"max-video-preview:-1"},"canonical":"https:\/\/lagnoticias.com\/en\/2025\/11\/20\/viceministerio-de-transporte-mantiene-los-controles-en-carreteras-para-garantizar-la-seguridad-vial-de-los-salvadorenos\/","og_locale":"en_US","og_type":"article","og_title":"Viceministerio de Transporte mantiene los controles en carreteras para garantizar la seguridad vial de los salvadore\u00f1os - La G Noticias","og_description":"El director de Tr\u00e1nsito Terrestre del Viceministerio de Transporte, F\u00e9lix Serrano, enfatiz\u00f3 en las medidas que implementan para prevenir accidentes&nbsp;de tr\u00e1nsito y reducir el n\u00famero de fatalidades y lesionados&nbsp; \u201cLos controles que establecemos en las carreteras buscan identificar casos de personas que no portan la documentaci\u00f3n en regla, es un esfuerzo que hacemos en conjunto [&hellip;]","og_url":"https:\/\/lagnoticias.com\/en\/2025\/11\/20\/viceministerio-de-transporte-mantiene-los-controles-en-carreteras-para-garantizar-la-seguridad-vial-de-los-salvadorenos\/","og_site_name":"La G Noticias","article_publisher":"https:\/\/www.facebook.com\/LaGNoticias","article_published_time":"2025-11-20T20:42:31+00:00","article_modified_time":"2025-11-20T20:42:32+00:00","og_image":[{"width":2560,"height":1707,"url":"https:\/\/lagnoticias.com\/wp-content\/uploads\/2025\/11\/6-19-scaled.jpg","type":"image\/jpeg"}],"author":"Oscar","twitter_card":"summary_large_image","twitter_creator":"@lagnoticias","twitter_site":"@lagnoticias","twitter_misc":{"Written by":"Oscar","Est. reading time":"2 minutes"},"schema":{"@context":"https:\/\/schema.org","@graph":[{"@type":"Article","@id":"https:\/\/lagnoticias.com\/2025\/11\/20\/viceministerio-de-transporte-mantiene-los-controles-en-carreteras-para-garantizar-la-seguridad-vial-de-los-salvadorenos\/#article","isPartOf":{"@id":"https:\/\/lagnoticias.com\/2025\/11\/20\/viceministerio-de-transporte-mantiene-los-controles-en-carreteras-para-garantizar-la-seguridad-vial-de-los-salvadorenos\/"},"author":{"name":"Oscar","@id":"https:\/\/lagnoticias.com\/#\/schema\/person\/cb9bfe13f8de05d2c55270be25c6a550"},"headline":"Viceministerio de Transporte mantiene los controles en carreteras para garantizar la seguridad vial de los salvadore\u00f1os","datePublished":"2025-11-20T20:42:31+00:00","dateModified":"2025-11-20T20:42:32+00:00","mainEntityOfPage":{"@id":"https:\/\/lagnoticias.com\/2025\/11\/20\/viceministerio-de-transporte-mantiene-los-controles-en-carreteras-para-garantizar-la-seguridad-vial-de-los-salvadorenos\/"},"wordCount":321,"commentCount":0,"image":{"@id":"https:\/\/lagnoticias.com\/2025\/11\/20\/viceministerio-de-transporte-mantiene-los-controles-en-carreteras-para-garantizar-la-seguridad-vial-de-los-salvadorenos\/#primaryimage"},"thumbnailUrl":"https:\/\/lagnoticias.com\/wp-content\/uploads\/2025\/11\/6-19-scaled.jpg","keywords":["accidentes de tr\u00e1nsito","EL SALVADOR","FOTOMULTAS","GOBIERNO DE EL SALVADOR","MULTAS","VICEMINISTERIO DE TRANSPORTE"],"articleSection":["NACIONALES"],"inLanguage":"en-US","potentialAction":[{"@type":"CommentAction","name":"Comment","target":["https:\/\/lagnoticias.com\/2025\/11\/20\/viceministerio-de-transporte-mantiene-los-controles-en-carreteras-para-garantizar-la-seguridad-vial-de-los-salvadorenos\/#respond"]}]},{"@type":"WebPage","@id":"https:\/\/lagnoticias.com\/2025\/11\/20\/viceministerio-de-transporte-mantiene-los-controles-en-carreteras-para-garantizar-la-seguridad-vial-de-los-salvadorenos\/","url":"https:\/\/lagnoticias.com\/2025\/11\/20\/viceministerio-de-transporte-mantiene-los-controles-en-carreteras-para-garantizar-la-seguridad-vial-de-los-salvadorenos\/","name":"Viceministerio de Transporte mantiene los controles en carreteras para garantizar la seguridad vial de los salvadore\u00f1os - La G Noticias","isPartOf":{"@id":"https:\/\/lagnoticias.com\/#website"},"primaryImageOfPage":{"@id":"https:\/\/lagnoticias.com\/2025\/11\/20\/viceministerio-de-transporte-mantiene-los-controles-en-carreteras-para-garantizar-la-seguridad-vial-de-los-salvadorenos\/#primaryimage"},"image":{"@id":"https:\/\/lagnoticias.com\/2025\/11\/20\/viceministerio-de-transporte-mantiene-los-controles-en-carreteras-para-garantizar-la-seguridad-vial-de-los-salvadorenos\/#primaryimage"},"thumbnailUrl":"https:\/\/lagnoticias.com\/wp-content\/uploads\/2025\/11\/6-19-scaled.jpg","datePublished":"2025-11-20T20:42:31+00:00","dateModified":"2025-11-20T20:42:32+00:00","author":{"@id":"https:\/\/lagnoticias.com\/#\/schema\/person\/cb9bfe13f8de05d2c55270be25c6a550"},"breadcrumb":{"@id":"https:\/\/lagnoticias.com\/2025\/11\/20\/viceministerio-de-transporte-mantiene-los-controles-en-carreteras-para-garantizar-la-seguridad-vial-de-los-salvadorenos\/#breadcrumb"},"inLanguage":"en-US","potentialAction":[{"@type":"ReadAction","target":["https:\/\/lagnoticias.com\/2025\/11\/20\/viceministerio-de-transporte-mantiene-los-controles-en-carreteras-para-garantizar-la-seguridad-vial-de-los-salvadorenos\/"]}]},{"@type":"ImageObject","inLanguage":"en-US","@id":"https:\/\/lagnoticias.com\/2025\/11\/20\/viceministerio-de-transporte-mantiene-los-controles-en-carreteras-para-garantizar-la-seguridad-vial-de-los-salvadorenos\/#primaryimage","url":"https:\/\/lagnoticias.com\/wp-content\/uploads\/2025\/11\/6-19-scaled.jpg","contentUrl":"https:\/\/lagnoticias.com\/wp-content\/uploads\/2025\/11\/6-19-scaled.jpg","width":2560,"height":1707},{"@type":"BreadcrumbList","@id":"https:\/\/lagnoticias.com\/2025\/11\/20\/viceministerio-de-transporte-mantiene-los-controles-en-carreteras-para-garantizar-la-seguridad-vial-de-los-salvadorenos\/#breadcrumb","itemListElement":[{"@type":"ListItem","position":1,"name":"Portada","item":"https:\/\/lagnoticias.com\/"},{"@type":"ListItem","position":2,"name":"Viceministerio de Transporte mantiene los controles en carreteras para garantizar la seguridad vial de los salvadore\u00f1os"}]},{"@type":"WebSite","@id":"https:\/\/lagnoticias.com\/#website","url":"https:\/\/lagnoticias.com\/","name":"La G Noticias","description":"Noticias Positivas","potentialAction":[{"@type":"SearchAction","target":{"@type":"EntryPoint","urlTemplate":"https:\/\/lagnoticias.com\/?s={search_term_string}"},"query-input":{"@type":"PropertyValueSpecification","valueRequired":true,"valueName":"search_term_string"}}],"inLanguage":"en-US"},{"@type":"Person","@id":"https:\/\/lagnoticias.com\/#\/schema\/person\/cb9bfe13f8de05d2c55270be25c6a550","name":"Oscar","image":{"@type":"ImageObject","inLanguage":"en-US","@id":"https:\/\/secure.gravatar.com\/avatar\/45c195718f652dc7ffdd591dc1f2678956ab7fdadcd359a635edc61304a8c757?s=96&d=mm&r=g","url":"https:\/\/secure.gravatar.com\/avatar\/45c195718f652dc7ffdd591dc1f2678956ab7fdadcd359a635edc61304a8c757?s=96&d=mm&r=g","contentUrl":"https:\/\/secure.gravatar.com\/avatar\/45c195718f652dc7ffdd591dc1f2678956ab7fdadcd359a635edc61304a8c757?s=96&d=mm&r=g","caption":"Oscar"},"url":"https:\/\/lagnoticias.com\/en\/author\/oscar\/"}]}},"_links":{"self":[{"href":"https:\/\/lagnoticias.com\/en\/wp-json\/wp\/v2\/posts\/7176","targetHints":{"allow":["GET"]}}],"collection":[{"href":"https:\/\/lagnoticias.com\/en\/wp-json\/wp\/v2\/posts"}],"about":[{"href":"https:\/\/lagnoticias.com\/en\/wp-json\/wp\/v2\/types\/post"}],"author":[{"embeddable":true,"href":"https:\/\/lagnoticias.com\/en\/wp-json\/wp\/v2\/users\/2"}],"replies":[{"embeddable":true,"href":"https:\/\/lagnoticias.com\/en\/wp-json\/wp\/v2\/comments?post=7176"}],"version-history":[{"count":1,"href":"https:\/\/lagnoticias.com\/en\/wp-json\/wp\/v2\/posts\/7176\/revisions"}],"predecessor-version":[{"id":7178,"href":"https:\/\/lagnoticias.com\/en\/wp-json\/wp\/v2\/posts\/7176\/revisions\/7178"}],"wp:featuredmedia":[{"embeddable":true,"href":"https:\/\/lagnoticias.com\/en\/wp-json\/wp\/v2\/media\/7177"}],"wp:attachment":[{"href":"https:\/\/lagnoticias.com\/en\/wp-json\/wp\/v2\/media?parent=7176"}],"wp:term":[{"taxonomy":"category","embeddable":true,"href":"https:\/\/lagnoticias.com\/en\/wp-json\/wp\/v2\/categories?post=7176"},{"taxonomy":"post_tag","embeddable":true,"href":"https:\/\/lagnoticias.com\/en\/wp-json\/wp\/v2\/tags?post=7176"}],"curies":[{"name":"wp","href":"https:\/\/api.w.org\/{rel}","templated":true}]}}