{"id":7152,"date":"2025-11-20T09:00:15","date_gmt":"2025-11-20T15:00:15","guid":{"rendered":"https:\/\/lagnoticias.com\/?p=7152"},"modified":"2025-11-21T11:23:19","modified_gmt":"2025-11-21T17:23:19","slug":"el-ministro-de-interior-de-venezuela-diosdado-cabello-niega-negociacion-para-un-cambio","status":"publish","type":"post","link":"https:\/\/lagnoticias.com\/en\/2025\/11\/20\/el-ministro-de-interior-de-venezuela-diosdado-cabello-niega-negociacion-para-un-cambio\/","title":{"rendered":"El ministro de Interior de\u00a0Venezuela, Diosdado Cabello, niega negociaci\u00f3n para un cambio"},"content":{"rendered":"<p>El ministro de Interior de&nbsp;Venezuela&nbsp;y n\u00famero dos del chavismo,&nbsp;Diosdado Cabello, neg\u00f3 que haya negociaciones para un cambio pol\u00edtico en su pa\u00eds, y asegur\u00f3 que \u00abnada puede poner en riesgo\u00bb al Gobierno de Nicol\u00e1s Maduro.<\/p>\n\n\n\n<p>En su programa semanal transmitido por el canal estatal Venezolana de Televisi\u00f3n (VTV), el funcionario tach\u00f3 de \u00abmentira\u00bb que el mandatario venezolano haya ofrecido a&nbsp;Estados Unidos&nbsp;\u00abque lo dejaran dos a\u00f1os m\u00e1s\u00bb en el poder.<\/p>\n\n\n\n<h2 class=\"wp-block-heading\">Investigaci\u00f3n publicada por el diario\u00a0The New York Times<\/h2>\n\n\n\n<p>Seg\u00fan una investigaci\u00f3n publicada el martes por el diario&nbsp;The New York Times, la Casa Blanca habr\u00eda rechazado una&nbsp;propuesta de Maduro de dimitir dentro de dos a\u00f1os, en el marco de negociaciones extraoficiales que habr\u00edan sido autorizadas por el presidente Donald Trump, para explorar soluciones a la crisis en Venezuela.<\/p>\n\n\n\n<p>El&nbsp;Times&nbsp;asegur\u00f3 que Trump dio \u00absu visto bueno\u00bb a los planes de la Agencia Central de Inteligencia (CIA) para operaciones que podr\u00edan tener como objetivo preparar un \u00abcampo de batalla para acciones futuras\u00bb y que rehabilitaron una comunicaci\u00f3n extraoficial con Maduro.<\/p>\n\n\n\n<p>El art\u00edculo cita a funcionarios que hablaron bajo anonimato y que conocieron que integrantes del Gobierno de Maduro supuestamente ofrecieron a la Administraci\u00f3n de Trump un proceso de transici\u00f3n de dos a tres a\u00f1os, con el objetivo de garantizar una renuncia ordenada. Sin embargo, la Casa Blanca considera inaceptable que la salida de Maduro del poder se postergue.<\/p>\n\n\n\n<p>Maduro acusa a Washington de buscar un \u00abcambio de r\u00e9gimen\u00bb en Venezuela a trav\u00e9s de la que denuncia como la \u00abamenaza\u00bb de EE.UU. en el mar Caribe, en referencia al&nbsp;despliegue militar que mantiene el pa\u00eds norteamericano&nbsp;en aguas cercanas a la naci\u00f3n petrolera.<\/p>\n\n\n\n<p>El lunes, Maduro asegur\u00f3 que atacar \u00abmilitarmente\u00bb a Venezuela ser\u00eda \u00abel fin pol\u00edtico\u00bb de Trump, pero se mostr\u00f3 dispuesto a hablar con \u00e9l \u00abface to face\u00bb (cara a cara).<\/p>\n\n\n\n<p>El presidente estadounidense declar\u00f3 el domingo que \u00abpodr\u00eda haber discusiones\u00bb con Maduro, \u00abporque Venezuela quiere hablar\u00bb, mientras que el viernes indic\u00f3 haber tomado ya una determinaci\u00f3n sobre qu\u00e9 medidas implementar con respecto al pa\u00eds caribe\u00f1o, sin dar m\u00e1s detalles.<\/p>","protected":false},"excerpt":{"rendered":"<p>El ministro del Interior venezolano calific\u00f3 de \u00abmentira\u00bb que el presidente Nicol\u00e1s Maduro le haya ofrecido a EE.UU. renunciar en dos a\u00f1os.<\/p>","protected":false},"author":2,"featured_media":7153,"comment_status":"open","ping_status":"open","sticky":false,"template":"","format":"standard","meta":{"_et_pb_use_builder":"","_et_pb_old_content":"","_et_gb_content_width":"","footnotes":""},"categories":[245],"tags":[1896,272,260,634,1519,346],"class_list":["post-7152","post","type-post","status-publish","format-standard","has-post-thumbnail","hentry","category-internacionales","tag-diosdado-cabello","tag-donald-trump","tag-estados-unidos","tag-nicolas-maduro","tag-the-new-york-times","tag-venezuela"],"yoast_head":"<!-- This site is optimized with the Yoast SEO plugin v27.4 - https:\/\/yoast.com\/product\/yoast-seo-wordpress\/ -->\n<title>El ministro de Interior de\u00a0Venezuela, Diosdado Cabello, niega negociaci\u00f3n para un cambio - La G Noticias<\/title>\n<meta name=\"robots\" content=\"index, follow, max-snippet:-1, max-image-preview:large, max-video-preview:-1\" \/>\n<link rel=\"canonical\" href=\"https:\/\/lagnoticias.com\/en\/2025\/11\/20\/el-ministro-de-interior-de-venezuela-diosdado-cabello-niega-negociacion-para-un-cambio\/\" \/>\n<meta property=\"og:locale\" content=\"en_US\" \/>\n<meta property=\"og:type\" content=\"article\" \/>\n<meta property=\"og:title\" content=\"El ministro de Interior de\u00a0Venezuela, Diosdado Cabello, niega negociaci\u00f3n para un cambio - La G Noticias\" \/>\n<meta property=\"og:description\" content=\"El ministro del Interior venezolano calific\u00f3 de &quot;mentira&quot; que el presidente Nicol\u00e1s Maduro le haya ofrecido a EE.UU. renunciar en dos a\u00f1os.\" \/>\n<meta property=\"og:url\" content=\"https:\/\/lagnoticias.com\/en\/2025\/11\/20\/el-ministro-de-interior-de-venezuela-diosdado-cabello-niega-negociacion-para-un-cambio\/\" \/>\n<meta property=\"og:site_name\" content=\"La G Noticias\" \/>\n<meta property=\"article:publisher\" content=\"https:\/\/www.facebook.com\/LaGNoticias\" \/>\n<meta property=\"article:published_time\" content=\"2025-11-20T15:00:15+00:00\" \/>\n<meta property=\"article:modified_time\" content=\"2025-11-21T17:23:19+00:00\" \/>\n<meta property=\"og:image\" content=\"https:\/\/lagnoticias.com\/wp-content\/uploads\/2025\/11\/7-14.jpg\" \/>\n\t<meta property=\"og:image:width\" content=\"568\" \/>\n\t<meta property=\"og:image:height\" content=\"319\" \/>\n\t<meta property=\"og:image:type\" content=\"image\/jpeg\" \/>\n<meta name=\"author\" content=\"Oscar\" \/>\n<meta name=\"twitter:card\" content=\"summary_large_image\" \/>\n<meta name=\"twitter:creator\" content=\"@lagnoticias\" \/>\n<meta name=\"twitter:site\" content=\"@lagnoticias\" \/>\n<meta name=\"twitter:label1\" content=\"Written by\" \/>\n\t<meta name=\"twitter:data1\" content=\"Oscar\" \/>\n\t<meta name=\"twitter:label2\" content=\"Est. reading time\" \/>\n\t<meta name=\"twitter:data2\" content=\"2 minutes\" \/>\n<script type=\"application\/ld+json\" class=\"yoast-schema-graph\">{\"@context\":\"https:\\\/\\\/schema.org\",\"@graph\":[{\"@type\":\"Article\",\"@id\":\"https:\\\/\\\/lagnoticias.com\\\/2025\\\/11\\\/20\\\/el-ministro-de-interior-de-venezuela-diosdado-cabello-niega-negociacion-para-un-cambio\\\/#article\",\"isPartOf\":{\"@id\":\"https:\\\/\\\/lagnoticias.com\\\/2025\\\/11\\\/20\\\/el-ministro-de-interior-de-venezuela-diosdado-cabello-niega-negociacion-para-un-cambio\\\/\"},\"author\":{\"name\":\"Oscar\",\"@id\":\"https:\\\/\\\/lagnoticias.com\\\/#\\\/schema\\\/person\\\/cb9bfe13f8de05d2c55270be25c6a550\"},\"headline\":\"El ministro de Interior de\u00a0Venezuela, Diosdado Cabello, niega negociaci\u00f3n para un cambio\",\"datePublished\":\"2025-11-20T15:00:15+00:00\",\"dateModified\":\"2025-11-21T17:23:19+00:00\",\"mainEntityOfPage\":{\"@id\":\"https:\\\/\\\/lagnoticias.com\\\/2025\\\/11\\\/20\\\/el-ministro-de-interior-de-venezuela-diosdado-cabello-niega-negociacion-para-un-cambio\\\/\"},\"wordCount\":401,\"commentCount\":0,\"image\":{\"@id\":\"https:\\\/\\\/lagnoticias.com\\\/2025\\\/11\\\/20\\\/el-ministro-de-interior-de-venezuela-diosdado-cabello-niega-negociacion-para-un-cambio\\\/#primaryimage\"},\"thumbnailUrl\":\"https:\\\/\\\/lagnoticias.com\\\/wp-content\\\/uploads\\\/2025\\\/11\\\/7-14.jpg\",\"keywords\":[\"DIOSDADO CABELLO\",\"DONALD TRUMP\",\"ESTADOS UNIDOS\",\"NICOL\u00c1S MADURO\",\"THE NEW YORK TIMES\",\"VENEZUELA\"],\"articleSection\":[\"INTERNACIONALES\"],\"inLanguage\":\"en-US\",\"potentialAction\":[{\"@type\":\"CommentAction\",\"name\":\"Comment\",\"target\":[\"https:\\\/\\\/lagnoticias.com\\\/2025\\\/11\\\/20\\\/el-ministro-de-interior-de-venezuela-diosdado-cabello-niega-negociacion-para-un-cambio\\\/#respond\"]}]},{\"@type\":\"WebPage\",\"@id\":\"https:\\\/\\\/lagnoticias.com\\\/2025\\\/11\\\/20\\\/el-ministro-de-interior-de-venezuela-diosdado-cabello-niega-negociacion-para-un-cambio\\\/\",\"url\":\"https:\\\/\\\/lagnoticias.com\\\/2025\\\/11\\\/20\\\/el-ministro-de-interior-de-venezuela-diosdado-cabello-niega-negociacion-para-un-cambio\\\/\",\"name\":\"El ministro de Interior de\u00a0Venezuela, Diosdado Cabello, niega negociaci\u00f3n para un cambio - La G Noticias\",\"isPartOf\":{\"@id\":\"https:\\\/\\\/lagnoticias.com\\\/#website\"},\"primaryImageOfPage\":{\"@id\":\"https:\\\/\\\/lagnoticias.com\\\/2025\\\/11\\\/20\\\/el-ministro-de-interior-de-venezuela-diosdado-cabello-niega-negociacion-para-un-cambio\\\/#primaryimage\"},\"image\":{\"@id\":\"https:\\\/\\\/lagnoticias.com\\\/2025\\\/11\\\/20\\\/el-ministro-de-interior-de-venezuela-diosdado-cabello-niega-negociacion-para-un-cambio\\\/#primaryimage\"},\"thumbnailUrl\":\"https:\\\/\\\/lagnoticias.com\\\/wp-content\\\/uploads\\\/2025\\\/11\\\/7-14.jpg\",\"datePublished\":\"2025-11-20T15:00:15+00:00\",\"dateModified\":\"2025-11-21T17:23:19+00:00\",\"author\":{\"@id\":\"https:\\\/\\\/lagnoticias.com\\\/#\\\/schema\\\/person\\\/cb9bfe13f8de05d2c55270be25c6a550\"},\"breadcrumb\":{\"@id\":\"https:\\\/\\\/lagnoticias.com\\\/2025\\\/11\\\/20\\\/el-ministro-de-interior-de-venezuela-diosdado-cabello-niega-negociacion-para-un-cambio\\\/#breadcrumb\"},\"inLanguage\":\"en-US\",\"potentialAction\":[{\"@type\":\"ReadAction\",\"target\":[\"https:\\\/\\\/lagnoticias.com\\\/2025\\\/11\\\/20\\\/el-ministro-de-interior-de-venezuela-diosdado-cabello-niega-negociacion-para-un-cambio\\\/\"]}]},{\"@type\":\"ImageObject\",\"inLanguage\":\"en-US\",\"@id\":\"https:\\\/\\\/lagnoticias.com\\\/2025\\\/11\\\/20\\\/el-ministro-de-interior-de-venezuela-diosdado-cabello-niega-negociacion-para-un-cambio\\\/#primaryimage\",\"url\":\"https:\\\/\\\/lagnoticias.com\\\/wp-content\\\/uploads\\\/2025\\\/11\\\/7-14.jpg\",\"contentUrl\":\"https:\\\/\\\/lagnoticias.com\\\/wp-content\\\/uploads\\\/2025\\\/11\\\/7-14.jpg\",\"width\":568,\"height\":319},{\"@type\":\"BreadcrumbList\",\"@id\":\"https:\\\/\\\/lagnoticias.com\\\/2025\\\/11\\\/20\\\/el-ministro-de-interior-de-venezuela-diosdado-cabello-niega-negociacion-para-un-cambio\\\/#breadcrumb\",\"itemListElement\":[{\"@type\":\"ListItem\",\"position\":1,\"name\":\"Portada\",\"item\":\"https:\\\/\\\/lagnoticias.com\\\/\"},{\"@type\":\"ListItem\",\"position\":2,\"name\":\"El ministro de Interior de\u00a0Venezuela, Diosdado Cabello, niega negociaci\u00f3n para un cambio\"}]},{\"@type\":\"WebSite\",\"@id\":\"https:\\\/\\\/lagnoticias.com\\\/#website\",\"url\":\"https:\\\/\\\/lagnoticias.com\\\/\",\"name\":\"La G Noticias\",\"description\":\"Noticias Positivas\",\"potentialAction\":[{\"@type\":\"SearchAction\",\"target\":{\"@type\":\"EntryPoint\",\"urlTemplate\":\"https:\\\/\\\/lagnoticias.com\\\/?s={search_term_string}\"},\"query-input\":{\"@type\":\"PropertyValueSpecification\",\"valueRequired\":true,\"valueName\":\"search_term_string\"}}],\"inLanguage\":\"en-US\"},{\"@type\":\"Person\",\"@id\":\"https:\\\/\\\/lagnoticias.com\\\/#\\\/schema\\\/person\\\/cb9bfe13f8de05d2c55270be25c6a550\",\"name\":\"Oscar\",\"image\":{\"@type\":\"ImageObject\",\"inLanguage\":\"en-US\",\"@id\":\"https:\\\/\\\/secure.gravatar.com\\\/avatar\\\/45c195718f652dc7ffdd591dc1f2678956ab7fdadcd359a635edc61304a8c757?s=96&d=mm&r=g\",\"url\":\"https:\\\/\\\/secure.gravatar.com\\\/avatar\\\/45c195718f652dc7ffdd591dc1f2678956ab7fdadcd359a635edc61304a8c757?s=96&d=mm&r=g\",\"contentUrl\":\"https:\\\/\\\/secure.gravatar.com\\\/avatar\\\/45c195718f652dc7ffdd591dc1f2678956ab7fdadcd359a635edc61304a8c757?s=96&d=mm&r=g\",\"caption\":\"Oscar\"},\"url\":\"https:\\\/\\\/lagnoticias.com\\\/en\\\/author\\\/oscar\\\/\"}]}<\/script>\n<!-- \/ Yoast SEO plugin. -->","yoast_head_json":{"title":"El ministro de Interior de\u00a0Venezuela, Diosdado Cabello, niega negociaci\u00f3n para un cambio - La G Noticias","robots":{"index":"index","follow":"follow","max-snippet":"max-snippet:-1","max-image-preview":"max-image-preview:large","max-video-preview":"max-video-preview:-1"},"canonical":"https:\/\/lagnoticias.com\/en\/2025\/11\/20\/el-ministro-de-interior-de-venezuela-diosdado-cabello-niega-negociacion-para-un-cambio\/","og_locale":"en_US","og_type":"article","og_title":"El ministro de Interior de\u00a0Venezuela, Diosdado Cabello, niega negociaci\u00f3n para un cambio - La G Noticias","og_description":"El ministro del Interior venezolano calific\u00f3 de \"mentira\" que el presidente Nicol\u00e1s Maduro le haya ofrecido a EE.UU. renunciar en dos a\u00f1os.","og_url":"https:\/\/lagnoticias.com\/en\/2025\/11\/20\/el-ministro-de-interior-de-venezuela-diosdado-cabello-niega-negociacion-para-un-cambio\/","og_site_name":"La G Noticias","article_publisher":"https:\/\/www.facebook.com\/LaGNoticias","article_published_time":"2025-11-20T15:00:15+00:00","article_modified_time":"2025-11-21T17:23:19+00:00","og_image":[{"width":568,"height":319,"url":"https:\/\/lagnoticias.com\/wp-content\/uploads\/2025\/11\/7-14.jpg","type":"image\/jpeg"}],"author":"Oscar","twitter_card":"summary_large_image","twitter_creator":"@lagnoticias","twitter_site":"@lagnoticias","twitter_misc":{"Written by":"Oscar","Est. reading time":"2 minutes"},"schema":{"@context":"https:\/\/schema.org","@graph":[{"@type":"Article","@id":"https:\/\/lagnoticias.com\/2025\/11\/20\/el-ministro-de-interior-de-venezuela-diosdado-cabello-niega-negociacion-para-un-cambio\/#article","isPartOf":{"@id":"https:\/\/lagnoticias.com\/2025\/11\/20\/el-ministro-de-interior-de-venezuela-diosdado-cabello-niega-negociacion-para-un-cambio\/"},"author":{"name":"Oscar","@id":"https:\/\/lagnoticias.com\/#\/schema\/person\/cb9bfe13f8de05d2c55270be25c6a550"},"headline":"El ministro de Interior de\u00a0Venezuela, Diosdado Cabello, niega negociaci\u00f3n para un cambio","datePublished":"2025-11-20T15:00:15+00:00","dateModified":"2025-11-21T17:23:19+00:00","mainEntityOfPage":{"@id":"https:\/\/lagnoticias.com\/2025\/11\/20\/el-ministro-de-interior-de-venezuela-diosdado-cabello-niega-negociacion-para-un-cambio\/"},"wordCount":401,"commentCount":0,"image":{"@id":"https:\/\/lagnoticias.com\/2025\/11\/20\/el-ministro-de-interior-de-venezuela-diosdado-cabello-niega-negociacion-para-un-cambio\/#primaryimage"},"thumbnailUrl":"https:\/\/lagnoticias.com\/wp-content\/uploads\/2025\/11\/7-14.jpg","keywords":["DIOSDADO CABELLO","DONALD TRUMP","ESTADOS UNIDOS","NICOL\u00c1S MADURO","THE NEW YORK TIMES","VENEZUELA"],"articleSection":["INTERNACIONALES"],"inLanguage":"en-US","potentialAction":[{"@type":"CommentAction","name":"Comment","target":["https:\/\/lagnoticias.com\/2025\/11\/20\/el-ministro-de-interior-de-venezuela-diosdado-cabello-niega-negociacion-para-un-cambio\/#respond"]}]},{"@type":"WebPage","@id":"https:\/\/lagnoticias.com\/2025\/11\/20\/el-ministro-de-interior-de-venezuela-diosdado-cabello-niega-negociacion-para-un-cambio\/","url":"https:\/\/lagnoticias.com\/2025\/11\/20\/el-ministro-de-interior-de-venezuela-diosdado-cabello-niega-negociacion-para-un-cambio\/","name":"El ministro de Interior de\u00a0Venezuela, Diosdado Cabello, niega negociaci\u00f3n para un cambio - La G Noticias","isPartOf":{"@id":"https:\/\/lagnoticias.com\/#website"},"primaryImageOfPage":{"@id":"https:\/\/lagnoticias.com\/2025\/11\/20\/el-ministro-de-interior-de-venezuela-diosdado-cabello-niega-negociacion-para-un-cambio\/#primaryimage"},"image":{"@id":"https:\/\/lagnoticias.com\/2025\/11\/20\/el-ministro-de-interior-de-venezuela-diosdado-cabello-niega-negociacion-para-un-cambio\/#primaryimage"},"thumbnailUrl":"https:\/\/lagnoticias.com\/wp-content\/uploads\/2025\/11\/7-14.jpg","datePublished":"2025-11-20T15:00:15+00:00","dateModified":"2025-11-21T17:23:19+00:00","author":{"@id":"https:\/\/lagnoticias.com\/#\/schema\/person\/cb9bfe13f8de05d2c55270be25c6a550"},"breadcrumb":{"@id":"https:\/\/lagnoticias.com\/2025\/11\/20\/el-ministro-de-interior-de-venezuela-diosdado-cabello-niega-negociacion-para-un-cambio\/#breadcrumb"},"inLanguage":"en-US","potentialAction":[{"@type":"ReadAction","target":["https:\/\/lagnoticias.com\/2025\/11\/20\/el-ministro-de-interior-de-venezuela-diosdado-cabello-niega-negociacion-para-un-cambio\/"]}]},{"@type":"ImageObject","inLanguage":"en-US","@id":"https:\/\/lagnoticias.com\/2025\/11\/20\/el-ministro-de-interior-de-venezuela-diosdado-cabello-niega-negociacion-para-un-cambio\/#primaryimage","url":"https:\/\/lagnoticias.com\/wp-content\/uploads\/2025\/11\/7-14.jpg","contentUrl":"https:\/\/lagnoticias.com\/wp-content\/uploads\/2025\/11\/7-14.jpg","width":568,"height":319},{"@type":"BreadcrumbList","@id":"https:\/\/lagnoticias.com\/2025\/11\/20\/el-ministro-de-interior-de-venezuela-diosdado-cabello-niega-negociacion-para-un-cambio\/#breadcrumb","itemListElement":[{"@type":"ListItem","position":1,"name":"Portada","item":"https:\/\/lagnoticias.com\/"},{"@type":"ListItem","position":2,"name":"El ministro de Interior de\u00a0Venezuela, Diosdado Cabello, niega negociaci\u00f3n para un cambio"}]},{"@type":"WebSite","@id":"https:\/\/lagnoticias.com\/#website","url":"https:\/\/lagnoticias.com\/","name":"La G Noticias","description":"Noticias Positivas","potentialAction":[{"@type":"SearchAction","target":{"@type":"EntryPoint","urlTemplate":"https:\/\/lagnoticias.com\/?s={search_term_string}"},"query-input":{"@type":"PropertyValueSpecification","valueRequired":true,"valueName":"search_term_string"}}],"inLanguage":"en-US"},{"@type":"Person","@id":"https:\/\/lagnoticias.com\/#\/schema\/person\/cb9bfe13f8de05d2c55270be25c6a550","name":"Oscar","image":{"@type":"ImageObject","inLanguage":"en-US","@id":"https:\/\/secure.gravatar.com\/avatar\/45c195718f652dc7ffdd591dc1f2678956ab7fdadcd359a635edc61304a8c757?s=96&d=mm&r=g","url":"https:\/\/secure.gravatar.com\/avatar\/45c195718f652dc7ffdd591dc1f2678956ab7fdadcd359a635edc61304a8c757?s=96&d=mm&r=g","contentUrl":"https:\/\/secure.gravatar.com\/avatar\/45c195718f652dc7ffdd591dc1f2678956ab7fdadcd359a635edc61304a8c757?s=96&d=mm&r=g","caption":"Oscar"},"url":"https:\/\/lagnoticias.com\/en\/author\/oscar\/"}]}},"_links":{"self":[{"href":"https:\/\/lagnoticias.com\/en\/wp-json\/wp\/v2\/posts\/7152","targetHints":{"allow":["GET"]}}],"collection":[{"href":"https:\/\/lagnoticias.com\/en\/wp-json\/wp\/v2\/posts"}],"about":[{"href":"https:\/\/lagnoticias.com\/en\/wp-json\/wp\/v2\/types\/post"}],"author":[{"embeddable":true,"href":"https:\/\/lagnoticias.com\/en\/wp-json\/wp\/v2\/users\/2"}],"replies":[{"embeddable":true,"href":"https:\/\/lagnoticias.com\/en\/wp-json\/wp\/v2\/comments?post=7152"}],"version-history":[{"count":1,"href":"https:\/\/lagnoticias.com\/en\/wp-json\/wp\/v2\/posts\/7152\/revisions"}],"predecessor-version":[{"id":7154,"href":"https:\/\/lagnoticias.com\/en\/wp-json\/wp\/v2\/posts\/7152\/revisions\/7154"}],"wp:featuredmedia":[{"embeddable":true,"href":"https:\/\/lagnoticias.com\/en\/wp-json\/wp\/v2\/media\/7153"}],"wp:attachment":[{"href":"https:\/\/lagnoticias.com\/en\/wp-json\/wp\/v2\/media?parent=7152"}],"wp:term":[{"taxonomy":"category","embeddable":true,"href":"https:\/\/lagnoticias.com\/en\/wp-json\/wp\/v2\/categories?post=7152"},{"taxonomy":"post_tag","embeddable":true,"href":"https:\/\/lagnoticias.com\/en\/wp-json\/wp\/v2\/tags?post=7152"}],"curies":[{"name":"wp","href":"https:\/\/api.w.org\/{rel}","templated":true}]}}