{"id":7105,"date":"2025-11-18T10:35:34","date_gmt":"2025-11-18T16:35:34","guid":{"rendered":"https:\/\/lagnoticias.com\/?p=7105"},"modified":"2025-11-19T12:07:59","modified_gmt":"2025-11-19T18:07:59","slug":"autoridades-lanzan-plan-polvora-2025-para-garantizar-festividades-seguras","status":"publish","type":"post","link":"https:\/\/lagnoticias.com\/en\/2025\/11\/18\/autoridades-lanzan-plan-polvora-2025-para-garantizar-festividades-seguras\/","title":{"rendered":"Autoridades lanzan Plan P\u00f3lvora 2025 para garantizar festividades seguras"},"content":{"rendered":"<p>La Alcald\u00eda de San Salvador Centro, a trav\u00e9s de la Comisi\u00f3n Municipal de Protecci\u00f3n Civil, present\u00f3 el Plan P\u00f3lvora 2025, con el prop\u00f3sito de garantizar unas fiestas navide\u00f1as seguras para la ciudadan\u00eda y el sector comercial.<\/p>\n\n\n\n<p>El director de Protecci\u00f3n Civil Municipal, Willian Hern\u00e1ndez, inform\u00f3 que para esta temporada se habilitar\u00e1n diversos puntos de venta de productos pirot\u00e9cnicos, todos bajo estrictas medidas de prevenci\u00f3n.<\/p>\n\n\n\n<p>Hern\u00e1ndez agreg\u00f3 que se ha autorizado la instalaci\u00f3n de 15 puntos de venta en zonas estrat\u00e9gicas del municipio. En total, 305 comerciantes ofrecer\u00e1n sus productos de forma ordenada y segura, cumpliendo con las disposiciones de protecci\u00f3n.<\/p>\n\n\n\n<p>El funcionario resalt\u00f3 que todos los comerciantes han sido capacitados por la Divisi\u00f3n de Armas y Explosivos de la Polic\u00eda Nacional Civil (DAE-PNC), el Cuerpo de Bomberos y Protecci\u00f3n Civil Nacional, a fin de garantizar el cumplimiento de las normas de seguridad.<\/p>\n\n\n\n<p>La municipalidad ha verificado que la instalaci\u00f3n de los puestos se realice \u00fanicamente en espacios seguros, con el objetivo de ofrecer a los compradores un entorno de tranquilidad y limpieza.<\/p>\n\n\n\n<h2 class=\"wp-block-heading\">Los puntos habilitados en la capital estar\u00e1n ubicados en:<\/h2>\n\n\n\n<ul class=\"wp-block-list\">\n<li>Redondel Don R\u00faa<\/li>\n\n\n\n<li>Redondel Baden Powell<\/li>\n\n\n\n<li>Tri\u00e1ngulo de la calle Motocross<\/li>\n\n\n\n<li>Plaza Masferrer<\/li>\n\n\n\n<li>Calle a Huiz\u00facar<\/li>\n\n\n\n<li>Calle Ram\u00f3n Belloso, en San Jacinto<\/li>\n\n\n\n<li>17.\u00aa avenida Sur<\/li>\n\n\n\n<li>Barrio Santa Anita<\/li>\n\n\n\n<li>Parque Centenario<\/li>\n<\/ul>\n\n\n\n<p>Asimismo, la Unidad T\u00e9cnica del Comercio en el Espacio P\u00fablico (UTCEP) ha autorizado 126 puestos temporales sobre la 4.\u00aa calle Poniente.<\/p>\n\n\n\n<p>En el distrito de Mejicanos, se habilitar\u00e1n 25 puestos en el redondel Schafik Handal, sobre el bulevar Constituci\u00f3n, y 30 m\u00e1s en la avenida Juan Aberle, adem\u00e1s de otros espacios cercanos al redondel Sant\u00edsima Trinidad y al cementerio de Ayutuxtepeque.<\/p>\n\n\n\n<p>En Ciudad Delgado, 15 comerciantes se instalar\u00e1n en el parque urbano del distrito y 10 adicionales en el barrio San Sebasti\u00e1n.<\/p>\n\n\n\n<p>En Cuscatancingo, los puntos autorizados estar\u00e1n ubicados en el Centro Integral de Conveniencia Mariona, Villa Mariona 2 y frente al mercado municipal.<\/p>","protected":false},"excerpt":{"rendered":"<p>La Alcald\u00eda de San Salvador Centro, a trav\u00e9s de la Comisi\u00f3n Municipal de Protecci\u00f3n Civil, present\u00f3 el Plan P\u00f3lvora 2025, con el prop\u00f3sito de garantizar unas fiestas navide\u00f1as seguras para la ciudadan\u00eda y el sector comercial. El director de Protecci\u00f3n Civil Municipal, Willian Hern\u00e1ndez, inform\u00f3 que para esta temporada se habilitar\u00e1n diversos puntos de venta [&hellip;]<\/p>","protected":false},"author":2,"featured_media":7106,"comment_status":"open","ping_status":"open","sticky":false,"template":"","format":"standard","meta":{"_et_pb_use_builder":"off","_et_pb_old_content":"","_et_gb_content_width":"","footnotes":""},"categories":[244],"tags":[594,1885,408],"class_list":["post-7105","post","type-post","status-publish","format-standard","has-post-thumbnail","hentry","category-nacionales","tag-alcaldia-de-san-salvador","tag-plan-polvora-2025","tag-proteccion-civil"],"yoast_head":"<!-- This site is optimized with the Yoast SEO plugin v27.4 - https:\/\/yoast.com\/product\/yoast-seo-wordpress\/ -->\n<title>Autoridades lanzan Plan P\u00f3lvora 2025 para garantizar festividades seguras - La G Noticias<\/title>\n<meta name=\"robots\" content=\"index, follow, max-snippet:-1, max-image-preview:large, max-video-preview:-1\" \/>\n<link rel=\"canonical\" href=\"https:\/\/lagnoticias.com\/en\/2025\/11\/18\/autoridades-lanzan-plan-polvora-2025-para-garantizar-festividades-seguras\/\" \/>\n<meta property=\"og:locale\" content=\"en_US\" \/>\n<meta property=\"og:type\" content=\"article\" \/>\n<meta property=\"og:title\" content=\"Autoridades lanzan Plan P\u00f3lvora 2025 para garantizar festividades seguras - La G Noticias\" \/>\n<meta property=\"og:description\" content=\"La Alcald\u00eda de San Salvador Centro, a trav\u00e9s de la Comisi\u00f3n Municipal de Protecci\u00f3n Civil, present\u00f3 el Plan P\u00f3lvora 2025, con el prop\u00f3sito de garantizar unas fiestas navide\u00f1as seguras para la ciudadan\u00eda y el sector comercial. El director de Protecci\u00f3n Civil Municipal, Willian Hern\u00e1ndez, inform\u00f3 que para esta temporada se habilitar\u00e1n diversos puntos de venta [&hellip;]\" \/>\n<meta property=\"og:url\" content=\"https:\/\/lagnoticias.com\/en\/2025\/11\/18\/autoridades-lanzan-plan-polvora-2025-para-garantizar-festividades-seguras\/\" \/>\n<meta property=\"og:site_name\" content=\"La G Noticias\" \/>\n<meta property=\"article:publisher\" content=\"https:\/\/www.facebook.com\/LaGNoticias\" \/>\n<meta property=\"article:published_time\" content=\"2025-11-18T16:35:34+00:00\" \/>\n<meta property=\"article:modified_time\" content=\"2025-11-19T18:07:59+00:00\" \/>\n<meta property=\"og:image\" content=\"https:\/\/lagnoticias.com\/wp-content\/uploads\/2025\/11\/9-12.jpg\" \/>\n\t<meta property=\"og:image:width\" content=\"1280\" \/>\n\t<meta property=\"og:image:height\" content=\"703\" \/>\n\t<meta property=\"og:image:type\" content=\"image\/jpeg\" \/>\n<meta name=\"author\" content=\"Oscar\" \/>\n<meta name=\"twitter:card\" content=\"summary_large_image\" \/>\n<meta name=\"twitter:creator\" content=\"@lagnoticias\" \/>\n<meta name=\"twitter:site\" content=\"@lagnoticias\" \/>\n<meta name=\"twitter:label1\" content=\"Written by\" \/>\n\t<meta name=\"twitter:data1\" content=\"Oscar\" \/>\n\t<meta name=\"twitter:label2\" content=\"Est. reading time\" \/>\n\t<meta name=\"twitter:data2\" content=\"2 minutes\" \/>\n<script type=\"application\/ld+json\" class=\"yoast-schema-graph\">{\"@context\":\"https:\\\/\\\/schema.org\",\"@graph\":[{\"@type\":\"Article\",\"@id\":\"https:\\\/\\\/lagnoticias.com\\\/2025\\\/11\\\/18\\\/autoridades-lanzan-plan-polvora-2025-para-garantizar-festividades-seguras\\\/#article\",\"isPartOf\":{\"@id\":\"https:\\\/\\\/lagnoticias.com\\\/2025\\\/11\\\/18\\\/autoridades-lanzan-plan-polvora-2025-para-garantizar-festividades-seguras\\\/\"},\"author\":{\"name\":\"Oscar\",\"@id\":\"https:\\\/\\\/lagnoticias.com\\\/#\\\/schema\\\/person\\\/cb9bfe13f8de05d2c55270be25c6a550\"},\"headline\":\"Autoridades lanzan Plan P\u00f3lvora 2025 para garantizar festividades seguras\",\"datePublished\":\"2025-11-18T16:35:34+00:00\",\"dateModified\":\"2025-11-19T18:07:59+00:00\",\"mainEntityOfPage\":{\"@id\":\"https:\\\/\\\/lagnoticias.com\\\/2025\\\/11\\\/18\\\/autoridades-lanzan-plan-polvora-2025-para-garantizar-festividades-seguras\\\/\"},\"wordCount\":350,\"commentCount\":0,\"image\":{\"@id\":\"https:\\\/\\\/lagnoticias.com\\\/2025\\\/11\\\/18\\\/autoridades-lanzan-plan-polvora-2025-para-garantizar-festividades-seguras\\\/#primaryimage\"},\"thumbnailUrl\":\"https:\\\/\\\/lagnoticias.com\\\/wp-content\\\/uploads\\\/2025\\\/11\\\/9-12.jpg\",\"keywords\":[\"ALCALD\u00cdA DE SAN SALVADOR\",\"PLAN P\u00d3LVORA 2025\",\"PROTECCI\u00d3N CIVIL\"],\"articleSection\":[\"NACIONALES\"],\"inLanguage\":\"en-US\",\"potentialAction\":[{\"@type\":\"CommentAction\",\"name\":\"Comment\",\"target\":[\"https:\\\/\\\/lagnoticias.com\\\/2025\\\/11\\\/18\\\/autoridades-lanzan-plan-polvora-2025-para-garantizar-festividades-seguras\\\/#respond\"]}]},{\"@type\":\"WebPage\",\"@id\":\"https:\\\/\\\/lagnoticias.com\\\/2025\\\/11\\\/18\\\/autoridades-lanzan-plan-polvora-2025-para-garantizar-festividades-seguras\\\/\",\"url\":\"https:\\\/\\\/lagnoticias.com\\\/2025\\\/11\\\/18\\\/autoridades-lanzan-plan-polvora-2025-para-garantizar-festividades-seguras\\\/\",\"name\":\"Autoridades lanzan Plan P\u00f3lvora 2025 para garantizar festividades seguras - La G Noticias\",\"isPartOf\":{\"@id\":\"https:\\\/\\\/lagnoticias.com\\\/#website\"},\"primaryImageOfPage\":{\"@id\":\"https:\\\/\\\/lagnoticias.com\\\/2025\\\/11\\\/18\\\/autoridades-lanzan-plan-polvora-2025-para-garantizar-festividades-seguras\\\/#primaryimage\"},\"image\":{\"@id\":\"https:\\\/\\\/lagnoticias.com\\\/2025\\\/11\\\/18\\\/autoridades-lanzan-plan-polvora-2025-para-garantizar-festividades-seguras\\\/#primaryimage\"},\"thumbnailUrl\":\"https:\\\/\\\/lagnoticias.com\\\/wp-content\\\/uploads\\\/2025\\\/11\\\/9-12.jpg\",\"datePublished\":\"2025-11-18T16:35:34+00:00\",\"dateModified\":\"2025-11-19T18:07:59+00:00\",\"author\":{\"@id\":\"https:\\\/\\\/lagnoticias.com\\\/#\\\/schema\\\/person\\\/cb9bfe13f8de05d2c55270be25c6a550\"},\"breadcrumb\":{\"@id\":\"https:\\\/\\\/lagnoticias.com\\\/2025\\\/11\\\/18\\\/autoridades-lanzan-plan-polvora-2025-para-garantizar-festividades-seguras\\\/#breadcrumb\"},\"inLanguage\":\"en-US\",\"potentialAction\":[{\"@type\":\"ReadAction\",\"target\":[\"https:\\\/\\\/lagnoticias.com\\\/2025\\\/11\\\/18\\\/autoridades-lanzan-plan-polvora-2025-para-garantizar-festividades-seguras\\\/\"]}]},{\"@type\":\"ImageObject\",\"inLanguage\":\"en-US\",\"@id\":\"https:\\\/\\\/lagnoticias.com\\\/2025\\\/11\\\/18\\\/autoridades-lanzan-plan-polvora-2025-para-garantizar-festividades-seguras\\\/#primaryimage\",\"url\":\"https:\\\/\\\/lagnoticias.com\\\/wp-content\\\/uploads\\\/2025\\\/11\\\/9-12.jpg\",\"contentUrl\":\"https:\\\/\\\/lagnoticias.com\\\/wp-content\\\/uploads\\\/2025\\\/11\\\/9-12.jpg\",\"width\":1280,\"height\":703},{\"@type\":\"BreadcrumbList\",\"@id\":\"https:\\\/\\\/lagnoticias.com\\\/2025\\\/11\\\/18\\\/autoridades-lanzan-plan-polvora-2025-para-garantizar-festividades-seguras\\\/#breadcrumb\",\"itemListElement\":[{\"@type\":\"ListItem\",\"position\":1,\"name\":\"Portada\",\"item\":\"https:\\\/\\\/lagnoticias.com\\\/\"},{\"@type\":\"ListItem\",\"position\":2,\"name\":\"Autoridades lanzan Plan P\u00f3lvora 2025 para garantizar festividades seguras\"}]},{\"@type\":\"WebSite\",\"@id\":\"https:\\\/\\\/lagnoticias.com\\\/#website\",\"url\":\"https:\\\/\\\/lagnoticias.com\\\/\",\"name\":\"La G Noticias\",\"description\":\"Noticias Positivas\",\"potentialAction\":[{\"@type\":\"SearchAction\",\"target\":{\"@type\":\"EntryPoint\",\"urlTemplate\":\"https:\\\/\\\/lagnoticias.com\\\/?s={search_term_string}\"},\"query-input\":{\"@type\":\"PropertyValueSpecification\",\"valueRequired\":true,\"valueName\":\"search_term_string\"}}],\"inLanguage\":\"en-US\"},{\"@type\":\"Person\",\"@id\":\"https:\\\/\\\/lagnoticias.com\\\/#\\\/schema\\\/person\\\/cb9bfe13f8de05d2c55270be25c6a550\",\"name\":\"Oscar\",\"image\":{\"@type\":\"ImageObject\",\"inLanguage\":\"en-US\",\"@id\":\"https:\\\/\\\/secure.gravatar.com\\\/avatar\\\/45c195718f652dc7ffdd591dc1f2678956ab7fdadcd359a635edc61304a8c757?s=96&d=mm&r=g\",\"url\":\"https:\\\/\\\/secure.gravatar.com\\\/avatar\\\/45c195718f652dc7ffdd591dc1f2678956ab7fdadcd359a635edc61304a8c757?s=96&d=mm&r=g\",\"contentUrl\":\"https:\\\/\\\/secure.gravatar.com\\\/avatar\\\/45c195718f652dc7ffdd591dc1f2678956ab7fdadcd359a635edc61304a8c757?s=96&d=mm&r=g\",\"caption\":\"Oscar\"},\"url\":\"https:\\\/\\\/lagnoticias.com\\\/en\\\/author\\\/oscar\\\/\"}]}<\/script>\n<!-- \/ Yoast SEO plugin. -->","yoast_head_json":{"title":"Autoridades lanzan Plan P\u00f3lvora 2025 para garantizar festividades seguras - La G Noticias","robots":{"index":"index","follow":"follow","max-snippet":"max-snippet:-1","max-image-preview":"max-image-preview:large","max-video-preview":"max-video-preview:-1"},"canonical":"https:\/\/lagnoticias.com\/en\/2025\/11\/18\/autoridades-lanzan-plan-polvora-2025-para-garantizar-festividades-seguras\/","og_locale":"en_US","og_type":"article","og_title":"Autoridades lanzan Plan P\u00f3lvora 2025 para garantizar festividades seguras - La G Noticias","og_description":"La Alcald\u00eda de San Salvador Centro, a trav\u00e9s de la Comisi\u00f3n Municipal de Protecci\u00f3n Civil, present\u00f3 el Plan P\u00f3lvora 2025, con el prop\u00f3sito de garantizar unas fiestas navide\u00f1as seguras para la ciudadan\u00eda y el sector comercial. El director de Protecci\u00f3n Civil Municipal, Willian Hern\u00e1ndez, inform\u00f3 que para esta temporada se habilitar\u00e1n diversos puntos de venta [&hellip;]","og_url":"https:\/\/lagnoticias.com\/en\/2025\/11\/18\/autoridades-lanzan-plan-polvora-2025-para-garantizar-festividades-seguras\/","og_site_name":"La G Noticias","article_publisher":"https:\/\/www.facebook.com\/LaGNoticias","article_published_time":"2025-11-18T16:35:34+00:00","article_modified_time":"2025-11-19T18:07:59+00:00","og_image":[{"width":1280,"height":703,"url":"https:\/\/lagnoticias.com\/wp-content\/uploads\/2025\/11\/9-12.jpg","type":"image\/jpeg"}],"author":"Oscar","twitter_card":"summary_large_image","twitter_creator":"@lagnoticias","twitter_site":"@lagnoticias","twitter_misc":{"Written by":"Oscar","Est. reading time":"2 minutes"},"schema":{"@context":"https:\/\/schema.org","@graph":[{"@type":"Article","@id":"https:\/\/lagnoticias.com\/2025\/11\/18\/autoridades-lanzan-plan-polvora-2025-para-garantizar-festividades-seguras\/#article","isPartOf":{"@id":"https:\/\/lagnoticias.com\/2025\/11\/18\/autoridades-lanzan-plan-polvora-2025-para-garantizar-festividades-seguras\/"},"author":{"name":"Oscar","@id":"https:\/\/lagnoticias.com\/#\/schema\/person\/cb9bfe13f8de05d2c55270be25c6a550"},"headline":"Autoridades lanzan Plan P\u00f3lvora 2025 para garantizar festividades seguras","datePublished":"2025-11-18T16:35:34+00:00","dateModified":"2025-11-19T18:07:59+00:00","mainEntityOfPage":{"@id":"https:\/\/lagnoticias.com\/2025\/11\/18\/autoridades-lanzan-plan-polvora-2025-para-garantizar-festividades-seguras\/"},"wordCount":350,"commentCount":0,"image":{"@id":"https:\/\/lagnoticias.com\/2025\/11\/18\/autoridades-lanzan-plan-polvora-2025-para-garantizar-festividades-seguras\/#primaryimage"},"thumbnailUrl":"https:\/\/lagnoticias.com\/wp-content\/uploads\/2025\/11\/9-12.jpg","keywords":["ALCALD\u00cdA DE SAN SALVADOR","PLAN P\u00d3LVORA 2025","PROTECCI\u00d3N CIVIL"],"articleSection":["NACIONALES"],"inLanguage":"en-US","potentialAction":[{"@type":"CommentAction","name":"Comment","target":["https:\/\/lagnoticias.com\/2025\/11\/18\/autoridades-lanzan-plan-polvora-2025-para-garantizar-festividades-seguras\/#respond"]}]},{"@type":"WebPage","@id":"https:\/\/lagnoticias.com\/2025\/11\/18\/autoridades-lanzan-plan-polvora-2025-para-garantizar-festividades-seguras\/","url":"https:\/\/lagnoticias.com\/2025\/11\/18\/autoridades-lanzan-plan-polvora-2025-para-garantizar-festividades-seguras\/","name":"Autoridades lanzan Plan P\u00f3lvora 2025 para garantizar festividades seguras - La G Noticias","isPartOf":{"@id":"https:\/\/lagnoticias.com\/#website"},"primaryImageOfPage":{"@id":"https:\/\/lagnoticias.com\/2025\/11\/18\/autoridades-lanzan-plan-polvora-2025-para-garantizar-festividades-seguras\/#primaryimage"},"image":{"@id":"https:\/\/lagnoticias.com\/2025\/11\/18\/autoridades-lanzan-plan-polvora-2025-para-garantizar-festividades-seguras\/#primaryimage"},"thumbnailUrl":"https:\/\/lagnoticias.com\/wp-content\/uploads\/2025\/11\/9-12.jpg","datePublished":"2025-11-18T16:35:34+00:00","dateModified":"2025-11-19T18:07:59+00:00","author":{"@id":"https:\/\/lagnoticias.com\/#\/schema\/person\/cb9bfe13f8de05d2c55270be25c6a550"},"breadcrumb":{"@id":"https:\/\/lagnoticias.com\/2025\/11\/18\/autoridades-lanzan-plan-polvora-2025-para-garantizar-festividades-seguras\/#breadcrumb"},"inLanguage":"en-US","potentialAction":[{"@type":"ReadAction","target":["https:\/\/lagnoticias.com\/2025\/11\/18\/autoridades-lanzan-plan-polvora-2025-para-garantizar-festividades-seguras\/"]}]},{"@type":"ImageObject","inLanguage":"en-US","@id":"https:\/\/lagnoticias.com\/2025\/11\/18\/autoridades-lanzan-plan-polvora-2025-para-garantizar-festividades-seguras\/#primaryimage","url":"https:\/\/lagnoticias.com\/wp-content\/uploads\/2025\/11\/9-12.jpg","contentUrl":"https:\/\/lagnoticias.com\/wp-content\/uploads\/2025\/11\/9-12.jpg","width":1280,"height":703},{"@type":"BreadcrumbList","@id":"https:\/\/lagnoticias.com\/2025\/11\/18\/autoridades-lanzan-plan-polvora-2025-para-garantizar-festividades-seguras\/#breadcrumb","itemListElement":[{"@type":"ListItem","position":1,"name":"Portada","item":"https:\/\/lagnoticias.com\/"},{"@type":"ListItem","position":2,"name":"Autoridades lanzan Plan P\u00f3lvora 2025 para garantizar festividades seguras"}]},{"@type":"WebSite","@id":"https:\/\/lagnoticias.com\/#website","url":"https:\/\/lagnoticias.com\/","name":"La G Noticias","description":"Noticias Positivas","potentialAction":[{"@type":"SearchAction","target":{"@type":"EntryPoint","urlTemplate":"https:\/\/lagnoticias.com\/?s={search_term_string}"},"query-input":{"@type":"PropertyValueSpecification","valueRequired":true,"valueName":"search_term_string"}}],"inLanguage":"en-US"},{"@type":"Person","@id":"https:\/\/lagnoticias.com\/#\/schema\/person\/cb9bfe13f8de05d2c55270be25c6a550","name":"Oscar","image":{"@type":"ImageObject","inLanguage":"en-US","@id":"https:\/\/secure.gravatar.com\/avatar\/45c195718f652dc7ffdd591dc1f2678956ab7fdadcd359a635edc61304a8c757?s=96&d=mm&r=g","url":"https:\/\/secure.gravatar.com\/avatar\/45c195718f652dc7ffdd591dc1f2678956ab7fdadcd359a635edc61304a8c757?s=96&d=mm&r=g","contentUrl":"https:\/\/secure.gravatar.com\/avatar\/45c195718f652dc7ffdd591dc1f2678956ab7fdadcd359a635edc61304a8c757?s=96&d=mm&r=g","caption":"Oscar"},"url":"https:\/\/lagnoticias.com\/en\/author\/oscar\/"}]}},"_links":{"self":[{"href":"https:\/\/lagnoticias.com\/en\/wp-json\/wp\/v2\/posts\/7105","targetHints":{"allow":["GET"]}}],"collection":[{"href":"https:\/\/lagnoticias.com\/en\/wp-json\/wp\/v2\/posts"}],"about":[{"href":"https:\/\/lagnoticias.com\/en\/wp-json\/wp\/v2\/types\/post"}],"author":[{"embeddable":true,"href":"https:\/\/lagnoticias.com\/en\/wp-json\/wp\/v2\/users\/2"}],"replies":[{"embeddable":true,"href":"https:\/\/lagnoticias.com\/en\/wp-json\/wp\/v2\/comments?post=7105"}],"version-history":[{"count":1,"href":"https:\/\/lagnoticias.com\/en\/wp-json\/wp\/v2\/posts\/7105\/revisions"}],"predecessor-version":[{"id":7107,"href":"https:\/\/lagnoticias.com\/en\/wp-json\/wp\/v2\/posts\/7105\/revisions\/7107"}],"wp:featuredmedia":[{"embeddable":true,"href":"https:\/\/lagnoticias.com\/en\/wp-json\/wp\/v2\/media\/7106"}],"wp:attachment":[{"href":"https:\/\/lagnoticias.com\/en\/wp-json\/wp\/v2\/media?parent=7105"}],"wp:term":[{"taxonomy":"category","embeddable":true,"href":"https:\/\/lagnoticias.com\/en\/wp-json\/wp\/v2\/categories?post=7105"},{"taxonomy":"post_tag","embeddable":true,"href":"https:\/\/lagnoticias.com\/en\/wp-json\/wp\/v2\/tags?post=7105"}],"curies":[{"name":"wp","href":"https:\/\/api.w.org\/{rel}","templated":true}]}}