{"id":7101,"date":"2025-11-18T09:16:53","date_gmt":"2025-11-18T15:16:53","guid":{"rendered":"https:\/\/lagnoticias.com\/?p=7101"},"modified":"2025-11-19T12:07:54","modified_gmt":"2025-11-19T18:07:54","slug":"finalizo-con-exito-el-primer-dia-del-surf-city-el-salvador-alas-global-finals","status":"publish","type":"post","link":"https:\/\/lagnoticias.com\/en\/2025\/11\/18\/finalizo-con-exito-el-primer-dia-del-surf-city-el-salvador-alas-global-finals\/","title":{"rendered":"Finaliz\u00f3 con \u00e9xito el primer d\u00eda del Surf City El Salvador ALAS Global Finals"},"content":{"rendered":"<p>El Surf City El Salvador ALAS Global Finals inici\u00f3 la jornada de competencias en la playa Punta Mango, en Usulut\u00e1n, con las primeras rondas en las categor\u00edas de tabla corta masculino y femenino.&nbsp;<\/p>\n\n\n\n<p>Los surfistas salvadore\u00f1os tuvieron una destacada participaci\u00f3n durante el primer d\u00eda de competencias, Daniel Monterrosa avanz\u00f3 a la tercera ronda de competencia, al quedarse con el primer lugar en el heat tres, de la segunda ronda; el surfista hizo 10.53 puntos a su favor, superando a participantes de Costa Rica, Per\u00fa y Venezuela.<\/p>\n\n\n\n<p>\u201cFeliz de avanzar a la siguiente ronda, El Salvador nunca decepciona. Este deporte ha crecido mucho, agradecerles a todas las instituciones que hacen posible estos eventos y le dan la oportunidad a varios chicos a que compitan.<\/p>\n\n\n\n<p>\u201cAntes, no hab\u00eda estas competencias, y si hab\u00eda eran complicadas para los locales, ahora hay muchos nacionales con alto nivel\u201d, asegur\u00f3 Monterrosa.<\/p>\n\n\n\n<p>Melvin Ayala tambi\u00e9n avanz\u00f3 a la siguiente etapa, al quedar en primer lugar del heat ocho de la segunda ronda de competencia. El surfista nacional hizo 11.60 puntos, en la sumatoria de sus dos mejores olas, superando a competidores de Per\u00fa y Rep\u00fablica Dominicana.&nbsp;<\/p>\n\n\n\n<p><\/p>\n\n\n\n<figure class=\"wp-block-image aligncenter size-large\"><img loading=\"lazy\" decoding=\"async\" width=\"1024\" height=\"667\" src=\"https:\/\/lagnoticias.com\/wp-content\/uploads\/2025\/11\/1-18-1024x667.jpg\" alt=\"\" class=\"wp-image-7103\" srcset=\"https:\/\/lagnoticias.com\/wp-content\/uploads\/2025\/11\/1-18-980x638.jpg 980w, https:\/\/lagnoticias.com\/wp-content\/uploads\/2025\/11\/1-18-480x313.jpg 480w\" sizes=\"(min-width: 0px) and (max-width: 480px) 480px, (min-width: 481px) and (max-width: 980px) 980px, (min-width: 981px) 1024px, 100vw\" \/><\/figure>\n\n\n\n<p><\/p>\n\n\n\n<p>De igual manera, Erickson Ortiz, de El Salvador, avanz\u00f3 a la tercera ronda, al lograr el segundo lugar en el heat uno de la segunda ronda. El salvadore\u00f1o super\u00f3 a participantes de Costa Rica y Argentina. Mientras que, Jorge Rivas, Marvin Rodr\u00edguez y C\u00e9sar Portillo, finalizaron su participaci\u00f3n en la categor\u00eda.<\/p>\n\n\n\n<p>En cuanto a la participaci\u00f3n femenina, la surfista Sophia Ramos no logr\u00f3 avanzar en esta categor\u00eda, al quedar en cuarto lugar del heat seis de la primera ronda de tabla corta femenina.&nbsp;<\/p>\n\n\n\n<p>Por quinto a\u00f1o consecutivo, la Asociaci\u00f3n Latinoamericana de Surfistas Profesionales (ALAS) realiza las finales de su tour en territorio salvadore\u00f1o y por primera vez, en la playa Punta Mango, en Usulut\u00e1n, con la participaci\u00f3n de atletas de Am\u00e9rica, Asia y Europa.<\/p>","protected":false},"excerpt":{"rendered":"<p>El Surf City El Salvador ALAS Global Finals inici\u00f3 la jornada de competencias en la playa Punta Mango, en Usulut\u00e1n, con las primeras rondas en las categor\u00edas de tabla corta masculino y femenino.&nbsp; Los surfistas salvadore\u00f1os tuvieron una destacada participaci\u00f3n durante el primer d\u00eda de competencias, Daniel Monterrosa avanz\u00f3 a la tercera ronda de competencia, [&hellip;]<\/p>","protected":false},"author":2,"featured_media":7102,"comment_status":"open","ping_status":"open","sticky":false,"template":"","format":"standard","meta":{"_et_pb_use_builder":"off","_et_pb_old_content":"","_et_gb_content_width":"","footnotes":""},"categories":[248],"tags":[267,887,388,1881],"class_list":["post-7101","post","type-post","status-publish","format-standard","has-post-thumbnail","hentry","category-deportes","tag-el-salvador","tag-surf","tag-surf-city","tag-surf-city-el-salvador-alas-global-finals"],"yoast_head":"<!-- This site is optimized with the Yoast SEO plugin v27.4 - https:\/\/yoast.com\/product\/yoast-seo-wordpress\/ -->\n<title>Finaliz\u00f3 con \u00e9xito el primer d\u00eda del Surf City El Salvador ALAS Global Finals - La G Noticias<\/title>\n<meta name=\"robots\" content=\"index, follow, max-snippet:-1, max-image-preview:large, max-video-preview:-1\" \/>\n<link rel=\"canonical\" href=\"https:\/\/lagnoticias.com\/en\/2025\/11\/18\/finalizo-con-exito-el-primer-dia-del-surf-city-el-salvador-alas-global-finals\/\" \/>\n<meta property=\"og:locale\" content=\"en_US\" \/>\n<meta property=\"og:type\" content=\"article\" \/>\n<meta property=\"og:title\" content=\"Finaliz\u00f3 con \u00e9xito el primer d\u00eda del Surf City El Salvador ALAS Global Finals - La G Noticias\" \/>\n<meta property=\"og:description\" content=\"El Surf City El Salvador ALAS Global Finals inici\u00f3 la jornada de competencias en la playa Punta Mango, en Usulut\u00e1n, con las primeras rondas en las categor\u00edas de tabla corta masculino y femenino.&nbsp; Los surfistas salvadore\u00f1os tuvieron una destacada participaci\u00f3n durante el primer d\u00eda de competencias, Daniel Monterrosa avanz\u00f3 a la tercera ronda de competencia, [&hellip;]\" \/>\n<meta property=\"og:url\" content=\"https:\/\/lagnoticias.com\/en\/2025\/11\/18\/finalizo-con-exito-el-primer-dia-del-surf-city-el-salvador-alas-global-finals\/\" \/>\n<meta property=\"og:site_name\" content=\"La G Noticias\" \/>\n<meta property=\"article:publisher\" content=\"https:\/\/www.facebook.com\/LaGNoticias\" \/>\n<meta property=\"article:published_time\" content=\"2025-11-18T15:16:53+00:00\" \/>\n<meta property=\"article:modified_time\" content=\"2025-11-19T18:07:54+00:00\" \/>\n<meta property=\"og:image\" content=\"https:\/\/lagnoticias.com\/wp-content\/uploads\/2025\/11\/2-15-scaled.jpg\" \/>\n\t<meta property=\"og:image:width\" content=\"2560\" \/>\n\t<meta property=\"og:image:height\" content=\"1707\" \/>\n\t<meta property=\"og:image:type\" content=\"image\/jpeg\" \/>\n<meta name=\"author\" content=\"Oscar\" \/>\n<meta name=\"twitter:card\" content=\"summary_large_image\" \/>\n<meta name=\"twitter:creator\" content=\"@lagnoticias\" \/>\n<meta name=\"twitter:site\" content=\"@lagnoticias\" \/>\n<meta name=\"twitter:label1\" content=\"Written by\" \/>\n\t<meta name=\"twitter:data1\" content=\"Oscar\" \/>\n\t<meta name=\"twitter:label2\" content=\"Est. reading time\" \/>\n\t<meta name=\"twitter:data2\" content=\"2 minutes\" \/>\n<script type=\"application\/ld+json\" class=\"yoast-schema-graph\">{\"@context\":\"https:\\\/\\\/schema.org\",\"@graph\":[{\"@type\":\"Article\",\"@id\":\"https:\\\/\\\/lagnoticias.com\\\/2025\\\/11\\\/18\\\/finalizo-con-exito-el-primer-dia-del-surf-city-el-salvador-alas-global-finals\\\/#article\",\"isPartOf\":{\"@id\":\"https:\\\/\\\/lagnoticias.com\\\/2025\\\/11\\\/18\\\/finalizo-con-exito-el-primer-dia-del-surf-city-el-salvador-alas-global-finals\\\/\"},\"author\":{\"name\":\"Oscar\",\"@id\":\"https:\\\/\\\/lagnoticias.com\\\/#\\\/schema\\\/person\\\/cb9bfe13f8de05d2c55270be25c6a550\"},\"headline\":\"Finaliz\u00f3 con \u00e9xito el primer d\u00eda del Surf City El Salvador ALAS Global Finals\",\"datePublished\":\"2025-11-18T15:16:53+00:00\",\"dateModified\":\"2025-11-19T18:07:54+00:00\",\"mainEntityOfPage\":{\"@id\":\"https:\\\/\\\/lagnoticias.com\\\/2025\\\/11\\\/18\\\/finalizo-con-exito-el-primer-dia-del-surf-city-el-salvador-alas-global-finals\\\/\"},\"wordCount\":351,\"commentCount\":0,\"image\":{\"@id\":\"https:\\\/\\\/lagnoticias.com\\\/2025\\\/11\\\/18\\\/finalizo-con-exito-el-primer-dia-del-surf-city-el-salvador-alas-global-finals\\\/#primaryimage\"},\"thumbnailUrl\":\"https:\\\/\\\/lagnoticias.com\\\/wp-content\\\/uploads\\\/2025\\\/11\\\/2-15-scaled.jpg\",\"keywords\":[\"EL SALVADOR\",\"SURF\",\"SURF CITY\",\"Surf City El Salvador ALAS Global Finals\"],\"articleSection\":[\"DEPORTES\"],\"inLanguage\":\"en-US\",\"potentialAction\":[{\"@type\":\"CommentAction\",\"name\":\"Comment\",\"target\":[\"https:\\\/\\\/lagnoticias.com\\\/2025\\\/11\\\/18\\\/finalizo-con-exito-el-primer-dia-del-surf-city-el-salvador-alas-global-finals\\\/#respond\"]}]},{\"@type\":\"WebPage\",\"@id\":\"https:\\\/\\\/lagnoticias.com\\\/2025\\\/11\\\/18\\\/finalizo-con-exito-el-primer-dia-del-surf-city-el-salvador-alas-global-finals\\\/\",\"url\":\"https:\\\/\\\/lagnoticias.com\\\/2025\\\/11\\\/18\\\/finalizo-con-exito-el-primer-dia-del-surf-city-el-salvador-alas-global-finals\\\/\",\"name\":\"Finaliz\u00f3 con \u00e9xito el primer d\u00eda del Surf City El Salvador ALAS Global Finals - La G Noticias\",\"isPartOf\":{\"@id\":\"https:\\\/\\\/lagnoticias.com\\\/#website\"},\"primaryImageOfPage\":{\"@id\":\"https:\\\/\\\/lagnoticias.com\\\/2025\\\/11\\\/18\\\/finalizo-con-exito-el-primer-dia-del-surf-city-el-salvador-alas-global-finals\\\/#primaryimage\"},\"image\":{\"@id\":\"https:\\\/\\\/lagnoticias.com\\\/2025\\\/11\\\/18\\\/finalizo-con-exito-el-primer-dia-del-surf-city-el-salvador-alas-global-finals\\\/#primaryimage\"},\"thumbnailUrl\":\"https:\\\/\\\/lagnoticias.com\\\/wp-content\\\/uploads\\\/2025\\\/11\\\/2-15-scaled.jpg\",\"datePublished\":\"2025-11-18T15:16:53+00:00\",\"dateModified\":\"2025-11-19T18:07:54+00:00\",\"author\":{\"@id\":\"https:\\\/\\\/lagnoticias.com\\\/#\\\/schema\\\/person\\\/cb9bfe13f8de05d2c55270be25c6a550\"},\"breadcrumb\":{\"@id\":\"https:\\\/\\\/lagnoticias.com\\\/2025\\\/11\\\/18\\\/finalizo-con-exito-el-primer-dia-del-surf-city-el-salvador-alas-global-finals\\\/#breadcrumb\"},\"inLanguage\":\"en-US\",\"potentialAction\":[{\"@type\":\"ReadAction\",\"target\":[\"https:\\\/\\\/lagnoticias.com\\\/2025\\\/11\\\/18\\\/finalizo-con-exito-el-primer-dia-del-surf-city-el-salvador-alas-global-finals\\\/\"]}]},{\"@type\":\"ImageObject\",\"inLanguage\":\"en-US\",\"@id\":\"https:\\\/\\\/lagnoticias.com\\\/2025\\\/11\\\/18\\\/finalizo-con-exito-el-primer-dia-del-surf-city-el-salvador-alas-global-finals\\\/#primaryimage\",\"url\":\"https:\\\/\\\/lagnoticias.com\\\/wp-content\\\/uploads\\\/2025\\\/11\\\/2-15-scaled.jpg\",\"contentUrl\":\"https:\\\/\\\/lagnoticias.com\\\/wp-content\\\/uploads\\\/2025\\\/11\\\/2-15-scaled.jpg\",\"width\":2560,\"height\":1707},{\"@type\":\"BreadcrumbList\",\"@id\":\"https:\\\/\\\/lagnoticias.com\\\/2025\\\/11\\\/18\\\/finalizo-con-exito-el-primer-dia-del-surf-city-el-salvador-alas-global-finals\\\/#breadcrumb\",\"itemListElement\":[{\"@type\":\"ListItem\",\"position\":1,\"name\":\"Portada\",\"item\":\"https:\\\/\\\/lagnoticias.com\\\/\"},{\"@type\":\"ListItem\",\"position\":2,\"name\":\"Finaliz\u00f3 con \u00e9xito el primer d\u00eda del Surf City El Salvador ALAS Global Finals\"}]},{\"@type\":\"WebSite\",\"@id\":\"https:\\\/\\\/lagnoticias.com\\\/#website\",\"url\":\"https:\\\/\\\/lagnoticias.com\\\/\",\"name\":\"La G Noticias\",\"description\":\"Noticias Positivas\",\"potentialAction\":[{\"@type\":\"SearchAction\",\"target\":{\"@type\":\"EntryPoint\",\"urlTemplate\":\"https:\\\/\\\/lagnoticias.com\\\/?s={search_term_string}\"},\"query-input\":{\"@type\":\"PropertyValueSpecification\",\"valueRequired\":true,\"valueName\":\"search_term_string\"}}],\"inLanguage\":\"en-US\"},{\"@type\":\"Person\",\"@id\":\"https:\\\/\\\/lagnoticias.com\\\/#\\\/schema\\\/person\\\/cb9bfe13f8de05d2c55270be25c6a550\",\"name\":\"Oscar\",\"image\":{\"@type\":\"ImageObject\",\"inLanguage\":\"en-US\",\"@id\":\"https:\\\/\\\/secure.gravatar.com\\\/avatar\\\/45c195718f652dc7ffdd591dc1f2678956ab7fdadcd359a635edc61304a8c757?s=96&d=mm&r=g\",\"url\":\"https:\\\/\\\/secure.gravatar.com\\\/avatar\\\/45c195718f652dc7ffdd591dc1f2678956ab7fdadcd359a635edc61304a8c757?s=96&d=mm&r=g\",\"contentUrl\":\"https:\\\/\\\/secure.gravatar.com\\\/avatar\\\/45c195718f652dc7ffdd591dc1f2678956ab7fdadcd359a635edc61304a8c757?s=96&d=mm&r=g\",\"caption\":\"Oscar\"},\"url\":\"https:\\\/\\\/lagnoticias.com\\\/en\\\/author\\\/oscar\\\/\"}]}<\/script>\n<!-- \/ Yoast SEO plugin. -->","yoast_head_json":{"title":"Finaliz\u00f3 con \u00e9xito el primer d\u00eda del Surf City El Salvador ALAS Global Finals - La G Noticias","robots":{"index":"index","follow":"follow","max-snippet":"max-snippet:-1","max-image-preview":"max-image-preview:large","max-video-preview":"max-video-preview:-1"},"canonical":"https:\/\/lagnoticias.com\/en\/2025\/11\/18\/finalizo-con-exito-el-primer-dia-del-surf-city-el-salvador-alas-global-finals\/","og_locale":"en_US","og_type":"article","og_title":"Finaliz\u00f3 con \u00e9xito el primer d\u00eda del Surf City El Salvador ALAS Global Finals - La G Noticias","og_description":"El Surf City El Salvador ALAS Global Finals inici\u00f3 la jornada de competencias en la playa Punta Mango, en Usulut\u00e1n, con las primeras rondas en las categor\u00edas de tabla corta masculino y femenino.&nbsp; Los surfistas salvadore\u00f1os tuvieron una destacada participaci\u00f3n durante el primer d\u00eda de competencias, Daniel Monterrosa avanz\u00f3 a la tercera ronda de competencia, [&hellip;]","og_url":"https:\/\/lagnoticias.com\/en\/2025\/11\/18\/finalizo-con-exito-el-primer-dia-del-surf-city-el-salvador-alas-global-finals\/","og_site_name":"La G Noticias","article_publisher":"https:\/\/www.facebook.com\/LaGNoticias","article_published_time":"2025-11-18T15:16:53+00:00","article_modified_time":"2025-11-19T18:07:54+00:00","og_image":[{"width":2560,"height":1707,"url":"https:\/\/lagnoticias.com\/wp-content\/uploads\/2025\/11\/2-15-scaled.jpg","type":"image\/jpeg"}],"author":"Oscar","twitter_card":"summary_large_image","twitter_creator":"@lagnoticias","twitter_site":"@lagnoticias","twitter_misc":{"Written by":"Oscar","Est. reading time":"2 minutes"},"schema":{"@context":"https:\/\/schema.org","@graph":[{"@type":"Article","@id":"https:\/\/lagnoticias.com\/2025\/11\/18\/finalizo-con-exito-el-primer-dia-del-surf-city-el-salvador-alas-global-finals\/#article","isPartOf":{"@id":"https:\/\/lagnoticias.com\/2025\/11\/18\/finalizo-con-exito-el-primer-dia-del-surf-city-el-salvador-alas-global-finals\/"},"author":{"name":"Oscar","@id":"https:\/\/lagnoticias.com\/#\/schema\/person\/cb9bfe13f8de05d2c55270be25c6a550"},"headline":"Finaliz\u00f3 con \u00e9xito el primer d\u00eda del Surf City El Salvador ALAS Global Finals","datePublished":"2025-11-18T15:16:53+00:00","dateModified":"2025-11-19T18:07:54+00:00","mainEntityOfPage":{"@id":"https:\/\/lagnoticias.com\/2025\/11\/18\/finalizo-con-exito-el-primer-dia-del-surf-city-el-salvador-alas-global-finals\/"},"wordCount":351,"commentCount":0,"image":{"@id":"https:\/\/lagnoticias.com\/2025\/11\/18\/finalizo-con-exito-el-primer-dia-del-surf-city-el-salvador-alas-global-finals\/#primaryimage"},"thumbnailUrl":"https:\/\/lagnoticias.com\/wp-content\/uploads\/2025\/11\/2-15-scaled.jpg","keywords":["EL SALVADOR","SURF","SURF CITY","Surf City El Salvador ALAS Global Finals"],"articleSection":["DEPORTES"],"inLanguage":"en-US","potentialAction":[{"@type":"CommentAction","name":"Comment","target":["https:\/\/lagnoticias.com\/2025\/11\/18\/finalizo-con-exito-el-primer-dia-del-surf-city-el-salvador-alas-global-finals\/#respond"]}]},{"@type":"WebPage","@id":"https:\/\/lagnoticias.com\/2025\/11\/18\/finalizo-con-exito-el-primer-dia-del-surf-city-el-salvador-alas-global-finals\/","url":"https:\/\/lagnoticias.com\/2025\/11\/18\/finalizo-con-exito-el-primer-dia-del-surf-city-el-salvador-alas-global-finals\/","name":"Finaliz\u00f3 con \u00e9xito el primer d\u00eda del Surf City El Salvador ALAS Global Finals - La G Noticias","isPartOf":{"@id":"https:\/\/lagnoticias.com\/#website"},"primaryImageOfPage":{"@id":"https:\/\/lagnoticias.com\/2025\/11\/18\/finalizo-con-exito-el-primer-dia-del-surf-city-el-salvador-alas-global-finals\/#primaryimage"},"image":{"@id":"https:\/\/lagnoticias.com\/2025\/11\/18\/finalizo-con-exito-el-primer-dia-del-surf-city-el-salvador-alas-global-finals\/#primaryimage"},"thumbnailUrl":"https:\/\/lagnoticias.com\/wp-content\/uploads\/2025\/11\/2-15-scaled.jpg","datePublished":"2025-11-18T15:16:53+00:00","dateModified":"2025-11-19T18:07:54+00:00","author":{"@id":"https:\/\/lagnoticias.com\/#\/schema\/person\/cb9bfe13f8de05d2c55270be25c6a550"},"breadcrumb":{"@id":"https:\/\/lagnoticias.com\/2025\/11\/18\/finalizo-con-exito-el-primer-dia-del-surf-city-el-salvador-alas-global-finals\/#breadcrumb"},"inLanguage":"en-US","potentialAction":[{"@type":"ReadAction","target":["https:\/\/lagnoticias.com\/2025\/11\/18\/finalizo-con-exito-el-primer-dia-del-surf-city-el-salvador-alas-global-finals\/"]}]},{"@type":"ImageObject","inLanguage":"en-US","@id":"https:\/\/lagnoticias.com\/2025\/11\/18\/finalizo-con-exito-el-primer-dia-del-surf-city-el-salvador-alas-global-finals\/#primaryimage","url":"https:\/\/lagnoticias.com\/wp-content\/uploads\/2025\/11\/2-15-scaled.jpg","contentUrl":"https:\/\/lagnoticias.com\/wp-content\/uploads\/2025\/11\/2-15-scaled.jpg","width":2560,"height":1707},{"@type":"BreadcrumbList","@id":"https:\/\/lagnoticias.com\/2025\/11\/18\/finalizo-con-exito-el-primer-dia-del-surf-city-el-salvador-alas-global-finals\/#breadcrumb","itemListElement":[{"@type":"ListItem","position":1,"name":"Portada","item":"https:\/\/lagnoticias.com\/"},{"@type":"ListItem","position":2,"name":"Finaliz\u00f3 con \u00e9xito el primer d\u00eda del Surf City El Salvador ALAS Global Finals"}]},{"@type":"WebSite","@id":"https:\/\/lagnoticias.com\/#website","url":"https:\/\/lagnoticias.com\/","name":"La G Noticias","description":"Noticias Positivas","potentialAction":[{"@type":"SearchAction","target":{"@type":"EntryPoint","urlTemplate":"https:\/\/lagnoticias.com\/?s={search_term_string}"},"query-input":{"@type":"PropertyValueSpecification","valueRequired":true,"valueName":"search_term_string"}}],"inLanguage":"en-US"},{"@type":"Person","@id":"https:\/\/lagnoticias.com\/#\/schema\/person\/cb9bfe13f8de05d2c55270be25c6a550","name":"Oscar","image":{"@type":"ImageObject","inLanguage":"en-US","@id":"https:\/\/secure.gravatar.com\/avatar\/45c195718f652dc7ffdd591dc1f2678956ab7fdadcd359a635edc61304a8c757?s=96&d=mm&r=g","url":"https:\/\/secure.gravatar.com\/avatar\/45c195718f652dc7ffdd591dc1f2678956ab7fdadcd359a635edc61304a8c757?s=96&d=mm&r=g","contentUrl":"https:\/\/secure.gravatar.com\/avatar\/45c195718f652dc7ffdd591dc1f2678956ab7fdadcd359a635edc61304a8c757?s=96&d=mm&r=g","caption":"Oscar"},"url":"https:\/\/lagnoticias.com\/en\/author\/oscar\/"}]}},"_links":{"self":[{"href":"https:\/\/lagnoticias.com\/en\/wp-json\/wp\/v2\/posts\/7101","targetHints":{"allow":["GET"]}}],"collection":[{"href":"https:\/\/lagnoticias.com\/en\/wp-json\/wp\/v2\/posts"}],"about":[{"href":"https:\/\/lagnoticias.com\/en\/wp-json\/wp\/v2\/types\/post"}],"author":[{"embeddable":true,"href":"https:\/\/lagnoticias.com\/en\/wp-json\/wp\/v2\/users\/2"}],"replies":[{"embeddable":true,"href":"https:\/\/lagnoticias.com\/en\/wp-json\/wp\/v2\/comments?post=7101"}],"version-history":[{"count":1,"href":"https:\/\/lagnoticias.com\/en\/wp-json\/wp\/v2\/posts\/7101\/revisions"}],"predecessor-version":[{"id":7104,"href":"https:\/\/lagnoticias.com\/en\/wp-json\/wp\/v2\/posts\/7101\/revisions\/7104"}],"wp:featuredmedia":[{"embeddable":true,"href":"https:\/\/lagnoticias.com\/en\/wp-json\/wp\/v2\/media\/7102"}],"wp:attachment":[{"href":"https:\/\/lagnoticias.com\/en\/wp-json\/wp\/v2\/media?parent=7101"}],"wp:term":[{"taxonomy":"category","embeddable":true,"href":"https:\/\/lagnoticias.com\/en\/wp-json\/wp\/v2\/categories?post=7101"},{"taxonomy":"post_tag","embeddable":true,"href":"https:\/\/lagnoticias.com\/en\/wp-json\/wp\/v2\/tags?post=7101"}],"curies":[{"name":"wp","href":"https:\/\/api.w.org\/{rel}","templated":true}]}}