{"id":7088,"date":"2025-11-17T16:48:42","date_gmt":"2025-11-17T22:48:42","guid":{"rendered":"https:\/\/lagnoticias.com\/?p=7088"},"modified":"2025-11-17T16:48:42","modified_gmt":"2025-11-17T22:48:42","slug":"este-sencillo-ejercicio-puede-ayudarte-a-reducir-el-riesgo-de-alzheimer-segun-expertos","status":"publish","type":"post","link":"https:\/\/lagnoticias.com\/en\/2025\/11\/17\/este-sencillo-ejercicio-puede-ayudarte-a-reducir-el-riesgo-de-alzheimer-segun-expertos\/","title":{"rendered":"Este sencillo ejercicio puede ayudarte a reducir el riesgo de Alzheimer, seg\u00fan expertos"},"content":{"rendered":"<p>Es sabido que el entrenamiento no solo mejora nuestra salud f\u00edsica, sino tambi\u00e9n nuestro&nbsp;bienestar emocional.&nbsp;Tener una&nbsp;rutina de ejercicios&nbsp;ayuda a liberar estr\u00e9s, regula el \u00e1nimo y fortalece la autoestima. Por eso, no es de extra\u00f1ar que lo que hacemos con nuestro cuerpo tenga un&nbsp;impacto directo tambi\u00e9n en nuestra mente.<\/p>\n\n\n\n<p>Pero m\u00e1s all\u00e1 de esos beneficios inmediatos, hay evidencia creciente de que el ejercicio es una herramienta poderosa&nbsp;contra el envejecimiento cerebral. Entrenar no solo te mantiene activo: ejercitar la mente, a trav\u00e9s de la actividad f\u00edsica, puede marcar la diferencia para una vejez saludable.<\/p>\n\n\n\n<h2 class=\"wp-block-heading\">La caminata: el sencillo ejercicio para reducir el riesgo de demencia<\/h2>\n\n\n\n<p>Un estudio de la Universidad de Harvard revela que&nbsp;caminar a paso ligero de forma habitual&nbsp;puede disminuir el riesgo de desarrollar demencia o Alzheimer. Tras seis meses de ejercicio moderado, los participantes mostraron un&nbsp;aumento del volumen en zonas cerebrales&nbsp;vinculadas con la memoria y el pensamiento, algo que se reflej\u00f3 tambi\u00e9n en mejoras cognitivas medibles.<\/p>\n\n\n\n<p>Seg\u00fan el doctor Scott McGinnis, profesor de Neurolog\u00eda en Harvard, esta pr\u00e1ctica accesible no solo promueve la salud f\u00edsica: tambi\u00e9n estimula procesos biol\u00f3gicos clave para el cerebro.<\/p>\n\n\n\n<h2 class=\"wp-block-heading\">Otros ejercicios para incorporar y ayudar al cerebro<\/h2>\n\n\n\n<p>Adem\u00e1s de caminar, el estudio citado por Harvard incluye otras actividades aer\u00f3bicas con efectos positivos para la salud mental. Actividades como&nbsp;correr, nadar, andar en bicicleta o practicar baile aer\u00f3bico&nbsp;han demostrado favorecer la plasticidad cerebral, es decir, la capacidad del cerebro para adaptarse y regenerarse.<\/p>\n\n\n\n<p>Expertos consultados tambi\u00e9n destacan ejercicios m\u00e1s suaves pero muy completos, como el tai-chi, que han mostrado beneficios en la atenci\u00f3n, la planificaci\u00f3n y el razonamiento verbal.<\/p>\n\n\n\n<p>Incorporar la caminata al entrenamiento no es solo una manera simple de moverse m\u00e1s: es un acto de cuidado profundo para la mente. Pero no basta con eso: complementar con otros ejercicios puede potenciar estos efectos protectores. En definitiva,&nbsp;entrenar la mente es tan clave como entrenar el cuerpo&nbsp;para lograr un envejecimiento m\u00e1s saludable.<\/p>","protected":false},"excerpt":{"rendered":"<p>El bienestar mental y el buen estado de \u00e1nimo tiene mucho que ver con la actividad f\u00edsica que realizamos.<\/p>","protected":false},"author":2,"featured_media":7089,"comment_status":"open","ping_status":"open","sticky":false,"template":"","format":"standard","meta":{"_et_pb_use_builder":"off","_et_pb_old_content":"","_et_gb_content_width":"","footnotes":""},"categories":[929],"tags":[719,966,983,294],"class_list":["post-7088","post","type-post","status-publish","format-standard","has-post-thumbnail","hentry","category-vida","tag-alzheimer","tag-ejercicio","tag-estudio","tag-salud"],"yoast_head":"<!-- This site is optimized with the Yoast SEO plugin v27.4 - https:\/\/yoast.com\/product\/yoast-seo-wordpress\/ -->\n<title>Este sencillo ejercicio puede ayudarte a reducir el riesgo de Alzheimer, seg\u00fan expertos - La G Noticias<\/title>\n<meta name=\"robots\" content=\"index, follow, max-snippet:-1, max-image-preview:large, max-video-preview:-1\" \/>\n<link rel=\"canonical\" href=\"https:\/\/lagnoticias.com\/en\/2025\/11\/17\/este-sencillo-ejercicio-puede-ayudarte-a-reducir-el-riesgo-de-alzheimer-segun-expertos\/\" \/>\n<meta property=\"og:locale\" content=\"en_US\" \/>\n<meta property=\"og:type\" content=\"article\" \/>\n<meta property=\"og:title\" content=\"Este sencillo ejercicio puede ayudarte a reducir el riesgo de Alzheimer, seg\u00fan expertos - La G Noticias\" \/>\n<meta property=\"og:description\" content=\"El bienestar mental y el buen estado de \u00e1nimo tiene mucho que ver con la actividad f\u00edsica que realizamos.\" \/>\n<meta property=\"og:url\" content=\"https:\/\/lagnoticias.com\/en\/2025\/11\/17\/este-sencillo-ejercicio-puede-ayudarte-a-reducir-el-riesgo-de-alzheimer-segun-expertos\/\" \/>\n<meta property=\"og:site_name\" content=\"La G Noticias\" \/>\n<meta property=\"article:publisher\" content=\"https:\/\/www.facebook.com\/LaGNoticias\" \/>\n<meta property=\"article:published_time\" content=\"2025-11-17T22:48:42+00:00\" \/>\n<meta property=\"og:image\" content=\"https:\/\/lagnoticias.com\/wp-content\/uploads\/2025\/11\/9-11.jpg\" \/>\n\t<meta property=\"og:image:width\" content=\"600\" \/>\n\t<meta property=\"og:image:height\" content=\"315\" \/>\n\t<meta property=\"og:image:type\" content=\"image\/jpeg\" \/>\n<meta name=\"author\" content=\"Oscar\" \/>\n<meta name=\"twitter:card\" content=\"summary_large_image\" \/>\n<meta name=\"twitter:creator\" content=\"@lagnoticias\" \/>\n<meta name=\"twitter:site\" content=\"@lagnoticias\" \/>\n<meta name=\"twitter:label1\" content=\"Written by\" \/>\n\t<meta name=\"twitter:data1\" content=\"Oscar\" \/>\n\t<meta name=\"twitter:label2\" content=\"Est. reading time\" \/>\n\t<meta name=\"twitter:data2\" content=\"2 minutes\" \/>\n<script type=\"application\/ld+json\" class=\"yoast-schema-graph\">{\"@context\":\"https:\\\/\\\/schema.org\",\"@graph\":[{\"@type\":\"Article\",\"@id\":\"https:\\\/\\\/lagnoticias.com\\\/2025\\\/11\\\/17\\\/este-sencillo-ejercicio-puede-ayudarte-a-reducir-el-riesgo-de-alzheimer-segun-expertos\\\/#article\",\"isPartOf\":{\"@id\":\"https:\\\/\\\/lagnoticias.com\\\/2025\\\/11\\\/17\\\/este-sencillo-ejercicio-puede-ayudarte-a-reducir-el-riesgo-de-alzheimer-segun-expertos\\\/\"},\"author\":{\"name\":\"Oscar\",\"@id\":\"https:\\\/\\\/lagnoticias.com\\\/#\\\/schema\\\/person\\\/cb9bfe13f8de05d2c55270be25c6a550\"},\"headline\":\"Este sencillo ejercicio puede ayudarte a reducir el riesgo de Alzheimer, seg\u00fan expertos\",\"datePublished\":\"2025-11-17T22:48:42+00:00\",\"mainEntityOfPage\":{\"@id\":\"https:\\\/\\\/lagnoticias.com\\\/2025\\\/11\\\/17\\\/este-sencillo-ejercicio-puede-ayudarte-a-reducir-el-riesgo-de-alzheimer-segun-expertos\\\/\"},\"wordCount\":380,\"commentCount\":0,\"image\":{\"@id\":\"https:\\\/\\\/lagnoticias.com\\\/2025\\\/11\\\/17\\\/este-sencillo-ejercicio-puede-ayudarte-a-reducir-el-riesgo-de-alzheimer-segun-expertos\\\/#primaryimage\"},\"thumbnailUrl\":\"https:\\\/\\\/lagnoticias.com\\\/wp-content\\\/uploads\\\/2025\\\/11\\\/9-11.jpg\",\"keywords\":[\"ALZHEIMER\",\"EJERCICIO\",\"ESTUDIO\",\"SALUD\"],\"articleSection\":[\"VIDA\"],\"inLanguage\":\"en-US\",\"potentialAction\":[{\"@type\":\"CommentAction\",\"name\":\"Comment\",\"target\":[\"https:\\\/\\\/lagnoticias.com\\\/2025\\\/11\\\/17\\\/este-sencillo-ejercicio-puede-ayudarte-a-reducir-el-riesgo-de-alzheimer-segun-expertos\\\/#respond\"]}]},{\"@type\":\"WebPage\",\"@id\":\"https:\\\/\\\/lagnoticias.com\\\/2025\\\/11\\\/17\\\/este-sencillo-ejercicio-puede-ayudarte-a-reducir-el-riesgo-de-alzheimer-segun-expertos\\\/\",\"url\":\"https:\\\/\\\/lagnoticias.com\\\/2025\\\/11\\\/17\\\/este-sencillo-ejercicio-puede-ayudarte-a-reducir-el-riesgo-de-alzheimer-segun-expertos\\\/\",\"name\":\"Este sencillo ejercicio puede ayudarte a reducir el riesgo de Alzheimer, seg\u00fan expertos - La G Noticias\",\"isPartOf\":{\"@id\":\"https:\\\/\\\/lagnoticias.com\\\/#website\"},\"primaryImageOfPage\":{\"@id\":\"https:\\\/\\\/lagnoticias.com\\\/2025\\\/11\\\/17\\\/este-sencillo-ejercicio-puede-ayudarte-a-reducir-el-riesgo-de-alzheimer-segun-expertos\\\/#primaryimage\"},\"image\":{\"@id\":\"https:\\\/\\\/lagnoticias.com\\\/2025\\\/11\\\/17\\\/este-sencillo-ejercicio-puede-ayudarte-a-reducir-el-riesgo-de-alzheimer-segun-expertos\\\/#primaryimage\"},\"thumbnailUrl\":\"https:\\\/\\\/lagnoticias.com\\\/wp-content\\\/uploads\\\/2025\\\/11\\\/9-11.jpg\",\"datePublished\":\"2025-11-17T22:48:42+00:00\",\"author\":{\"@id\":\"https:\\\/\\\/lagnoticias.com\\\/#\\\/schema\\\/person\\\/cb9bfe13f8de05d2c55270be25c6a550\"},\"breadcrumb\":{\"@id\":\"https:\\\/\\\/lagnoticias.com\\\/2025\\\/11\\\/17\\\/este-sencillo-ejercicio-puede-ayudarte-a-reducir-el-riesgo-de-alzheimer-segun-expertos\\\/#breadcrumb\"},\"inLanguage\":\"en-US\",\"potentialAction\":[{\"@type\":\"ReadAction\",\"target\":[\"https:\\\/\\\/lagnoticias.com\\\/2025\\\/11\\\/17\\\/este-sencillo-ejercicio-puede-ayudarte-a-reducir-el-riesgo-de-alzheimer-segun-expertos\\\/\"]}]},{\"@type\":\"ImageObject\",\"inLanguage\":\"en-US\",\"@id\":\"https:\\\/\\\/lagnoticias.com\\\/2025\\\/11\\\/17\\\/este-sencillo-ejercicio-puede-ayudarte-a-reducir-el-riesgo-de-alzheimer-segun-expertos\\\/#primaryimage\",\"url\":\"https:\\\/\\\/lagnoticias.com\\\/wp-content\\\/uploads\\\/2025\\\/11\\\/9-11.jpg\",\"contentUrl\":\"https:\\\/\\\/lagnoticias.com\\\/wp-content\\\/uploads\\\/2025\\\/11\\\/9-11.jpg\",\"width\":600,\"height\":315},{\"@type\":\"BreadcrumbList\",\"@id\":\"https:\\\/\\\/lagnoticias.com\\\/2025\\\/11\\\/17\\\/este-sencillo-ejercicio-puede-ayudarte-a-reducir-el-riesgo-de-alzheimer-segun-expertos\\\/#breadcrumb\",\"itemListElement\":[{\"@type\":\"ListItem\",\"position\":1,\"name\":\"Portada\",\"item\":\"https:\\\/\\\/lagnoticias.com\\\/\"},{\"@type\":\"ListItem\",\"position\":2,\"name\":\"Este sencillo ejercicio puede ayudarte a reducir el riesgo de Alzheimer, seg\u00fan expertos\"}]},{\"@type\":\"WebSite\",\"@id\":\"https:\\\/\\\/lagnoticias.com\\\/#website\",\"url\":\"https:\\\/\\\/lagnoticias.com\\\/\",\"name\":\"La G Noticias\",\"description\":\"Noticias Positivas\",\"potentialAction\":[{\"@type\":\"SearchAction\",\"target\":{\"@type\":\"EntryPoint\",\"urlTemplate\":\"https:\\\/\\\/lagnoticias.com\\\/?s={search_term_string}\"},\"query-input\":{\"@type\":\"PropertyValueSpecification\",\"valueRequired\":true,\"valueName\":\"search_term_string\"}}],\"inLanguage\":\"en-US\"},{\"@type\":\"Person\",\"@id\":\"https:\\\/\\\/lagnoticias.com\\\/#\\\/schema\\\/person\\\/cb9bfe13f8de05d2c55270be25c6a550\",\"name\":\"Oscar\",\"image\":{\"@type\":\"ImageObject\",\"inLanguage\":\"en-US\",\"@id\":\"https:\\\/\\\/secure.gravatar.com\\\/avatar\\\/45c195718f652dc7ffdd591dc1f2678956ab7fdadcd359a635edc61304a8c757?s=96&d=mm&r=g\",\"url\":\"https:\\\/\\\/secure.gravatar.com\\\/avatar\\\/45c195718f652dc7ffdd591dc1f2678956ab7fdadcd359a635edc61304a8c757?s=96&d=mm&r=g\",\"contentUrl\":\"https:\\\/\\\/secure.gravatar.com\\\/avatar\\\/45c195718f652dc7ffdd591dc1f2678956ab7fdadcd359a635edc61304a8c757?s=96&d=mm&r=g\",\"caption\":\"Oscar\"},\"url\":\"https:\\\/\\\/lagnoticias.com\\\/en\\\/author\\\/oscar\\\/\"}]}<\/script>\n<!-- \/ Yoast SEO plugin. -->","yoast_head_json":{"title":"Este sencillo ejercicio puede ayudarte a reducir el riesgo de Alzheimer, seg\u00fan expertos - La G Noticias","robots":{"index":"index","follow":"follow","max-snippet":"max-snippet:-1","max-image-preview":"max-image-preview:large","max-video-preview":"max-video-preview:-1"},"canonical":"https:\/\/lagnoticias.com\/en\/2025\/11\/17\/este-sencillo-ejercicio-puede-ayudarte-a-reducir-el-riesgo-de-alzheimer-segun-expertos\/","og_locale":"en_US","og_type":"article","og_title":"Este sencillo ejercicio puede ayudarte a reducir el riesgo de Alzheimer, seg\u00fan expertos - La G Noticias","og_description":"El bienestar mental y el buen estado de \u00e1nimo tiene mucho que ver con la actividad f\u00edsica que realizamos.","og_url":"https:\/\/lagnoticias.com\/en\/2025\/11\/17\/este-sencillo-ejercicio-puede-ayudarte-a-reducir-el-riesgo-de-alzheimer-segun-expertos\/","og_site_name":"La G Noticias","article_publisher":"https:\/\/www.facebook.com\/LaGNoticias","article_published_time":"2025-11-17T22:48:42+00:00","og_image":[{"width":600,"height":315,"url":"https:\/\/lagnoticias.com\/wp-content\/uploads\/2025\/11\/9-11.jpg","type":"image\/jpeg"}],"author":"Oscar","twitter_card":"summary_large_image","twitter_creator":"@lagnoticias","twitter_site":"@lagnoticias","twitter_misc":{"Written by":"Oscar","Est. reading time":"2 minutes"},"schema":{"@context":"https:\/\/schema.org","@graph":[{"@type":"Article","@id":"https:\/\/lagnoticias.com\/2025\/11\/17\/este-sencillo-ejercicio-puede-ayudarte-a-reducir-el-riesgo-de-alzheimer-segun-expertos\/#article","isPartOf":{"@id":"https:\/\/lagnoticias.com\/2025\/11\/17\/este-sencillo-ejercicio-puede-ayudarte-a-reducir-el-riesgo-de-alzheimer-segun-expertos\/"},"author":{"name":"Oscar","@id":"https:\/\/lagnoticias.com\/#\/schema\/person\/cb9bfe13f8de05d2c55270be25c6a550"},"headline":"Este sencillo ejercicio puede ayudarte a reducir el riesgo de Alzheimer, seg\u00fan expertos","datePublished":"2025-11-17T22:48:42+00:00","mainEntityOfPage":{"@id":"https:\/\/lagnoticias.com\/2025\/11\/17\/este-sencillo-ejercicio-puede-ayudarte-a-reducir-el-riesgo-de-alzheimer-segun-expertos\/"},"wordCount":380,"commentCount":0,"image":{"@id":"https:\/\/lagnoticias.com\/2025\/11\/17\/este-sencillo-ejercicio-puede-ayudarte-a-reducir-el-riesgo-de-alzheimer-segun-expertos\/#primaryimage"},"thumbnailUrl":"https:\/\/lagnoticias.com\/wp-content\/uploads\/2025\/11\/9-11.jpg","keywords":["ALZHEIMER","EJERCICIO","ESTUDIO","SALUD"],"articleSection":["VIDA"],"inLanguage":"en-US","potentialAction":[{"@type":"CommentAction","name":"Comment","target":["https:\/\/lagnoticias.com\/2025\/11\/17\/este-sencillo-ejercicio-puede-ayudarte-a-reducir-el-riesgo-de-alzheimer-segun-expertos\/#respond"]}]},{"@type":"WebPage","@id":"https:\/\/lagnoticias.com\/2025\/11\/17\/este-sencillo-ejercicio-puede-ayudarte-a-reducir-el-riesgo-de-alzheimer-segun-expertos\/","url":"https:\/\/lagnoticias.com\/2025\/11\/17\/este-sencillo-ejercicio-puede-ayudarte-a-reducir-el-riesgo-de-alzheimer-segun-expertos\/","name":"Este sencillo ejercicio puede ayudarte a reducir el riesgo de Alzheimer, seg\u00fan expertos - La G Noticias","isPartOf":{"@id":"https:\/\/lagnoticias.com\/#website"},"primaryImageOfPage":{"@id":"https:\/\/lagnoticias.com\/2025\/11\/17\/este-sencillo-ejercicio-puede-ayudarte-a-reducir-el-riesgo-de-alzheimer-segun-expertos\/#primaryimage"},"image":{"@id":"https:\/\/lagnoticias.com\/2025\/11\/17\/este-sencillo-ejercicio-puede-ayudarte-a-reducir-el-riesgo-de-alzheimer-segun-expertos\/#primaryimage"},"thumbnailUrl":"https:\/\/lagnoticias.com\/wp-content\/uploads\/2025\/11\/9-11.jpg","datePublished":"2025-11-17T22:48:42+00:00","author":{"@id":"https:\/\/lagnoticias.com\/#\/schema\/person\/cb9bfe13f8de05d2c55270be25c6a550"},"breadcrumb":{"@id":"https:\/\/lagnoticias.com\/2025\/11\/17\/este-sencillo-ejercicio-puede-ayudarte-a-reducir-el-riesgo-de-alzheimer-segun-expertos\/#breadcrumb"},"inLanguage":"en-US","potentialAction":[{"@type":"ReadAction","target":["https:\/\/lagnoticias.com\/2025\/11\/17\/este-sencillo-ejercicio-puede-ayudarte-a-reducir-el-riesgo-de-alzheimer-segun-expertos\/"]}]},{"@type":"ImageObject","inLanguage":"en-US","@id":"https:\/\/lagnoticias.com\/2025\/11\/17\/este-sencillo-ejercicio-puede-ayudarte-a-reducir-el-riesgo-de-alzheimer-segun-expertos\/#primaryimage","url":"https:\/\/lagnoticias.com\/wp-content\/uploads\/2025\/11\/9-11.jpg","contentUrl":"https:\/\/lagnoticias.com\/wp-content\/uploads\/2025\/11\/9-11.jpg","width":600,"height":315},{"@type":"BreadcrumbList","@id":"https:\/\/lagnoticias.com\/2025\/11\/17\/este-sencillo-ejercicio-puede-ayudarte-a-reducir-el-riesgo-de-alzheimer-segun-expertos\/#breadcrumb","itemListElement":[{"@type":"ListItem","position":1,"name":"Portada","item":"https:\/\/lagnoticias.com\/"},{"@type":"ListItem","position":2,"name":"Este sencillo ejercicio puede ayudarte a reducir el riesgo de Alzheimer, seg\u00fan expertos"}]},{"@type":"WebSite","@id":"https:\/\/lagnoticias.com\/#website","url":"https:\/\/lagnoticias.com\/","name":"La G Noticias","description":"Noticias Positivas","potentialAction":[{"@type":"SearchAction","target":{"@type":"EntryPoint","urlTemplate":"https:\/\/lagnoticias.com\/?s={search_term_string}"},"query-input":{"@type":"PropertyValueSpecification","valueRequired":true,"valueName":"search_term_string"}}],"inLanguage":"en-US"},{"@type":"Person","@id":"https:\/\/lagnoticias.com\/#\/schema\/person\/cb9bfe13f8de05d2c55270be25c6a550","name":"Oscar","image":{"@type":"ImageObject","inLanguage":"en-US","@id":"https:\/\/secure.gravatar.com\/avatar\/45c195718f652dc7ffdd591dc1f2678956ab7fdadcd359a635edc61304a8c757?s=96&d=mm&r=g","url":"https:\/\/secure.gravatar.com\/avatar\/45c195718f652dc7ffdd591dc1f2678956ab7fdadcd359a635edc61304a8c757?s=96&d=mm&r=g","contentUrl":"https:\/\/secure.gravatar.com\/avatar\/45c195718f652dc7ffdd591dc1f2678956ab7fdadcd359a635edc61304a8c757?s=96&d=mm&r=g","caption":"Oscar"},"url":"https:\/\/lagnoticias.com\/en\/author\/oscar\/"}]}},"_links":{"self":[{"href":"https:\/\/lagnoticias.com\/en\/wp-json\/wp\/v2\/posts\/7088","targetHints":{"allow":["GET"]}}],"collection":[{"href":"https:\/\/lagnoticias.com\/en\/wp-json\/wp\/v2\/posts"}],"about":[{"href":"https:\/\/lagnoticias.com\/en\/wp-json\/wp\/v2\/types\/post"}],"author":[{"embeddable":true,"href":"https:\/\/lagnoticias.com\/en\/wp-json\/wp\/v2\/users\/2"}],"replies":[{"embeddable":true,"href":"https:\/\/lagnoticias.com\/en\/wp-json\/wp\/v2\/comments?post=7088"}],"version-history":[{"count":1,"href":"https:\/\/lagnoticias.com\/en\/wp-json\/wp\/v2\/posts\/7088\/revisions"}],"predecessor-version":[{"id":7090,"href":"https:\/\/lagnoticias.com\/en\/wp-json\/wp\/v2\/posts\/7088\/revisions\/7090"}],"wp:featuredmedia":[{"embeddable":true,"href":"https:\/\/lagnoticias.com\/en\/wp-json\/wp\/v2\/media\/7089"}],"wp:attachment":[{"href":"https:\/\/lagnoticias.com\/en\/wp-json\/wp\/v2\/media?parent=7088"}],"wp:term":[{"taxonomy":"category","embeddable":true,"href":"https:\/\/lagnoticias.com\/en\/wp-json\/wp\/v2\/categories?post=7088"},{"taxonomy":"post_tag","embeddable":true,"href":"https:\/\/lagnoticias.com\/en\/wp-json\/wp\/v2\/tags?post=7088"}],"curies":[{"name":"wp","href":"https:\/\/api.w.org\/{rel}","templated":true}]}}