{"id":6979,"date":"2025-11-13T16:15:51","date_gmt":"2025-11-13T22:15:51","guid":{"rendered":"https:\/\/lagnoticias.com\/?p=6979"},"modified":"2025-11-13T16:15:52","modified_gmt":"2025-11-13T22:15:52","slug":"istu-anuncia-el-lanzamiento-de-navilandia-en-el-parque-natural-puerta-del-diablo","status":"publish","type":"post","link":"https:\/\/lagnoticias.com\/en\/2025\/11\/13\/istu-anuncia-el-lanzamiento-de-navilandia-en-el-parque-natural-puerta-del-diablo\/","title":{"rendered":"ISTU anuncia el lanzamiento de \u201cNavilandia\u201d en el Parque Natural\u00a0Puerta del Diablo\u00a0"},"content":{"rendered":"<p>El Instituto Salvadore\u00f1o de Turismo (Istu) apoya al sector privado, que realizar\u00e1 una serie de actividades interactivas gratuitas del 5 al 7 de diciembre, de 5:00 p. m. a 2:00 a. m., entre ellas el encendido del \u00e1rbol de Navidad, se tendr\u00e1 un t\u00fanel de luces LED y nieve artificial, adem\u00e1s se habilitar\u00e1 un escenario para presentaciones de m\u00fasica en vivo.&nbsp;<\/p>\n\n\n\n<p>\u201cComo ISTU administramos 18 parques a escala nacional. Estamos muy felices que Puerta del Diablo sea parte de este evento que tiene que ver con el sue\u00f1o y la magia de la Navidad. Somos una instituci\u00f3n que buscamos la recreaci\u00f3n sana de las familias. Este es un parque reci\u00e9n remodelado bajo el Gobierno del presidente Nayib Bukele\u201d, destac\u00f3 el gerente de mercadeo del Istu, Fernando Aguilar.<\/p>\n\n\n\n<p>El representante de Colmena Corp., Mois\u00e9s Castellanos, quienes producen el evento, destac\u00f3 la oportunidad de abrir m\u00e1s espacios para el sano esparcimiento de los salvadore\u00f1os. \u201cQue otro lugar mejor para unificar a las familias como la Puerta del Diablo en una temporada de Navidad y de nostalgia. Tenemos una visi\u00f3n de compartir, de generar alegr\u00eda con nuestras familias, aprovechando el clima de seguridad, de desarrollo y turismo local\u201d, sostuvo.&nbsp;<\/p>\n\n\n\n<p>Las autoridades del Istu estiman que m\u00e1s de 12,000 personas asistan a \u201cNavilandia\u201d. El lugar tambi\u00e9n contar\u00e1 con una zona gastron\u00f3mica. En ese sentido, se apuesta por generar m\u00e1s de 200 empleos directos y 400 indirectos.<\/p>","protected":false},"excerpt":{"rendered":"<p>El Instituto Salvadore\u00f1o de Turismo (Istu) apoya al sector privado, que realizar\u00e1 una serie de actividades interactivas gratuitas del 5 al 7 de diciembre, de 5:00 p. m. a 2:00 a. m., entre ellas el encendido del \u00e1rbol de Navidad, se tendr\u00e1 un t\u00fanel de luces LED y nieve artificial, adem\u00e1s se habilitar\u00e1 un escenario [&hellip;]<\/p>","protected":false},"author":2,"featured_media":6980,"comment_status":"open","ping_status":"open","sticky":false,"template":"","format":"standard","meta":{"_et_pb_use_builder":"off","_et_pb_old_content":"","_et_gb_content_width":"","footnotes":""},"categories":[244],"tags":[267,265,922,1857,1856,270],"class_list":["post-6979","post","type-post","status-publish","format-standard","has-post-thumbnail","hentry","category-nacionales","tag-el-salvador","tag-istu","tag-navidad","tag-navilandia","tag-parque-natural-puerta-del-diablo","tag-turismo"],"yoast_head":"<!-- This site is optimized with the Yoast SEO plugin v27.4 - https:\/\/yoast.com\/product\/yoast-seo-wordpress\/ -->\n<title>ISTU anuncia el lanzamiento de \u201cNavilandia\u201d en el Parque Natural\u00a0Puerta del Diablo\u00a0 - La G Noticias<\/title>\n<meta name=\"robots\" content=\"index, follow, max-snippet:-1, max-image-preview:large, max-video-preview:-1\" \/>\n<link rel=\"canonical\" href=\"https:\/\/lagnoticias.com\/en\/2025\/11\/13\/istu-anuncia-el-lanzamiento-de-navilandia-en-el-parque-natural-puerta-del-diablo\/\" \/>\n<meta property=\"og:locale\" content=\"en_US\" \/>\n<meta property=\"og:type\" content=\"article\" \/>\n<meta property=\"og:title\" content=\"ISTU anuncia el lanzamiento de \u201cNavilandia\u201d en el Parque Natural\u00a0Puerta del Diablo\u00a0 - La G Noticias\" \/>\n<meta property=\"og:description\" content=\"El Instituto Salvadore\u00f1o de Turismo (Istu) apoya al sector privado, que realizar\u00e1 una serie de actividades interactivas gratuitas del 5 al 7 de diciembre, de 5:00 p. m. a 2:00 a. m., entre ellas el encendido del \u00e1rbol de Navidad, se tendr\u00e1 un t\u00fanel de luces LED y nieve artificial, adem\u00e1s se habilitar\u00e1 un escenario [&hellip;]\" \/>\n<meta property=\"og:url\" content=\"https:\/\/lagnoticias.com\/en\/2025\/11\/13\/istu-anuncia-el-lanzamiento-de-navilandia-en-el-parque-natural-puerta-del-diablo\/\" \/>\n<meta property=\"og:site_name\" content=\"La G Noticias\" \/>\n<meta property=\"article:publisher\" content=\"https:\/\/www.facebook.com\/LaGNoticias\" \/>\n<meta property=\"article:published_time\" content=\"2025-11-13T22:15:51+00:00\" \/>\n<meta property=\"article:modified_time\" content=\"2025-11-13T22:15:52+00:00\" \/>\n<meta property=\"og:image\" content=\"https:\/\/lagnoticias.com\/wp-content\/uploads\/2025\/11\/7-8-scaled.jpg\" \/>\n\t<meta property=\"og:image:width\" content=\"2560\" \/>\n\t<meta property=\"og:image:height\" content=\"1505\" \/>\n\t<meta property=\"og:image:type\" content=\"image\/jpeg\" \/>\n<meta name=\"author\" content=\"Oscar\" \/>\n<meta name=\"twitter:card\" content=\"summary_large_image\" \/>\n<meta name=\"twitter:creator\" content=\"@lagnoticias\" \/>\n<meta name=\"twitter:site\" content=\"@lagnoticias\" \/>\n<meta name=\"twitter:label1\" content=\"Written by\" \/>\n\t<meta name=\"twitter:data1\" content=\"Oscar\" \/>\n\t<meta name=\"twitter:label2\" content=\"Est. reading time\" \/>\n\t<meta name=\"twitter:data2\" content=\"2 minutes\" \/>\n<script type=\"application\/ld+json\" class=\"yoast-schema-graph\">{\"@context\":\"https:\\\/\\\/schema.org\",\"@graph\":[{\"@type\":\"Article\",\"@id\":\"https:\\\/\\\/lagnoticias.com\\\/2025\\\/11\\\/13\\\/istu-anuncia-el-lanzamiento-de-navilandia-en-el-parque-natural-puerta-del-diablo\\\/#article\",\"isPartOf\":{\"@id\":\"https:\\\/\\\/lagnoticias.com\\\/2025\\\/11\\\/13\\\/istu-anuncia-el-lanzamiento-de-navilandia-en-el-parque-natural-puerta-del-diablo\\\/\"},\"author\":{\"name\":\"Oscar\",\"@id\":\"https:\\\/\\\/lagnoticias.com\\\/#\\\/schema\\\/person\\\/cb9bfe13f8de05d2c55270be25c6a550\"},\"headline\":\"ISTU anuncia el lanzamiento de \u201cNavilandia\u201d en el Parque Natural\u00a0Puerta del Diablo\u00a0\",\"datePublished\":\"2025-11-13T22:15:51+00:00\",\"dateModified\":\"2025-11-13T22:15:52+00:00\",\"mainEntityOfPage\":{\"@id\":\"https:\\\/\\\/lagnoticias.com\\\/2025\\\/11\\\/13\\\/istu-anuncia-el-lanzamiento-de-navilandia-en-el-parque-natural-puerta-del-diablo\\\/\"},\"wordCount\":256,\"commentCount\":0,\"image\":{\"@id\":\"https:\\\/\\\/lagnoticias.com\\\/2025\\\/11\\\/13\\\/istu-anuncia-el-lanzamiento-de-navilandia-en-el-parque-natural-puerta-del-diablo\\\/#primaryimage\"},\"thumbnailUrl\":\"https:\\\/\\\/lagnoticias.com\\\/wp-content\\\/uploads\\\/2025\\\/11\\\/7-8-scaled.jpg\",\"keywords\":[\"EL SALVADOR\",\"ISTU\",\"NAVIDAD\",\"NAVILANDIA\",\"PARQUE NATURAL PUERTA DEL DIABLO\",\"TURISMO\"],\"articleSection\":[\"NACIONALES\"],\"inLanguage\":\"en-US\",\"potentialAction\":[{\"@type\":\"CommentAction\",\"name\":\"Comment\",\"target\":[\"https:\\\/\\\/lagnoticias.com\\\/2025\\\/11\\\/13\\\/istu-anuncia-el-lanzamiento-de-navilandia-en-el-parque-natural-puerta-del-diablo\\\/#respond\"]}]},{\"@type\":\"WebPage\",\"@id\":\"https:\\\/\\\/lagnoticias.com\\\/2025\\\/11\\\/13\\\/istu-anuncia-el-lanzamiento-de-navilandia-en-el-parque-natural-puerta-del-diablo\\\/\",\"url\":\"https:\\\/\\\/lagnoticias.com\\\/2025\\\/11\\\/13\\\/istu-anuncia-el-lanzamiento-de-navilandia-en-el-parque-natural-puerta-del-diablo\\\/\",\"name\":\"ISTU anuncia el lanzamiento de \u201cNavilandia\u201d en el Parque Natural\u00a0Puerta del Diablo\u00a0 - La G Noticias\",\"isPartOf\":{\"@id\":\"https:\\\/\\\/lagnoticias.com\\\/#website\"},\"primaryImageOfPage\":{\"@id\":\"https:\\\/\\\/lagnoticias.com\\\/2025\\\/11\\\/13\\\/istu-anuncia-el-lanzamiento-de-navilandia-en-el-parque-natural-puerta-del-diablo\\\/#primaryimage\"},\"image\":{\"@id\":\"https:\\\/\\\/lagnoticias.com\\\/2025\\\/11\\\/13\\\/istu-anuncia-el-lanzamiento-de-navilandia-en-el-parque-natural-puerta-del-diablo\\\/#primaryimage\"},\"thumbnailUrl\":\"https:\\\/\\\/lagnoticias.com\\\/wp-content\\\/uploads\\\/2025\\\/11\\\/7-8-scaled.jpg\",\"datePublished\":\"2025-11-13T22:15:51+00:00\",\"dateModified\":\"2025-11-13T22:15:52+00:00\",\"author\":{\"@id\":\"https:\\\/\\\/lagnoticias.com\\\/#\\\/schema\\\/person\\\/cb9bfe13f8de05d2c55270be25c6a550\"},\"breadcrumb\":{\"@id\":\"https:\\\/\\\/lagnoticias.com\\\/2025\\\/11\\\/13\\\/istu-anuncia-el-lanzamiento-de-navilandia-en-el-parque-natural-puerta-del-diablo\\\/#breadcrumb\"},\"inLanguage\":\"en-US\",\"potentialAction\":[{\"@type\":\"ReadAction\",\"target\":[\"https:\\\/\\\/lagnoticias.com\\\/2025\\\/11\\\/13\\\/istu-anuncia-el-lanzamiento-de-navilandia-en-el-parque-natural-puerta-del-diablo\\\/\"]}]},{\"@type\":\"ImageObject\",\"inLanguage\":\"en-US\",\"@id\":\"https:\\\/\\\/lagnoticias.com\\\/2025\\\/11\\\/13\\\/istu-anuncia-el-lanzamiento-de-navilandia-en-el-parque-natural-puerta-del-diablo\\\/#primaryimage\",\"url\":\"https:\\\/\\\/lagnoticias.com\\\/wp-content\\\/uploads\\\/2025\\\/11\\\/7-8-scaled.jpg\",\"contentUrl\":\"https:\\\/\\\/lagnoticias.com\\\/wp-content\\\/uploads\\\/2025\\\/11\\\/7-8-scaled.jpg\",\"width\":2560,\"height\":1505},{\"@type\":\"BreadcrumbList\",\"@id\":\"https:\\\/\\\/lagnoticias.com\\\/2025\\\/11\\\/13\\\/istu-anuncia-el-lanzamiento-de-navilandia-en-el-parque-natural-puerta-del-diablo\\\/#breadcrumb\",\"itemListElement\":[{\"@type\":\"ListItem\",\"position\":1,\"name\":\"Portada\",\"item\":\"https:\\\/\\\/lagnoticias.com\\\/\"},{\"@type\":\"ListItem\",\"position\":2,\"name\":\"ISTU anuncia el lanzamiento de \u201cNavilandia\u201d en el Parque Natural\u00a0Puerta del Diablo\u00a0\"}]},{\"@type\":\"WebSite\",\"@id\":\"https:\\\/\\\/lagnoticias.com\\\/#website\",\"url\":\"https:\\\/\\\/lagnoticias.com\\\/\",\"name\":\"La G Noticias\",\"description\":\"Noticias Positivas\",\"potentialAction\":[{\"@type\":\"SearchAction\",\"target\":{\"@type\":\"EntryPoint\",\"urlTemplate\":\"https:\\\/\\\/lagnoticias.com\\\/?s={search_term_string}\"},\"query-input\":{\"@type\":\"PropertyValueSpecification\",\"valueRequired\":true,\"valueName\":\"search_term_string\"}}],\"inLanguage\":\"en-US\"},{\"@type\":\"Person\",\"@id\":\"https:\\\/\\\/lagnoticias.com\\\/#\\\/schema\\\/person\\\/cb9bfe13f8de05d2c55270be25c6a550\",\"name\":\"Oscar\",\"image\":{\"@type\":\"ImageObject\",\"inLanguage\":\"en-US\",\"@id\":\"https:\\\/\\\/secure.gravatar.com\\\/avatar\\\/45c195718f652dc7ffdd591dc1f2678956ab7fdadcd359a635edc61304a8c757?s=96&d=mm&r=g\",\"url\":\"https:\\\/\\\/secure.gravatar.com\\\/avatar\\\/45c195718f652dc7ffdd591dc1f2678956ab7fdadcd359a635edc61304a8c757?s=96&d=mm&r=g\",\"contentUrl\":\"https:\\\/\\\/secure.gravatar.com\\\/avatar\\\/45c195718f652dc7ffdd591dc1f2678956ab7fdadcd359a635edc61304a8c757?s=96&d=mm&r=g\",\"caption\":\"Oscar\"},\"url\":\"https:\\\/\\\/lagnoticias.com\\\/en\\\/author\\\/oscar\\\/\"}]}<\/script>\n<!-- \/ Yoast SEO plugin. -->","yoast_head_json":{"title":"ISTU anuncia el lanzamiento de \u201cNavilandia\u201d en el Parque Natural\u00a0Puerta del Diablo\u00a0 - La G Noticias","robots":{"index":"index","follow":"follow","max-snippet":"max-snippet:-1","max-image-preview":"max-image-preview:large","max-video-preview":"max-video-preview:-1"},"canonical":"https:\/\/lagnoticias.com\/en\/2025\/11\/13\/istu-anuncia-el-lanzamiento-de-navilandia-en-el-parque-natural-puerta-del-diablo\/","og_locale":"en_US","og_type":"article","og_title":"ISTU anuncia el lanzamiento de \u201cNavilandia\u201d en el Parque Natural\u00a0Puerta del Diablo\u00a0 - La G Noticias","og_description":"El Instituto Salvadore\u00f1o de Turismo (Istu) apoya al sector privado, que realizar\u00e1 una serie de actividades interactivas gratuitas del 5 al 7 de diciembre, de 5:00 p. m. a 2:00 a. m., entre ellas el encendido del \u00e1rbol de Navidad, se tendr\u00e1 un t\u00fanel de luces LED y nieve artificial, adem\u00e1s se habilitar\u00e1 un escenario [&hellip;]","og_url":"https:\/\/lagnoticias.com\/en\/2025\/11\/13\/istu-anuncia-el-lanzamiento-de-navilandia-en-el-parque-natural-puerta-del-diablo\/","og_site_name":"La G Noticias","article_publisher":"https:\/\/www.facebook.com\/LaGNoticias","article_published_time":"2025-11-13T22:15:51+00:00","article_modified_time":"2025-11-13T22:15:52+00:00","og_image":[{"width":2560,"height":1505,"url":"https:\/\/lagnoticias.com\/wp-content\/uploads\/2025\/11\/7-8-scaled.jpg","type":"image\/jpeg"}],"author":"Oscar","twitter_card":"summary_large_image","twitter_creator":"@lagnoticias","twitter_site":"@lagnoticias","twitter_misc":{"Written by":"Oscar","Est. reading time":"2 minutes"},"schema":{"@context":"https:\/\/schema.org","@graph":[{"@type":"Article","@id":"https:\/\/lagnoticias.com\/2025\/11\/13\/istu-anuncia-el-lanzamiento-de-navilandia-en-el-parque-natural-puerta-del-diablo\/#article","isPartOf":{"@id":"https:\/\/lagnoticias.com\/2025\/11\/13\/istu-anuncia-el-lanzamiento-de-navilandia-en-el-parque-natural-puerta-del-diablo\/"},"author":{"name":"Oscar","@id":"https:\/\/lagnoticias.com\/#\/schema\/person\/cb9bfe13f8de05d2c55270be25c6a550"},"headline":"ISTU anuncia el lanzamiento de \u201cNavilandia\u201d en el Parque Natural\u00a0Puerta del Diablo\u00a0","datePublished":"2025-11-13T22:15:51+00:00","dateModified":"2025-11-13T22:15:52+00:00","mainEntityOfPage":{"@id":"https:\/\/lagnoticias.com\/2025\/11\/13\/istu-anuncia-el-lanzamiento-de-navilandia-en-el-parque-natural-puerta-del-diablo\/"},"wordCount":256,"commentCount":0,"image":{"@id":"https:\/\/lagnoticias.com\/2025\/11\/13\/istu-anuncia-el-lanzamiento-de-navilandia-en-el-parque-natural-puerta-del-diablo\/#primaryimage"},"thumbnailUrl":"https:\/\/lagnoticias.com\/wp-content\/uploads\/2025\/11\/7-8-scaled.jpg","keywords":["EL SALVADOR","ISTU","NAVIDAD","NAVILANDIA","PARQUE NATURAL PUERTA DEL DIABLO","TURISMO"],"articleSection":["NACIONALES"],"inLanguage":"en-US","potentialAction":[{"@type":"CommentAction","name":"Comment","target":["https:\/\/lagnoticias.com\/2025\/11\/13\/istu-anuncia-el-lanzamiento-de-navilandia-en-el-parque-natural-puerta-del-diablo\/#respond"]}]},{"@type":"WebPage","@id":"https:\/\/lagnoticias.com\/2025\/11\/13\/istu-anuncia-el-lanzamiento-de-navilandia-en-el-parque-natural-puerta-del-diablo\/","url":"https:\/\/lagnoticias.com\/2025\/11\/13\/istu-anuncia-el-lanzamiento-de-navilandia-en-el-parque-natural-puerta-del-diablo\/","name":"ISTU anuncia el lanzamiento de \u201cNavilandia\u201d en el Parque Natural\u00a0Puerta del Diablo\u00a0 - La G Noticias","isPartOf":{"@id":"https:\/\/lagnoticias.com\/#website"},"primaryImageOfPage":{"@id":"https:\/\/lagnoticias.com\/2025\/11\/13\/istu-anuncia-el-lanzamiento-de-navilandia-en-el-parque-natural-puerta-del-diablo\/#primaryimage"},"image":{"@id":"https:\/\/lagnoticias.com\/2025\/11\/13\/istu-anuncia-el-lanzamiento-de-navilandia-en-el-parque-natural-puerta-del-diablo\/#primaryimage"},"thumbnailUrl":"https:\/\/lagnoticias.com\/wp-content\/uploads\/2025\/11\/7-8-scaled.jpg","datePublished":"2025-11-13T22:15:51+00:00","dateModified":"2025-11-13T22:15:52+00:00","author":{"@id":"https:\/\/lagnoticias.com\/#\/schema\/person\/cb9bfe13f8de05d2c55270be25c6a550"},"breadcrumb":{"@id":"https:\/\/lagnoticias.com\/2025\/11\/13\/istu-anuncia-el-lanzamiento-de-navilandia-en-el-parque-natural-puerta-del-diablo\/#breadcrumb"},"inLanguage":"en-US","potentialAction":[{"@type":"ReadAction","target":["https:\/\/lagnoticias.com\/2025\/11\/13\/istu-anuncia-el-lanzamiento-de-navilandia-en-el-parque-natural-puerta-del-diablo\/"]}]},{"@type":"ImageObject","inLanguage":"en-US","@id":"https:\/\/lagnoticias.com\/2025\/11\/13\/istu-anuncia-el-lanzamiento-de-navilandia-en-el-parque-natural-puerta-del-diablo\/#primaryimage","url":"https:\/\/lagnoticias.com\/wp-content\/uploads\/2025\/11\/7-8-scaled.jpg","contentUrl":"https:\/\/lagnoticias.com\/wp-content\/uploads\/2025\/11\/7-8-scaled.jpg","width":2560,"height":1505},{"@type":"BreadcrumbList","@id":"https:\/\/lagnoticias.com\/2025\/11\/13\/istu-anuncia-el-lanzamiento-de-navilandia-en-el-parque-natural-puerta-del-diablo\/#breadcrumb","itemListElement":[{"@type":"ListItem","position":1,"name":"Portada","item":"https:\/\/lagnoticias.com\/"},{"@type":"ListItem","position":2,"name":"ISTU anuncia el lanzamiento de \u201cNavilandia\u201d en el Parque Natural\u00a0Puerta del Diablo\u00a0"}]},{"@type":"WebSite","@id":"https:\/\/lagnoticias.com\/#website","url":"https:\/\/lagnoticias.com\/","name":"La G Noticias","description":"Noticias Positivas","potentialAction":[{"@type":"SearchAction","target":{"@type":"EntryPoint","urlTemplate":"https:\/\/lagnoticias.com\/?s={search_term_string}"},"query-input":{"@type":"PropertyValueSpecification","valueRequired":true,"valueName":"search_term_string"}}],"inLanguage":"en-US"},{"@type":"Person","@id":"https:\/\/lagnoticias.com\/#\/schema\/person\/cb9bfe13f8de05d2c55270be25c6a550","name":"Oscar","image":{"@type":"ImageObject","inLanguage":"en-US","@id":"https:\/\/secure.gravatar.com\/avatar\/45c195718f652dc7ffdd591dc1f2678956ab7fdadcd359a635edc61304a8c757?s=96&d=mm&r=g","url":"https:\/\/secure.gravatar.com\/avatar\/45c195718f652dc7ffdd591dc1f2678956ab7fdadcd359a635edc61304a8c757?s=96&d=mm&r=g","contentUrl":"https:\/\/secure.gravatar.com\/avatar\/45c195718f652dc7ffdd591dc1f2678956ab7fdadcd359a635edc61304a8c757?s=96&d=mm&r=g","caption":"Oscar"},"url":"https:\/\/lagnoticias.com\/en\/author\/oscar\/"}]}},"_links":{"self":[{"href":"https:\/\/lagnoticias.com\/en\/wp-json\/wp\/v2\/posts\/6979","targetHints":{"allow":["GET"]}}],"collection":[{"href":"https:\/\/lagnoticias.com\/en\/wp-json\/wp\/v2\/posts"}],"about":[{"href":"https:\/\/lagnoticias.com\/en\/wp-json\/wp\/v2\/types\/post"}],"author":[{"embeddable":true,"href":"https:\/\/lagnoticias.com\/en\/wp-json\/wp\/v2\/users\/2"}],"replies":[{"embeddable":true,"href":"https:\/\/lagnoticias.com\/en\/wp-json\/wp\/v2\/comments?post=6979"}],"version-history":[{"count":1,"href":"https:\/\/lagnoticias.com\/en\/wp-json\/wp\/v2\/posts\/6979\/revisions"}],"predecessor-version":[{"id":6981,"href":"https:\/\/lagnoticias.com\/en\/wp-json\/wp\/v2\/posts\/6979\/revisions\/6981"}],"wp:featuredmedia":[{"embeddable":true,"href":"https:\/\/lagnoticias.com\/en\/wp-json\/wp\/v2\/media\/6980"}],"wp:attachment":[{"href":"https:\/\/lagnoticias.com\/en\/wp-json\/wp\/v2\/media?parent=6979"}],"wp:term":[{"taxonomy":"category","embeddable":true,"href":"https:\/\/lagnoticias.com\/en\/wp-json\/wp\/v2\/categories?post=6979"},{"taxonomy":"post_tag","embeddable":true,"href":"https:\/\/lagnoticias.com\/en\/wp-json\/wp\/v2\/tags?post=6979"}],"curies":[{"name":"wp","href":"https:\/\/api.w.org\/{rel}","templated":true}]}}