{"id":6972,"date":"2025-11-13T12:16:13","date_gmt":"2025-11-13T18:16:13","guid":{"rendered":"https:\/\/lagnoticias.com\/?p=6972"},"modified":"2025-11-13T12:19:21","modified_gmt":"2025-11-13T18:19:21","slug":"tse-define-fechas-para-propaganda-electoral-rumbo-a-las-elecciones-de-2027","status":"publish","type":"post","link":"https:\/\/lagnoticias.com\/en\/2025\/11\/13\/tse-define-fechas-para-propaganda-electoral-rumbo-a-las-elecciones-de-2027\/","title":{"rendered":"TSE define fechas para propaganda electoral rumbo a las elecciones de 2027"},"content":{"rendered":"<p>Los candidatos presidenciales que competir\u00e1n en las elecciones de 2027 podr\u00e1n iniciar su propaganda electoral el 1 de octubre de 2026, seg\u00fan el calendario actualizado divulgado este mi\u00e9rcoles por el Tribunal Supremo Electoral (TSE).<\/p>\n\n\n\n<p>De acuerdo con el documento, la campa\u00f1a presidencial estar\u00e1 habilitada del 27 de octubre de 2026 al 24 de febrero de 2027, cuatro d\u00edas antes de que los salvadore\u00f1os acudan a las urnas.<\/p>\n\n\n\n<p>Per\u00edodos de propaganda electoral 2027:<\/p>\n\n\n\n<ul class=\"wp-block-list\">\n<li>Presidencial: del 27 de octubre de 2026 al 24 de febrero de 2027<\/li>\n\n\n\n<li>Legislativa: del 27 de diciembre de 2026 al 24 de febrero de 2027<\/li>\n\n\n\n<li>Municipal: del 27 de enero al 24 de febrero de 2027<\/li>\n<\/ul>\n\n\n\n<p>El TSE actualiz\u00f3 el calendario tras las reformas aprobadas por la Asamblea Legislativa, que acortaron el actual per\u00edodo presidencial y adelantaron las elecciones para 2027. La medida tambi\u00e9n ampli\u00f3 a seis a\u00f1os la duraci\u00f3n del pr\u00f3ximo mandato.<\/p>\n\n\n\n<p>Inicialmente, la elecci\u00f3n presidencial estaba prevista para 2029. El cambio genera incertidumbre sobre la continuidad del actual colegiado del TSE, cuyo per\u00edodo podr\u00eda verse afectado.<\/p>\n\n\n\n<p>El Tribunal deber\u00e1 publicar el acta de escrutinio final y la declaratoria en firme de los resultados entre el 13 y el 19 de marzo de 2027, seg\u00fan el calendario definitivo.<\/p>","protected":false},"excerpt":{"rendered":"<p>Los candidatos presidenciales que competir\u00e1n en las elecciones de 2027 podr\u00e1n iniciar su propaganda electoral el 1 de octubre de 2026, seg\u00fan el calendario actualizado divulgado este mi\u00e9rcoles por el Tribunal Supremo Electoral (TSE). De acuerdo con el documento, la campa\u00f1a presidencial estar\u00e1 habilitada del 27 de octubre de 2026 al 24 de febrero de [&hellip;]<\/p>","protected":false},"author":2,"featured_media":6975,"comment_status":"open","ping_status":"open","sticky":false,"template":"","format":"standard","meta":{"_et_pb_use_builder":"off","_et_pb_old_content":"","_et_gb_content_width":"","footnotes":""},"categories":[244],"tags":[267,1855,268,1854,1853],"class_list":["post-6972","post","type-post","status-publish","format-standard","has-post-thumbnail","hentry","category-nacionales","tag-el-salvador","tag-elecciones-2027","tag-gobierno-de-el-salvador","tag-tribunal-supremo-electoral","tag-tse"],"yoast_head":"<!-- This site is optimized with the Yoast SEO plugin v27.4 - https:\/\/yoast.com\/product\/yoast-seo-wordpress\/ -->\n<title>TSE define fechas para propaganda electoral rumbo a las elecciones de 2027 - La G Noticias<\/title>\n<meta name=\"robots\" content=\"index, follow, max-snippet:-1, max-image-preview:large, max-video-preview:-1\" \/>\n<link rel=\"canonical\" href=\"https:\/\/lagnoticias.com\/en\/2025\/11\/13\/tse-define-fechas-para-propaganda-electoral-rumbo-a-las-elecciones-de-2027\/\" \/>\n<meta property=\"og:locale\" content=\"en_US\" \/>\n<meta property=\"og:type\" content=\"article\" \/>\n<meta property=\"og:title\" content=\"TSE define fechas para propaganda electoral rumbo a las elecciones de 2027 - La G Noticias\" \/>\n<meta property=\"og:description\" content=\"Los candidatos presidenciales que competir\u00e1n en las elecciones de 2027 podr\u00e1n iniciar su propaganda electoral el 1 de octubre de 2026, seg\u00fan el calendario actualizado divulgado este mi\u00e9rcoles por el Tribunal Supremo Electoral (TSE). De acuerdo con el documento, la campa\u00f1a presidencial estar\u00e1 habilitada del 27 de octubre de 2026 al 24 de febrero de [&hellip;]\" \/>\n<meta property=\"og:url\" content=\"https:\/\/lagnoticias.com\/en\/2025\/11\/13\/tse-define-fechas-para-propaganda-electoral-rumbo-a-las-elecciones-de-2027\/\" \/>\n<meta property=\"og:site_name\" content=\"La G Noticias\" \/>\n<meta property=\"article:publisher\" content=\"https:\/\/www.facebook.com\/LaGNoticias\" \/>\n<meta property=\"article:published_time\" content=\"2025-11-13T18:16:13+00:00\" \/>\n<meta property=\"article:modified_time\" content=\"2025-11-13T18:19:21+00:00\" \/>\n<meta property=\"og:image\" content=\"https:\/\/lagnoticias.com\/wp-content\/uploads\/2025\/11\/85.jpg\" \/>\n\t<meta property=\"og:image:width\" content=\"1012\" \/>\n\t<meta property=\"og:image:height\" content=\"675\" \/>\n\t<meta property=\"og:image:type\" content=\"image\/jpeg\" \/>\n<meta name=\"author\" content=\"Oscar\" \/>\n<meta name=\"twitter:card\" content=\"summary_large_image\" \/>\n<meta name=\"twitter:creator\" content=\"@lagnoticias\" \/>\n<meta name=\"twitter:site\" content=\"@lagnoticias\" \/>\n<meta name=\"twitter:label1\" content=\"Written by\" \/>\n\t<meta name=\"twitter:data1\" content=\"Oscar\" \/>\n\t<meta name=\"twitter:label2\" content=\"Est. reading time\" \/>\n\t<meta name=\"twitter:data2\" content=\"2 minutes\" \/>\n<script type=\"application\/ld+json\" class=\"yoast-schema-graph\">{\"@context\":\"https:\\\/\\\/schema.org\",\"@graph\":[{\"@type\":\"Article\",\"@id\":\"https:\\\/\\\/lagnoticias.com\\\/2025\\\/11\\\/13\\\/tse-define-fechas-para-propaganda-electoral-rumbo-a-las-elecciones-de-2027\\\/#article\",\"isPartOf\":{\"@id\":\"https:\\\/\\\/lagnoticias.com\\\/2025\\\/11\\\/13\\\/tse-define-fechas-para-propaganda-electoral-rumbo-a-las-elecciones-de-2027\\\/\"},\"author\":{\"name\":\"Oscar\",\"@id\":\"https:\\\/\\\/lagnoticias.com\\\/#\\\/schema\\\/person\\\/cb9bfe13f8de05d2c55270be25c6a550\"},\"headline\":\"TSE define fechas para propaganda electoral rumbo a las elecciones de 2027\",\"datePublished\":\"2025-11-13T18:16:13+00:00\",\"dateModified\":\"2025-11-13T18:19:21+00:00\",\"mainEntityOfPage\":{\"@id\":\"https:\\\/\\\/lagnoticias.com\\\/2025\\\/11\\\/13\\\/tse-define-fechas-para-propaganda-electoral-rumbo-a-las-elecciones-de-2027\\\/\"},\"wordCount\":206,\"commentCount\":0,\"image\":{\"@id\":\"https:\\\/\\\/lagnoticias.com\\\/2025\\\/11\\\/13\\\/tse-define-fechas-para-propaganda-electoral-rumbo-a-las-elecciones-de-2027\\\/#primaryimage\"},\"thumbnailUrl\":\"https:\\\/\\\/lagnoticias.com\\\/wp-content\\\/uploads\\\/2025\\\/11\\\/85.jpg\",\"keywords\":[\"EL SALVADOR\",\"ELECCIONES 2027\",\"GOBIERNO DE EL SALVADOR\",\"TRIBUNAL SUPREMO ELECTORAL\",\"TSE\"],\"articleSection\":[\"NACIONALES\"],\"inLanguage\":\"en-US\",\"potentialAction\":[{\"@type\":\"CommentAction\",\"name\":\"Comment\",\"target\":[\"https:\\\/\\\/lagnoticias.com\\\/2025\\\/11\\\/13\\\/tse-define-fechas-para-propaganda-electoral-rumbo-a-las-elecciones-de-2027\\\/#respond\"]}]},{\"@type\":\"WebPage\",\"@id\":\"https:\\\/\\\/lagnoticias.com\\\/2025\\\/11\\\/13\\\/tse-define-fechas-para-propaganda-electoral-rumbo-a-las-elecciones-de-2027\\\/\",\"url\":\"https:\\\/\\\/lagnoticias.com\\\/2025\\\/11\\\/13\\\/tse-define-fechas-para-propaganda-electoral-rumbo-a-las-elecciones-de-2027\\\/\",\"name\":\"TSE define fechas para propaganda electoral rumbo a las elecciones de 2027 - La G Noticias\",\"isPartOf\":{\"@id\":\"https:\\\/\\\/lagnoticias.com\\\/#website\"},\"primaryImageOfPage\":{\"@id\":\"https:\\\/\\\/lagnoticias.com\\\/2025\\\/11\\\/13\\\/tse-define-fechas-para-propaganda-electoral-rumbo-a-las-elecciones-de-2027\\\/#primaryimage\"},\"image\":{\"@id\":\"https:\\\/\\\/lagnoticias.com\\\/2025\\\/11\\\/13\\\/tse-define-fechas-para-propaganda-electoral-rumbo-a-las-elecciones-de-2027\\\/#primaryimage\"},\"thumbnailUrl\":\"https:\\\/\\\/lagnoticias.com\\\/wp-content\\\/uploads\\\/2025\\\/11\\\/85.jpg\",\"datePublished\":\"2025-11-13T18:16:13+00:00\",\"dateModified\":\"2025-11-13T18:19:21+00:00\",\"author\":{\"@id\":\"https:\\\/\\\/lagnoticias.com\\\/#\\\/schema\\\/person\\\/cb9bfe13f8de05d2c55270be25c6a550\"},\"breadcrumb\":{\"@id\":\"https:\\\/\\\/lagnoticias.com\\\/2025\\\/11\\\/13\\\/tse-define-fechas-para-propaganda-electoral-rumbo-a-las-elecciones-de-2027\\\/#breadcrumb\"},\"inLanguage\":\"en-US\",\"potentialAction\":[{\"@type\":\"ReadAction\",\"target\":[\"https:\\\/\\\/lagnoticias.com\\\/2025\\\/11\\\/13\\\/tse-define-fechas-para-propaganda-electoral-rumbo-a-las-elecciones-de-2027\\\/\"]}]},{\"@type\":\"ImageObject\",\"inLanguage\":\"en-US\",\"@id\":\"https:\\\/\\\/lagnoticias.com\\\/2025\\\/11\\\/13\\\/tse-define-fechas-para-propaganda-electoral-rumbo-a-las-elecciones-de-2027\\\/#primaryimage\",\"url\":\"https:\\\/\\\/lagnoticias.com\\\/wp-content\\\/uploads\\\/2025\\\/11\\\/85.jpg\",\"contentUrl\":\"https:\\\/\\\/lagnoticias.com\\\/wp-content\\\/uploads\\\/2025\\\/11\\\/85.jpg\",\"width\":1012,\"height\":675},{\"@type\":\"BreadcrumbList\",\"@id\":\"https:\\\/\\\/lagnoticias.com\\\/2025\\\/11\\\/13\\\/tse-define-fechas-para-propaganda-electoral-rumbo-a-las-elecciones-de-2027\\\/#breadcrumb\",\"itemListElement\":[{\"@type\":\"ListItem\",\"position\":1,\"name\":\"Portada\",\"item\":\"https:\\\/\\\/lagnoticias.com\\\/\"},{\"@type\":\"ListItem\",\"position\":2,\"name\":\"TSE define fechas para propaganda electoral rumbo a las elecciones de 2027\"}]},{\"@type\":\"WebSite\",\"@id\":\"https:\\\/\\\/lagnoticias.com\\\/#website\",\"url\":\"https:\\\/\\\/lagnoticias.com\\\/\",\"name\":\"La G Noticias\",\"description\":\"Noticias Positivas\",\"potentialAction\":[{\"@type\":\"SearchAction\",\"target\":{\"@type\":\"EntryPoint\",\"urlTemplate\":\"https:\\\/\\\/lagnoticias.com\\\/?s={search_term_string}\"},\"query-input\":{\"@type\":\"PropertyValueSpecification\",\"valueRequired\":true,\"valueName\":\"search_term_string\"}}],\"inLanguage\":\"en-US\"},{\"@type\":\"Person\",\"@id\":\"https:\\\/\\\/lagnoticias.com\\\/#\\\/schema\\\/person\\\/cb9bfe13f8de05d2c55270be25c6a550\",\"name\":\"Oscar\",\"image\":{\"@type\":\"ImageObject\",\"inLanguage\":\"en-US\",\"@id\":\"https:\\\/\\\/secure.gravatar.com\\\/avatar\\\/45c195718f652dc7ffdd591dc1f2678956ab7fdadcd359a635edc61304a8c757?s=96&d=mm&r=g\",\"url\":\"https:\\\/\\\/secure.gravatar.com\\\/avatar\\\/45c195718f652dc7ffdd591dc1f2678956ab7fdadcd359a635edc61304a8c757?s=96&d=mm&r=g\",\"contentUrl\":\"https:\\\/\\\/secure.gravatar.com\\\/avatar\\\/45c195718f652dc7ffdd591dc1f2678956ab7fdadcd359a635edc61304a8c757?s=96&d=mm&r=g\",\"caption\":\"Oscar\"},\"url\":\"https:\\\/\\\/lagnoticias.com\\\/en\\\/author\\\/oscar\\\/\"}]}<\/script>\n<!-- \/ Yoast SEO plugin. -->","yoast_head_json":{"title":"TSE define fechas para propaganda electoral rumbo a las elecciones de 2027 - La G Noticias","robots":{"index":"index","follow":"follow","max-snippet":"max-snippet:-1","max-image-preview":"max-image-preview:large","max-video-preview":"max-video-preview:-1"},"canonical":"https:\/\/lagnoticias.com\/en\/2025\/11\/13\/tse-define-fechas-para-propaganda-electoral-rumbo-a-las-elecciones-de-2027\/","og_locale":"en_US","og_type":"article","og_title":"TSE define fechas para propaganda electoral rumbo a las elecciones de 2027 - La G Noticias","og_description":"Los candidatos presidenciales que competir\u00e1n en las elecciones de 2027 podr\u00e1n iniciar su propaganda electoral el 1 de octubre de 2026, seg\u00fan el calendario actualizado divulgado este mi\u00e9rcoles por el Tribunal Supremo Electoral (TSE). De acuerdo con el documento, la campa\u00f1a presidencial estar\u00e1 habilitada del 27 de octubre de 2026 al 24 de febrero de [&hellip;]","og_url":"https:\/\/lagnoticias.com\/en\/2025\/11\/13\/tse-define-fechas-para-propaganda-electoral-rumbo-a-las-elecciones-de-2027\/","og_site_name":"La G Noticias","article_publisher":"https:\/\/www.facebook.com\/LaGNoticias","article_published_time":"2025-11-13T18:16:13+00:00","article_modified_time":"2025-11-13T18:19:21+00:00","og_image":[{"width":1012,"height":675,"url":"https:\/\/lagnoticias.com\/wp-content\/uploads\/2025\/11\/85.jpg","type":"image\/jpeg"}],"author":"Oscar","twitter_card":"summary_large_image","twitter_creator":"@lagnoticias","twitter_site":"@lagnoticias","twitter_misc":{"Written by":"Oscar","Est. reading time":"2 minutes"},"schema":{"@context":"https:\/\/schema.org","@graph":[{"@type":"Article","@id":"https:\/\/lagnoticias.com\/2025\/11\/13\/tse-define-fechas-para-propaganda-electoral-rumbo-a-las-elecciones-de-2027\/#article","isPartOf":{"@id":"https:\/\/lagnoticias.com\/2025\/11\/13\/tse-define-fechas-para-propaganda-electoral-rumbo-a-las-elecciones-de-2027\/"},"author":{"name":"Oscar","@id":"https:\/\/lagnoticias.com\/#\/schema\/person\/cb9bfe13f8de05d2c55270be25c6a550"},"headline":"TSE define fechas para propaganda electoral rumbo a las elecciones de 2027","datePublished":"2025-11-13T18:16:13+00:00","dateModified":"2025-11-13T18:19:21+00:00","mainEntityOfPage":{"@id":"https:\/\/lagnoticias.com\/2025\/11\/13\/tse-define-fechas-para-propaganda-electoral-rumbo-a-las-elecciones-de-2027\/"},"wordCount":206,"commentCount":0,"image":{"@id":"https:\/\/lagnoticias.com\/2025\/11\/13\/tse-define-fechas-para-propaganda-electoral-rumbo-a-las-elecciones-de-2027\/#primaryimage"},"thumbnailUrl":"https:\/\/lagnoticias.com\/wp-content\/uploads\/2025\/11\/85.jpg","keywords":["EL SALVADOR","ELECCIONES 2027","GOBIERNO DE EL SALVADOR","TRIBUNAL SUPREMO ELECTORAL","TSE"],"articleSection":["NACIONALES"],"inLanguage":"en-US","potentialAction":[{"@type":"CommentAction","name":"Comment","target":["https:\/\/lagnoticias.com\/2025\/11\/13\/tse-define-fechas-para-propaganda-electoral-rumbo-a-las-elecciones-de-2027\/#respond"]}]},{"@type":"WebPage","@id":"https:\/\/lagnoticias.com\/2025\/11\/13\/tse-define-fechas-para-propaganda-electoral-rumbo-a-las-elecciones-de-2027\/","url":"https:\/\/lagnoticias.com\/2025\/11\/13\/tse-define-fechas-para-propaganda-electoral-rumbo-a-las-elecciones-de-2027\/","name":"TSE define fechas para propaganda electoral rumbo a las elecciones de 2027 - La G Noticias","isPartOf":{"@id":"https:\/\/lagnoticias.com\/#website"},"primaryImageOfPage":{"@id":"https:\/\/lagnoticias.com\/2025\/11\/13\/tse-define-fechas-para-propaganda-electoral-rumbo-a-las-elecciones-de-2027\/#primaryimage"},"image":{"@id":"https:\/\/lagnoticias.com\/2025\/11\/13\/tse-define-fechas-para-propaganda-electoral-rumbo-a-las-elecciones-de-2027\/#primaryimage"},"thumbnailUrl":"https:\/\/lagnoticias.com\/wp-content\/uploads\/2025\/11\/85.jpg","datePublished":"2025-11-13T18:16:13+00:00","dateModified":"2025-11-13T18:19:21+00:00","author":{"@id":"https:\/\/lagnoticias.com\/#\/schema\/person\/cb9bfe13f8de05d2c55270be25c6a550"},"breadcrumb":{"@id":"https:\/\/lagnoticias.com\/2025\/11\/13\/tse-define-fechas-para-propaganda-electoral-rumbo-a-las-elecciones-de-2027\/#breadcrumb"},"inLanguage":"en-US","potentialAction":[{"@type":"ReadAction","target":["https:\/\/lagnoticias.com\/2025\/11\/13\/tse-define-fechas-para-propaganda-electoral-rumbo-a-las-elecciones-de-2027\/"]}]},{"@type":"ImageObject","inLanguage":"en-US","@id":"https:\/\/lagnoticias.com\/2025\/11\/13\/tse-define-fechas-para-propaganda-electoral-rumbo-a-las-elecciones-de-2027\/#primaryimage","url":"https:\/\/lagnoticias.com\/wp-content\/uploads\/2025\/11\/85.jpg","contentUrl":"https:\/\/lagnoticias.com\/wp-content\/uploads\/2025\/11\/85.jpg","width":1012,"height":675},{"@type":"BreadcrumbList","@id":"https:\/\/lagnoticias.com\/2025\/11\/13\/tse-define-fechas-para-propaganda-electoral-rumbo-a-las-elecciones-de-2027\/#breadcrumb","itemListElement":[{"@type":"ListItem","position":1,"name":"Portada","item":"https:\/\/lagnoticias.com\/"},{"@type":"ListItem","position":2,"name":"TSE define fechas para propaganda electoral rumbo a las elecciones de 2027"}]},{"@type":"WebSite","@id":"https:\/\/lagnoticias.com\/#website","url":"https:\/\/lagnoticias.com\/","name":"La G Noticias","description":"Noticias Positivas","potentialAction":[{"@type":"SearchAction","target":{"@type":"EntryPoint","urlTemplate":"https:\/\/lagnoticias.com\/?s={search_term_string}"},"query-input":{"@type":"PropertyValueSpecification","valueRequired":true,"valueName":"search_term_string"}}],"inLanguage":"en-US"},{"@type":"Person","@id":"https:\/\/lagnoticias.com\/#\/schema\/person\/cb9bfe13f8de05d2c55270be25c6a550","name":"Oscar","image":{"@type":"ImageObject","inLanguage":"en-US","@id":"https:\/\/secure.gravatar.com\/avatar\/45c195718f652dc7ffdd591dc1f2678956ab7fdadcd359a635edc61304a8c757?s=96&d=mm&r=g","url":"https:\/\/secure.gravatar.com\/avatar\/45c195718f652dc7ffdd591dc1f2678956ab7fdadcd359a635edc61304a8c757?s=96&d=mm&r=g","contentUrl":"https:\/\/secure.gravatar.com\/avatar\/45c195718f652dc7ffdd591dc1f2678956ab7fdadcd359a635edc61304a8c757?s=96&d=mm&r=g","caption":"Oscar"},"url":"https:\/\/lagnoticias.com\/en\/author\/oscar\/"}]}},"_links":{"self":[{"href":"https:\/\/lagnoticias.com\/en\/wp-json\/wp\/v2\/posts\/6972","targetHints":{"allow":["GET"]}}],"collection":[{"href":"https:\/\/lagnoticias.com\/en\/wp-json\/wp\/v2\/posts"}],"about":[{"href":"https:\/\/lagnoticias.com\/en\/wp-json\/wp\/v2\/types\/post"}],"author":[{"embeddable":true,"href":"https:\/\/lagnoticias.com\/en\/wp-json\/wp\/v2\/users\/2"}],"replies":[{"embeddable":true,"href":"https:\/\/lagnoticias.com\/en\/wp-json\/wp\/v2\/comments?post=6972"}],"version-history":[{"count":1,"href":"https:\/\/lagnoticias.com\/en\/wp-json\/wp\/v2\/posts\/6972\/revisions"}],"predecessor-version":[{"id":6974,"href":"https:\/\/lagnoticias.com\/en\/wp-json\/wp\/v2\/posts\/6972\/revisions\/6974"}],"wp:featuredmedia":[{"embeddable":true,"href":"https:\/\/lagnoticias.com\/en\/wp-json\/wp\/v2\/media\/6975"}],"wp:attachment":[{"href":"https:\/\/lagnoticias.com\/en\/wp-json\/wp\/v2\/media?parent=6972"}],"wp:term":[{"taxonomy":"category","embeddable":true,"href":"https:\/\/lagnoticias.com\/en\/wp-json\/wp\/v2\/categories?post=6972"},{"taxonomy":"post_tag","embeddable":true,"href":"https:\/\/lagnoticias.com\/en\/wp-json\/wp\/v2\/tags?post=6972"}],"curies":[{"name":"wp","href":"https:\/\/api.w.org\/{rel}","templated":true}]}}