{"id":6969,"date":"2025-11-13T11:49:39","date_gmt":"2025-11-13T17:49:39","guid":{"rendered":"https:\/\/lagnoticias.com\/?p=6969"},"modified":"2025-11-13T11:49:39","modified_gmt":"2025-11-13T17:49:39","slug":"lucia-mendez-asegura-nuevamente-que-juan-gabriel-esta-vivo","status":"publish","type":"post","link":"https:\/\/lagnoticias.com\/en\/2025\/11\/13\/lucia-mendez-asegura-nuevamente-que-juan-gabriel-esta-vivo\/","title":{"rendered":"Luc\u00eda M\u00e9ndez asegura nuevamente que Juan Gabriel est\u00e1 vivo"},"content":{"rendered":"<p>A casi una d\u00e9cada de la muerte oficial de&nbsp;Juan Gabriel, la actriz mexicana&nbsp;Luc\u00eda M\u00e9ndez&nbsp;volvi\u00f3 a poner sobre la mesa una de las teor\u00edas m\u00e1s persistentes en el mundo del espect\u00e1culo:&nbsp;la posibilidad de que el int\u00e9rprete de&nbsp;Amor eterno&nbsp;siga con vida.<\/p>\n\n\n\n<p>De acuerdo con declaraciones retomadas por&nbsp;El Financiero, la tambi\u00e9n cantante sostuvo que est\u00e1 convencida de que la partida del \u201cDivo de Ju\u00e1rez\u201d fue una mentira y que \u00e9l se encuentra escondido. M\u00e9ndez admiti\u00f3 que muchas personas podr\u00edan tildarla de \u201cloca\u201d por su postura, pero afirm\u00f3 que tiene razones para creerlo, pues, seg\u00fan coment\u00f3, algunas personas cercanas le han confirmado esta versi\u00f3n.<\/p>\n\n\n\n<h2 class=\"wp-block-heading\">El motivo central: una llamada \u201csospechosa\u201d<\/h2>\n\n\n\n<p>Durante una conversaci\u00f3n con el programa&nbsp;El Gordo y la Flaca, Luc\u00eda M\u00e9ndez&nbsp;explic\u00f3 el principal motivo que la llev\u00f3 a pensar que Alberto Aguilera Valadez no falleci\u00f3 realmente.<\/p>\n\n\n\n<p>La actriz relat\u00f3 que, poco tiempo despu\u00e9s del anuncio de la muerte del cantante en 2016, recibi\u00f3 una llamada telef\u00f3nica que consider\u00f3 \u201cmuy sospechosa\u201d.<\/p>\n\n\n\n<p>\u201cMe llam\u00f3 y me dijo: \u2018Hola, \u00bfc\u00f3mo est\u00e1s? Me tienes que ayudar\u2019. Yo pens\u00e9 que era alguien que lo imitaba o algo, pero era \u00e9l, era \u00e9l. Aunque se r\u00edan\u201d, cont\u00f3 M\u00e9ndez.<\/p>\n\n\n\n<p>Aunque no ofreci\u00f3 m\u00e1s detalles sobre el contenido o el origen de la llamada, se\u00f1al\u00f3 que&nbsp;la voz que escuch\u00f3 era inconfundible, lo que ciment\u00f3 su creencia de que el artista sigue con vida.<\/p>\n\n\n\n<h2 class=\"wp-block-heading\">El hombre de Par\u00eds y otros testimonios<\/h2>\n\n\n\n<p>La teor\u00eda sobre la supuesta supervivencia del cantante volvi\u00f3 a ganar fuerza luego de que se viralizara un video en redes sociales donde aparece un hombre con gran parecido a Juan Gabriel disfrutando de una comida en un restaurante de Par\u00eds.<\/p>\n\n\n\n<p>Luc\u00eda M\u00e9ndez asegur\u00f3 que no descarta que se tratara realmente del artista, afirmando que la persona del video ten\u00eda \u201cel pelo, la cara\u201d e incluso el mismo porte del int\u00e9rprete. Record\u00f3 adem\u00e1s que Par\u00eds era una de las ciudades favoritas de Juan Gabriel, quien admiraba su glamour y elegancia.<\/p>\n\n\n\n<p>No es la primera vez que esta versi\u00f3n se sostiene p\u00fablicamente. Otras figuras del medio tambi\u00e9n han asegurado que el cantante no muri\u00f3 en 2016:<\/p>\n\n\n\n<ul class=\"wp-block-list\">\n<li>Joaqu\u00edn Mu\u00f1oz, exm\u00e1nager del artista, ha declarado que Juan Gabriel fingi\u00f3 su muerte porque su vida estaba en peligro y necesitaba esconderse. Seg\u00fan \u00e9l, la familia habr\u00eda participado en un plan para desaparecerlo y evitar un posible atentado.<\/li>\n\n\n\n<li>Martha Figueroa, periodista de espect\u00e1culos, tambi\u00e9n ha expresado su creencia en esta teor\u00eda.<\/li>\n\n\n\n<li>Jorge Carbajal, periodista, coment\u00f3 en un programa matutino que supuestamente lleg\u00f3 a ver al cantante en 2017.<\/li>\n<\/ul>\n\n\n\n<h2 class=\"wp-block-heading\">Las dudas sobre la muerte de Juan Gabriel<\/h2>\n\n\n\n<p>Juan Gabriel&nbsp;falleci\u00f3 oficialmente el 28 de agosto de 2016&nbsp;a causa de un infarto fulminante, de acuerdo con el reporte m\u00e9dico. Sin embargo, varios aspectos del manejo del suceso han alimentado el escepticismo.<\/p>\n\n\n\n<p>Seg\u00fan el documental&nbsp;Divo o muerto, retomado por Martha Figueroa, el desconcierto surge porque nunca se difundieron im\u00e1genes del cuerpo del cantante ni del momento en que fue sacado de la residencia donde muri\u00f3. Adem\u00e1s, la cremaci\u00f3n se realiz\u00f3 en cuesti\u00f3n de horas, algo que gener\u00f3 a\u00fan m\u00e1s sospechas entre sus seguidores.<\/p>\n\n\n\n<p>Incluso, trabajadores de la funeraria habr\u00edan declarado en su momento que la urna entregada a la familia podr\u00eda haber estado vac\u00eda, lo que dio pie a numerosas teor\u00edas de conspiraci\u00f3n.<\/p>\n\n\n\n<h2 class=\"wp-block-heading\">El cari\u00f1o eterno de Luc\u00eda M\u00e9ndez hacia Juan Gabriel<\/h2>\n\n\n\n<p>M\u00e1s all\u00e1 de las teor\u00edas, Luc\u00eda M\u00e9ndez concluy\u00f3 sus declaraciones recordando con afecto al artista, a quien consider\u00f3 un amigo entra\u00f1able. \u201cYo lo quise much\u00edsimo, lo recuerdo con mucho amor. Hasta me rega\u00f1aba\u201d, comparti\u00f3 la actriz, quien reconoci\u00f3 que el legado del \u201cDivo de Ju\u00e1rez\u201d sigue presente en la m\u00fasica y en el coraz\u00f3n de su p\u00fablico.<\/p>","protected":false},"excerpt":{"rendered":"<p>A nueve a\u00f1os del fallecimiento oficial del \u2018Divo de Ju\u00e1rez\u2019, la actriz mexicana reaviva la teor\u00eda de que el cantante no muri\u00f3 y vive oculto.<\/p>","protected":false},"author":2,"featured_media":6970,"comment_status":"open","ping_status":"open","sticky":false,"template":"","format":"standard","meta":{"_et_pb_use_builder":"off","_et_pb_old_content":"","_et_gb_content_width":"","footnotes":""},"categories":[249],"tags":[342,343,1760,1852,287],"class_list":["post-6969","post","type-post","status-publish","format-standard","has-post-thumbnail","hentry","category-entretenimiento","tag-actriz","tag-cantante","tag-juan-gabriel","tag-lucia-mendez","tag-mexico"],"yoast_head":"<!-- This site is optimized with the Yoast SEO plugin v27.4 - https:\/\/yoast.com\/product\/yoast-seo-wordpress\/ -->\n<title>Luc\u00eda M\u00e9ndez asegura nuevamente que Juan Gabriel est\u00e1 vivo - La G Noticias<\/title>\n<meta name=\"robots\" content=\"index, follow, max-snippet:-1, max-image-preview:large, max-video-preview:-1\" \/>\n<link rel=\"canonical\" href=\"https:\/\/lagnoticias.com\/en\/2025\/11\/13\/lucia-mendez-asegura-nuevamente-que-juan-gabriel-esta-vivo\/\" \/>\n<meta property=\"og:locale\" content=\"en_US\" \/>\n<meta property=\"og:type\" content=\"article\" \/>\n<meta property=\"og:title\" content=\"Luc\u00eda M\u00e9ndez asegura nuevamente que Juan Gabriel est\u00e1 vivo - La G Noticias\" \/>\n<meta property=\"og:description\" content=\"A nueve a\u00f1os del fallecimiento oficial del \u2018Divo de Ju\u00e1rez\u2019, la actriz mexicana reaviva la teor\u00eda de que el cantante no muri\u00f3 y vive oculto.\" \/>\n<meta property=\"og:url\" content=\"https:\/\/lagnoticias.com\/en\/2025\/11\/13\/lucia-mendez-asegura-nuevamente-que-juan-gabriel-esta-vivo\/\" \/>\n<meta property=\"og:site_name\" content=\"La G Noticias\" \/>\n<meta property=\"article:publisher\" content=\"https:\/\/www.facebook.com\/LaGNoticias\" \/>\n<meta property=\"article:published_time\" content=\"2025-11-13T17:49:39+00:00\" \/>\n<meta property=\"og:image\" content=\"https:\/\/lagnoticias.com\/wp-content\/uploads\/2025\/11\/44.jpg\" \/>\n\t<meta property=\"og:image:width\" content=\"1920\" \/>\n\t<meta property=\"og:image:height\" content=\"1080\" \/>\n\t<meta property=\"og:image:type\" content=\"image\/jpeg\" \/>\n<meta name=\"author\" content=\"Oscar\" \/>\n<meta name=\"twitter:card\" content=\"summary_large_image\" \/>\n<meta name=\"twitter:creator\" content=\"@lagnoticias\" \/>\n<meta name=\"twitter:site\" content=\"@lagnoticias\" \/>\n<meta name=\"twitter:label1\" content=\"Written by\" \/>\n\t<meta name=\"twitter:data1\" content=\"Oscar\" \/>\n\t<meta name=\"twitter:label2\" content=\"Est. reading time\" \/>\n\t<meta name=\"twitter:data2\" content=\"4 minutes\" \/>\n<script type=\"application\/ld+json\" class=\"yoast-schema-graph\">{\"@context\":\"https:\\\/\\\/schema.org\",\"@graph\":[{\"@type\":\"Article\",\"@id\":\"https:\\\/\\\/lagnoticias.com\\\/2025\\\/11\\\/13\\\/lucia-mendez-asegura-nuevamente-que-juan-gabriel-esta-vivo\\\/#article\",\"isPartOf\":{\"@id\":\"https:\\\/\\\/lagnoticias.com\\\/2025\\\/11\\\/13\\\/lucia-mendez-asegura-nuevamente-que-juan-gabriel-esta-vivo\\\/\"},\"author\":{\"name\":\"Oscar\",\"@id\":\"https:\\\/\\\/lagnoticias.com\\\/#\\\/schema\\\/person\\\/cb9bfe13f8de05d2c55270be25c6a550\"},\"headline\":\"Luc\u00eda M\u00e9ndez asegura nuevamente que Juan Gabriel est\u00e1 vivo\",\"datePublished\":\"2025-11-13T17:49:39+00:00\",\"mainEntityOfPage\":{\"@id\":\"https:\\\/\\\/lagnoticias.com\\\/2025\\\/11\\\/13\\\/lucia-mendez-asegura-nuevamente-que-juan-gabriel-esta-vivo\\\/\"},\"wordCount\":702,\"commentCount\":0,\"image\":{\"@id\":\"https:\\\/\\\/lagnoticias.com\\\/2025\\\/11\\\/13\\\/lucia-mendez-asegura-nuevamente-que-juan-gabriel-esta-vivo\\\/#primaryimage\"},\"thumbnailUrl\":\"https:\\\/\\\/lagnoticias.com\\\/wp-content\\\/uploads\\\/2025\\\/11\\\/44.jpg\",\"keywords\":[\"ACTRIZ\",\"CANTANTE\",\"JUAN GABRIEL\",\"LUC\u00cdA M\u00c9NDEZ\",\"M\u00c9XICO\"],\"articleSection\":[\"ENTRETENIMIENTO\"],\"inLanguage\":\"en-US\",\"potentialAction\":[{\"@type\":\"CommentAction\",\"name\":\"Comment\",\"target\":[\"https:\\\/\\\/lagnoticias.com\\\/2025\\\/11\\\/13\\\/lucia-mendez-asegura-nuevamente-que-juan-gabriel-esta-vivo\\\/#respond\"]}]},{\"@type\":\"WebPage\",\"@id\":\"https:\\\/\\\/lagnoticias.com\\\/2025\\\/11\\\/13\\\/lucia-mendez-asegura-nuevamente-que-juan-gabriel-esta-vivo\\\/\",\"url\":\"https:\\\/\\\/lagnoticias.com\\\/2025\\\/11\\\/13\\\/lucia-mendez-asegura-nuevamente-que-juan-gabriel-esta-vivo\\\/\",\"name\":\"Luc\u00eda M\u00e9ndez asegura nuevamente que Juan Gabriel est\u00e1 vivo - La G Noticias\",\"isPartOf\":{\"@id\":\"https:\\\/\\\/lagnoticias.com\\\/#website\"},\"primaryImageOfPage\":{\"@id\":\"https:\\\/\\\/lagnoticias.com\\\/2025\\\/11\\\/13\\\/lucia-mendez-asegura-nuevamente-que-juan-gabriel-esta-vivo\\\/#primaryimage\"},\"image\":{\"@id\":\"https:\\\/\\\/lagnoticias.com\\\/2025\\\/11\\\/13\\\/lucia-mendez-asegura-nuevamente-que-juan-gabriel-esta-vivo\\\/#primaryimage\"},\"thumbnailUrl\":\"https:\\\/\\\/lagnoticias.com\\\/wp-content\\\/uploads\\\/2025\\\/11\\\/44.jpg\",\"datePublished\":\"2025-11-13T17:49:39+00:00\",\"author\":{\"@id\":\"https:\\\/\\\/lagnoticias.com\\\/#\\\/schema\\\/person\\\/cb9bfe13f8de05d2c55270be25c6a550\"},\"breadcrumb\":{\"@id\":\"https:\\\/\\\/lagnoticias.com\\\/2025\\\/11\\\/13\\\/lucia-mendez-asegura-nuevamente-que-juan-gabriel-esta-vivo\\\/#breadcrumb\"},\"inLanguage\":\"en-US\",\"potentialAction\":[{\"@type\":\"ReadAction\",\"target\":[\"https:\\\/\\\/lagnoticias.com\\\/2025\\\/11\\\/13\\\/lucia-mendez-asegura-nuevamente-que-juan-gabriel-esta-vivo\\\/\"]}]},{\"@type\":\"ImageObject\",\"inLanguage\":\"en-US\",\"@id\":\"https:\\\/\\\/lagnoticias.com\\\/2025\\\/11\\\/13\\\/lucia-mendez-asegura-nuevamente-que-juan-gabriel-esta-vivo\\\/#primaryimage\",\"url\":\"https:\\\/\\\/lagnoticias.com\\\/wp-content\\\/uploads\\\/2025\\\/11\\\/44.jpg\",\"contentUrl\":\"https:\\\/\\\/lagnoticias.com\\\/wp-content\\\/uploads\\\/2025\\\/11\\\/44.jpg\",\"width\":1920,\"height\":1080},{\"@type\":\"BreadcrumbList\",\"@id\":\"https:\\\/\\\/lagnoticias.com\\\/2025\\\/11\\\/13\\\/lucia-mendez-asegura-nuevamente-que-juan-gabriel-esta-vivo\\\/#breadcrumb\",\"itemListElement\":[{\"@type\":\"ListItem\",\"position\":1,\"name\":\"Portada\",\"item\":\"https:\\\/\\\/lagnoticias.com\\\/\"},{\"@type\":\"ListItem\",\"position\":2,\"name\":\"Luc\u00eda M\u00e9ndez asegura nuevamente que Juan Gabriel est\u00e1 vivo\"}]},{\"@type\":\"WebSite\",\"@id\":\"https:\\\/\\\/lagnoticias.com\\\/#website\",\"url\":\"https:\\\/\\\/lagnoticias.com\\\/\",\"name\":\"La G Noticias\",\"description\":\"Noticias Positivas\",\"potentialAction\":[{\"@type\":\"SearchAction\",\"target\":{\"@type\":\"EntryPoint\",\"urlTemplate\":\"https:\\\/\\\/lagnoticias.com\\\/?s={search_term_string}\"},\"query-input\":{\"@type\":\"PropertyValueSpecification\",\"valueRequired\":true,\"valueName\":\"search_term_string\"}}],\"inLanguage\":\"en-US\"},{\"@type\":\"Person\",\"@id\":\"https:\\\/\\\/lagnoticias.com\\\/#\\\/schema\\\/person\\\/cb9bfe13f8de05d2c55270be25c6a550\",\"name\":\"Oscar\",\"image\":{\"@type\":\"ImageObject\",\"inLanguage\":\"en-US\",\"@id\":\"https:\\\/\\\/secure.gravatar.com\\\/avatar\\\/45c195718f652dc7ffdd591dc1f2678956ab7fdadcd359a635edc61304a8c757?s=96&d=mm&r=g\",\"url\":\"https:\\\/\\\/secure.gravatar.com\\\/avatar\\\/45c195718f652dc7ffdd591dc1f2678956ab7fdadcd359a635edc61304a8c757?s=96&d=mm&r=g\",\"contentUrl\":\"https:\\\/\\\/secure.gravatar.com\\\/avatar\\\/45c195718f652dc7ffdd591dc1f2678956ab7fdadcd359a635edc61304a8c757?s=96&d=mm&r=g\",\"caption\":\"Oscar\"},\"url\":\"https:\\\/\\\/lagnoticias.com\\\/en\\\/author\\\/oscar\\\/\"}]}<\/script>\n<!-- \/ Yoast SEO plugin. -->","yoast_head_json":{"title":"Luc\u00eda M\u00e9ndez asegura nuevamente que Juan Gabriel est\u00e1 vivo - La G Noticias","robots":{"index":"index","follow":"follow","max-snippet":"max-snippet:-1","max-image-preview":"max-image-preview:large","max-video-preview":"max-video-preview:-1"},"canonical":"https:\/\/lagnoticias.com\/en\/2025\/11\/13\/lucia-mendez-asegura-nuevamente-que-juan-gabriel-esta-vivo\/","og_locale":"en_US","og_type":"article","og_title":"Luc\u00eda M\u00e9ndez asegura nuevamente que Juan Gabriel est\u00e1 vivo - La G Noticias","og_description":"A nueve a\u00f1os del fallecimiento oficial del \u2018Divo de Ju\u00e1rez\u2019, la actriz mexicana reaviva la teor\u00eda de que el cantante no muri\u00f3 y vive oculto.","og_url":"https:\/\/lagnoticias.com\/en\/2025\/11\/13\/lucia-mendez-asegura-nuevamente-que-juan-gabriel-esta-vivo\/","og_site_name":"La G Noticias","article_publisher":"https:\/\/www.facebook.com\/LaGNoticias","article_published_time":"2025-11-13T17:49:39+00:00","og_image":[{"width":1920,"height":1080,"url":"https:\/\/lagnoticias.com\/wp-content\/uploads\/2025\/11\/44.jpg","type":"image\/jpeg"}],"author":"Oscar","twitter_card":"summary_large_image","twitter_creator":"@lagnoticias","twitter_site":"@lagnoticias","twitter_misc":{"Written by":"Oscar","Est. reading time":"4 minutes"},"schema":{"@context":"https:\/\/schema.org","@graph":[{"@type":"Article","@id":"https:\/\/lagnoticias.com\/2025\/11\/13\/lucia-mendez-asegura-nuevamente-que-juan-gabriel-esta-vivo\/#article","isPartOf":{"@id":"https:\/\/lagnoticias.com\/2025\/11\/13\/lucia-mendez-asegura-nuevamente-que-juan-gabriel-esta-vivo\/"},"author":{"name":"Oscar","@id":"https:\/\/lagnoticias.com\/#\/schema\/person\/cb9bfe13f8de05d2c55270be25c6a550"},"headline":"Luc\u00eda M\u00e9ndez asegura nuevamente que Juan Gabriel est\u00e1 vivo","datePublished":"2025-11-13T17:49:39+00:00","mainEntityOfPage":{"@id":"https:\/\/lagnoticias.com\/2025\/11\/13\/lucia-mendez-asegura-nuevamente-que-juan-gabriel-esta-vivo\/"},"wordCount":702,"commentCount":0,"image":{"@id":"https:\/\/lagnoticias.com\/2025\/11\/13\/lucia-mendez-asegura-nuevamente-que-juan-gabriel-esta-vivo\/#primaryimage"},"thumbnailUrl":"https:\/\/lagnoticias.com\/wp-content\/uploads\/2025\/11\/44.jpg","keywords":["ACTRIZ","CANTANTE","JUAN GABRIEL","LUC\u00cdA M\u00c9NDEZ","M\u00c9XICO"],"articleSection":["ENTRETENIMIENTO"],"inLanguage":"en-US","potentialAction":[{"@type":"CommentAction","name":"Comment","target":["https:\/\/lagnoticias.com\/2025\/11\/13\/lucia-mendez-asegura-nuevamente-que-juan-gabriel-esta-vivo\/#respond"]}]},{"@type":"WebPage","@id":"https:\/\/lagnoticias.com\/2025\/11\/13\/lucia-mendez-asegura-nuevamente-que-juan-gabriel-esta-vivo\/","url":"https:\/\/lagnoticias.com\/2025\/11\/13\/lucia-mendez-asegura-nuevamente-que-juan-gabriel-esta-vivo\/","name":"Luc\u00eda M\u00e9ndez asegura nuevamente que Juan Gabriel est\u00e1 vivo - La G Noticias","isPartOf":{"@id":"https:\/\/lagnoticias.com\/#website"},"primaryImageOfPage":{"@id":"https:\/\/lagnoticias.com\/2025\/11\/13\/lucia-mendez-asegura-nuevamente-que-juan-gabriel-esta-vivo\/#primaryimage"},"image":{"@id":"https:\/\/lagnoticias.com\/2025\/11\/13\/lucia-mendez-asegura-nuevamente-que-juan-gabriel-esta-vivo\/#primaryimage"},"thumbnailUrl":"https:\/\/lagnoticias.com\/wp-content\/uploads\/2025\/11\/44.jpg","datePublished":"2025-11-13T17:49:39+00:00","author":{"@id":"https:\/\/lagnoticias.com\/#\/schema\/person\/cb9bfe13f8de05d2c55270be25c6a550"},"breadcrumb":{"@id":"https:\/\/lagnoticias.com\/2025\/11\/13\/lucia-mendez-asegura-nuevamente-que-juan-gabriel-esta-vivo\/#breadcrumb"},"inLanguage":"en-US","potentialAction":[{"@type":"ReadAction","target":["https:\/\/lagnoticias.com\/2025\/11\/13\/lucia-mendez-asegura-nuevamente-que-juan-gabriel-esta-vivo\/"]}]},{"@type":"ImageObject","inLanguage":"en-US","@id":"https:\/\/lagnoticias.com\/2025\/11\/13\/lucia-mendez-asegura-nuevamente-que-juan-gabriel-esta-vivo\/#primaryimage","url":"https:\/\/lagnoticias.com\/wp-content\/uploads\/2025\/11\/44.jpg","contentUrl":"https:\/\/lagnoticias.com\/wp-content\/uploads\/2025\/11\/44.jpg","width":1920,"height":1080},{"@type":"BreadcrumbList","@id":"https:\/\/lagnoticias.com\/2025\/11\/13\/lucia-mendez-asegura-nuevamente-que-juan-gabriel-esta-vivo\/#breadcrumb","itemListElement":[{"@type":"ListItem","position":1,"name":"Portada","item":"https:\/\/lagnoticias.com\/"},{"@type":"ListItem","position":2,"name":"Luc\u00eda M\u00e9ndez asegura nuevamente que Juan Gabriel est\u00e1 vivo"}]},{"@type":"WebSite","@id":"https:\/\/lagnoticias.com\/#website","url":"https:\/\/lagnoticias.com\/","name":"La G Noticias","description":"Noticias Positivas","potentialAction":[{"@type":"SearchAction","target":{"@type":"EntryPoint","urlTemplate":"https:\/\/lagnoticias.com\/?s={search_term_string}"},"query-input":{"@type":"PropertyValueSpecification","valueRequired":true,"valueName":"search_term_string"}}],"inLanguage":"en-US"},{"@type":"Person","@id":"https:\/\/lagnoticias.com\/#\/schema\/person\/cb9bfe13f8de05d2c55270be25c6a550","name":"Oscar","image":{"@type":"ImageObject","inLanguage":"en-US","@id":"https:\/\/secure.gravatar.com\/avatar\/45c195718f652dc7ffdd591dc1f2678956ab7fdadcd359a635edc61304a8c757?s=96&d=mm&r=g","url":"https:\/\/secure.gravatar.com\/avatar\/45c195718f652dc7ffdd591dc1f2678956ab7fdadcd359a635edc61304a8c757?s=96&d=mm&r=g","contentUrl":"https:\/\/secure.gravatar.com\/avatar\/45c195718f652dc7ffdd591dc1f2678956ab7fdadcd359a635edc61304a8c757?s=96&d=mm&r=g","caption":"Oscar"},"url":"https:\/\/lagnoticias.com\/en\/author\/oscar\/"}]}},"_links":{"self":[{"href":"https:\/\/lagnoticias.com\/en\/wp-json\/wp\/v2\/posts\/6969","targetHints":{"allow":["GET"]}}],"collection":[{"href":"https:\/\/lagnoticias.com\/en\/wp-json\/wp\/v2\/posts"}],"about":[{"href":"https:\/\/lagnoticias.com\/en\/wp-json\/wp\/v2\/types\/post"}],"author":[{"embeddable":true,"href":"https:\/\/lagnoticias.com\/en\/wp-json\/wp\/v2\/users\/2"}],"replies":[{"embeddable":true,"href":"https:\/\/lagnoticias.com\/en\/wp-json\/wp\/v2\/comments?post=6969"}],"version-history":[{"count":1,"href":"https:\/\/lagnoticias.com\/en\/wp-json\/wp\/v2\/posts\/6969\/revisions"}],"predecessor-version":[{"id":6971,"href":"https:\/\/lagnoticias.com\/en\/wp-json\/wp\/v2\/posts\/6969\/revisions\/6971"}],"wp:featuredmedia":[{"embeddable":true,"href":"https:\/\/lagnoticias.com\/en\/wp-json\/wp\/v2\/media\/6970"}],"wp:attachment":[{"href":"https:\/\/lagnoticias.com\/en\/wp-json\/wp\/v2\/media?parent=6969"}],"wp:term":[{"taxonomy":"category","embeddable":true,"href":"https:\/\/lagnoticias.com\/en\/wp-json\/wp\/v2\/categories?post=6969"},{"taxonomy":"post_tag","embeddable":true,"href":"https:\/\/lagnoticias.com\/en\/wp-json\/wp\/v2\/tags?post=6969"}],"curies":[{"name":"wp","href":"https:\/\/api.w.org\/{rel}","templated":true}]}}