{"id":6966,"date":"2025-11-13T11:29:26","date_gmt":"2025-11-13T17:29:26","guid":{"rendered":"https:\/\/lagnoticias.com\/?p=6966"},"modified":"2025-11-14T11:15:05","modified_gmt":"2025-11-14T17:15:05","slug":"protege-tu-piel-de-la-resequedad-durante-los-cambios-de-clima","status":"publish","type":"post","link":"https:\/\/lagnoticias.com\/en\/2025\/11\/13\/protege-tu-piel-de-la-resequedad-durante-los-cambios-de-clima\/","title":{"rendered":"Protege tu piel de la resequedad durante los cambios de clima"},"content":{"rendered":"<p>Con la llegada de&nbsp;temperaturas m\u00e1s bajas, uno de los efectos m\u00e1s comunes es la resequedad de la piel. El paso del&nbsp;calor al fr\u00edo&nbsp;provoca que la humedad ambiental disminuya, lo que afecta la hidrataci\u00f3n natural del cuerpo.<\/p>\n\n\n\n<p>Los&nbsp;dermat\u00f3logos&nbsp;explican que, durante esta transici\u00f3n, las gl\u00e1ndulas seb\u00e1ceas producen menos grasa natural, reduciendo la barrera protectora que mantiene la piel flexible. Si no se toman medidas preventivas, pueden aparecer irritaciones, grietas o incluso brotes de sensibilidad.<\/p>\n\n\n\n<p>Por eso, cuidar la piel en esta temporada no es solo cuesti\u00f3n est\u00e9tica, sino una forma de mantener su salud y equilibrio.<\/p>\n\n\n\n<p>Ajusta tu rutina de limpieza e hidrataci\u00f3n<\/p>\n\n\n\n<p>El primer paso para&nbsp;proteger la piel del fr\u00edo&nbsp;es adaptar la rutina diaria. Muchos productos dise\u00f1ados para climas c\u00e1lidos contienen ingredientes astringentes o limpiadores fuertes que pueden resecar a\u00fan m\u00e1s cuando bajan las temperaturas.<\/p>\n\n\n\n<p>Recomendaciones clave:<\/p>\n\n\n\n<ul class=\"wp-block-list\">\n<li>Usa limpiadores suaves,\u00a0sin alcohol ni fragancias\u00a0fuertes. Los jabones neutros\u00a0o las espumas hidratantes son ideales.<\/li>\n\n\n\n<li>Cambia las\u00a0cremas ligeras\u00a0por hidratantes m\u00e1s densos o con base de aceites naturales, como el de almendra, jojoba o karit\u00e9.<\/li>\n\n\n\n<li>Aplica la crema o loci\u00f3n inmediatamente despu\u00e9s del ba\u00f1o, cuando la piel a\u00fan est\u00e1 ligeramente h\u00fameda, para sellar la humedad.<\/li>\n\n\n\n<li>No abuses del agua caliente, ya que elimina los aceites naturales de la piel y acent\u00faa la resequedad.<\/li>\n<\/ul>\n\n\n\n<p>En esta \u00e9poca, la regla es simple: menos productos agresivos y m\u00e1s humectaci\u00f3n constante.<\/p>\n\n\n\n<p>Cuidado facial: protege las zonas m\u00e1s expuestas<\/p>\n\n\n\n<p>El rostro es una de las partes del cuerpo que m\u00e1s resiente el cambio de clima. El viento y las bajas temperaturas pueden causar enrojecimiento, grietas y sensaci\u00f3n de ardor, especialmente en mejillas, labios y nariz.<\/p>\n\n\n\n<p>Consejos para el cuidado facial en fr\u00edo:<\/p>\n\n\n\n<ul class=\"wp-block-list\">\n<li>Usa protector solar todos los d\u00edas, incluso si el cielo est\u00e1 nublado. Los\u00a0rayos UV\u00a0siguen presentes y pueden resecar la piel.<\/li>\n\n\n\n<li>Incluye en tu rutina un suero hidratante con \u00e1cido hialur\u00f3nico, que ayuda a retener el agua en las capas profundas de la piel.<\/li>\n\n\n\n<li>Hidrata los labios con b\u00e1lsamos ricos en cera de abejas o manteca de cacao. Evita lamerlos, ya que la saliva los reseca m\u00e1s.<\/li>\n\n\n\n<li>Si pasas mucho tiempo frente a pantallas, opta por cremas con antioxidantes o vitamina E para protegerte de la luz azul.<\/li>\n<\/ul>\n\n\n\n<p>Estos cuidados no solo previenen la resequedad, sino que mantienen la piel m\u00e1s luminosa y resistente ante los cambios de temperatura.<\/p>\n\n\n\n<p>El cuerpo tambi\u00e9n necesita hidrataci\u00f3n extra<\/p>\n\n\n\n<p>Aunque el rostro suele recibir m\u00e1s atenci\u00f3n, el resto del cuerpo tambi\u00e9n sufre con el clima fr\u00edo. Los brazos, piernas y manos tienden a perder humedad r\u00e1pidamente.<\/p>\n\n\n\n<p>Sugerencias para mantener la piel del cuerpo suave:<\/p>\n\n\n\n<ul class=\"wp-block-list\">\n<li>Usa cremas corporales con glicerina, avena o urea, que restauran la barrera cut\u00e1nea.<\/li>\n\n\n\n<li>Coloca un humidificador en casa, sobre todo si usas calefacci\u00f3n, para evitar que el aire seco reseque la piel.<\/li>\n\n\n\n<li>Bebe suficiente agua. Aunque no haya calor, la piel sigue necesitando hidrataci\u00f3n desde adentro.<\/li>\n<\/ul>\n\n\n\n<p>Durante la noche, aplicar una capa extra de crema o aceite corporal ayuda a regenerar la piel mientras duermes.<\/p>\n\n\n\n<p>Ingredientes recomendados para el cambio de clima<\/p>\n\n\n\n<p>Al elegir productos de cuidado personal, busca ingredientes que aporten humectaci\u00f3n y nutrici\u00f3n profunda:<\/p>\n\n\n\n<ul class=\"wp-block-list\">\n<li>\u00c1cido hialur\u00f3nico: mantiene la hidrataci\u00f3n durante horas.<\/li>\n\n\n\n<li>Ceramidas: fortalecen la barrera natural de la piel.<\/li>\n\n\n\n<li>Manteca de karit\u00e9: ideal para zonas muy secas.<\/li>\n\n\n\n<li>Avena coloidal: calma la irritaci\u00f3n y picaz\u00f3n.<\/li>\n\n\n\n<li>Aceite de coco o arg\u00e1n: nutren y suavizan sin obstruir los poros.<\/li>\n<\/ul>\n\n\n\n<p>Evita productos con alcohol o fragancias sint\u00e9ticas, ya que pueden irritar o aumentar la sequedad durante los meses fr\u00edos.<\/p>","protected":false},"excerpt":{"rendered":"<p>Consejos pr\u00e1cticos de hidrataci\u00f3n, limpieza y productos ideales.<\/p>","protected":false},"author":2,"featured_media":6967,"comment_status":"open","ping_status":"open","sticky":false,"template":"","format":"standard","meta":{"_et_pb_use_builder":"off","_et_pb_old_content":"","_et_gb_content_width":"","footnotes":""},"categories":[929],"tags":[1849,339,1851,961,1850,1848,294],"class_list":["post-6966","post","type-post","status-publish","format-standard","has-post-thumbnail","hentry","category-vida","tag-belleza","tag-clima","tag-clima-frio","tag-piel","tag-piel-seca","tag-resequedad","tag-salud"],"yoast_head":"<!-- This site is optimized with the Yoast SEO plugin v27.4 - https:\/\/yoast.com\/product\/yoast-seo-wordpress\/ -->\n<title>Protege tu piel de la resequedad durante los cambios de clima - La G Noticias<\/title>\n<meta name=\"robots\" content=\"index, follow, max-snippet:-1, max-image-preview:large, max-video-preview:-1\" \/>\n<link rel=\"canonical\" href=\"https:\/\/lagnoticias.com\/en\/2025\/11\/13\/protege-tu-piel-de-la-resequedad-durante-los-cambios-de-clima\/\" \/>\n<meta property=\"og:locale\" content=\"en_US\" \/>\n<meta property=\"og:type\" content=\"article\" \/>\n<meta property=\"og:title\" content=\"Protege tu piel de la resequedad durante los cambios de clima - La G Noticias\" \/>\n<meta property=\"og:description\" content=\"Consejos pr\u00e1cticos de hidrataci\u00f3n, limpieza y productos ideales.\" \/>\n<meta property=\"og:url\" content=\"https:\/\/lagnoticias.com\/en\/2025\/11\/13\/protege-tu-piel-de-la-resequedad-durante-los-cambios-de-clima\/\" \/>\n<meta property=\"og:site_name\" content=\"La G Noticias\" \/>\n<meta property=\"article:publisher\" content=\"https:\/\/www.facebook.com\/LaGNoticias\" \/>\n<meta property=\"article:published_time\" content=\"2025-11-13T17:29:26+00:00\" \/>\n<meta property=\"article:modified_time\" content=\"2025-11-14T17:15:05+00:00\" \/>\n<meta property=\"og:image\" content=\"https:\/\/lagnoticias.com\/wp-content\/uploads\/2025\/11\/7-7.jpg\" \/>\n\t<meta property=\"og:image:width\" content=\"800\" \/>\n\t<meta property=\"og:image:height\" content=\"534\" \/>\n\t<meta property=\"og:image:type\" content=\"image\/jpeg\" \/>\n<meta name=\"author\" content=\"Oscar\" \/>\n<meta name=\"twitter:card\" content=\"summary_large_image\" \/>\n<meta name=\"twitter:creator\" content=\"@lagnoticias\" \/>\n<meta name=\"twitter:site\" content=\"@lagnoticias\" \/>\n<meta name=\"twitter:label1\" content=\"Written by\" \/>\n\t<meta name=\"twitter:data1\" content=\"Oscar\" \/>\n\t<meta name=\"twitter:label2\" content=\"Est. reading time\" \/>\n\t<meta name=\"twitter:data2\" content=\"3 minutes\" \/>\n<script type=\"application\/ld+json\" class=\"yoast-schema-graph\">{\"@context\":\"https:\\\/\\\/schema.org\",\"@graph\":[{\"@type\":\"Article\",\"@id\":\"https:\\\/\\\/lagnoticias.com\\\/2025\\\/11\\\/13\\\/protege-tu-piel-de-la-resequedad-durante-los-cambios-de-clima\\\/#article\",\"isPartOf\":{\"@id\":\"https:\\\/\\\/lagnoticias.com\\\/2025\\\/11\\\/13\\\/protege-tu-piel-de-la-resequedad-durante-los-cambios-de-clima\\\/\"},\"author\":{\"name\":\"Oscar\",\"@id\":\"https:\\\/\\\/lagnoticias.com\\\/#\\\/schema\\\/person\\\/cb9bfe13f8de05d2c55270be25c6a550\"},\"headline\":\"Protege tu piel de la resequedad durante los cambios de clima\",\"datePublished\":\"2025-11-13T17:29:26+00:00\",\"dateModified\":\"2025-11-14T17:15:05+00:00\",\"mainEntityOfPage\":{\"@id\":\"https:\\\/\\\/lagnoticias.com\\\/2025\\\/11\\\/13\\\/protege-tu-piel-de-la-resequedad-durante-los-cambios-de-clima\\\/\"},\"wordCount\":652,\"commentCount\":0,\"image\":{\"@id\":\"https:\\\/\\\/lagnoticias.com\\\/2025\\\/11\\\/13\\\/protege-tu-piel-de-la-resequedad-durante-los-cambios-de-clima\\\/#primaryimage\"},\"thumbnailUrl\":\"https:\\\/\\\/lagnoticias.com\\\/wp-content\\\/uploads\\\/2025\\\/11\\\/7-7.jpg\",\"keywords\":[\"BELLEZA\",\"CLIMA\",\"CLIMA FR\u00cdO\",\"PIEL\",\"PIEL SECA\",\"RESEQUEDAD\",\"SALUD\"],\"articleSection\":[\"VIDA\"],\"inLanguage\":\"en-US\",\"potentialAction\":[{\"@type\":\"CommentAction\",\"name\":\"Comment\",\"target\":[\"https:\\\/\\\/lagnoticias.com\\\/2025\\\/11\\\/13\\\/protege-tu-piel-de-la-resequedad-durante-los-cambios-de-clima\\\/#respond\"]}]},{\"@type\":\"WebPage\",\"@id\":\"https:\\\/\\\/lagnoticias.com\\\/2025\\\/11\\\/13\\\/protege-tu-piel-de-la-resequedad-durante-los-cambios-de-clima\\\/\",\"url\":\"https:\\\/\\\/lagnoticias.com\\\/2025\\\/11\\\/13\\\/protege-tu-piel-de-la-resequedad-durante-los-cambios-de-clima\\\/\",\"name\":\"Protege tu piel de la resequedad durante los cambios de clima - La G Noticias\",\"isPartOf\":{\"@id\":\"https:\\\/\\\/lagnoticias.com\\\/#website\"},\"primaryImageOfPage\":{\"@id\":\"https:\\\/\\\/lagnoticias.com\\\/2025\\\/11\\\/13\\\/protege-tu-piel-de-la-resequedad-durante-los-cambios-de-clima\\\/#primaryimage\"},\"image\":{\"@id\":\"https:\\\/\\\/lagnoticias.com\\\/2025\\\/11\\\/13\\\/protege-tu-piel-de-la-resequedad-durante-los-cambios-de-clima\\\/#primaryimage\"},\"thumbnailUrl\":\"https:\\\/\\\/lagnoticias.com\\\/wp-content\\\/uploads\\\/2025\\\/11\\\/7-7.jpg\",\"datePublished\":\"2025-11-13T17:29:26+00:00\",\"dateModified\":\"2025-11-14T17:15:05+00:00\",\"author\":{\"@id\":\"https:\\\/\\\/lagnoticias.com\\\/#\\\/schema\\\/person\\\/cb9bfe13f8de05d2c55270be25c6a550\"},\"breadcrumb\":{\"@id\":\"https:\\\/\\\/lagnoticias.com\\\/2025\\\/11\\\/13\\\/protege-tu-piel-de-la-resequedad-durante-los-cambios-de-clima\\\/#breadcrumb\"},\"inLanguage\":\"en-US\",\"potentialAction\":[{\"@type\":\"ReadAction\",\"target\":[\"https:\\\/\\\/lagnoticias.com\\\/2025\\\/11\\\/13\\\/protege-tu-piel-de-la-resequedad-durante-los-cambios-de-clima\\\/\"]}]},{\"@type\":\"ImageObject\",\"inLanguage\":\"en-US\",\"@id\":\"https:\\\/\\\/lagnoticias.com\\\/2025\\\/11\\\/13\\\/protege-tu-piel-de-la-resequedad-durante-los-cambios-de-clima\\\/#primaryimage\",\"url\":\"https:\\\/\\\/lagnoticias.com\\\/wp-content\\\/uploads\\\/2025\\\/11\\\/7-7.jpg\",\"contentUrl\":\"https:\\\/\\\/lagnoticias.com\\\/wp-content\\\/uploads\\\/2025\\\/11\\\/7-7.jpg\",\"width\":800,\"height\":534},{\"@type\":\"BreadcrumbList\",\"@id\":\"https:\\\/\\\/lagnoticias.com\\\/2025\\\/11\\\/13\\\/protege-tu-piel-de-la-resequedad-durante-los-cambios-de-clima\\\/#breadcrumb\",\"itemListElement\":[{\"@type\":\"ListItem\",\"position\":1,\"name\":\"Portada\",\"item\":\"https:\\\/\\\/lagnoticias.com\\\/\"},{\"@type\":\"ListItem\",\"position\":2,\"name\":\"Protege tu piel de la resequedad durante los cambios de clima\"}]},{\"@type\":\"WebSite\",\"@id\":\"https:\\\/\\\/lagnoticias.com\\\/#website\",\"url\":\"https:\\\/\\\/lagnoticias.com\\\/\",\"name\":\"La G Noticias\",\"description\":\"Noticias Positivas\",\"potentialAction\":[{\"@type\":\"SearchAction\",\"target\":{\"@type\":\"EntryPoint\",\"urlTemplate\":\"https:\\\/\\\/lagnoticias.com\\\/?s={search_term_string}\"},\"query-input\":{\"@type\":\"PropertyValueSpecification\",\"valueRequired\":true,\"valueName\":\"search_term_string\"}}],\"inLanguage\":\"en-US\"},{\"@type\":\"Person\",\"@id\":\"https:\\\/\\\/lagnoticias.com\\\/#\\\/schema\\\/person\\\/cb9bfe13f8de05d2c55270be25c6a550\",\"name\":\"Oscar\",\"image\":{\"@type\":\"ImageObject\",\"inLanguage\":\"en-US\",\"@id\":\"https:\\\/\\\/secure.gravatar.com\\\/avatar\\\/45c195718f652dc7ffdd591dc1f2678956ab7fdadcd359a635edc61304a8c757?s=96&d=mm&r=g\",\"url\":\"https:\\\/\\\/secure.gravatar.com\\\/avatar\\\/45c195718f652dc7ffdd591dc1f2678956ab7fdadcd359a635edc61304a8c757?s=96&d=mm&r=g\",\"contentUrl\":\"https:\\\/\\\/secure.gravatar.com\\\/avatar\\\/45c195718f652dc7ffdd591dc1f2678956ab7fdadcd359a635edc61304a8c757?s=96&d=mm&r=g\",\"caption\":\"Oscar\"},\"url\":\"https:\\\/\\\/lagnoticias.com\\\/en\\\/author\\\/oscar\\\/\"}]}<\/script>\n<!-- \/ Yoast SEO plugin. -->","yoast_head_json":{"title":"Protege tu piel de la resequedad durante los cambios de clima - La G Noticias","robots":{"index":"index","follow":"follow","max-snippet":"max-snippet:-1","max-image-preview":"max-image-preview:large","max-video-preview":"max-video-preview:-1"},"canonical":"https:\/\/lagnoticias.com\/en\/2025\/11\/13\/protege-tu-piel-de-la-resequedad-durante-los-cambios-de-clima\/","og_locale":"en_US","og_type":"article","og_title":"Protege tu piel de la resequedad durante los cambios de clima - La G Noticias","og_description":"Consejos pr\u00e1cticos de hidrataci\u00f3n, limpieza y productos ideales.","og_url":"https:\/\/lagnoticias.com\/en\/2025\/11\/13\/protege-tu-piel-de-la-resequedad-durante-los-cambios-de-clima\/","og_site_name":"La G Noticias","article_publisher":"https:\/\/www.facebook.com\/LaGNoticias","article_published_time":"2025-11-13T17:29:26+00:00","article_modified_time":"2025-11-14T17:15:05+00:00","og_image":[{"width":800,"height":534,"url":"https:\/\/lagnoticias.com\/wp-content\/uploads\/2025\/11\/7-7.jpg","type":"image\/jpeg"}],"author":"Oscar","twitter_card":"summary_large_image","twitter_creator":"@lagnoticias","twitter_site":"@lagnoticias","twitter_misc":{"Written by":"Oscar","Est. reading time":"3 minutes"},"schema":{"@context":"https:\/\/schema.org","@graph":[{"@type":"Article","@id":"https:\/\/lagnoticias.com\/2025\/11\/13\/protege-tu-piel-de-la-resequedad-durante-los-cambios-de-clima\/#article","isPartOf":{"@id":"https:\/\/lagnoticias.com\/2025\/11\/13\/protege-tu-piel-de-la-resequedad-durante-los-cambios-de-clima\/"},"author":{"name":"Oscar","@id":"https:\/\/lagnoticias.com\/#\/schema\/person\/cb9bfe13f8de05d2c55270be25c6a550"},"headline":"Protege tu piel de la resequedad durante los cambios de clima","datePublished":"2025-11-13T17:29:26+00:00","dateModified":"2025-11-14T17:15:05+00:00","mainEntityOfPage":{"@id":"https:\/\/lagnoticias.com\/2025\/11\/13\/protege-tu-piel-de-la-resequedad-durante-los-cambios-de-clima\/"},"wordCount":652,"commentCount":0,"image":{"@id":"https:\/\/lagnoticias.com\/2025\/11\/13\/protege-tu-piel-de-la-resequedad-durante-los-cambios-de-clima\/#primaryimage"},"thumbnailUrl":"https:\/\/lagnoticias.com\/wp-content\/uploads\/2025\/11\/7-7.jpg","keywords":["BELLEZA","CLIMA","CLIMA FR\u00cdO","PIEL","PIEL SECA","RESEQUEDAD","SALUD"],"articleSection":["VIDA"],"inLanguage":"en-US","potentialAction":[{"@type":"CommentAction","name":"Comment","target":["https:\/\/lagnoticias.com\/2025\/11\/13\/protege-tu-piel-de-la-resequedad-durante-los-cambios-de-clima\/#respond"]}]},{"@type":"WebPage","@id":"https:\/\/lagnoticias.com\/2025\/11\/13\/protege-tu-piel-de-la-resequedad-durante-los-cambios-de-clima\/","url":"https:\/\/lagnoticias.com\/2025\/11\/13\/protege-tu-piel-de-la-resequedad-durante-los-cambios-de-clima\/","name":"Protege tu piel de la resequedad durante los cambios de clima - La G Noticias","isPartOf":{"@id":"https:\/\/lagnoticias.com\/#website"},"primaryImageOfPage":{"@id":"https:\/\/lagnoticias.com\/2025\/11\/13\/protege-tu-piel-de-la-resequedad-durante-los-cambios-de-clima\/#primaryimage"},"image":{"@id":"https:\/\/lagnoticias.com\/2025\/11\/13\/protege-tu-piel-de-la-resequedad-durante-los-cambios-de-clima\/#primaryimage"},"thumbnailUrl":"https:\/\/lagnoticias.com\/wp-content\/uploads\/2025\/11\/7-7.jpg","datePublished":"2025-11-13T17:29:26+00:00","dateModified":"2025-11-14T17:15:05+00:00","author":{"@id":"https:\/\/lagnoticias.com\/#\/schema\/person\/cb9bfe13f8de05d2c55270be25c6a550"},"breadcrumb":{"@id":"https:\/\/lagnoticias.com\/2025\/11\/13\/protege-tu-piel-de-la-resequedad-durante-los-cambios-de-clima\/#breadcrumb"},"inLanguage":"en-US","potentialAction":[{"@type":"ReadAction","target":["https:\/\/lagnoticias.com\/2025\/11\/13\/protege-tu-piel-de-la-resequedad-durante-los-cambios-de-clima\/"]}]},{"@type":"ImageObject","inLanguage":"en-US","@id":"https:\/\/lagnoticias.com\/2025\/11\/13\/protege-tu-piel-de-la-resequedad-durante-los-cambios-de-clima\/#primaryimage","url":"https:\/\/lagnoticias.com\/wp-content\/uploads\/2025\/11\/7-7.jpg","contentUrl":"https:\/\/lagnoticias.com\/wp-content\/uploads\/2025\/11\/7-7.jpg","width":800,"height":534},{"@type":"BreadcrumbList","@id":"https:\/\/lagnoticias.com\/2025\/11\/13\/protege-tu-piel-de-la-resequedad-durante-los-cambios-de-clima\/#breadcrumb","itemListElement":[{"@type":"ListItem","position":1,"name":"Portada","item":"https:\/\/lagnoticias.com\/"},{"@type":"ListItem","position":2,"name":"Protege tu piel de la resequedad durante los cambios de clima"}]},{"@type":"WebSite","@id":"https:\/\/lagnoticias.com\/#website","url":"https:\/\/lagnoticias.com\/","name":"La G Noticias","description":"Noticias Positivas","potentialAction":[{"@type":"SearchAction","target":{"@type":"EntryPoint","urlTemplate":"https:\/\/lagnoticias.com\/?s={search_term_string}"},"query-input":{"@type":"PropertyValueSpecification","valueRequired":true,"valueName":"search_term_string"}}],"inLanguage":"en-US"},{"@type":"Person","@id":"https:\/\/lagnoticias.com\/#\/schema\/person\/cb9bfe13f8de05d2c55270be25c6a550","name":"Oscar","image":{"@type":"ImageObject","inLanguage":"en-US","@id":"https:\/\/secure.gravatar.com\/avatar\/45c195718f652dc7ffdd591dc1f2678956ab7fdadcd359a635edc61304a8c757?s=96&d=mm&r=g","url":"https:\/\/secure.gravatar.com\/avatar\/45c195718f652dc7ffdd591dc1f2678956ab7fdadcd359a635edc61304a8c757?s=96&d=mm&r=g","contentUrl":"https:\/\/secure.gravatar.com\/avatar\/45c195718f652dc7ffdd591dc1f2678956ab7fdadcd359a635edc61304a8c757?s=96&d=mm&r=g","caption":"Oscar"},"url":"https:\/\/lagnoticias.com\/en\/author\/oscar\/"}]}},"_links":{"self":[{"href":"https:\/\/lagnoticias.com\/en\/wp-json\/wp\/v2\/posts\/6966","targetHints":{"allow":["GET"]}}],"collection":[{"href":"https:\/\/lagnoticias.com\/en\/wp-json\/wp\/v2\/posts"}],"about":[{"href":"https:\/\/lagnoticias.com\/en\/wp-json\/wp\/v2\/types\/post"}],"author":[{"embeddable":true,"href":"https:\/\/lagnoticias.com\/en\/wp-json\/wp\/v2\/users\/2"}],"replies":[{"embeddable":true,"href":"https:\/\/lagnoticias.com\/en\/wp-json\/wp\/v2\/comments?post=6966"}],"version-history":[{"count":1,"href":"https:\/\/lagnoticias.com\/en\/wp-json\/wp\/v2\/posts\/6966\/revisions"}],"predecessor-version":[{"id":6968,"href":"https:\/\/lagnoticias.com\/en\/wp-json\/wp\/v2\/posts\/6966\/revisions\/6968"}],"wp:featuredmedia":[{"embeddable":true,"href":"https:\/\/lagnoticias.com\/en\/wp-json\/wp\/v2\/media\/6967"}],"wp:attachment":[{"href":"https:\/\/lagnoticias.com\/en\/wp-json\/wp\/v2\/media?parent=6966"}],"wp:term":[{"taxonomy":"category","embeddable":true,"href":"https:\/\/lagnoticias.com\/en\/wp-json\/wp\/v2\/categories?post=6966"},{"taxonomy":"post_tag","embeddable":true,"href":"https:\/\/lagnoticias.com\/en\/wp-json\/wp\/v2\/tags?post=6966"}],"curies":[{"name":"wp","href":"https:\/\/api.w.org\/{rel}","templated":true}]}}