{"id":6951,"date":"2025-11-13T09:10:01","date_gmt":"2025-11-13T15:10:01","guid":{"rendered":"https:\/\/lagnoticias.com\/?p=6951"},"modified":"2025-11-14T11:15:22","modified_gmt":"2025-11-14T17:15:22","slug":"brasil-y-estados-unidos-avanzan-en-negociaciones-sobre-aranceles","status":"publish","type":"post","link":"https:\/\/lagnoticias.com\/en\/2025\/11\/13\/brasil-y-estados-unidos-avanzan-en-negociaciones-sobre-aranceles\/","title":{"rendered":"Brasil y Estados Unidos avanzan en negociaciones sobre aranceles"},"content":{"rendered":"<p>Los ministros de Exteriores de&nbsp;Brasil&nbsp;y&nbsp;Estados Unidos, Mauro Vieira y&nbsp;Marco Rubio, tuvieron ayer en Canad\u00e1 una reuni\u00f3n para avanzar en las negociaciones destinadas a eliminar el arancel adicional del 50 % impuesto por Washington a las exportaciones brasile\u00f1as, informaron fuentes oficiales.<\/p>\n\n\n\n<p>El encuentro tuvo lugar en Niagara-on-the-Lake, al margen de la reuni\u00f3n ministerial del G7, grupo de las principales econom\u00edas del mundo, de la que Brasil participa como invitado.<\/p>\n\n\n\n<p>\u00abEn el intervalo de las sesiones, Vieira abord\u00f3 el actual estado de las negociaciones bilaterales con EE.UU. en una conversaci\u00f3n con el secretario de Estado, Marco Rubio\u00bb, inform\u00f3 la canciller\u00eda brasile\u00f1a en un mensaje publicado en las redes sociales junto la fotograf\u00eda de los dos cancilleres conversando.<\/p>\n\n\n\n<p>Seg\u00fan fuentes del Ministerio brasile\u00f1o de Relaciones Exteriores, los diplom\u00e1ticos discutieron el estado de las conversaciones y acordaron celebrar una nueva reuni\u00f3n presencial en las pr\u00f3ximas semanas para tratar de destrabar el di\u00e1logo.<\/p>\n\n\n\n<p>Vieira aprovech\u00f3 la conversaci\u00f3n para recordarle a Rubio que Brasil remiti\u00f3 el pasado 4 de noviembre una propuesta formal de negociaci\u00f3n al Gobierno estadounidense, tras una reuni\u00f3n virtual que tuvieron los equipos t\u00e9cnicos de ambos pa\u00edses.<\/p>\n\n\n\n<p>El canciller subray\u00f3 que tales gestiones responden a la orientaci\u00f3n que recibieron de los presidentes&nbsp;Luiz In\u00e1cio Lula da Silva y Donald Trump, quienes abordaron el tema durante un encuentro el mes pasado en Malasia.<\/p>\n\n\n\n<p>La Administraci\u00f3n Trump impuso a partir de agosto un arancel adicional del 50 % sobre la importaci\u00f3n de gran parte de los productos brasile\u00f1os en represalia por la supuesta persecuci\u00f3n pol\u00edtica que sufre el expresidente Jair Bolsonaro, un aliado del l\u00edder republicano.&nbsp;<\/p>\n\n\n\n<h2 class=\"wp-block-heading\">Se\u00f1ales de flexibilizaci\u00f3n de EE.UU.<\/h2>\n\n\n\n<p>El Gobierno brasile\u00f1o alega que la restricci\u00f3n no tiene sentido econ\u00f3mico debido a que desde hace varios a\u00f1os Estados Unidos tiene un super\u00e1vit en su comercio con Brasil.<\/p>\n\n\n\n<p>Seg\u00fan fuentes oficiales brasile\u00f1as, la intenci\u00f3n del Gobierno de Lula en las actuales negociaciones es lograr la&nbsp;suspensi\u00f3n inmediata de las sobretasas, mientras se avanza hacia un entendimiento m\u00e1s amplio, que puede incluir el comercio de tierras raras y minerales estrat\u00e9gicos.<\/p>\n\n\n\n<p>Washington ya ha dado se\u00f1ales de flexibilizaci\u00f3n y el martes Trump mencion\u00f3 en sus redes sociales la posibilidad de reducir algunas tarifas de importaci\u00f3n de caf\u00e9 como parte de su estrategia para contener la inflaci\u00f3n interna.<\/p>\n\n\n\n<p>El caf\u00e9 es uno de los principales productos de exportaci\u00f3n de Brasil a Estados Unidos y no fue incluido, junto con la carne, en la lista de \u00edtems eximidos del pago del arancel adicional.<\/p>\n\n\n\n<p>\u00abEscuchamos la noticia sobre el caf\u00e9 aqu\u00ed en Canad\u00e1, pero hasta ahora no fuimos abordados por ninguna autoridad. Espero que nos comuniquen algo por v\u00eda de la embajada. Es algo muy importante para la econom\u00eda brasile\u00f1a y ser\u00e1 una medida muy bienvenida\u00bb, afirm\u00f3 Vieira en declaraciones a la prensa brasile\u00f1a en Canad\u00e1.<\/p>\n\n\n\n<p>El di\u00e1logo entre los dos gobiernos ocurre tras meses de tensiones que incluyeron sanciones personales a funcionarios brasile\u00f1os y la revocaci\u00f3n de visados de los magistrados de la Corte Suprema, responsables por el juicio en que Bolsonaro fue condenado.<\/p>\n\n\n\n<p><\/p>\n\n\n\n<p><\/p>\n\n\n\n<p><\/p>\n\n\n\n<p><\/p>\n\n\n\n<p>(DW)<\/p>","protected":false},"excerpt":{"rendered":"<p>Las negociaciones iniciaron luego de la reuni\u00f3n en octubre del presidente estadounidense Donald Trump, con su hom\u00f3logo brasile\u00f1o, Luiz In\u00e1cio Lula da Silva.<\/p>","protected":false},"author":2,"featured_media":6952,"comment_status":"open","ping_status":"open","sticky":false,"template":"","format":"standard","meta":{"_et_pb_use_builder":"off","_et_pb_old_content":"","_et_gb_content_width":"","footnotes":""},"categories":[245],"tags":[274,273,272,260,347,1199],"class_list":["post-6951","post","type-post","status-publish","format-standard","has-post-thumbnail","hentry","category-internacionales","tag-aranceles","tag-brasil","tag-donald-trump","tag-estados-unidos","tag-gobierno-de-estados-unidos","tag-luiz-inacio-lula-da-silva"],"yoast_head":"<!-- This site is optimized with the Yoast SEO plugin v27.4 - https:\/\/yoast.com\/product\/yoast-seo-wordpress\/ -->\n<title>Brasil y Estados Unidos avanzan en negociaciones sobre aranceles - La G Noticias<\/title>\n<meta name=\"robots\" content=\"index, follow, max-snippet:-1, max-image-preview:large, max-video-preview:-1\" \/>\n<link rel=\"canonical\" href=\"https:\/\/lagnoticias.com\/en\/2025\/11\/13\/brasil-y-estados-unidos-avanzan-en-negociaciones-sobre-aranceles\/\" \/>\n<meta property=\"og:locale\" content=\"en_US\" \/>\n<meta property=\"og:type\" content=\"article\" \/>\n<meta property=\"og:title\" content=\"Brasil y Estados Unidos avanzan en negociaciones sobre aranceles - La G Noticias\" \/>\n<meta property=\"og:description\" content=\"Las negociaciones iniciaron luego de la reuni\u00f3n en octubre del presidente estadounidense Donald Trump, con su hom\u00f3logo brasile\u00f1o, Luiz In\u00e1cio Lula da Silva.\" \/>\n<meta property=\"og:url\" content=\"https:\/\/lagnoticias.com\/en\/2025\/11\/13\/brasil-y-estados-unidos-avanzan-en-negociaciones-sobre-aranceles\/\" \/>\n<meta property=\"og:site_name\" content=\"La G Noticias\" \/>\n<meta property=\"article:publisher\" content=\"https:\/\/www.facebook.com\/LaGNoticias\" \/>\n<meta property=\"article:published_time\" content=\"2025-11-13T15:10:01+00:00\" \/>\n<meta property=\"article:modified_time\" content=\"2025-11-14T17:15:22+00:00\" \/>\n<meta property=\"og:image\" content=\"https:\/\/lagnoticias.com\/wp-content\/uploads\/2025\/11\/3-10.jpg\" \/>\n\t<meta property=\"og:image:width\" content=\"1079\" \/>\n\t<meta property=\"og:image:height\" content=\"489\" \/>\n\t<meta property=\"og:image:type\" content=\"image\/jpeg\" \/>\n<meta name=\"author\" content=\"Oscar\" \/>\n<meta name=\"twitter:card\" content=\"summary_large_image\" \/>\n<meta name=\"twitter:creator\" content=\"@lagnoticias\" \/>\n<meta name=\"twitter:site\" content=\"@lagnoticias\" \/>\n<meta name=\"twitter:label1\" content=\"Written by\" \/>\n\t<meta name=\"twitter:data1\" content=\"Oscar\" \/>\n\t<meta name=\"twitter:label2\" content=\"Est. reading time\" \/>\n\t<meta name=\"twitter:data2\" content=\"3 minutes\" \/>\n<script type=\"application\/ld+json\" class=\"yoast-schema-graph\">{\"@context\":\"https:\\\/\\\/schema.org\",\"@graph\":[{\"@type\":\"Article\",\"@id\":\"https:\\\/\\\/lagnoticias.com\\\/2025\\\/11\\\/13\\\/brasil-y-estados-unidos-avanzan-en-negociaciones-sobre-aranceles\\\/#article\",\"isPartOf\":{\"@id\":\"https:\\\/\\\/lagnoticias.com\\\/2025\\\/11\\\/13\\\/brasil-y-estados-unidos-avanzan-en-negociaciones-sobre-aranceles\\\/\"},\"author\":{\"name\":\"Oscar\",\"@id\":\"https:\\\/\\\/lagnoticias.com\\\/#\\\/schema\\\/person\\\/cb9bfe13f8de05d2c55270be25c6a550\"},\"headline\":\"Brasil y Estados Unidos avanzan en negociaciones sobre aranceles\",\"datePublished\":\"2025-11-13T15:10:01+00:00\",\"dateModified\":\"2025-11-14T17:15:22+00:00\",\"mainEntityOfPage\":{\"@id\":\"https:\\\/\\\/lagnoticias.com\\\/2025\\\/11\\\/13\\\/brasil-y-estados-unidos-avanzan-en-negociaciones-sobre-aranceles\\\/\"},\"wordCount\":566,\"commentCount\":0,\"image\":{\"@id\":\"https:\\\/\\\/lagnoticias.com\\\/2025\\\/11\\\/13\\\/brasil-y-estados-unidos-avanzan-en-negociaciones-sobre-aranceles\\\/#primaryimage\"},\"thumbnailUrl\":\"https:\\\/\\\/lagnoticias.com\\\/wp-content\\\/uploads\\\/2025\\\/11\\\/3-10.jpg\",\"keywords\":[\"ARANCELES\",\"BRASIL\",\"DONALD TRUMP\",\"ESTADOS UNIDOS\",\"GOBIERNO DE ESTADOS UNIDOS\",\"Luiz In\u00e1cio Lula da Silva\"],\"articleSection\":[\"INTERNACIONALES\"],\"inLanguage\":\"en-US\",\"potentialAction\":[{\"@type\":\"CommentAction\",\"name\":\"Comment\",\"target\":[\"https:\\\/\\\/lagnoticias.com\\\/2025\\\/11\\\/13\\\/brasil-y-estados-unidos-avanzan-en-negociaciones-sobre-aranceles\\\/#respond\"]}]},{\"@type\":\"WebPage\",\"@id\":\"https:\\\/\\\/lagnoticias.com\\\/2025\\\/11\\\/13\\\/brasil-y-estados-unidos-avanzan-en-negociaciones-sobre-aranceles\\\/\",\"url\":\"https:\\\/\\\/lagnoticias.com\\\/2025\\\/11\\\/13\\\/brasil-y-estados-unidos-avanzan-en-negociaciones-sobre-aranceles\\\/\",\"name\":\"Brasil y Estados Unidos avanzan en negociaciones sobre aranceles - La G Noticias\",\"isPartOf\":{\"@id\":\"https:\\\/\\\/lagnoticias.com\\\/#website\"},\"primaryImageOfPage\":{\"@id\":\"https:\\\/\\\/lagnoticias.com\\\/2025\\\/11\\\/13\\\/brasil-y-estados-unidos-avanzan-en-negociaciones-sobre-aranceles\\\/#primaryimage\"},\"image\":{\"@id\":\"https:\\\/\\\/lagnoticias.com\\\/2025\\\/11\\\/13\\\/brasil-y-estados-unidos-avanzan-en-negociaciones-sobre-aranceles\\\/#primaryimage\"},\"thumbnailUrl\":\"https:\\\/\\\/lagnoticias.com\\\/wp-content\\\/uploads\\\/2025\\\/11\\\/3-10.jpg\",\"datePublished\":\"2025-11-13T15:10:01+00:00\",\"dateModified\":\"2025-11-14T17:15:22+00:00\",\"author\":{\"@id\":\"https:\\\/\\\/lagnoticias.com\\\/#\\\/schema\\\/person\\\/cb9bfe13f8de05d2c55270be25c6a550\"},\"breadcrumb\":{\"@id\":\"https:\\\/\\\/lagnoticias.com\\\/2025\\\/11\\\/13\\\/brasil-y-estados-unidos-avanzan-en-negociaciones-sobre-aranceles\\\/#breadcrumb\"},\"inLanguage\":\"en-US\",\"potentialAction\":[{\"@type\":\"ReadAction\",\"target\":[\"https:\\\/\\\/lagnoticias.com\\\/2025\\\/11\\\/13\\\/brasil-y-estados-unidos-avanzan-en-negociaciones-sobre-aranceles\\\/\"]}]},{\"@type\":\"ImageObject\",\"inLanguage\":\"en-US\",\"@id\":\"https:\\\/\\\/lagnoticias.com\\\/2025\\\/11\\\/13\\\/brasil-y-estados-unidos-avanzan-en-negociaciones-sobre-aranceles\\\/#primaryimage\",\"url\":\"https:\\\/\\\/lagnoticias.com\\\/wp-content\\\/uploads\\\/2025\\\/11\\\/3-10.jpg\",\"contentUrl\":\"https:\\\/\\\/lagnoticias.com\\\/wp-content\\\/uploads\\\/2025\\\/11\\\/3-10.jpg\",\"width\":1079,\"height\":489},{\"@type\":\"BreadcrumbList\",\"@id\":\"https:\\\/\\\/lagnoticias.com\\\/2025\\\/11\\\/13\\\/brasil-y-estados-unidos-avanzan-en-negociaciones-sobre-aranceles\\\/#breadcrumb\",\"itemListElement\":[{\"@type\":\"ListItem\",\"position\":1,\"name\":\"Portada\",\"item\":\"https:\\\/\\\/lagnoticias.com\\\/\"},{\"@type\":\"ListItem\",\"position\":2,\"name\":\"Brasil y Estados Unidos avanzan en negociaciones sobre aranceles\"}]},{\"@type\":\"WebSite\",\"@id\":\"https:\\\/\\\/lagnoticias.com\\\/#website\",\"url\":\"https:\\\/\\\/lagnoticias.com\\\/\",\"name\":\"La G Noticias\",\"description\":\"Noticias Positivas\",\"potentialAction\":[{\"@type\":\"SearchAction\",\"target\":{\"@type\":\"EntryPoint\",\"urlTemplate\":\"https:\\\/\\\/lagnoticias.com\\\/?s={search_term_string}\"},\"query-input\":{\"@type\":\"PropertyValueSpecification\",\"valueRequired\":true,\"valueName\":\"search_term_string\"}}],\"inLanguage\":\"en-US\"},{\"@type\":\"Person\",\"@id\":\"https:\\\/\\\/lagnoticias.com\\\/#\\\/schema\\\/person\\\/cb9bfe13f8de05d2c55270be25c6a550\",\"name\":\"Oscar\",\"image\":{\"@type\":\"ImageObject\",\"inLanguage\":\"en-US\",\"@id\":\"https:\\\/\\\/secure.gravatar.com\\\/avatar\\\/45c195718f652dc7ffdd591dc1f2678956ab7fdadcd359a635edc61304a8c757?s=96&d=mm&r=g\",\"url\":\"https:\\\/\\\/secure.gravatar.com\\\/avatar\\\/45c195718f652dc7ffdd591dc1f2678956ab7fdadcd359a635edc61304a8c757?s=96&d=mm&r=g\",\"contentUrl\":\"https:\\\/\\\/secure.gravatar.com\\\/avatar\\\/45c195718f652dc7ffdd591dc1f2678956ab7fdadcd359a635edc61304a8c757?s=96&d=mm&r=g\",\"caption\":\"Oscar\"},\"url\":\"https:\\\/\\\/lagnoticias.com\\\/en\\\/author\\\/oscar\\\/\"}]}<\/script>\n<!-- \/ Yoast SEO plugin. -->","yoast_head_json":{"title":"Brasil y Estados Unidos avanzan en negociaciones sobre aranceles - La G Noticias","robots":{"index":"index","follow":"follow","max-snippet":"max-snippet:-1","max-image-preview":"max-image-preview:large","max-video-preview":"max-video-preview:-1"},"canonical":"https:\/\/lagnoticias.com\/en\/2025\/11\/13\/brasil-y-estados-unidos-avanzan-en-negociaciones-sobre-aranceles\/","og_locale":"en_US","og_type":"article","og_title":"Brasil y Estados Unidos avanzan en negociaciones sobre aranceles - La G Noticias","og_description":"Las negociaciones iniciaron luego de la reuni\u00f3n en octubre del presidente estadounidense Donald Trump, con su hom\u00f3logo brasile\u00f1o, Luiz In\u00e1cio Lula da Silva.","og_url":"https:\/\/lagnoticias.com\/en\/2025\/11\/13\/brasil-y-estados-unidos-avanzan-en-negociaciones-sobre-aranceles\/","og_site_name":"La G Noticias","article_publisher":"https:\/\/www.facebook.com\/LaGNoticias","article_published_time":"2025-11-13T15:10:01+00:00","article_modified_time":"2025-11-14T17:15:22+00:00","og_image":[{"width":1079,"height":489,"url":"https:\/\/lagnoticias.com\/wp-content\/uploads\/2025\/11\/3-10.jpg","type":"image\/jpeg"}],"author":"Oscar","twitter_card":"summary_large_image","twitter_creator":"@lagnoticias","twitter_site":"@lagnoticias","twitter_misc":{"Written by":"Oscar","Est. reading time":"3 minutes"},"schema":{"@context":"https:\/\/schema.org","@graph":[{"@type":"Article","@id":"https:\/\/lagnoticias.com\/2025\/11\/13\/brasil-y-estados-unidos-avanzan-en-negociaciones-sobre-aranceles\/#article","isPartOf":{"@id":"https:\/\/lagnoticias.com\/2025\/11\/13\/brasil-y-estados-unidos-avanzan-en-negociaciones-sobre-aranceles\/"},"author":{"name":"Oscar","@id":"https:\/\/lagnoticias.com\/#\/schema\/person\/cb9bfe13f8de05d2c55270be25c6a550"},"headline":"Brasil y Estados Unidos avanzan en negociaciones sobre aranceles","datePublished":"2025-11-13T15:10:01+00:00","dateModified":"2025-11-14T17:15:22+00:00","mainEntityOfPage":{"@id":"https:\/\/lagnoticias.com\/2025\/11\/13\/brasil-y-estados-unidos-avanzan-en-negociaciones-sobre-aranceles\/"},"wordCount":566,"commentCount":0,"image":{"@id":"https:\/\/lagnoticias.com\/2025\/11\/13\/brasil-y-estados-unidos-avanzan-en-negociaciones-sobre-aranceles\/#primaryimage"},"thumbnailUrl":"https:\/\/lagnoticias.com\/wp-content\/uploads\/2025\/11\/3-10.jpg","keywords":["ARANCELES","BRASIL","DONALD TRUMP","ESTADOS UNIDOS","GOBIERNO DE ESTADOS UNIDOS","Luiz In\u00e1cio Lula da Silva"],"articleSection":["INTERNACIONALES"],"inLanguage":"en-US","potentialAction":[{"@type":"CommentAction","name":"Comment","target":["https:\/\/lagnoticias.com\/2025\/11\/13\/brasil-y-estados-unidos-avanzan-en-negociaciones-sobre-aranceles\/#respond"]}]},{"@type":"WebPage","@id":"https:\/\/lagnoticias.com\/2025\/11\/13\/brasil-y-estados-unidos-avanzan-en-negociaciones-sobre-aranceles\/","url":"https:\/\/lagnoticias.com\/2025\/11\/13\/brasil-y-estados-unidos-avanzan-en-negociaciones-sobre-aranceles\/","name":"Brasil y Estados Unidos avanzan en negociaciones sobre aranceles - La G Noticias","isPartOf":{"@id":"https:\/\/lagnoticias.com\/#website"},"primaryImageOfPage":{"@id":"https:\/\/lagnoticias.com\/2025\/11\/13\/brasil-y-estados-unidos-avanzan-en-negociaciones-sobre-aranceles\/#primaryimage"},"image":{"@id":"https:\/\/lagnoticias.com\/2025\/11\/13\/brasil-y-estados-unidos-avanzan-en-negociaciones-sobre-aranceles\/#primaryimage"},"thumbnailUrl":"https:\/\/lagnoticias.com\/wp-content\/uploads\/2025\/11\/3-10.jpg","datePublished":"2025-11-13T15:10:01+00:00","dateModified":"2025-11-14T17:15:22+00:00","author":{"@id":"https:\/\/lagnoticias.com\/#\/schema\/person\/cb9bfe13f8de05d2c55270be25c6a550"},"breadcrumb":{"@id":"https:\/\/lagnoticias.com\/2025\/11\/13\/brasil-y-estados-unidos-avanzan-en-negociaciones-sobre-aranceles\/#breadcrumb"},"inLanguage":"en-US","potentialAction":[{"@type":"ReadAction","target":["https:\/\/lagnoticias.com\/2025\/11\/13\/brasil-y-estados-unidos-avanzan-en-negociaciones-sobre-aranceles\/"]}]},{"@type":"ImageObject","inLanguage":"en-US","@id":"https:\/\/lagnoticias.com\/2025\/11\/13\/brasil-y-estados-unidos-avanzan-en-negociaciones-sobre-aranceles\/#primaryimage","url":"https:\/\/lagnoticias.com\/wp-content\/uploads\/2025\/11\/3-10.jpg","contentUrl":"https:\/\/lagnoticias.com\/wp-content\/uploads\/2025\/11\/3-10.jpg","width":1079,"height":489},{"@type":"BreadcrumbList","@id":"https:\/\/lagnoticias.com\/2025\/11\/13\/brasil-y-estados-unidos-avanzan-en-negociaciones-sobre-aranceles\/#breadcrumb","itemListElement":[{"@type":"ListItem","position":1,"name":"Portada","item":"https:\/\/lagnoticias.com\/"},{"@type":"ListItem","position":2,"name":"Brasil y Estados Unidos avanzan en negociaciones sobre aranceles"}]},{"@type":"WebSite","@id":"https:\/\/lagnoticias.com\/#website","url":"https:\/\/lagnoticias.com\/","name":"La G Noticias","description":"Noticias Positivas","potentialAction":[{"@type":"SearchAction","target":{"@type":"EntryPoint","urlTemplate":"https:\/\/lagnoticias.com\/?s={search_term_string}"},"query-input":{"@type":"PropertyValueSpecification","valueRequired":true,"valueName":"search_term_string"}}],"inLanguage":"en-US"},{"@type":"Person","@id":"https:\/\/lagnoticias.com\/#\/schema\/person\/cb9bfe13f8de05d2c55270be25c6a550","name":"Oscar","image":{"@type":"ImageObject","inLanguage":"en-US","@id":"https:\/\/secure.gravatar.com\/avatar\/45c195718f652dc7ffdd591dc1f2678956ab7fdadcd359a635edc61304a8c757?s=96&d=mm&r=g","url":"https:\/\/secure.gravatar.com\/avatar\/45c195718f652dc7ffdd591dc1f2678956ab7fdadcd359a635edc61304a8c757?s=96&d=mm&r=g","contentUrl":"https:\/\/secure.gravatar.com\/avatar\/45c195718f652dc7ffdd591dc1f2678956ab7fdadcd359a635edc61304a8c757?s=96&d=mm&r=g","caption":"Oscar"},"url":"https:\/\/lagnoticias.com\/en\/author\/oscar\/"}]}},"_links":{"self":[{"href":"https:\/\/lagnoticias.com\/en\/wp-json\/wp\/v2\/posts\/6951","targetHints":{"allow":["GET"]}}],"collection":[{"href":"https:\/\/lagnoticias.com\/en\/wp-json\/wp\/v2\/posts"}],"about":[{"href":"https:\/\/lagnoticias.com\/en\/wp-json\/wp\/v2\/types\/post"}],"author":[{"embeddable":true,"href":"https:\/\/lagnoticias.com\/en\/wp-json\/wp\/v2\/users\/2"}],"replies":[{"embeddable":true,"href":"https:\/\/lagnoticias.com\/en\/wp-json\/wp\/v2\/comments?post=6951"}],"version-history":[{"count":1,"href":"https:\/\/lagnoticias.com\/en\/wp-json\/wp\/v2\/posts\/6951\/revisions"}],"predecessor-version":[{"id":6953,"href":"https:\/\/lagnoticias.com\/en\/wp-json\/wp\/v2\/posts\/6951\/revisions\/6953"}],"wp:featuredmedia":[{"embeddable":true,"href":"https:\/\/lagnoticias.com\/en\/wp-json\/wp\/v2\/media\/6952"}],"wp:attachment":[{"href":"https:\/\/lagnoticias.com\/en\/wp-json\/wp\/v2\/media?parent=6951"}],"wp:term":[{"taxonomy":"category","embeddable":true,"href":"https:\/\/lagnoticias.com\/en\/wp-json\/wp\/v2\/categories?post=6951"},{"taxonomy":"post_tag","embeddable":true,"href":"https:\/\/lagnoticias.com\/en\/wp-json\/wp\/v2\/tags?post=6951"}],"curies":[{"name":"wp","href":"https:\/\/api.w.org\/{rel}","templated":true}]}}