{"id":6947,"date":"2025-11-13T09:01:40","date_gmt":"2025-11-13T15:01:40","guid":{"rendered":"https:\/\/lagnoticias.com\/?p=6947"},"modified":"2025-11-13T09:01:40","modified_gmt":"2025-11-13T15:01:40","slug":"se-realizo-con-exito-el-segundo-dia-de-competencias-del-surf-city-el-salvador-isa-world-sup-y-paddleboard-championship-2025","status":"publish","type":"post","link":"https:\/\/lagnoticias.com\/en\/2025\/11\/13\/se-realizo-con-exito-el-segundo-dia-de-competencias-del-surf-city-el-salvador-isa-world-sup-y-paddleboard-championship-2025\/","title":{"rendered":"Se realiz\u00f3 con \u00e9xito el segundo d\u00eda de competencias del Surf City El Salvador ISA World SUP y Paddleboard Championship 2025"},"content":{"rendered":"<p>El Salvador contin\u00faa consolid\u00e1ndose como un referente mundial en la organizaci\u00f3n de eventos deportivos a gran escala. La seguridad, la inversi\u00f3n en infraestructura tur\u00edstica y la capacidad de organizaci\u00f3n contin\u00faan generando confianza de entidades como la Asociaci\u00f3n Internacional de Surf (ISA) que realiza en la costa nacional el Surf City El Salvador ISA World SUP &amp; Paddleboard Championship 2025.<\/p>\n\n\n\n<p>Ayer se realiz\u00f3 con \u00e9xito el segundo d\u00eda de competencias. Durante las primeras horas de la ma\u00f1ana, los atletas se concentran en sus entrenamientos, aprovechando cada ola para afinar detalles t\u00e9cnicos antes del inicio oficial de las series.&nbsp;<\/p>\n\n\n\n<p>En esta jornada se realiz\u00f3 la ronda principal 2 en masculino y femenino. En la rama de hombres, de los nueve heats sobresali\u00f3 nuevamente el franc\u00e9s Benoit Carpentier, con 15.76 en el puntaje. En tanto, en el grupo de mujeres, la argentina Luc\u00eda Cosoleto, con 14.06.<\/p>\n\n\n\n<p>Por la tarde, se efectu\u00f3 la ronda principal 3 y 4, claves para avanzar a las etapas finales, demostrando su dominio sobre las olas del pac\u00edfico salvadore\u00f1o, reconocidas por su consistencia y calidad mundial. Para este jueves, por la ma\u00f1ana se realizar\u00e1n las jornadas finales de competencia; mientras que, por la tarde, se realizar\u00e1 la carrera t\u00e9cnica para todas las categor\u00edas.<\/p>\n\n\n\n<p><\/p>\n\n\n\n<figure class=\"wp-block-image aligncenter size-large\"><img loading=\"lazy\" decoding=\"async\" width=\"1024\" height=\"683\" src=\"https:\/\/lagnoticias.com\/wp-content\/uploads\/2025\/11\/2-10-1024x683.jpg\" alt=\"\" class=\"wp-image-6949\" srcset=\"https:\/\/lagnoticias.com\/wp-content\/uploads\/2025\/11\/2-10-980x653.jpg 980w, https:\/\/lagnoticias.com\/wp-content\/uploads\/2025\/11\/2-10-480x320.jpg 480w\" sizes=\"(min-width: 0px) and (max-width: 480px) 480px, (min-width: 481px) and (max-width: 980px) 980px, (min-width: 981px) 1024px, 100vw\" \/><\/figure>\n\n\n\n<p><\/p>\n\n\n\n<p>Brasil, Per\u00fa, Argentina, Nueva Zelanda, Puerto Rico y Jap\u00f3n se enfrentar\u00e1n en las semifinales y finales del torneo.&nbsp;&nbsp;&nbsp;<\/p>\n\n\n\n<p>El ambiente en El Sunzal es de seguridad y celebraci\u00f3n, en este lugar converge la hospitalidad, la gastronom\u00eda y la cultura; en tanto, los visitantes nacionales e internacionales disfrutan del espect\u00e1culo deportivo en las olas. Este evento no solo impulsa el turismo, sino que refuerza la imagen de El Salvador y Surf City, un destino que une la pasi\u00f3n por el mar y el desarrollo.<\/p>","protected":false},"excerpt":{"rendered":"<p>El Salvador contin\u00faa consolid\u00e1ndose como un referente mundial en la organizaci\u00f3n de eventos deportivos a gran escala. La seguridad, la inversi\u00f3n en infraestructura tur\u00edstica y la capacidad de organizaci\u00f3n contin\u00faan generando confianza de entidades como la Asociaci\u00f3n Internacional de Surf (ISA) que realiza en la costa nacional el Surf City El Salvador ISA World SUP [&hellip;]<\/p>","protected":false},"author":2,"featured_media":6948,"comment_status":"open","ping_status":"open","sticky":false,"template":"","format":"standard","meta":{"_et_pb_use_builder":"off","_et_pb_old_content":"","_et_gb_content_width":"","footnotes":""},"categories":[248],"tags":[267,887,388],"class_list":["post-6947","post","type-post","status-publish","format-standard","has-post-thumbnail","hentry","category-deportes","tag-el-salvador","tag-surf","tag-surf-city"],"yoast_head":"<!-- This site is optimized with the Yoast SEO plugin v27.4 - https:\/\/yoast.com\/product\/yoast-seo-wordpress\/ -->\n<title>Se realiz\u00f3 con \u00e9xito el segundo d\u00eda de competencias del Surf City El Salvador ISA World SUP y Paddleboard Championship 2025 - La G Noticias<\/title>\n<meta name=\"robots\" content=\"index, follow, max-snippet:-1, max-image-preview:large, max-video-preview:-1\" \/>\n<link rel=\"canonical\" href=\"https:\/\/lagnoticias.com\/en\/2025\/11\/13\/se-realizo-con-exito-el-segundo-dia-de-competencias-del-surf-city-el-salvador-isa-world-sup-y-paddleboard-championship-2025\/\" \/>\n<meta property=\"og:locale\" content=\"en_US\" \/>\n<meta property=\"og:type\" content=\"article\" \/>\n<meta property=\"og:title\" content=\"Se realiz\u00f3 con \u00e9xito el segundo d\u00eda de competencias del Surf City El Salvador ISA World SUP y Paddleboard Championship 2025 - La G Noticias\" \/>\n<meta property=\"og:description\" content=\"El Salvador contin\u00faa consolid\u00e1ndose como un referente mundial en la organizaci\u00f3n de eventos deportivos a gran escala. La seguridad, la inversi\u00f3n en infraestructura tur\u00edstica y la capacidad de organizaci\u00f3n contin\u00faan generando confianza de entidades como la Asociaci\u00f3n Internacional de Surf (ISA) que realiza en la costa nacional el Surf City El Salvador ISA World SUP [&hellip;]\" \/>\n<meta property=\"og:url\" content=\"https:\/\/lagnoticias.com\/en\/2025\/11\/13\/se-realizo-con-exito-el-segundo-dia-de-competencias-del-surf-city-el-salvador-isa-world-sup-y-paddleboard-championship-2025\/\" \/>\n<meta property=\"og:site_name\" content=\"La G Noticias\" \/>\n<meta property=\"article:publisher\" content=\"https:\/\/www.facebook.com\/LaGNoticias\" \/>\n<meta property=\"article:published_time\" content=\"2025-11-13T15:01:40+00:00\" \/>\n<meta property=\"og:image\" content=\"https:\/\/lagnoticias.com\/wp-content\/uploads\/2025\/11\/1-9-scaled.jpg\" \/>\n\t<meta property=\"og:image:width\" content=\"2560\" \/>\n\t<meta property=\"og:image:height\" content=\"1720\" \/>\n\t<meta property=\"og:image:type\" content=\"image\/jpeg\" \/>\n<meta name=\"author\" content=\"Oscar\" \/>\n<meta name=\"twitter:card\" content=\"summary_large_image\" \/>\n<meta name=\"twitter:creator\" content=\"@lagnoticias\" \/>\n<meta name=\"twitter:site\" content=\"@lagnoticias\" \/>\n<meta name=\"twitter:label1\" content=\"Written by\" \/>\n\t<meta name=\"twitter:data1\" content=\"Oscar\" \/>\n\t<meta name=\"twitter:label2\" content=\"Est. reading time\" \/>\n\t<meta name=\"twitter:data2\" content=\"2 minutes\" \/>\n<script type=\"application\/ld+json\" class=\"yoast-schema-graph\">{\"@context\":\"https:\\\/\\\/schema.org\",\"@graph\":[{\"@type\":\"Article\",\"@id\":\"https:\\\/\\\/lagnoticias.com\\\/2025\\\/11\\\/13\\\/se-realizo-con-exito-el-segundo-dia-de-competencias-del-surf-city-el-salvador-isa-world-sup-y-paddleboard-championship-2025\\\/#article\",\"isPartOf\":{\"@id\":\"https:\\\/\\\/lagnoticias.com\\\/2025\\\/11\\\/13\\\/se-realizo-con-exito-el-segundo-dia-de-competencias-del-surf-city-el-salvador-isa-world-sup-y-paddleboard-championship-2025\\\/\"},\"author\":{\"name\":\"Oscar\",\"@id\":\"https:\\\/\\\/lagnoticias.com\\\/#\\\/schema\\\/person\\\/cb9bfe13f8de05d2c55270be25c6a550\"},\"headline\":\"Se realiz\u00f3 con \u00e9xito el segundo d\u00eda de competencias del Surf City El Salvador ISA World SUP y Paddleboard Championship 2025\",\"datePublished\":\"2025-11-13T15:01:40+00:00\",\"mainEntityOfPage\":{\"@id\":\"https:\\\/\\\/lagnoticias.com\\\/2025\\\/11\\\/13\\\/se-realizo-con-exito-el-segundo-dia-de-competencias-del-surf-city-el-salvador-isa-world-sup-y-paddleboard-championship-2025\\\/\"},\"wordCount\":331,\"commentCount\":0,\"image\":{\"@id\":\"https:\\\/\\\/lagnoticias.com\\\/2025\\\/11\\\/13\\\/se-realizo-con-exito-el-segundo-dia-de-competencias-del-surf-city-el-salvador-isa-world-sup-y-paddleboard-championship-2025\\\/#primaryimage\"},\"thumbnailUrl\":\"https:\\\/\\\/lagnoticias.com\\\/wp-content\\\/uploads\\\/2025\\\/11\\\/1-9-scaled.jpg\",\"keywords\":[\"EL SALVADOR\",\"SURF\",\"SURF CITY\"],\"articleSection\":[\"DEPORTES\"],\"inLanguage\":\"en-US\",\"potentialAction\":[{\"@type\":\"CommentAction\",\"name\":\"Comment\",\"target\":[\"https:\\\/\\\/lagnoticias.com\\\/2025\\\/11\\\/13\\\/se-realizo-con-exito-el-segundo-dia-de-competencias-del-surf-city-el-salvador-isa-world-sup-y-paddleboard-championship-2025\\\/#respond\"]}]},{\"@type\":\"WebPage\",\"@id\":\"https:\\\/\\\/lagnoticias.com\\\/2025\\\/11\\\/13\\\/se-realizo-con-exito-el-segundo-dia-de-competencias-del-surf-city-el-salvador-isa-world-sup-y-paddleboard-championship-2025\\\/\",\"url\":\"https:\\\/\\\/lagnoticias.com\\\/2025\\\/11\\\/13\\\/se-realizo-con-exito-el-segundo-dia-de-competencias-del-surf-city-el-salvador-isa-world-sup-y-paddleboard-championship-2025\\\/\",\"name\":\"Se realiz\u00f3 con \u00e9xito el segundo d\u00eda de competencias del Surf City El Salvador ISA World SUP y Paddleboard Championship 2025 - La G Noticias\",\"isPartOf\":{\"@id\":\"https:\\\/\\\/lagnoticias.com\\\/#website\"},\"primaryImageOfPage\":{\"@id\":\"https:\\\/\\\/lagnoticias.com\\\/2025\\\/11\\\/13\\\/se-realizo-con-exito-el-segundo-dia-de-competencias-del-surf-city-el-salvador-isa-world-sup-y-paddleboard-championship-2025\\\/#primaryimage\"},\"image\":{\"@id\":\"https:\\\/\\\/lagnoticias.com\\\/2025\\\/11\\\/13\\\/se-realizo-con-exito-el-segundo-dia-de-competencias-del-surf-city-el-salvador-isa-world-sup-y-paddleboard-championship-2025\\\/#primaryimage\"},\"thumbnailUrl\":\"https:\\\/\\\/lagnoticias.com\\\/wp-content\\\/uploads\\\/2025\\\/11\\\/1-9-scaled.jpg\",\"datePublished\":\"2025-11-13T15:01:40+00:00\",\"author\":{\"@id\":\"https:\\\/\\\/lagnoticias.com\\\/#\\\/schema\\\/person\\\/cb9bfe13f8de05d2c55270be25c6a550\"},\"breadcrumb\":{\"@id\":\"https:\\\/\\\/lagnoticias.com\\\/2025\\\/11\\\/13\\\/se-realizo-con-exito-el-segundo-dia-de-competencias-del-surf-city-el-salvador-isa-world-sup-y-paddleboard-championship-2025\\\/#breadcrumb\"},\"inLanguage\":\"en-US\",\"potentialAction\":[{\"@type\":\"ReadAction\",\"target\":[\"https:\\\/\\\/lagnoticias.com\\\/2025\\\/11\\\/13\\\/se-realizo-con-exito-el-segundo-dia-de-competencias-del-surf-city-el-salvador-isa-world-sup-y-paddleboard-championship-2025\\\/\"]}]},{\"@type\":\"ImageObject\",\"inLanguage\":\"en-US\",\"@id\":\"https:\\\/\\\/lagnoticias.com\\\/2025\\\/11\\\/13\\\/se-realizo-con-exito-el-segundo-dia-de-competencias-del-surf-city-el-salvador-isa-world-sup-y-paddleboard-championship-2025\\\/#primaryimage\",\"url\":\"https:\\\/\\\/lagnoticias.com\\\/wp-content\\\/uploads\\\/2025\\\/11\\\/1-9-scaled.jpg\",\"contentUrl\":\"https:\\\/\\\/lagnoticias.com\\\/wp-content\\\/uploads\\\/2025\\\/11\\\/1-9-scaled.jpg\",\"width\":2560,\"height\":1720},{\"@type\":\"BreadcrumbList\",\"@id\":\"https:\\\/\\\/lagnoticias.com\\\/2025\\\/11\\\/13\\\/se-realizo-con-exito-el-segundo-dia-de-competencias-del-surf-city-el-salvador-isa-world-sup-y-paddleboard-championship-2025\\\/#breadcrumb\",\"itemListElement\":[{\"@type\":\"ListItem\",\"position\":1,\"name\":\"Portada\",\"item\":\"https:\\\/\\\/lagnoticias.com\\\/\"},{\"@type\":\"ListItem\",\"position\":2,\"name\":\"Se realiz\u00f3 con \u00e9xito el segundo d\u00eda de competencias del Surf City El Salvador ISA World SUP y Paddleboard Championship 2025\"}]},{\"@type\":\"WebSite\",\"@id\":\"https:\\\/\\\/lagnoticias.com\\\/#website\",\"url\":\"https:\\\/\\\/lagnoticias.com\\\/\",\"name\":\"La G Noticias\",\"description\":\"Noticias Positivas\",\"potentialAction\":[{\"@type\":\"SearchAction\",\"target\":{\"@type\":\"EntryPoint\",\"urlTemplate\":\"https:\\\/\\\/lagnoticias.com\\\/?s={search_term_string}\"},\"query-input\":{\"@type\":\"PropertyValueSpecification\",\"valueRequired\":true,\"valueName\":\"search_term_string\"}}],\"inLanguage\":\"en-US\"},{\"@type\":\"Person\",\"@id\":\"https:\\\/\\\/lagnoticias.com\\\/#\\\/schema\\\/person\\\/cb9bfe13f8de05d2c55270be25c6a550\",\"name\":\"Oscar\",\"image\":{\"@type\":\"ImageObject\",\"inLanguage\":\"en-US\",\"@id\":\"https:\\\/\\\/secure.gravatar.com\\\/avatar\\\/45c195718f652dc7ffdd591dc1f2678956ab7fdadcd359a635edc61304a8c757?s=96&d=mm&r=g\",\"url\":\"https:\\\/\\\/secure.gravatar.com\\\/avatar\\\/45c195718f652dc7ffdd591dc1f2678956ab7fdadcd359a635edc61304a8c757?s=96&d=mm&r=g\",\"contentUrl\":\"https:\\\/\\\/secure.gravatar.com\\\/avatar\\\/45c195718f652dc7ffdd591dc1f2678956ab7fdadcd359a635edc61304a8c757?s=96&d=mm&r=g\",\"caption\":\"Oscar\"},\"url\":\"https:\\\/\\\/lagnoticias.com\\\/en\\\/author\\\/oscar\\\/\"}]}<\/script>\n<!-- \/ Yoast SEO plugin. -->","yoast_head_json":{"title":"Se realiz\u00f3 con \u00e9xito el segundo d\u00eda de competencias del Surf City El Salvador ISA World SUP y Paddleboard Championship 2025 - La G Noticias","robots":{"index":"index","follow":"follow","max-snippet":"max-snippet:-1","max-image-preview":"max-image-preview:large","max-video-preview":"max-video-preview:-1"},"canonical":"https:\/\/lagnoticias.com\/en\/2025\/11\/13\/se-realizo-con-exito-el-segundo-dia-de-competencias-del-surf-city-el-salvador-isa-world-sup-y-paddleboard-championship-2025\/","og_locale":"en_US","og_type":"article","og_title":"Se realiz\u00f3 con \u00e9xito el segundo d\u00eda de competencias del Surf City El Salvador ISA World SUP y Paddleboard Championship 2025 - La G Noticias","og_description":"El Salvador contin\u00faa consolid\u00e1ndose como un referente mundial en la organizaci\u00f3n de eventos deportivos a gran escala. La seguridad, la inversi\u00f3n en infraestructura tur\u00edstica y la capacidad de organizaci\u00f3n contin\u00faan generando confianza de entidades como la Asociaci\u00f3n Internacional de Surf (ISA) que realiza en la costa nacional el Surf City El Salvador ISA World SUP [&hellip;]","og_url":"https:\/\/lagnoticias.com\/en\/2025\/11\/13\/se-realizo-con-exito-el-segundo-dia-de-competencias-del-surf-city-el-salvador-isa-world-sup-y-paddleboard-championship-2025\/","og_site_name":"La G Noticias","article_publisher":"https:\/\/www.facebook.com\/LaGNoticias","article_published_time":"2025-11-13T15:01:40+00:00","og_image":[{"width":2560,"height":1720,"url":"https:\/\/lagnoticias.com\/wp-content\/uploads\/2025\/11\/1-9-scaled.jpg","type":"image\/jpeg"}],"author":"Oscar","twitter_card":"summary_large_image","twitter_creator":"@lagnoticias","twitter_site":"@lagnoticias","twitter_misc":{"Written by":"Oscar","Est. reading time":"2 minutes"},"schema":{"@context":"https:\/\/schema.org","@graph":[{"@type":"Article","@id":"https:\/\/lagnoticias.com\/2025\/11\/13\/se-realizo-con-exito-el-segundo-dia-de-competencias-del-surf-city-el-salvador-isa-world-sup-y-paddleboard-championship-2025\/#article","isPartOf":{"@id":"https:\/\/lagnoticias.com\/2025\/11\/13\/se-realizo-con-exito-el-segundo-dia-de-competencias-del-surf-city-el-salvador-isa-world-sup-y-paddleboard-championship-2025\/"},"author":{"name":"Oscar","@id":"https:\/\/lagnoticias.com\/#\/schema\/person\/cb9bfe13f8de05d2c55270be25c6a550"},"headline":"Se realiz\u00f3 con \u00e9xito el segundo d\u00eda de competencias del Surf City El Salvador ISA World SUP y Paddleboard Championship 2025","datePublished":"2025-11-13T15:01:40+00:00","mainEntityOfPage":{"@id":"https:\/\/lagnoticias.com\/2025\/11\/13\/se-realizo-con-exito-el-segundo-dia-de-competencias-del-surf-city-el-salvador-isa-world-sup-y-paddleboard-championship-2025\/"},"wordCount":331,"commentCount":0,"image":{"@id":"https:\/\/lagnoticias.com\/2025\/11\/13\/se-realizo-con-exito-el-segundo-dia-de-competencias-del-surf-city-el-salvador-isa-world-sup-y-paddleboard-championship-2025\/#primaryimage"},"thumbnailUrl":"https:\/\/lagnoticias.com\/wp-content\/uploads\/2025\/11\/1-9-scaled.jpg","keywords":["EL SALVADOR","SURF","SURF CITY"],"articleSection":["DEPORTES"],"inLanguage":"en-US","potentialAction":[{"@type":"CommentAction","name":"Comment","target":["https:\/\/lagnoticias.com\/2025\/11\/13\/se-realizo-con-exito-el-segundo-dia-de-competencias-del-surf-city-el-salvador-isa-world-sup-y-paddleboard-championship-2025\/#respond"]}]},{"@type":"WebPage","@id":"https:\/\/lagnoticias.com\/2025\/11\/13\/se-realizo-con-exito-el-segundo-dia-de-competencias-del-surf-city-el-salvador-isa-world-sup-y-paddleboard-championship-2025\/","url":"https:\/\/lagnoticias.com\/2025\/11\/13\/se-realizo-con-exito-el-segundo-dia-de-competencias-del-surf-city-el-salvador-isa-world-sup-y-paddleboard-championship-2025\/","name":"Se realiz\u00f3 con \u00e9xito el segundo d\u00eda de competencias del Surf City El Salvador ISA World SUP y Paddleboard Championship 2025 - La G Noticias","isPartOf":{"@id":"https:\/\/lagnoticias.com\/#website"},"primaryImageOfPage":{"@id":"https:\/\/lagnoticias.com\/2025\/11\/13\/se-realizo-con-exito-el-segundo-dia-de-competencias-del-surf-city-el-salvador-isa-world-sup-y-paddleboard-championship-2025\/#primaryimage"},"image":{"@id":"https:\/\/lagnoticias.com\/2025\/11\/13\/se-realizo-con-exito-el-segundo-dia-de-competencias-del-surf-city-el-salvador-isa-world-sup-y-paddleboard-championship-2025\/#primaryimage"},"thumbnailUrl":"https:\/\/lagnoticias.com\/wp-content\/uploads\/2025\/11\/1-9-scaled.jpg","datePublished":"2025-11-13T15:01:40+00:00","author":{"@id":"https:\/\/lagnoticias.com\/#\/schema\/person\/cb9bfe13f8de05d2c55270be25c6a550"},"breadcrumb":{"@id":"https:\/\/lagnoticias.com\/2025\/11\/13\/se-realizo-con-exito-el-segundo-dia-de-competencias-del-surf-city-el-salvador-isa-world-sup-y-paddleboard-championship-2025\/#breadcrumb"},"inLanguage":"en-US","potentialAction":[{"@type":"ReadAction","target":["https:\/\/lagnoticias.com\/2025\/11\/13\/se-realizo-con-exito-el-segundo-dia-de-competencias-del-surf-city-el-salvador-isa-world-sup-y-paddleboard-championship-2025\/"]}]},{"@type":"ImageObject","inLanguage":"en-US","@id":"https:\/\/lagnoticias.com\/2025\/11\/13\/se-realizo-con-exito-el-segundo-dia-de-competencias-del-surf-city-el-salvador-isa-world-sup-y-paddleboard-championship-2025\/#primaryimage","url":"https:\/\/lagnoticias.com\/wp-content\/uploads\/2025\/11\/1-9-scaled.jpg","contentUrl":"https:\/\/lagnoticias.com\/wp-content\/uploads\/2025\/11\/1-9-scaled.jpg","width":2560,"height":1720},{"@type":"BreadcrumbList","@id":"https:\/\/lagnoticias.com\/2025\/11\/13\/se-realizo-con-exito-el-segundo-dia-de-competencias-del-surf-city-el-salvador-isa-world-sup-y-paddleboard-championship-2025\/#breadcrumb","itemListElement":[{"@type":"ListItem","position":1,"name":"Portada","item":"https:\/\/lagnoticias.com\/"},{"@type":"ListItem","position":2,"name":"Se realiz\u00f3 con \u00e9xito el segundo d\u00eda de competencias del Surf City El Salvador ISA World SUP y Paddleboard Championship 2025"}]},{"@type":"WebSite","@id":"https:\/\/lagnoticias.com\/#website","url":"https:\/\/lagnoticias.com\/","name":"La G Noticias","description":"Noticias Positivas","potentialAction":[{"@type":"SearchAction","target":{"@type":"EntryPoint","urlTemplate":"https:\/\/lagnoticias.com\/?s={search_term_string}"},"query-input":{"@type":"PropertyValueSpecification","valueRequired":true,"valueName":"search_term_string"}}],"inLanguage":"en-US"},{"@type":"Person","@id":"https:\/\/lagnoticias.com\/#\/schema\/person\/cb9bfe13f8de05d2c55270be25c6a550","name":"Oscar","image":{"@type":"ImageObject","inLanguage":"en-US","@id":"https:\/\/secure.gravatar.com\/avatar\/45c195718f652dc7ffdd591dc1f2678956ab7fdadcd359a635edc61304a8c757?s=96&d=mm&r=g","url":"https:\/\/secure.gravatar.com\/avatar\/45c195718f652dc7ffdd591dc1f2678956ab7fdadcd359a635edc61304a8c757?s=96&d=mm&r=g","contentUrl":"https:\/\/secure.gravatar.com\/avatar\/45c195718f652dc7ffdd591dc1f2678956ab7fdadcd359a635edc61304a8c757?s=96&d=mm&r=g","caption":"Oscar"},"url":"https:\/\/lagnoticias.com\/en\/author\/oscar\/"}]}},"_links":{"self":[{"href":"https:\/\/lagnoticias.com\/en\/wp-json\/wp\/v2\/posts\/6947","targetHints":{"allow":["GET"]}}],"collection":[{"href":"https:\/\/lagnoticias.com\/en\/wp-json\/wp\/v2\/posts"}],"about":[{"href":"https:\/\/lagnoticias.com\/en\/wp-json\/wp\/v2\/types\/post"}],"author":[{"embeddable":true,"href":"https:\/\/lagnoticias.com\/en\/wp-json\/wp\/v2\/users\/2"}],"replies":[{"embeddable":true,"href":"https:\/\/lagnoticias.com\/en\/wp-json\/wp\/v2\/comments?post=6947"}],"version-history":[{"count":1,"href":"https:\/\/lagnoticias.com\/en\/wp-json\/wp\/v2\/posts\/6947\/revisions"}],"predecessor-version":[{"id":6950,"href":"https:\/\/lagnoticias.com\/en\/wp-json\/wp\/v2\/posts\/6947\/revisions\/6950"}],"wp:featuredmedia":[{"embeddable":true,"href":"https:\/\/lagnoticias.com\/en\/wp-json\/wp\/v2\/media\/6948"}],"wp:attachment":[{"href":"https:\/\/lagnoticias.com\/en\/wp-json\/wp\/v2\/media?parent=6947"}],"wp:term":[{"taxonomy":"category","embeddable":true,"href":"https:\/\/lagnoticias.com\/en\/wp-json\/wp\/v2\/categories?post=6947"},{"taxonomy":"post_tag","embeddable":true,"href":"https:\/\/lagnoticias.com\/en\/wp-json\/wp\/v2\/tags?post=6947"}],"curies":[{"name":"wp","href":"https:\/\/api.w.org\/{rel}","templated":true}]}}