{"id":6944,"date":"2025-11-12T16:28:48","date_gmt":"2025-11-12T22:28:48","guid":{"rendered":"https:\/\/lagnoticias.com\/?p=6944"},"modified":"2025-11-12T16:28:48","modified_gmt":"2025-11-12T22:28:48","slug":"expertos-analizan-si-la-melatonina-esta-relacionada-con-la-insuficiencia-cardiaca","status":"publish","type":"post","link":"https:\/\/lagnoticias.com\/en\/2025\/11\/12\/expertos-analizan-si-la-melatonina-esta-relacionada-con-la-insuficiencia-cardiaca\/","title":{"rendered":"Expertos analizan si la melatonina est\u00e1 relacionada con la insuficiencia cardiaca"},"content":{"rendered":"<p>Esta semana, una serie de titulares advirtieron sobre los riesgos potenciales de tomar&nbsp;melatonina, el suplemento para dormir,&nbsp;diciendo que una nueva investigaci\u00f3n la hab\u00eda relacionado con un aumento del 90 por ciento en los casos de insuficiencia cardiaca.<\/p>\n\n\n\n<p>La investigaci\u00f3n procede de un estudio in\u00e9dito que se presentar\u00e1 la semana que viene en la conferencia cient\u00edfica de la Asociaci\u00f3n Americana del Coraz\u00f3n en Nueva Orleans. Pero los expertos en el sue\u00f1o afirman que no es posible extraer conclusiones sobre la melatonina a partir de esos resultados, y se\u00f1alan algunas limitaciones importantes del estudio \u2014que no ha sido revisado por pares expertos\u2014, entre ellas el hecho de que no probaba la relaci\u00f3n causa-efecto.<\/p>\n\n\n\n<p>Una explicaci\u00f3n m\u00e1s probable de los resultados, seg\u00fan los expertos, es que el insomnio en s\u00ed \u2014o un trastorno de salud que puede causarlo, como la apnea del sue\u00f1o no diagnosticada\u2014 podr\u00eda ser el culpable. En ese caso, la melatonina ser\u00eda un \u201cespectador inocente\u201d, dijo Sujay Kansagra, m\u00e9dico del sue\u00f1o de Duke Health, quien no particip\u00f3 en el estudio.<\/p>\n\n\n\n<p>El estudio, dijo, \u201cme dej\u00f3 con muchas m\u00e1s preguntas que respuestas\u201d.<\/p>\n\n\n\n<h2 class=\"wp-block-heading\">\u00bfQu\u00e9 encontr\u00f3 el estudio?<\/h2>\n\n\n\n<p>Los investigadores analizaron los historiales m\u00e9dicos internacionales de m\u00e1s de 130.000 adultos con insomnio, a quienes clasificaron en dos grupos: el primero incluy\u00f3 a quienes tomaron suplementos de melatonina durante al menos un a\u00f1o, y el segundo, a quienes no ten\u00edan constancia de haber tomado melatonina.<\/p>\n\n\n\n<p>Los investigadores, dirigidos por Ekenedilichukwu Nnadi, m\u00e9dico residente jefe de atenci\u00f3n primaria y medicina interna de la Universidad de Ciencias de la Salud SUNY Downstate de Brooklyn, analizaron a continuaci\u00f3n el riesgo de insuficiencia cardiaca \u2014que se produce cuando el coraz\u00f3n no puede bombear suficiente sangre para proporcionar ox\u00edgeno a los \u00f3rganos del cuerpo\u2014 en el transcurso de cinco a\u00f1os.<\/p>\n\n\n\n<p>El riesgo de insuficiencia cardiaca fue del 4,6 por ciento para quienes estaban en el grupo de la melatonina, frente al 2,7 por ciento de quienes no ten\u00edan constancia de tomar melatonina. Dicho de otro modo: las personas que tomaban melatonina, suger\u00eda el estudio, ten\u00edan un riesgo un 90 por ciento mayor de sufrir insuficiencia cardiaca.<\/p>\n\n\n\n<p>Tambi\u00e9n ten\u00edan m\u00e1s de 3,5 veces m\u00e1s probabilidades de ser hospitalizados por insuficiencia cardiaca y el doble de probabilidades de morir por cualquier causa.<\/p>\n\n\n\n<p>Nnadi dijo que era l\u00f3gico que estas cifras llamaran la atenci\u00f3n, dado que la melatonina es uno de los somn\u00edferos m\u00e1s utilizados.<\/p>\n\n\n\n<p>Pero, en su opini\u00f3n, algunos de los titulares que sugieren que la melatonina por s\u00ed misma causaba insuficiencia cardiaca son \u201cun poco m\u00e1s alarmantes de lo que realmente apoyan los datos\u201d.<\/p>\n\n\n\n<p>\u201cLo que encontramos fue solo una asociaci\u00f3n, no una prueba de causalidad\u201d, dijo. \u201cEsa distinci\u00f3n puede perderse f\u00e1cilmente en la traducci\u00f3n\u201d.<\/p>\n\n\n\n<h2 class=\"wp-block-heading\">\u00bfCu\u00e1les fueron sus limitaciones?<\/h2>\n\n\n\n<p>Uno de los principales inconvenientes del estudio es que solo cont\u00f3 a las personas con recetas documentadas de melatonina. En el Reino Unido y varios pa\u00edses de la Uni\u00f3n Europea, para obtener melatonina es necesaria una receta, pero en Estados Unidos y algunos otros pa\u00edses, cualquiera puede comprar suplementos de melatonina sin receta, sin consultar a un m\u00e9dico.<\/p>\n\n\n\n<p>Esto significa que algunos de los participantes del grupo sin melatonina del estudio pueden haber estado tomando tambi\u00e9n suplementos, aunque no conste en sus historiales m\u00e9dicos. Esto enturbia la comparaci\u00f3n, dijo Andrew McHill, cient\u00edfico del sue\u00f1o y el ritmo circadiano de la Universidad de Salud y Ciencia de Oreg\u00f3n.<\/p>\n\n\n\n<p>Tambi\u00e9n faltaba informaci\u00f3n sobre la dosis de melatonina y la gravedad del insomnio, dijo Phyllis Zee, m\u00e9dica del sue\u00f1o e investigadora de Northwestern Medicine, quien no particip\u00f3 en el estudio. Ambos factores podr\u00edan afectar a los riesgos cardiacos. Kansagra tambi\u00e9n se\u00f1al\u00f3 que el riesgo de insuficiencia cardiaca era bastante bajo en ambos grupos.<\/p>\n\n\n\n<p>Akinbolaji Akingbola, m\u00e9dico especialista en medicina del sue\u00f1o de la Universidad de Minnesota, quien tampoco particip\u00f3 en el estudio, dijo que, para saber si la melatonina aumenta el riesgo de insuficiencia cardiaca, los investigadores tendr\u00edan que realizar ensayos controlados aleatorizados en los que se asignara a las personas a recibir suplementos de melatonina o placebos.<\/p>\n\n\n\n<p>Nnadi reconoci\u00f3 la necesidad de realizar m\u00e1s estudios. Uno de sus objetivos al realizar el estudio, dijo, era suscitar m\u00e1s investigaciones sobre suplementos de venta libre como la melatonina.<\/p>\n\n\n\n<p>Dijo que tiene previsto presentar el trabajo para su revisi\u00f3n y publicaci\u00f3n a principios de 2026.<\/p>\n\n\n\n<h2 class=\"wp-block-heading\">\u00bfQu\u00e9 conclusiones se pueden sacar de los hallazgos?<\/h2>\n\n\n\n<p>El estudio tiene demasiadas limitaciones para determinar si la melatonina aumenta el riesgo de insuficiencia cardiaca o incluso si afecta al coraz\u00f3n.<\/p>\n\n\n\n<p>Aun as\u00ed, los expertos coinciden en que es un buen recordatorio de lo poco que sabemos sobre la seguridad de los suplementos. Los suplementos de melatonina pueden imitar una hormona que el cuerpo produce de forma natural, pero eso no significa que est\u00e9n exentos de riesgos para la salud, dijo Zee.<\/p>\n\n\n\n<p>Tomar melatonina puede ayudarte a adaptarte a una nueva zona horaria o a cambiar tu horario de sue\u00f1o, dijo McHill. Pero la mayor\u00eda de los expertos del sue\u00f1o coinciden en que la melatonina&nbsp;no es una soluci\u00f3n eficaz contra el insomnio. La hormona act\u00faa indicando al cerebro que se acerca la hora de acostarse, no induciendo directamente el sue\u00f1o. En muchos estudios, no es m\u00e1s eficaz que un placebo.<\/p>\n\n\n\n<p>\u201cEl problema es que siempre estamos buscando una receta m\u00e1gica que nos ayude a dormir mejor\u201d, dijo. Pero las estrategias que realmente funcionan \u2014como&nbsp;la terapia cognitivo-conductual para el insomnio,&nbsp;establecer rutinas de sue\u00f1o saludables&nbsp;y evitar la cafe\u00edna y el alcohol antes de acostarse\u2014 requieren mucho m\u00e1s trabajo que tragarse una gomita.<\/p>\n\n\n\n<p><\/p>\n\n\n\n<p><\/p>\n\n\n\n<p>(PL)<\/p>","protected":false},"excerpt":{"rendered":"<p>Esta semana, una serie de titulares advirtieron sobre los riesgos potenciales de tomar&nbsp;melatonina, el suplemento para dormir,&nbsp;diciendo que una nueva investigaci\u00f3n la hab\u00eda relacionado con un aumento del 90 por ciento en los casos de insuficiencia cardiaca. La investigaci\u00f3n procede de un estudio in\u00e9dito que se presentar\u00e1 la semana que viene en la conferencia cient\u00edfica [&hellip;]<\/p>","protected":false},"author":2,"featured_media":6945,"comment_status":"open","ping_status":"open","sticky":false,"template":"","format":"standard","meta":{"_et_pb_use_builder":"off","_et_pb_old_content":"","_et_gb_content_width":"","footnotes":""},"categories":[929],"tags":[1043,1843,1409,1217,294],"class_list":["post-6944","post","type-post","status-publish","format-standard","has-post-thumbnail","hentry","category-vida","tag-dormir","tag-dormir-bien","tag-estudios-cientificos","tag-melatonina","tag-salud"],"yoast_head":"<!-- This site is optimized with the Yoast SEO plugin v27.4 - https:\/\/yoast.com\/product\/yoast-seo-wordpress\/ -->\n<title>Expertos analizan si la melatonina est\u00e1 relacionada con la insuficiencia cardiaca - La G Noticias<\/title>\n<meta name=\"robots\" content=\"index, follow, max-snippet:-1, max-image-preview:large, max-video-preview:-1\" \/>\n<link rel=\"canonical\" href=\"https:\/\/lagnoticias.com\/en\/2025\/11\/12\/expertos-analizan-si-la-melatonina-esta-relacionada-con-la-insuficiencia-cardiaca\/\" \/>\n<meta property=\"og:locale\" content=\"en_US\" \/>\n<meta property=\"og:type\" content=\"article\" \/>\n<meta property=\"og:title\" content=\"Expertos analizan si la melatonina est\u00e1 relacionada con la insuficiencia cardiaca - La G Noticias\" \/>\n<meta property=\"og:description\" content=\"Esta semana, una serie de titulares advirtieron sobre los riesgos potenciales de tomar&nbsp;melatonina, el suplemento para dormir,&nbsp;diciendo que una nueva investigaci\u00f3n la hab\u00eda relacionado con un aumento del 90 por ciento en los casos de insuficiencia cardiaca. La investigaci\u00f3n procede de un estudio in\u00e9dito que se presentar\u00e1 la semana que viene en la conferencia cient\u00edfica [&hellip;]\" \/>\n<meta property=\"og:url\" content=\"https:\/\/lagnoticias.com\/en\/2025\/11\/12\/expertos-analizan-si-la-melatonina-esta-relacionada-con-la-insuficiencia-cardiaca\/\" \/>\n<meta property=\"og:site_name\" content=\"La G Noticias\" \/>\n<meta property=\"article:publisher\" content=\"https:\/\/www.facebook.com\/LaGNoticias\" \/>\n<meta property=\"article:published_time\" content=\"2025-11-12T22:28:48+00:00\" \/>\n<meta property=\"og:image\" content=\"https:\/\/lagnoticias.com\/wp-content\/uploads\/2025\/11\/88.jpg\" \/>\n\t<meta property=\"og:image:width\" content=\"850\" \/>\n\t<meta property=\"og:image:height\" content=\"564\" \/>\n\t<meta property=\"og:image:type\" content=\"image\/jpeg\" \/>\n<meta name=\"author\" content=\"Oscar\" \/>\n<meta name=\"twitter:card\" content=\"summary_large_image\" \/>\n<meta name=\"twitter:creator\" content=\"@lagnoticias\" \/>\n<meta name=\"twitter:site\" content=\"@lagnoticias\" \/>\n<meta name=\"twitter:label1\" content=\"Written by\" \/>\n\t<meta name=\"twitter:data1\" content=\"Oscar\" \/>\n\t<meta name=\"twitter:label2\" content=\"Est. reading time\" \/>\n\t<meta name=\"twitter:data2\" content=\"5 minutes\" \/>\n<script type=\"application\/ld+json\" class=\"yoast-schema-graph\">{\"@context\":\"https:\\\/\\\/schema.org\",\"@graph\":[{\"@type\":\"Article\",\"@id\":\"https:\\\/\\\/lagnoticias.com\\\/2025\\\/11\\\/12\\\/expertos-analizan-si-la-melatonina-esta-relacionada-con-la-insuficiencia-cardiaca\\\/#article\",\"isPartOf\":{\"@id\":\"https:\\\/\\\/lagnoticias.com\\\/2025\\\/11\\\/12\\\/expertos-analizan-si-la-melatonina-esta-relacionada-con-la-insuficiencia-cardiaca\\\/\"},\"author\":{\"name\":\"Oscar\",\"@id\":\"https:\\\/\\\/lagnoticias.com\\\/#\\\/schema\\\/person\\\/cb9bfe13f8de05d2c55270be25c6a550\"},\"headline\":\"Expertos analizan si la melatonina est\u00e1 relacionada con la insuficiencia cardiaca\",\"datePublished\":\"2025-11-12T22:28:48+00:00\",\"mainEntityOfPage\":{\"@id\":\"https:\\\/\\\/lagnoticias.com\\\/2025\\\/11\\\/12\\\/expertos-analizan-si-la-melatonina-esta-relacionada-con-la-insuficiencia-cardiaca\\\/\"},\"wordCount\":1009,\"commentCount\":0,\"image\":{\"@id\":\"https:\\\/\\\/lagnoticias.com\\\/2025\\\/11\\\/12\\\/expertos-analizan-si-la-melatonina-esta-relacionada-con-la-insuficiencia-cardiaca\\\/#primaryimage\"},\"thumbnailUrl\":\"https:\\\/\\\/lagnoticias.com\\\/wp-content\\\/uploads\\\/2025\\\/11\\\/88.jpg\",\"keywords\":[\"DORMIR\",\"DORMIR BIEN\",\"ESTUDIOS CIENTIFICOS\",\"MELATONINA\",\"SALUD\"],\"articleSection\":[\"VIDA\"],\"inLanguage\":\"en-US\",\"potentialAction\":[{\"@type\":\"CommentAction\",\"name\":\"Comment\",\"target\":[\"https:\\\/\\\/lagnoticias.com\\\/2025\\\/11\\\/12\\\/expertos-analizan-si-la-melatonina-esta-relacionada-con-la-insuficiencia-cardiaca\\\/#respond\"]}]},{\"@type\":\"WebPage\",\"@id\":\"https:\\\/\\\/lagnoticias.com\\\/2025\\\/11\\\/12\\\/expertos-analizan-si-la-melatonina-esta-relacionada-con-la-insuficiencia-cardiaca\\\/\",\"url\":\"https:\\\/\\\/lagnoticias.com\\\/2025\\\/11\\\/12\\\/expertos-analizan-si-la-melatonina-esta-relacionada-con-la-insuficiencia-cardiaca\\\/\",\"name\":\"Expertos analizan si la melatonina est\u00e1 relacionada con la insuficiencia cardiaca - La G Noticias\",\"isPartOf\":{\"@id\":\"https:\\\/\\\/lagnoticias.com\\\/#website\"},\"primaryImageOfPage\":{\"@id\":\"https:\\\/\\\/lagnoticias.com\\\/2025\\\/11\\\/12\\\/expertos-analizan-si-la-melatonina-esta-relacionada-con-la-insuficiencia-cardiaca\\\/#primaryimage\"},\"image\":{\"@id\":\"https:\\\/\\\/lagnoticias.com\\\/2025\\\/11\\\/12\\\/expertos-analizan-si-la-melatonina-esta-relacionada-con-la-insuficiencia-cardiaca\\\/#primaryimage\"},\"thumbnailUrl\":\"https:\\\/\\\/lagnoticias.com\\\/wp-content\\\/uploads\\\/2025\\\/11\\\/88.jpg\",\"datePublished\":\"2025-11-12T22:28:48+00:00\",\"author\":{\"@id\":\"https:\\\/\\\/lagnoticias.com\\\/#\\\/schema\\\/person\\\/cb9bfe13f8de05d2c55270be25c6a550\"},\"breadcrumb\":{\"@id\":\"https:\\\/\\\/lagnoticias.com\\\/2025\\\/11\\\/12\\\/expertos-analizan-si-la-melatonina-esta-relacionada-con-la-insuficiencia-cardiaca\\\/#breadcrumb\"},\"inLanguage\":\"en-US\",\"potentialAction\":[{\"@type\":\"ReadAction\",\"target\":[\"https:\\\/\\\/lagnoticias.com\\\/2025\\\/11\\\/12\\\/expertos-analizan-si-la-melatonina-esta-relacionada-con-la-insuficiencia-cardiaca\\\/\"]}]},{\"@type\":\"ImageObject\",\"inLanguage\":\"en-US\",\"@id\":\"https:\\\/\\\/lagnoticias.com\\\/2025\\\/11\\\/12\\\/expertos-analizan-si-la-melatonina-esta-relacionada-con-la-insuficiencia-cardiaca\\\/#primaryimage\",\"url\":\"https:\\\/\\\/lagnoticias.com\\\/wp-content\\\/uploads\\\/2025\\\/11\\\/88.jpg\",\"contentUrl\":\"https:\\\/\\\/lagnoticias.com\\\/wp-content\\\/uploads\\\/2025\\\/11\\\/88.jpg\",\"width\":850,\"height\":564},{\"@type\":\"BreadcrumbList\",\"@id\":\"https:\\\/\\\/lagnoticias.com\\\/2025\\\/11\\\/12\\\/expertos-analizan-si-la-melatonina-esta-relacionada-con-la-insuficiencia-cardiaca\\\/#breadcrumb\",\"itemListElement\":[{\"@type\":\"ListItem\",\"position\":1,\"name\":\"Portada\",\"item\":\"https:\\\/\\\/lagnoticias.com\\\/\"},{\"@type\":\"ListItem\",\"position\":2,\"name\":\"Expertos analizan si la melatonina est\u00e1 relacionada con la insuficiencia cardiaca\"}]},{\"@type\":\"WebSite\",\"@id\":\"https:\\\/\\\/lagnoticias.com\\\/#website\",\"url\":\"https:\\\/\\\/lagnoticias.com\\\/\",\"name\":\"La G Noticias\",\"description\":\"Noticias Positivas\",\"potentialAction\":[{\"@type\":\"SearchAction\",\"target\":{\"@type\":\"EntryPoint\",\"urlTemplate\":\"https:\\\/\\\/lagnoticias.com\\\/?s={search_term_string}\"},\"query-input\":{\"@type\":\"PropertyValueSpecification\",\"valueRequired\":true,\"valueName\":\"search_term_string\"}}],\"inLanguage\":\"en-US\"},{\"@type\":\"Person\",\"@id\":\"https:\\\/\\\/lagnoticias.com\\\/#\\\/schema\\\/person\\\/cb9bfe13f8de05d2c55270be25c6a550\",\"name\":\"Oscar\",\"image\":{\"@type\":\"ImageObject\",\"inLanguage\":\"en-US\",\"@id\":\"https:\\\/\\\/secure.gravatar.com\\\/avatar\\\/45c195718f652dc7ffdd591dc1f2678956ab7fdadcd359a635edc61304a8c757?s=96&d=mm&r=g\",\"url\":\"https:\\\/\\\/secure.gravatar.com\\\/avatar\\\/45c195718f652dc7ffdd591dc1f2678956ab7fdadcd359a635edc61304a8c757?s=96&d=mm&r=g\",\"contentUrl\":\"https:\\\/\\\/secure.gravatar.com\\\/avatar\\\/45c195718f652dc7ffdd591dc1f2678956ab7fdadcd359a635edc61304a8c757?s=96&d=mm&r=g\",\"caption\":\"Oscar\"},\"url\":\"https:\\\/\\\/lagnoticias.com\\\/en\\\/author\\\/oscar\\\/\"}]}<\/script>\n<!-- \/ Yoast SEO plugin. -->","yoast_head_json":{"title":"Expertos analizan si la melatonina est\u00e1 relacionada con la insuficiencia cardiaca - La G Noticias","robots":{"index":"index","follow":"follow","max-snippet":"max-snippet:-1","max-image-preview":"max-image-preview:large","max-video-preview":"max-video-preview:-1"},"canonical":"https:\/\/lagnoticias.com\/en\/2025\/11\/12\/expertos-analizan-si-la-melatonina-esta-relacionada-con-la-insuficiencia-cardiaca\/","og_locale":"en_US","og_type":"article","og_title":"Expertos analizan si la melatonina est\u00e1 relacionada con la insuficiencia cardiaca - La G Noticias","og_description":"Esta semana, una serie de titulares advirtieron sobre los riesgos potenciales de tomar&nbsp;melatonina, el suplemento para dormir,&nbsp;diciendo que una nueva investigaci\u00f3n la hab\u00eda relacionado con un aumento del 90 por ciento en los casos de insuficiencia cardiaca. La investigaci\u00f3n procede de un estudio in\u00e9dito que se presentar\u00e1 la semana que viene en la conferencia cient\u00edfica [&hellip;]","og_url":"https:\/\/lagnoticias.com\/en\/2025\/11\/12\/expertos-analizan-si-la-melatonina-esta-relacionada-con-la-insuficiencia-cardiaca\/","og_site_name":"La G Noticias","article_publisher":"https:\/\/www.facebook.com\/LaGNoticias","article_published_time":"2025-11-12T22:28:48+00:00","og_image":[{"width":850,"height":564,"url":"https:\/\/lagnoticias.com\/wp-content\/uploads\/2025\/11\/88.jpg","type":"image\/jpeg"}],"author":"Oscar","twitter_card":"summary_large_image","twitter_creator":"@lagnoticias","twitter_site":"@lagnoticias","twitter_misc":{"Written by":"Oscar","Est. reading time":"5 minutes"},"schema":{"@context":"https:\/\/schema.org","@graph":[{"@type":"Article","@id":"https:\/\/lagnoticias.com\/2025\/11\/12\/expertos-analizan-si-la-melatonina-esta-relacionada-con-la-insuficiencia-cardiaca\/#article","isPartOf":{"@id":"https:\/\/lagnoticias.com\/2025\/11\/12\/expertos-analizan-si-la-melatonina-esta-relacionada-con-la-insuficiencia-cardiaca\/"},"author":{"name":"Oscar","@id":"https:\/\/lagnoticias.com\/#\/schema\/person\/cb9bfe13f8de05d2c55270be25c6a550"},"headline":"Expertos analizan si la melatonina est\u00e1 relacionada con la insuficiencia cardiaca","datePublished":"2025-11-12T22:28:48+00:00","mainEntityOfPage":{"@id":"https:\/\/lagnoticias.com\/2025\/11\/12\/expertos-analizan-si-la-melatonina-esta-relacionada-con-la-insuficiencia-cardiaca\/"},"wordCount":1009,"commentCount":0,"image":{"@id":"https:\/\/lagnoticias.com\/2025\/11\/12\/expertos-analizan-si-la-melatonina-esta-relacionada-con-la-insuficiencia-cardiaca\/#primaryimage"},"thumbnailUrl":"https:\/\/lagnoticias.com\/wp-content\/uploads\/2025\/11\/88.jpg","keywords":["DORMIR","DORMIR BIEN","ESTUDIOS CIENTIFICOS","MELATONINA","SALUD"],"articleSection":["VIDA"],"inLanguage":"en-US","potentialAction":[{"@type":"CommentAction","name":"Comment","target":["https:\/\/lagnoticias.com\/2025\/11\/12\/expertos-analizan-si-la-melatonina-esta-relacionada-con-la-insuficiencia-cardiaca\/#respond"]}]},{"@type":"WebPage","@id":"https:\/\/lagnoticias.com\/2025\/11\/12\/expertos-analizan-si-la-melatonina-esta-relacionada-con-la-insuficiencia-cardiaca\/","url":"https:\/\/lagnoticias.com\/2025\/11\/12\/expertos-analizan-si-la-melatonina-esta-relacionada-con-la-insuficiencia-cardiaca\/","name":"Expertos analizan si la melatonina est\u00e1 relacionada con la insuficiencia cardiaca - La G Noticias","isPartOf":{"@id":"https:\/\/lagnoticias.com\/#website"},"primaryImageOfPage":{"@id":"https:\/\/lagnoticias.com\/2025\/11\/12\/expertos-analizan-si-la-melatonina-esta-relacionada-con-la-insuficiencia-cardiaca\/#primaryimage"},"image":{"@id":"https:\/\/lagnoticias.com\/2025\/11\/12\/expertos-analizan-si-la-melatonina-esta-relacionada-con-la-insuficiencia-cardiaca\/#primaryimage"},"thumbnailUrl":"https:\/\/lagnoticias.com\/wp-content\/uploads\/2025\/11\/88.jpg","datePublished":"2025-11-12T22:28:48+00:00","author":{"@id":"https:\/\/lagnoticias.com\/#\/schema\/person\/cb9bfe13f8de05d2c55270be25c6a550"},"breadcrumb":{"@id":"https:\/\/lagnoticias.com\/2025\/11\/12\/expertos-analizan-si-la-melatonina-esta-relacionada-con-la-insuficiencia-cardiaca\/#breadcrumb"},"inLanguage":"en-US","potentialAction":[{"@type":"ReadAction","target":["https:\/\/lagnoticias.com\/2025\/11\/12\/expertos-analizan-si-la-melatonina-esta-relacionada-con-la-insuficiencia-cardiaca\/"]}]},{"@type":"ImageObject","inLanguage":"en-US","@id":"https:\/\/lagnoticias.com\/2025\/11\/12\/expertos-analizan-si-la-melatonina-esta-relacionada-con-la-insuficiencia-cardiaca\/#primaryimage","url":"https:\/\/lagnoticias.com\/wp-content\/uploads\/2025\/11\/88.jpg","contentUrl":"https:\/\/lagnoticias.com\/wp-content\/uploads\/2025\/11\/88.jpg","width":850,"height":564},{"@type":"BreadcrumbList","@id":"https:\/\/lagnoticias.com\/2025\/11\/12\/expertos-analizan-si-la-melatonina-esta-relacionada-con-la-insuficiencia-cardiaca\/#breadcrumb","itemListElement":[{"@type":"ListItem","position":1,"name":"Portada","item":"https:\/\/lagnoticias.com\/"},{"@type":"ListItem","position":2,"name":"Expertos analizan si la melatonina est\u00e1 relacionada con la insuficiencia cardiaca"}]},{"@type":"WebSite","@id":"https:\/\/lagnoticias.com\/#website","url":"https:\/\/lagnoticias.com\/","name":"La G Noticias","description":"Noticias Positivas","potentialAction":[{"@type":"SearchAction","target":{"@type":"EntryPoint","urlTemplate":"https:\/\/lagnoticias.com\/?s={search_term_string}"},"query-input":{"@type":"PropertyValueSpecification","valueRequired":true,"valueName":"search_term_string"}}],"inLanguage":"en-US"},{"@type":"Person","@id":"https:\/\/lagnoticias.com\/#\/schema\/person\/cb9bfe13f8de05d2c55270be25c6a550","name":"Oscar","image":{"@type":"ImageObject","inLanguage":"en-US","@id":"https:\/\/secure.gravatar.com\/avatar\/45c195718f652dc7ffdd591dc1f2678956ab7fdadcd359a635edc61304a8c757?s=96&d=mm&r=g","url":"https:\/\/secure.gravatar.com\/avatar\/45c195718f652dc7ffdd591dc1f2678956ab7fdadcd359a635edc61304a8c757?s=96&d=mm&r=g","contentUrl":"https:\/\/secure.gravatar.com\/avatar\/45c195718f652dc7ffdd591dc1f2678956ab7fdadcd359a635edc61304a8c757?s=96&d=mm&r=g","caption":"Oscar"},"url":"https:\/\/lagnoticias.com\/en\/author\/oscar\/"}]}},"_links":{"self":[{"href":"https:\/\/lagnoticias.com\/en\/wp-json\/wp\/v2\/posts\/6944","targetHints":{"allow":["GET"]}}],"collection":[{"href":"https:\/\/lagnoticias.com\/en\/wp-json\/wp\/v2\/posts"}],"about":[{"href":"https:\/\/lagnoticias.com\/en\/wp-json\/wp\/v2\/types\/post"}],"author":[{"embeddable":true,"href":"https:\/\/lagnoticias.com\/en\/wp-json\/wp\/v2\/users\/2"}],"replies":[{"embeddable":true,"href":"https:\/\/lagnoticias.com\/en\/wp-json\/wp\/v2\/comments?post=6944"}],"version-history":[{"count":1,"href":"https:\/\/lagnoticias.com\/en\/wp-json\/wp\/v2\/posts\/6944\/revisions"}],"predecessor-version":[{"id":6946,"href":"https:\/\/lagnoticias.com\/en\/wp-json\/wp\/v2\/posts\/6944\/revisions\/6946"}],"wp:featuredmedia":[{"embeddable":true,"href":"https:\/\/lagnoticias.com\/en\/wp-json\/wp\/v2\/media\/6945"}],"wp:attachment":[{"href":"https:\/\/lagnoticias.com\/en\/wp-json\/wp\/v2\/media?parent=6944"}],"wp:term":[{"taxonomy":"category","embeddable":true,"href":"https:\/\/lagnoticias.com\/en\/wp-json\/wp\/v2\/categories?post=6944"},{"taxonomy":"post_tag","embeddable":true,"href":"https:\/\/lagnoticias.com\/en\/wp-json\/wp\/v2\/tags?post=6944"}],"curies":[{"name":"wp","href":"https:\/\/api.w.org\/{rel}","templated":true}]}}