{"id":6934,"date":"2025-11-12T15:47:06","date_gmt":"2025-11-12T21:47:06","guid":{"rendered":"https:\/\/lagnoticias.com\/?p=6934"},"modified":"2025-11-12T15:47:06","modified_gmt":"2025-11-12T21:47:06","slug":"ministerio-de-vivienda-ejecutara-mejoramiento-en-mas-de-1000-viviendas-de-16-comunidades-del-amss","status":"publish","type":"post","link":"https:\/\/lagnoticias.com\/en\/2025\/11\/12\/ministerio-de-vivienda-ejecutara-mejoramiento-en-mas-de-1000-viviendas-de-16-comunidades-del-amss\/","title":{"rendered":"Ministerio de Vivienda ejecutar\u00e1 mejoramiento en m\u00e1s de 1,000 viviendas de 16 comunidades del AMSS"},"content":{"rendered":"<p>La ministra de Vivienda, Michelle Sol, visit\u00f3 la comunidad Villa Kiwanis, en Soyapango, San Salvador Este, para constatar las obras de mejoramiento en m\u00e1s de 1,000 viviendas de 16 comunidades del \u00c1rea Metropolitana de San Salvador (AMSS). Este esfuerzo se realiza con el respaldo del banco alem\u00e1n KfW, como parte del Programa de adaptaci\u00f3n urbana al cambio clim\u00e1tico en Centroam\u00e9rica.<\/p>\n\n\n\n<p>\u201cEn la primera fase se incluyen cinco comunidades, la Naval, Villa Kiwanis, Nicaragua 2, La Chacra y Qui\u00f1\u00f3\u00f1ez uno. En estas comunidades se intervendr\u00e1n 337 viviendas, que comprenden mejoras en techos, paredes, ventanas, puertas y pisos, priorizando la seguridad y el bienestar de cada familia\u201d, detall\u00f3 la funcionaria.<\/p>\n\n\n\n<p>La ministra Sol inform\u00f3 que en la segunda fase del proyecto se intervendr\u00e1n 11 comunidades m\u00e1s: Casitas del Coro, Coro Nuevo, Qui\u00f1\u00f3nez 2, San Mart\u00edn Municipal, San Mart\u00edn Privado, San Luis Los Portales, Bol\u00edvar, Nueva Esperanza, Granjero 1, Granjero 2 y La Campanera.<\/p>\n\n\n\n<p>El prop\u00f3sito es tambi\u00e9n fortalecer la resiliencia de las comunidades ante los efectos del cambio clim\u00e1tico, al tiempo que promueven entornos m\u00e1s seguros y saludables. De esta forma, se asegura que las familias vivan en espacios dignos y preparados para enfrentar fen\u00f3menos naturales cada vez m\u00e1s frecuentes e intensos.<\/p>\n\n\n\n<p>\u201cEs un programa con una contribuci\u00f3n de 23 millones de euros por parte del gobierno alem\u00e1n, son alrededor de $27 millones. Aparte de las obras que arrancamos hoy con el Ministerio de Vivienda, trabajamos tambi\u00e9n con el Ministerio de Obras P\u00fablicas en proyectos que nos permitan reducir los flujos de agua lluvia, da\u00f1os por inundaciones, as\u00ed como la erosi\u00f3n de taludes y da\u00f1os por deslizamiento\u201d, manifest\u00f3 el embajador de Alemania en El Salvador, Friedo Sielemann.&nbsp;<\/p>","protected":false},"excerpt":{"rendered":"<p>La ministra de Vivienda, Michelle Sol, visit\u00f3 la comunidad Villa Kiwanis, en Soyapango, San Salvador Este, para constatar las obras de mejoramiento en m\u00e1s de 1,000 viviendas de 16 comunidades del \u00c1rea Metropolitana de San Salvador (AMSS). Este esfuerzo se realiza con el respaldo del banco alem\u00e1n KfW, como parte del Programa de adaptaci\u00f3n urbana [&hellip;]<\/p>","protected":false},"author":2,"featured_media":6935,"comment_status":"open","ping_status":"open","sticky":false,"template":"","format":"standard","meta":{"_et_pb_use_builder":"off","_et_pb_old_content":"","_et_gb_content_width":"","footnotes":""},"categories":[244],"tags":[311,1026,267,268,731],"class_list":["post-6934","post","type-post","status-publish","format-standard","has-post-thumbnail","hentry","category-nacionales","tag-alemania","tag-amss","tag-el-salvador","tag-gobierno-de-el-salvador","tag-ministerio-de-vivienda"],"yoast_head":"<!-- This site is optimized with the Yoast SEO plugin v27.4 - https:\/\/yoast.com\/product\/yoast-seo-wordpress\/ -->\n<title>Ministerio de Vivienda ejecutar\u00e1 mejoramiento en m\u00e1s de 1,000 viviendas de 16 comunidades del AMSS - La G Noticias<\/title>\n<meta name=\"robots\" content=\"index, follow, max-snippet:-1, max-image-preview:large, max-video-preview:-1\" \/>\n<link rel=\"canonical\" href=\"https:\/\/lagnoticias.com\/en\/2025\/11\/12\/ministerio-de-vivienda-ejecutara-mejoramiento-en-mas-de-1000-viviendas-de-16-comunidades-del-amss\/\" \/>\n<meta property=\"og:locale\" content=\"en_US\" \/>\n<meta property=\"og:type\" content=\"article\" \/>\n<meta property=\"og:title\" content=\"Ministerio de Vivienda ejecutar\u00e1 mejoramiento en m\u00e1s de 1,000 viviendas de 16 comunidades del AMSS - La G Noticias\" \/>\n<meta property=\"og:description\" content=\"La ministra de Vivienda, Michelle Sol, visit\u00f3 la comunidad Villa Kiwanis, en Soyapango, San Salvador Este, para constatar las obras de mejoramiento en m\u00e1s de 1,000 viviendas de 16 comunidades del \u00c1rea Metropolitana de San Salvador (AMSS). Este esfuerzo se realiza con el respaldo del banco alem\u00e1n KfW, como parte del Programa de adaptaci\u00f3n urbana [&hellip;]\" \/>\n<meta property=\"og:url\" content=\"https:\/\/lagnoticias.com\/en\/2025\/11\/12\/ministerio-de-vivienda-ejecutara-mejoramiento-en-mas-de-1000-viviendas-de-16-comunidades-del-amss\/\" \/>\n<meta property=\"og:site_name\" content=\"La G Noticias\" \/>\n<meta property=\"article:publisher\" content=\"https:\/\/www.facebook.com\/LaGNoticias\" \/>\n<meta property=\"article:published_time\" content=\"2025-11-12T21:47:06+00:00\" \/>\n<meta property=\"og:image\" content=\"https:\/\/lagnoticias.com\/wp-content\/uploads\/2025\/11\/6-13-scaled.jpg\" \/>\n\t<meta property=\"og:image:width\" content=\"2560\" \/>\n\t<meta property=\"og:image:height\" content=\"1707\" \/>\n\t<meta property=\"og:image:type\" content=\"image\/jpeg\" \/>\n<meta name=\"author\" content=\"Oscar\" \/>\n<meta name=\"twitter:card\" content=\"summary_large_image\" \/>\n<meta name=\"twitter:creator\" content=\"@lagnoticias\" \/>\n<meta name=\"twitter:site\" content=\"@lagnoticias\" \/>\n<meta name=\"twitter:label1\" content=\"Written by\" \/>\n\t<meta name=\"twitter:data1\" content=\"Oscar\" \/>\n\t<meta name=\"twitter:label2\" content=\"Est. reading time\" \/>\n\t<meta name=\"twitter:data2\" content=\"2 minutes\" \/>\n<script type=\"application\/ld+json\" class=\"yoast-schema-graph\">{\"@context\":\"https:\\\/\\\/schema.org\",\"@graph\":[{\"@type\":\"Article\",\"@id\":\"https:\\\/\\\/lagnoticias.com\\\/2025\\\/11\\\/12\\\/ministerio-de-vivienda-ejecutara-mejoramiento-en-mas-de-1000-viviendas-de-16-comunidades-del-amss\\\/#article\",\"isPartOf\":{\"@id\":\"https:\\\/\\\/lagnoticias.com\\\/2025\\\/11\\\/12\\\/ministerio-de-vivienda-ejecutara-mejoramiento-en-mas-de-1000-viviendas-de-16-comunidades-del-amss\\\/\"},\"author\":{\"name\":\"Oscar\",\"@id\":\"https:\\\/\\\/lagnoticias.com\\\/#\\\/schema\\\/person\\\/cb9bfe13f8de05d2c55270be25c6a550\"},\"headline\":\"Ministerio de Vivienda ejecutar\u00e1 mejoramiento en m\u00e1s de 1,000 viviendas de 16 comunidades del AMSS\",\"datePublished\":\"2025-11-12T21:47:06+00:00\",\"mainEntityOfPage\":{\"@id\":\"https:\\\/\\\/lagnoticias.com\\\/2025\\\/11\\\/12\\\/ministerio-de-vivienda-ejecutara-mejoramiento-en-mas-de-1000-viviendas-de-16-comunidades-del-amss\\\/\"},\"wordCount\":306,\"commentCount\":0,\"image\":{\"@id\":\"https:\\\/\\\/lagnoticias.com\\\/2025\\\/11\\\/12\\\/ministerio-de-vivienda-ejecutara-mejoramiento-en-mas-de-1000-viviendas-de-16-comunidades-del-amss\\\/#primaryimage\"},\"thumbnailUrl\":\"https:\\\/\\\/lagnoticias.com\\\/wp-content\\\/uploads\\\/2025\\\/11\\\/6-13-scaled.jpg\",\"keywords\":[\"ALEMANIA\",\"AMSS\",\"EL SALVADOR\",\"GOBIERNO DE EL SALVADOR\",\"ministerio de vivienda\"],\"articleSection\":[\"NACIONALES\"],\"inLanguage\":\"en-US\",\"potentialAction\":[{\"@type\":\"CommentAction\",\"name\":\"Comment\",\"target\":[\"https:\\\/\\\/lagnoticias.com\\\/2025\\\/11\\\/12\\\/ministerio-de-vivienda-ejecutara-mejoramiento-en-mas-de-1000-viviendas-de-16-comunidades-del-amss\\\/#respond\"]}]},{\"@type\":\"WebPage\",\"@id\":\"https:\\\/\\\/lagnoticias.com\\\/2025\\\/11\\\/12\\\/ministerio-de-vivienda-ejecutara-mejoramiento-en-mas-de-1000-viviendas-de-16-comunidades-del-amss\\\/\",\"url\":\"https:\\\/\\\/lagnoticias.com\\\/2025\\\/11\\\/12\\\/ministerio-de-vivienda-ejecutara-mejoramiento-en-mas-de-1000-viviendas-de-16-comunidades-del-amss\\\/\",\"name\":\"Ministerio de Vivienda ejecutar\u00e1 mejoramiento en m\u00e1s de 1,000 viviendas de 16 comunidades del AMSS - La G Noticias\",\"isPartOf\":{\"@id\":\"https:\\\/\\\/lagnoticias.com\\\/#website\"},\"primaryImageOfPage\":{\"@id\":\"https:\\\/\\\/lagnoticias.com\\\/2025\\\/11\\\/12\\\/ministerio-de-vivienda-ejecutara-mejoramiento-en-mas-de-1000-viviendas-de-16-comunidades-del-amss\\\/#primaryimage\"},\"image\":{\"@id\":\"https:\\\/\\\/lagnoticias.com\\\/2025\\\/11\\\/12\\\/ministerio-de-vivienda-ejecutara-mejoramiento-en-mas-de-1000-viviendas-de-16-comunidades-del-amss\\\/#primaryimage\"},\"thumbnailUrl\":\"https:\\\/\\\/lagnoticias.com\\\/wp-content\\\/uploads\\\/2025\\\/11\\\/6-13-scaled.jpg\",\"datePublished\":\"2025-11-12T21:47:06+00:00\",\"author\":{\"@id\":\"https:\\\/\\\/lagnoticias.com\\\/#\\\/schema\\\/person\\\/cb9bfe13f8de05d2c55270be25c6a550\"},\"breadcrumb\":{\"@id\":\"https:\\\/\\\/lagnoticias.com\\\/2025\\\/11\\\/12\\\/ministerio-de-vivienda-ejecutara-mejoramiento-en-mas-de-1000-viviendas-de-16-comunidades-del-amss\\\/#breadcrumb\"},\"inLanguage\":\"en-US\",\"potentialAction\":[{\"@type\":\"ReadAction\",\"target\":[\"https:\\\/\\\/lagnoticias.com\\\/2025\\\/11\\\/12\\\/ministerio-de-vivienda-ejecutara-mejoramiento-en-mas-de-1000-viviendas-de-16-comunidades-del-amss\\\/\"]}]},{\"@type\":\"ImageObject\",\"inLanguage\":\"en-US\",\"@id\":\"https:\\\/\\\/lagnoticias.com\\\/2025\\\/11\\\/12\\\/ministerio-de-vivienda-ejecutara-mejoramiento-en-mas-de-1000-viviendas-de-16-comunidades-del-amss\\\/#primaryimage\",\"url\":\"https:\\\/\\\/lagnoticias.com\\\/wp-content\\\/uploads\\\/2025\\\/11\\\/6-13-scaled.jpg\",\"contentUrl\":\"https:\\\/\\\/lagnoticias.com\\\/wp-content\\\/uploads\\\/2025\\\/11\\\/6-13-scaled.jpg\",\"width\":2560,\"height\":1707},{\"@type\":\"BreadcrumbList\",\"@id\":\"https:\\\/\\\/lagnoticias.com\\\/2025\\\/11\\\/12\\\/ministerio-de-vivienda-ejecutara-mejoramiento-en-mas-de-1000-viviendas-de-16-comunidades-del-amss\\\/#breadcrumb\",\"itemListElement\":[{\"@type\":\"ListItem\",\"position\":1,\"name\":\"Portada\",\"item\":\"https:\\\/\\\/lagnoticias.com\\\/\"},{\"@type\":\"ListItem\",\"position\":2,\"name\":\"Ministerio de Vivienda ejecutar\u00e1 mejoramiento en m\u00e1s de 1,000 viviendas de 16 comunidades del AMSS\"}]},{\"@type\":\"WebSite\",\"@id\":\"https:\\\/\\\/lagnoticias.com\\\/#website\",\"url\":\"https:\\\/\\\/lagnoticias.com\\\/\",\"name\":\"La G Noticias\",\"description\":\"Noticias Positivas\",\"potentialAction\":[{\"@type\":\"SearchAction\",\"target\":{\"@type\":\"EntryPoint\",\"urlTemplate\":\"https:\\\/\\\/lagnoticias.com\\\/?s={search_term_string}\"},\"query-input\":{\"@type\":\"PropertyValueSpecification\",\"valueRequired\":true,\"valueName\":\"search_term_string\"}}],\"inLanguage\":\"en-US\"},{\"@type\":\"Person\",\"@id\":\"https:\\\/\\\/lagnoticias.com\\\/#\\\/schema\\\/person\\\/cb9bfe13f8de05d2c55270be25c6a550\",\"name\":\"Oscar\",\"image\":{\"@type\":\"ImageObject\",\"inLanguage\":\"en-US\",\"@id\":\"https:\\\/\\\/secure.gravatar.com\\\/avatar\\\/45c195718f652dc7ffdd591dc1f2678956ab7fdadcd359a635edc61304a8c757?s=96&d=mm&r=g\",\"url\":\"https:\\\/\\\/secure.gravatar.com\\\/avatar\\\/45c195718f652dc7ffdd591dc1f2678956ab7fdadcd359a635edc61304a8c757?s=96&d=mm&r=g\",\"contentUrl\":\"https:\\\/\\\/secure.gravatar.com\\\/avatar\\\/45c195718f652dc7ffdd591dc1f2678956ab7fdadcd359a635edc61304a8c757?s=96&d=mm&r=g\",\"caption\":\"Oscar\"},\"url\":\"https:\\\/\\\/lagnoticias.com\\\/en\\\/author\\\/oscar\\\/\"}]}<\/script>\n<!-- \/ Yoast SEO plugin. -->","yoast_head_json":{"title":"Ministerio de Vivienda ejecutar\u00e1 mejoramiento en m\u00e1s de 1,000 viviendas de 16 comunidades del AMSS - La G Noticias","robots":{"index":"index","follow":"follow","max-snippet":"max-snippet:-1","max-image-preview":"max-image-preview:large","max-video-preview":"max-video-preview:-1"},"canonical":"https:\/\/lagnoticias.com\/en\/2025\/11\/12\/ministerio-de-vivienda-ejecutara-mejoramiento-en-mas-de-1000-viviendas-de-16-comunidades-del-amss\/","og_locale":"en_US","og_type":"article","og_title":"Ministerio de Vivienda ejecutar\u00e1 mejoramiento en m\u00e1s de 1,000 viviendas de 16 comunidades del AMSS - La G Noticias","og_description":"La ministra de Vivienda, Michelle Sol, visit\u00f3 la comunidad Villa Kiwanis, en Soyapango, San Salvador Este, para constatar las obras de mejoramiento en m\u00e1s de 1,000 viviendas de 16 comunidades del \u00c1rea Metropolitana de San Salvador (AMSS). Este esfuerzo se realiza con el respaldo del banco alem\u00e1n KfW, como parte del Programa de adaptaci\u00f3n urbana [&hellip;]","og_url":"https:\/\/lagnoticias.com\/en\/2025\/11\/12\/ministerio-de-vivienda-ejecutara-mejoramiento-en-mas-de-1000-viviendas-de-16-comunidades-del-amss\/","og_site_name":"La G Noticias","article_publisher":"https:\/\/www.facebook.com\/LaGNoticias","article_published_time":"2025-11-12T21:47:06+00:00","og_image":[{"width":2560,"height":1707,"url":"https:\/\/lagnoticias.com\/wp-content\/uploads\/2025\/11\/6-13-scaled.jpg","type":"image\/jpeg"}],"author":"Oscar","twitter_card":"summary_large_image","twitter_creator":"@lagnoticias","twitter_site":"@lagnoticias","twitter_misc":{"Written by":"Oscar","Est. reading time":"2 minutes"},"schema":{"@context":"https:\/\/schema.org","@graph":[{"@type":"Article","@id":"https:\/\/lagnoticias.com\/2025\/11\/12\/ministerio-de-vivienda-ejecutara-mejoramiento-en-mas-de-1000-viviendas-de-16-comunidades-del-amss\/#article","isPartOf":{"@id":"https:\/\/lagnoticias.com\/2025\/11\/12\/ministerio-de-vivienda-ejecutara-mejoramiento-en-mas-de-1000-viviendas-de-16-comunidades-del-amss\/"},"author":{"name":"Oscar","@id":"https:\/\/lagnoticias.com\/#\/schema\/person\/cb9bfe13f8de05d2c55270be25c6a550"},"headline":"Ministerio de Vivienda ejecutar\u00e1 mejoramiento en m\u00e1s de 1,000 viviendas de 16 comunidades del AMSS","datePublished":"2025-11-12T21:47:06+00:00","mainEntityOfPage":{"@id":"https:\/\/lagnoticias.com\/2025\/11\/12\/ministerio-de-vivienda-ejecutara-mejoramiento-en-mas-de-1000-viviendas-de-16-comunidades-del-amss\/"},"wordCount":306,"commentCount":0,"image":{"@id":"https:\/\/lagnoticias.com\/2025\/11\/12\/ministerio-de-vivienda-ejecutara-mejoramiento-en-mas-de-1000-viviendas-de-16-comunidades-del-amss\/#primaryimage"},"thumbnailUrl":"https:\/\/lagnoticias.com\/wp-content\/uploads\/2025\/11\/6-13-scaled.jpg","keywords":["ALEMANIA","AMSS","EL SALVADOR","GOBIERNO DE EL SALVADOR","ministerio de vivienda"],"articleSection":["NACIONALES"],"inLanguage":"en-US","potentialAction":[{"@type":"CommentAction","name":"Comment","target":["https:\/\/lagnoticias.com\/2025\/11\/12\/ministerio-de-vivienda-ejecutara-mejoramiento-en-mas-de-1000-viviendas-de-16-comunidades-del-amss\/#respond"]}]},{"@type":"WebPage","@id":"https:\/\/lagnoticias.com\/2025\/11\/12\/ministerio-de-vivienda-ejecutara-mejoramiento-en-mas-de-1000-viviendas-de-16-comunidades-del-amss\/","url":"https:\/\/lagnoticias.com\/2025\/11\/12\/ministerio-de-vivienda-ejecutara-mejoramiento-en-mas-de-1000-viviendas-de-16-comunidades-del-amss\/","name":"Ministerio de Vivienda ejecutar\u00e1 mejoramiento en m\u00e1s de 1,000 viviendas de 16 comunidades del AMSS - La G Noticias","isPartOf":{"@id":"https:\/\/lagnoticias.com\/#website"},"primaryImageOfPage":{"@id":"https:\/\/lagnoticias.com\/2025\/11\/12\/ministerio-de-vivienda-ejecutara-mejoramiento-en-mas-de-1000-viviendas-de-16-comunidades-del-amss\/#primaryimage"},"image":{"@id":"https:\/\/lagnoticias.com\/2025\/11\/12\/ministerio-de-vivienda-ejecutara-mejoramiento-en-mas-de-1000-viviendas-de-16-comunidades-del-amss\/#primaryimage"},"thumbnailUrl":"https:\/\/lagnoticias.com\/wp-content\/uploads\/2025\/11\/6-13-scaled.jpg","datePublished":"2025-11-12T21:47:06+00:00","author":{"@id":"https:\/\/lagnoticias.com\/#\/schema\/person\/cb9bfe13f8de05d2c55270be25c6a550"},"breadcrumb":{"@id":"https:\/\/lagnoticias.com\/2025\/11\/12\/ministerio-de-vivienda-ejecutara-mejoramiento-en-mas-de-1000-viviendas-de-16-comunidades-del-amss\/#breadcrumb"},"inLanguage":"en-US","potentialAction":[{"@type":"ReadAction","target":["https:\/\/lagnoticias.com\/2025\/11\/12\/ministerio-de-vivienda-ejecutara-mejoramiento-en-mas-de-1000-viviendas-de-16-comunidades-del-amss\/"]}]},{"@type":"ImageObject","inLanguage":"en-US","@id":"https:\/\/lagnoticias.com\/2025\/11\/12\/ministerio-de-vivienda-ejecutara-mejoramiento-en-mas-de-1000-viviendas-de-16-comunidades-del-amss\/#primaryimage","url":"https:\/\/lagnoticias.com\/wp-content\/uploads\/2025\/11\/6-13-scaled.jpg","contentUrl":"https:\/\/lagnoticias.com\/wp-content\/uploads\/2025\/11\/6-13-scaled.jpg","width":2560,"height":1707},{"@type":"BreadcrumbList","@id":"https:\/\/lagnoticias.com\/2025\/11\/12\/ministerio-de-vivienda-ejecutara-mejoramiento-en-mas-de-1000-viviendas-de-16-comunidades-del-amss\/#breadcrumb","itemListElement":[{"@type":"ListItem","position":1,"name":"Portada","item":"https:\/\/lagnoticias.com\/"},{"@type":"ListItem","position":2,"name":"Ministerio de Vivienda ejecutar\u00e1 mejoramiento en m\u00e1s de 1,000 viviendas de 16 comunidades del AMSS"}]},{"@type":"WebSite","@id":"https:\/\/lagnoticias.com\/#website","url":"https:\/\/lagnoticias.com\/","name":"La G Noticias","description":"Noticias Positivas","potentialAction":[{"@type":"SearchAction","target":{"@type":"EntryPoint","urlTemplate":"https:\/\/lagnoticias.com\/?s={search_term_string}"},"query-input":{"@type":"PropertyValueSpecification","valueRequired":true,"valueName":"search_term_string"}}],"inLanguage":"en-US"},{"@type":"Person","@id":"https:\/\/lagnoticias.com\/#\/schema\/person\/cb9bfe13f8de05d2c55270be25c6a550","name":"Oscar","image":{"@type":"ImageObject","inLanguage":"en-US","@id":"https:\/\/secure.gravatar.com\/avatar\/45c195718f652dc7ffdd591dc1f2678956ab7fdadcd359a635edc61304a8c757?s=96&d=mm&r=g","url":"https:\/\/secure.gravatar.com\/avatar\/45c195718f652dc7ffdd591dc1f2678956ab7fdadcd359a635edc61304a8c757?s=96&d=mm&r=g","contentUrl":"https:\/\/secure.gravatar.com\/avatar\/45c195718f652dc7ffdd591dc1f2678956ab7fdadcd359a635edc61304a8c757?s=96&d=mm&r=g","caption":"Oscar"},"url":"https:\/\/lagnoticias.com\/en\/author\/oscar\/"}]}},"_links":{"self":[{"href":"https:\/\/lagnoticias.com\/en\/wp-json\/wp\/v2\/posts\/6934","targetHints":{"allow":["GET"]}}],"collection":[{"href":"https:\/\/lagnoticias.com\/en\/wp-json\/wp\/v2\/posts"}],"about":[{"href":"https:\/\/lagnoticias.com\/en\/wp-json\/wp\/v2\/types\/post"}],"author":[{"embeddable":true,"href":"https:\/\/lagnoticias.com\/en\/wp-json\/wp\/v2\/users\/2"}],"replies":[{"embeddable":true,"href":"https:\/\/lagnoticias.com\/en\/wp-json\/wp\/v2\/comments?post=6934"}],"version-history":[{"count":1,"href":"https:\/\/lagnoticias.com\/en\/wp-json\/wp\/v2\/posts\/6934\/revisions"}],"predecessor-version":[{"id":6936,"href":"https:\/\/lagnoticias.com\/en\/wp-json\/wp\/v2\/posts\/6934\/revisions\/6936"}],"wp:featuredmedia":[{"embeddable":true,"href":"https:\/\/lagnoticias.com\/en\/wp-json\/wp\/v2\/media\/6935"}],"wp:attachment":[{"href":"https:\/\/lagnoticias.com\/en\/wp-json\/wp\/v2\/media?parent=6934"}],"wp:term":[{"taxonomy":"category","embeddable":true,"href":"https:\/\/lagnoticias.com\/en\/wp-json\/wp\/v2\/categories?post=6934"},{"taxonomy":"post_tag","embeddable":true,"href":"https:\/\/lagnoticias.com\/en\/wp-json\/wp\/v2\/tags?post=6934"}],"curies":[{"name":"wp","href":"https:\/\/api.w.org\/{rel}","templated":true}]}}