{"id":6798,"date":"2025-11-08T12:05:16","date_gmt":"2025-11-08T18:05:16","guid":{"rendered":"https:\/\/lagnoticias.com\/?p=6798"},"modified":"2025-11-08T12:05:17","modified_gmt":"2025-11-08T18:05:17","slug":"vmt-anuncia-cierres-viales-por-el-partido-de-leyendas-del-real-madrid-y-barcelona","status":"publish","type":"post","link":"https:\/\/lagnoticias.com\/en\/2025\/11\/08\/vmt-anuncia-cierres-viales-por-el-partido-de-leyendas-del-real-madrid-y-barcelona\/","title":{"rendered":"VMT anuncia cierres viales por el partido de leyendas del Real Madrid y Barcelona"},"content":{"rendered":"<p>Este s\u00e1bado 8 de noviembre, El Salvador ser\u00e1 escenario de una jornada hist\u00f3rica con la visita de las leyendas del Real Madrid y del FC Barcelona, que se enfrentar\u00e1n por primera vez en suelo salvadore\u00f1o.<\/p>\n\n\n\n<p>Por tal motivo, el Viceministerio de Transporte (VMT) anunci\u00f3 la implementaci\u00f3n de un dispositivo especial de circulaci\u00f3n desde las 10:00 de la ma\u00f1ana hasta las 7:00 de la noche. La medida contempla restricciones vehiculares y cierres parciales en las calles aleda\u00f1as al estadio, con el objetivo de garantizar la seguridad y el orden durante el evento.<\/p>\n\n\n\n<p>El encuentro est\u00e1 programado para las 7:00 de la noche en el Estadio Jorge \u201cEl M\u00e1gico\u201d Gonz\u00e1lez.<\/p>\n\n\n\n<p>Las calles cerradas completamente al paso vehicular, seg\u00fan el mapa del VMT son:<\/p>\n\n\n\n<ul class=\"wp-block-list\">\n<li>4a Calle Poniente (entre 47 Av. Sur y 45 Av. Sur)<\/li>\n\n\n\n<li>6a Calle Poniente<\/li>\n\n\n\n<li>Pasaje Flor Blanca<\/li>\n\n\n\n<li>8a Calle Poniente<\/li>\n<\/ul>\n\n\n\n<p>Adem\u00e1s, habr\u00e1 cierre de un carril en estas v\u00edas:<\/p>\n\n\n\n<ul class=\"wp-block-list\">\n<li>49 Av. Sur (desde Av. Ol\u00edmpica hasta 4a Calle Pte.)<\/li>\n\n\n\n<li>45 Av. Sur (entre 4a Calle Pte. y 6-10 Calle Pte.)<\/li>\n\n\n\n<li>6-10 Calle Poniente (en el tramo que rodea el estadio)<\/li>\n<\/ul>\n\n\n\n<p><\/p>\n\n\n\n<figure class=\"wp-block-embed is-type-rich is-provider-twitter wp-block-embed-twitter\"><div class=\"wp-block-embed__wrapper\">\nhttps:\/\/twitter.com\/VMTElSalvador\/status\/1987010864554107379?s=20\n<\/div><\/figure>\n\n\n\n<p><\/p>\n\n\n\n<p>Las autoridades recomiendan a los conductores tomar rutas alternas y anticipar sus desplazamientos, especialmente si no asistir\u00e1n al evento deportivo.<\/p>\n\n\n\n<p>La Polic\u00eda Nacional Civil y agentes del VMT estar\u00e1n presentes para garantizar la seguridad y el orden vial antes, durante y despu\u00e9s del partido.<\/p>","protected":false},"excerpt":{"rendered":"<p>Este s\u00e1bado 8 de noviembre, El Salvador ser\u00e1 escenario de una jornada hist\u00f3rica con la visita de las leyendas del Real Madrid y del FC Barcelona, que se enfrentar\u00e1n por primera vez en suelo salvadore\u00f1o. Por tal motivo, el Viceministerio de Transporte (VMT) anunci\u00f3 la implementaci\u00f3n de un dispositivo especial de circulaci\u00f3n desde las 10:00 [&hellip;]<\/p>","protected":false},"author":2,"featured_media":6799,"comment_status":"open","ping_status":"open","sticky":false,"template":"","format":"standard","meta":{"_et_pb_use_builder":"off","_et_pb_old_content":"","_et_gb_content_width":"","footnotes":""},"categories":[244],"tags":[267,306,1795,490,312],"class_list":["post-6798","post","type-post","status-publish","format-standard","has-post-thumbnail","hentry","category-nacionales","tag-el-salvador","tag-fc-barcelona","tag-partido-de-leyendas","tag-real-madrid","tag-vmt"],"yoast_head":"<!-- This site is optimized with the Yoast SEO plugin v27.4 - https:\/\/yoast.com\/product\/yoast-seo-wordpress\/ -->\n<title>VMT anuncia cierres viales por el partido de leyendas del Real Madrid y Barcelona - La G Noticias<\/title>\n<meta name=\"robots\" content=\"index, follow, max-snippet:-1, max-image-preview:large, max-video-preview:-1\" \/>\n<link rel=\"canonical\" href=\"https:\/\/lagnoticias.com\/en\/2025\/11\/08\/vmt-anuncia-cierres-viales-por-el-partido-de-leyendas-del-real-madrid-y-barcelona\/\" \/>\n<meta property=\"og:locale\" content=\"en_US\" \/>\n<meta property=\"og:type\" content=\"article\" \/>\n<meta property=\"og:title\" content=\"VMT anuncia cierres viales por el partido de leyendas del Real Madrid y Barcelona - La G Noticias\" \/>\n<meta property=\"og:description\" content=\"Este s\u00e1bado 8 de noviembre, El Salvador ser\u00e1 escenario de una jornada hist\u00f3rica con la visita de las leyendas del Real Madrid y del FC Barcelona, que se enfrentar\u00e1n por primera vez en suelo salvadore\u00f1o. Por tal motivo, el Viceministerio de Transporte (VMT) anunci\u00f3 la implementaci\u00f3n de un dispositivo especial de circulaci\u00f3n desde las 10:00 [&hellip;]\" \/>\n<meta property=\"og:url\" content=\"https:\/\/lagnoticias.com\/en\/2025\/11\/08\/vmt-anuncia-cierres-viales-por-el-partido-de-leyendas-del-real-madrid-y-barcelona\/\" \/>\n<meta property=\"og:site_name\" content=\"La G Noticias\" \/>\n<meta property=\"article:publisher\" content=\"https:\/\/www.facebook.com\/LaGNoticias\" \/>\n<meta property=\"article:published_time\" content=\"2025-11-08T18:05:16+00:00\" \/>\n<meta property=\"article:modified_time\" content=\"2025-11-08T18:05:17+00:00\" \/>\n<meta property=\"og:image\" content=\"https:\/\/lagnoticias.com\/wp-content\/uploads\/2025\/11\/3-8.jpg\" \/>\n\t<meta property=\"og:image:width\" content=\"1200\" \/>\n\t<meta property=\"og:image:height\" content=\"899\" \/>\n\t<meta property=\"og:image:type\" content=\"image\/jpeg\" \/>\n<meta name=\"author\" content=\"Oscar\" \/>\n<meta name=\"twitter:card\" content=\"summary_large_image\" \/>\n<meta name=\"twitter:creator\" content=\"@lagnoticias\" \/>\n<meta name=\"twitter:site\" content=\"@lagnoticias\" \/>\n<meta name=\"twitter:label1\" content=\"Written by\" \/>\n\t<meta name=\"twitter:data1\" content=\"Oscar\" \/>\n\t<meta name=\"twitter:label2\" content=\"Est. reading time\" \/>\n\t<meta name=\"twitter:data2\" content=\"2 minutes\" \/>\n<script type=\"application\/ld+json\" class=\"yoast-schema-graph\">{\"@context\":\"https:\\\/\\\/schema.org\",\"@graph\":[{\"@type\":\"Article\",\"@id\":\"https:\\\/\\\/lagnoticias.com\\\/2025\\\/11\\\/08\\\/vmt-anuncia-cierres-viales-por-el-partido-de-leyendas-del-real-madrid-y-barcelona\\\/#article\",\"isPartOf\":{\"@id\":\"https:\\\/\\\/lagnoticias.com\\\/2025\\\/11\\\/08\\\/vmt-anuncia-cierres-viales-por-el-partido-de-leyendas-del-real-madrid-y-barcelona\\\/\"},\"author\":{\"name\":\"Oscar\",\"@id\":\"https:\\\/\\\/lagnoticias.com\\\/#\\\/schema\\\/person\\\/cb9bfe13f8de05d2c55270be25c6a550\"},\"headline\":\"VMT anuncia cierres viales por el partido de leyendas del Real Madrid y Barcelona\",\"datePublished\":\"2025-11-08T18:05:16+00:00\",\"dateModified\":\"2025-11-08T18:05:17+00:00\",\"mainEntityOfPage\":{\"@id\":\"https:\\\/\\\/lagnoticias.com\\\/2025\\\/11\\\/08\\\/vmt-anuncia-cierres-viales-por-el-partido-de-leyendas-del-real-madrid-y-barcelona\\\/\"},\"wordCount\":255,\"commentCount\":0,\"image\":{\"@id\":\"https:\\\/\\\/lagnoticias.com\\\/2025\\\/11\\\/08\\\/vmt-anuncia-cierres-viales-por-el-partido-de-leyendas-del-real-madrid-y-barcelona\\\/#primaryimage\"},\"thumbnailUrl\":\"https:\\\/\\\/lagnoticias.com\\\/wp-content\\\/uploads\\\/2025\\\/11\\\/3-8.jpg\",\"keywords\":[\"EL SALVADOR\",\"FC BARCELONA\",\"PARTIDO DE LEYENDAS\",\"REAL MADRID\",\"VMT\"],\"articleSection\":[\"NACIONALES\"],\"inLanguage\":\"en-US\",\"potentialAction\":[{\"@type\":\"CommentAction\",\"name\":\"Comment\",\"target\":[\"https:\\\/\\\/lagnoticias.com\\\/2025\\\/11\\\/08\\\/vmt-anuncia-cierres-viales-por-el-partido-de-leyendas-del-real-madrid-y-barcelona\\\/#respond\"]}]},{\"@type\":\"WebPage\",\"@id\":\"https:\\\/\\\/lagnoticias.com\\\/2025\\\/11\\\/08\\\/vmt-anuncia-cierres-viales-por-el-partido-de-leyendas-del-real-madrid-y-barcelona\\\/\",\"url\":\"https:\\\/\\\/lagnoticias.com\\\/2025\\\/11\\\/08\\\/vmt-anuncia-cierres-viales-por-el-partido-de-leyendas-del-real-madrid-y-barcelona\\\/\",\"name\":\"VMT anuncia cierres viales por el partido de leyendas del Real Madrid y Barcelona - La G Noticias\",\"isPartOf\":{\"@id\":\"https:\\\/\\\/lagnoticias.com\\\/#website\"},\"primaryImageOfPage\":{\"@id\":\"https:\\\/\\\/lagnoticias.com\\\/2025\\\/11\\\/08\\\/vmt-anuncia-cierres-viales-por-el-partido-de-leyendas-del-real-madrid-y-barcelona\\\/#primaryimage\"},\"image\":{\"@id\":\"https:\\\/\\\/lagnoticias.com\\\/2025\\\/11\\\/08\\\/vmt-anuncia-cierres-viales-por-el-partido-de-leyendas-del-real-madrid-y-barcelona\\\/#primaryimage\"},\"thumbnailUrl\":\"https:\\\/\\\/lagnoticias.com\\\/wp-content\\\/uploads\\\/2025\\\/11\\\/3-8.jpg\",\"datePublished\":\"2025-11-08T18:05:16+00:00\",\"dateModified\":\"2025-11-08T18:05:17+00:00\",\"author\":{\"@id\":\"https:\\\/\\\/lagnoticias.com\\\/#\\\/schema\\\/person\\\/cb9bfe13f8de05d2c55270be25c6a550\"},\"breadcrumb\":{\"@id\":\"https:\\\/\\\/lagnoticias.com\\\/2025\\\/11\\\/08\\\/vmt-anuncia-cierres-viales-por-el-partido-de-leyendas-del-real-madrid-y-barcelona\\\/#breadcrumb\"},\"inLanguage\":\"en-US\",\"potentialAction\":[{\"@type\":\"ReadAction\",\"target\":[\"https:\\\/\\\/lagnoticias.com\\\/2025\\\/11\\\/08\\\/vmt-anuncia-cierres-viales-por-el-partido-de-leyendas-del-real-madrid-y-barcelona\\\/\"]}]},{\"@type\":\"ImageObject\",\"inLanguage\":\"en-US\",\"@id\":\"https:\\\/\\\/lagnoticias.com\\\/2025\\\/11\\\/08\\\/vmt-anuncia-cierres-viales-por-el-partido-de-leyendas-del-real-madrid-y-barcelona\\\/#primaryimage\",\"url\":\"https:\\\/\\\/lagnoticias.com\\\/wp-content\\\/uploads\\\/2025\\\/11\\\/3-8.jpg\",\"contentUrl\":\"https:\\\/\\\/lagnoticias.com\\\/wp-content\\\/uploads\\\/2025\\\/11\\\/3-8.jpg\",\"width\":1200,\"height\":899},{\"@type\":\"BreadcrumbList\",\"@id\":\"https:\\\/\\\/lagnoticias.com\\\/2025\\\/11\\\/08\\\/vmt-anuncia-cierres-viales-por-el-partido-de-leyendas-del-real-madrid-y-barcelona\\\/#breadcrumb\",\"itemListElement\":[{\"@type\":\"ListItem\",\"position\":1,\"name\":\"Portada\",\"item\":\"https:\\\/\\\/lagnoticias.com\\\/\"},{\"@type\":\"ListItem\",\"position\":2,\"name\":\"VMT anuncia cierres viales por el partido de leyendas del Real Madrid y Barcelona\"}]},{\"@type\":\"WebSite\",\"@id\":\"https:\\\/\\\/lagnoticias.com\\\/#website\",\"url\":\"https:\\\/\\\/lagnoticias.com\\\/\",\"name\":\"La G Noticias\",\"description\":\"Noticias Positivas\",\"potentialAction\":[{\"@type\":\"SearchAction\",\"target\":{\"@type\":\"EntryPoint\",\"urlTemplate\":\"https:\\\/\\\/lagnoticias.com\\\/?s={search_term_string}\"},\"query-input\":{\"@type\":\"PropertyValueSpecification\",\"valueRequired\":true,\"valueName\":\"search_term_string\"}}],\"inLanguage\":\"en-US\"},{\"@type\":\"Person\",\"@id\":\"https:\\\/\\\/lagnoticias.com\\\/#\\\/schema\\\/person\\\/cb9bfe13f8de05d2c55270be25c6a550\",\"name\":\"Oscar\",\"image\":{\"@type\":\"ImageObject\",\"inLanguage\":\"en-US\",\"@id\":\"https:\\\/\\\/secure.gravatar.com\\\/avatar\\\/45c195718f652dc7ffdd591dc1f2678956ab7fdadcd359a635edc61304a8c757?s=96&d=mm&r=g\",\"url\":\"https:\\\/\\\/secure.gravatar.com\\\/avatar\\\/45c195718f652dc7ffdd591dc1f2678956ab7fdadcd359a635edc61304a8c757?s=96&d=mm&r=g\",\"contentUrl\":\"https:\\\/\\\/secure.gravatar.com\\\/avatar\\\/45c195718f652dc7ffdd591dc1f2678956ab7fdadcd359a635edc61304a8c757?s=96&d=mm&r=g\",\"caption\":\"Oscar\"},\"url\":\"https:\\\/\\\/lagnoticias.com\\\/en\\\/author\\\/oscar\\\/\"}]}<\/script>\n<!-- \/ Yoast SEO plugin. -->","yoast_head_json":{"title":"VMT anuncia cierres viales por el partido de leyendas del Real Madrid y Barcelona - La G Noticias","robots":{"index":"index","follow":"follow","max-snippet":"max-snippet:-1","max-image-preview":"max-image-preview:large","max-video-preview":"max-video-preview:-1"},"canonical":"https:\/\/lagnoticias.com\/en\/2025\/11\/08\/vmt-anuncia-cierres-viales-por-el-partido-de-leyendas-del-real-madrid-y-barcelona\/","og_locale":"en_US","og_type":"article","og_title":"VMT anuncia cierres viales por el partido de leyendas del Real Madrid y Barcelona - La G Noticias","og_description":"Este s\u00e1bado 8 de noviembre, El Salvador ser\u00e1 escenario de una jornada hist\u00f3rica con la visita de las leyendas del Real Madrid y del FC Barcelona, que se enfrentar\u00e1n por primera vez en suelo salvadore\u00f1o. Por tal motivo, el Viceministerio de Transporte (VMT) anunci\u00f3 la implementaci\u00f3n de un dispositivo especial de circulaci\u00f3n desde las 10:00 [&hellip;]","og_url":"https:\/\/lagnoticias.com\/en\/2025\/11\/08\/vmt-anuncia-cierres-viales-por-el-partido-de-leyendas-del-real-madrid-y-barcelona\/","og_site_name":"La G Noticias","article_publisher":"https:\/\/www.facebook.com\/LaGNoticias","article_published_time":"2025-11-08T18:05:16+00:00","article_modified_time":"2025-11-08T18:05:17+00:00","og_image":[{"width":1200,"height":899,"url":"https:\/\/lagnoticias.com\/wp-content\/uploads\/2025\/11\/3-8.jpg","type":"image\/jpeg"}],"author":"Oscar","twitter_card":"summary_large_image","twitter_creator":"@lagnoticias","twitter_site":"@lagnoticias","twitter_misc":{"Written by":"Oscar","Est. reading time":"2 minutes"},"schema":{"@context":"https:\/\/schema.org","@graph":[{"@type":"Article","@id":"https:\/\/lagnoticias.com\/2025\/11\/08\/vmt-anuncia-cierres-viales-por-el-partido-de-leyendas-del-real-madrid-y-barcelona\/#article","isPartOf":{"@id":"https:\/\/lagnoticias.com\/2025\/11\/08\/vmt-anuncia-cierres-viales-por-el-partido-de-leyendas-del-real-madrid-y-barcelona\/"},"author":{"name":"Oscar","@id":"https:\/\/lagnoticias.com\/#\/schema\/person\/cb9bfe13f8de05d2c55270be25c6a550"},"headline":"VMT anuncia cierres viales por el partido de leyendas del Real Madrid y Barcelona","datePublished":"2025-11-08T18:05:16+00:00","dateModified":"2025-11-08T18:05:17+00:00","mainEntityOfPage":{"@id":"https:\/\/lagnoticias.com\/2025\/11\/08\/vmt-anuncia-cierres-viales-por-el-partido-de-leyendas-del-real-madrid-y-barcelona\/"},"wordCount":255,"commentCount":0,"image":{"@id":"https:\/\/lagnoticias.com\/2025\/11\/08\/vmt-anuncia-cierres-viales-por-el-partido-de-leyendas-del-real-madrid-y-barcelona\/#primaryimage"},"thumbnailUrl":"https:\/\/lagnoticias.com\/wp-content\/uploads\/2025\/11\/3-8.jpg","keywords":["EL SALVADOR","FC BARCELONA","PARTIDO DE LEYENDAS","REAL MADRID","VMT"],"articleSection":["NACIONALES"],"inLanguage":"en-US","potentialAction":[{"@type":"CommentAction","name":"Comment","target":["https:\/\/lagnoticias.com\/2025\/11\/08\/vmt-anuncia-cierres-viales-por-el-partido-de-leyendas-del-real-madrid-y-barcelona\/#respond"]}]},{"@type":"WebPage","@id":"https:\/\/lagnoticias.com\/2025\/11\/08\/vmt-anuncia-cierres-viales-por-el-partido-de-leyendas-del-real-madrid-y-barcelona\/","url":"https:\/\/lagnoticias.com\/2025\/11\/08\/vmt-anuncia-cierres-viales-por-el-partido-de-leyendas-del-real-madrid-y-barcelona\/","name":"VMT anuncia cierres viales por el partido de leyendas del Real Madrid y Barcelona - La G Noticias","isPartOf":{"@id":"https:\/\/lagnoticias.com\/#website"},"primaryImageOfPage":{"@id":"https:\/\/lagnoticias.com\/2025\/11\/08\/vmt-anuncia-cierres-viales-por-el-partido-de-leyendas-del-real-madrid-y-barcelona\/#primaryimage"},"image":{"@id":"https:\/\/lagnoticias.com\/2025\/11\/08\/vmt-anuncia-cierres-viales-por-el-partido-de-leyendas-del-real-madrid-y-barcelona\/#primaryimage"},"thumbnailUrl":"https:\/\/lagnoticias.com\/wp-content\/uploads\/2025\/11\/3-8.jpg","datePublished":"2025-11-08T18:05:16+00:00","dateModified":"2025-11-08T18:05:17+00:00","author":{"@id":"https:\/\/lagnoticias.com\/#\/schema\/person\/cb9bfe13f8de05d2c55270be25c6a550"},"breadcrumb":{"@id":"https:\/\/lagnoticias.com\/2025\/11\/08\/vmt-anuncia-cierres-viales-por-el-partido-de-leyendas-del-real-madrid-y-barcelona\/#breadcrumb"},"inLanguage":"en-US","potentialAction":[{"@type":"ReadAction","target":["https:\/\/lagnoticias.com\/2025\/11\/08\/vmt-anuncia-cierres-viales-por-el-partido-de-leyendas-del-real-madrid-y-barcelona\/"]}]},{"@type":"ImageObject","inLanguage":"en-US","@id":"https:\/\/lagnoticias.com\/2025\/11\/08\/vmt-anuncia-cierres-viales-por-el-partido-de-leyendas-del-real-madrid-y-barcelona\/#primaryimage","url":"https:\/\/lagnoticias.com\/wp-content\/uploads\/2025\/11\/3-8.jpg","contentUrl":"https:\/\/lagnoticias.com\/wp-content\/uploads\/2025\/11\/3-8.jpg","width":1200,"height":899},{"@type":"BreadcrumbList","@id":"https:\/\/lagnoticias.com\/2025\/11\/08\/vmt-anuncia-cierres-viales-por-el-partido-de-leyendas-del-real-madrid-y-barcelona\/#breadcrumb","itemListElement":[{"@type":"ListItem","position":1,"name":"Portada","item":"https:\/\/lagnoticias.com\/"},{"@type":"ListItem","position":2,"name":"VMT anuncia cierres viales por el partido de leyendas del Real Madrid y Barcelona"}]},{"@type":"WebSite","@id":"https:\/\/lagnoticias.com\/#website","url":"https:\/\/lagnoticias.com\/","name":"La G Noticias","description":"Noticias Positivas","potentialAction":[{"@type":"SearchAction","target":{"@type":"EntryPoint","urlTemplate":"https:\/\/lagnoticias.com\/?s={search_term_string}"},"query-input":{"@type":"PropertyValueSpecification","valueRequired":true,"valueName":"search_term_string"}}],"inLanguage":"en-US"},{"@type":"Person","@id":"https:\/\/lagnoticias.com\/#\/schema\/person\/cb9bfe13f8de05d2c55270be25c6a550","name":"Oscar","image":{"@type":"ImageObject","inLanguage":"en-US","@id":"https:\/\/secure.gravatar.com\/avatar\/45c195718f652dc7ffdd591dc1f2678956ab7fdadcd359a635edc61304a8c757?s=96&d=mm&r=g","url":"https:\/\/secure.gravatar.com\/avatar\/45c195718f652dc7ffdd591dc1f2678956ab7fdadcd359a635edc61304a8c757?s=96&d=mm&r=g","contentUrl":"https:\/\/secure.gravatar.com\/avatar\/45c195718f652dc7ffdd591dc1f2678956ab7fdadcd359a635edc61304a8c757?s=96&d=mm&r=g","caption":"Oscar"},"url":"https:\/\/lagnoticias.com\/en\/author\/oscar\/"}]}},"_links":{"self":[{"href":"https:\/\/lagnoticias.com\/en\/wp-json\/wp\/v2\/posts\/6798","targetHints":{"allow":["GET"]}}],"collection":[{"href":"https:\/\/lagnoticias.com\/en\/wp-json\/wp\/v2\/posts"}],"about":[{"href":"https:\/\/lagnoticias.com\/en\/wp-json\/wp\/v2\/types\/post"}],"author":[{"embeddable":true,"href":"https:\/\/lagnoticias.com\/en\/wp-json\/wp\/v2\/users\/2"}],"replies":[{"embeddable":true,"href":"https:\/\/lagnoticias.com\/en\/wp-json\/wp\/v2\/comments?post=6798"}],"version-history":[{"count":1,"href":"https:\/\/lagnoticias.com\/en\/wp-json\/wp\/v2\/posts\/6798\/revisions"}],"predecessor-version":[{"id":6800,"href":"https:\/\/lagnoticias.com\/en\/wp-json\/wp\/v2\/posts\/6798\/revisions\/6800"}],"wp:featuredmedia":[{"embeddable":true,"href":"https:\/\/lagnoticias.com\/en\/wp-json\/wp\/v2\/media\/6799"}],"wp:attachment":[{"href":"https:\/\/lagnoticias.com\/en\/wp-json\/wp\/v2\/media?parent=6798"}],"wp:term":[{"taxonomy":"category","embeddable":true,"href":"https:\/\/lagnoticias.com\/en\/wp-json\/wp\/v2\/categories?post=6798"},{"taxonomy":"post_tag","embeddable":true,"href":"https:\/\/lagnoticias.com\/en\/wp-json\/wp\/v2\/tags?post=6798"}],"curies":[{"name":"wp","href":"https:\/\/api.w.org\/{rel}","templated":true}]}}