{"id":6791,"date":"2025-11-08T11:20:09","date_gmt":"2025-11-08T17:20:09","guid":{"rendered":"https:\/\/lagnoticias.com\/?p=6791"},"modified":"2025-11-10T12:04:22","modified_gmt":"2025-11-10T18:04:22","slug":"turismo-incrementa-un-34-27-del-presupuesto-para-consolidarse-en-2026","status":"publish","type":"post","link":"https:\/\/lagnoticias.com\/en\/2025\/11\/08\/turismo-incrementa-un-34-27-del-presupuesto-para-consolidarse-en-2026\/","title":{"rendered":"Turismo incrementa un 34.27 % del presupuesto para consolidarse en 2026\u00a0"},"content":{"rendered":"<p>Las titulares del Ministerio de Turismo, Morena Valdez; Instituto Salvadore\u00f1o de Turismo (Istu), Eny Agui\u00f1ada; Autoridad del Centro Hist\u00f3rico, Adriana Lar\u00edn; y la Corporaci\u00f3n Salvadore\u00f1a de Turismo (Corsatur), Alejandra Dur\u00e1n, asistieron a la Comisi\u00f3n de Hacienda y Especial del Presupuesto de la Asamblea Legislativa para presentar los proyectos que ser\u00e1n ejecutados en 2026 con los fondos asignados a cada instituci\u00f3n. <\/p>\n\n\n\n<p><\/p>\n\n\n\n<figure class=\"wp-block-image aligncenter size-large\"><img loading=\"lazy\" decoding=\"async\" width=\"1024\" height=\"563\" src=\"https:\/\/lagnoticias.com\/wp-content\/uploads\/2025\/11\/1-4-1024x563.jpg\" alt=\"\" class=\"wp-image-6793\" srcset=\"https:\/\/lagnoticias.com\/wp-content\/uploads\/2025\/11\/1-4-980x539.jpg 980w, https:\/\/lagnoticias.com\/wp-content\/uploads\/2025\/11\/1-4-480x264.jpg 480w\" sizes=\"(min-width: 0px) and (max-width: 480px) 480px, (min-width: 481px) and (max-width: 980px) 980px, (min-width: 981px) 1024px, 100vw\" \/><\/figure>\n\n\n\n<p><\/p>\n\n\n\n<h2 class=\"wp-block-heading\">Para el pr\u00f3ximo a\u00f1o, la cartera de Turismo tiene asignados $66,999,064 millones<\/h2>\n\n\n\n<p>\u201cQueremos contarles c\u00f3mo vamos al 2025. Llevamos, a octubre, 3.3 millones de visitantes; 83 % turistas y 17 % excursionistas. La v\u00eda de ingreso&nbsp;es 44 % en avi\u00f3n; el 56% v\u00eda terrestre\u201d, detall\u00f3 la ministra Valdez. Agreg\u00f3 que, hasta octubre de este a\u00f1o, han recibido 8.2 millones de visitantes en los sitios p\u00fablicos.<\/p>\n\n\n\n<p>Los lugares con sol y playa siguen siendo de preferidos de todos, entre los m\u00e1s visitados est\u00e1n el Complejo Tur\u00edstico del Puerto de La Libertad, la Biblioteca Nacional, el Parque Natural Balboa, el Parque Natural Puerta del Diablo y el Parque de Diversiones Sunset Park.<\/p>\n\n\n\n<p>Por su parte, la presidente del Istu expres\u00f3 que tienen la visi\u00f3n clara de devolver a los salvadore\u00f1os espacios tur\u00edsticos que cumplan con la condici\u00f3n \u00f3ptima de infraestructura de primer nivel y de calidad. A\u00f1adi\u00f3 que el pr\u00f3ximo a\u00f1o tienen la fase II del Parque Recreativo Costa del Sol.&nbsp;<\/p>\n\n\n\n<p>\u201cSeguimos mejorando la infraestructura de los parques y no perder de vista la funci\u00f3n social y familiar que son pol\u00edticas de exoneraci\u00f3n\u201d.<\/p>\n\n\n\n<p>\u201cHemos aumentado, para estar en sinton\u00eda con la Ley Nacer con Cari\u00f1o, en la primera infancia la edad hasta los siete a\u00f1os; ni\u00f1os menores de siete a\u00f1os, adultos mayores y personas con discapacidades son beneficiados con la pol\u00edtica de exoneraci\u00f3n en los parques recreativos del Istu\u201d, asever\u00f3&nbsp;Agui\u00f1ada.<br><br>El Salvador contin\u00faa posicion\u00e1ndose como un destino de clase mundial, atractivo para visitantes nacionales y extranjeros.<\/p>","protected":false},"excerpt":{"rendered":"<p>Las titulares del Ministerio de Turismo, Morena Valdez; Instituto Salvadore\u00f1o de Turismo (Istu), Eny Agui\u00f1ada; Autoridad del Centro Hist\u00f3rico, Adriana Lar\u00edn; y la Corporaci\u00f3n Salvadore\u00f1a de Turismo (Corsatur), Alejandra Dur\u00e1n, asistieron a la Comisi\u00f3n de Hacienda y Especial del Presupuesto de la Asamblea Legislativa para presentar los proyectos que ser\u00e1n ejecutados en 2026 con los [&hellip;]<\/p>","protected":false},"author":2,"featured_media":6792,"comment_status":"open","ping_status":"open","sticky":false,"template":"","format":"standard","meta":{"_et_pb_use_builder":"off","_et_pb_old_content":"","_et_gb_content_width":"","footnotes":""},"categories":[244],"tags":[585,407,267,268,265,314,1793,270],"class_list":["post-6791","post","type-post","status-publish","format-standard","has-post-thumbnail","hentry","category-nacionales","tag-asamblea-legislativa","tag-corsatur","tag-el-salvador","tag-gobierno-de-el-salvador","tag-istu","tag-mitur","tag-presupuesto","tag-turismo"],"yoast_head":"<!-- This site is optimized with the Yoast SEO plugin v27.4 - https:\/\/yoast.com\/product\/yoast-seo-wordpress\/ -->\n<title>Turismo incrementa un 34.27 % del presupuesto para consolidarse en 2026\u00a0 - La G Noticias<\/title>\n<meta name=\"robots\" content=\"index, follow, max-snippet:-1, max-image-preview:large, max-video-preview:-1\" \/>\n<link rel=\"canonical\" href=\"https:\/\/lagnoticias.com\/en\/2025\/11\/08\/turismo-incrementa-un-34-27-del-presupuesto-para-consolidarse-en-2026\/\" \/>\n<meta property=\"og:locale\" content=\"en_US\" \/>\n<meta property=\"og:type\" content=\"article\" \/>\n<meta property=\"og:title\" content=\"Turismo incrementa un 34.27 % del presupuesto para consolidarse en 2026\u00a0 - La G Noticias\" \/>\n<meta property=\"og:description\" content=\"Las titulares del Ministerio de Turismo, Morena Valdez; Instituto Salvadore\u00f1o de Turismo (Istu), Eny Agui\u00f1ada; Autoridad del Centro Hist\u00f3rico, Adriana Lar\u00edn; y la Corporaci\u00f3n Salvadore\u00f1a de Turismo (Corsatur), Alejandra Dur\u00e1n, asistieron a la Comisi\u00f3n de Hacienda y Especial del Presupuesto de la Asamblea Legislativa para presentar los proyectos que ser\u00e1n ejecutados en 2026 con los [&hellip;]\" \/>\n<meta property=\"og:url\" content=\"https:\/\/lagnoticias.com\/en\/2025\/11\/08\/turismo-incrementa-un-34-27-del-presupuesto-para-consolidarse-en-2026\/\" \/>\n<meta property=\"og:site_name\" content=\"La G Noticias\" \/>\n<meta property=\"article:publisher\" content=\"https:\/\/www.facebook.com\/LaGNoticias\" \/>\n<meta property=\"article:published_time\" content=\"2025-11-08T17:20:09+00:00\" \/>\n<meta property=\"article:modified_time\" content=\"2025-11-10T18:04:22+00:00\" \/>\n<meta property=\"og:image\" content=\"https:\/\/lagnoticias.com\/wp-content\/uploads\/2025\/11\/8-6.jpg\" \/>\n\t<meta property=\"og:image:width\" content=\"1080\" \/>\n\t<meta property=\"og:image:height\" content=\"608\" \/>\n\t<meta property=\"og:image:type\" content=\"image\/jpeg\" \/>\n<meta name=\"author\" content=\"Oscar\" \/>\n<meta name=\"twitter:card\" content=\"summary_large_image\" \/>\n<meta name=\"twitter:creator\" content=\"@lagnoticias\" \/>\n<meta name=\"twitter:site\" content=\"@lagnoticias\" \/>\n<meta name=\"twitter:label1\" content=\"Written by\" \/>\n\t<meta name=\"twitter:data1\" content=\"Oscar\" \/>\n\t<meta name=\"twitter:label2\" content=\"Est. reading time\" \/>\n\t<meta name=\"twitter:data2\" content=\"2 minutes\" \/>\n<script type=\"application\/ld+json\" class=\"yoast-schema-graph\">{\"@context\":\"https:\\\/\\\/schema.org\",\"@graph\":[{\"@type\":\"Article\",\"@id\":\"https:\\\/\\\/lagnoticias.com\\\/2025\\\/11\\\/08\\\/turismo-incrementa-un-34-27-del-presupuesto-para-consolidarse-en-2026\\\/#article\",\"isPartOf\":{\"@id\":\"https:\\\/\\\/lagnoticias.com\\\/2025\\\/11\\\/08\\\/turismo-incrementa-un-34-27-del-presupuesto-para-consolidarse-en-2026\\\/\"},\"author\":{\"name\":\"Oscar\",\"@id\":\"https:\\\/\\\/lagnoticias.com\\\/#\\\/schema\\\/person\\\/cb9bfe13f8de05d2c55270be25c6a550\"},\"headline\":\"Turismo incrementa un 34.27 % del presupuesto para consolidarse en 2026\u00a0\",\"datePublished\":\"2025-11-08T17:20:09+00:00\",\"dateModified\":\"2025-11-10T18:04:22+00:00\",\"mainEntityOfPage\":{\"@id\":\"https:\\\/\\\/lagnoticias.com\\\/2025\\\/11\\\/08\\\/turismo-incrementa-un-34-27-del-presupuesto-para-consolidarse-en-2026\\\/\"},\"wordCount\":346,\"commentCount\":0,\"image\":{\"@id\":\"https:\\\/\\\/lagnoticias.com\\\/2025\\\/11\\\/08\\\/turismo-incrementa-un-34-27-del-presupuesto-para-consolidarse-en-2026\\\/#primaryimage\"},\"thumbnailUrl\":\"https:\\\/\\\/lagnoticias.com\\\/wp-content\\\/uploads\\\/2025\\\/11\\\/8-6.jpg\",\"keywords\":[\"ASAMBLEA LEGISLATIVA\",\"CORSATUR\",\"EL SALVADOR\",\"GOBIERNO DE EL SALVADOR\",\"ISTU\",\"MITUR\",\"PRESUPUESTO\",\"TURISMO\"],\"articleSection\":[\"NACIONALES\"],\"inLanguage\":\"en-US\",\"potentialAction\":[{\"@type\":\"CommentAction\",\"name\":\"Comment\",\"target\":[\"https:\\\/\\\/lagnoticias.com\\\/2025\\\/11\\\/08\\\/turismo-incrementa-un-34-27-del-presupuesto-para-consolidarse-en-2026\\\/#respond\"]}]},{\"@type\":\"WebPage\",\"@id\":\"https:\\\/\\\/lagnoticias.com\\\/2025\\\/11\\\/08\\\/turismo-incrementa-un-34-27-del-presupuesto-para-consolidarse-en-2026\\\/\",\"url\":\"https:\\\/\\\/lagnoticias.com\\\/2025\\\/11\\\/08\\\/turismo-incrementa-un-34-27-del-presupuesto-para-consolidarse-en-2026\\\/\",\"name\":\"Turismo incrementa un 34.27 % del presupuesto para consolidarse en 2026\u00a0 - La G Noticias\",\"isPartOf\":{\"@id\":\"https:\\\/\\\/lagnoticias.com\\\/#website\"},\"primaryImageOfPage\":{\"@id\":\"https:\\\/\\\/lagnoticias.com\\\/2025\\\/11\\\/08\\\/turismo-incrementa-un-34-27-del-presupuesto-para-consolidarse-en-2026\\\/#primaryimage\"},\"image\":{\"@id\":\"https:\\\/\\\/lagnoticias.com\\\/2025\\\/11\\\/08\\\/turismo-incrementa-un-34-27-del-presupuesto-para-consolidarse-en-2026\\\/#primaryimage\"},\"thumbnailUrl\":\"https:\\\/\\\/lagnoticias.com\\\/wp-content\\\/uploads\\\/2025\\\/11\\\/8-6.jpg\",\"datePublished\":\"2025-11-08T17:20:09+00:00\",\"dateModified\":\"2025-11-10T18:04:22+00:00\",\"author\":{\"@id\":\"https:\\\/\\\/lagnoticias.com\\\/#\\\/schema\\\/person\\\/cb9bfe13f8de05d2c55270be25c6a550\"},\"breadcrumb\":{\"@id\":\"https:\\\/\\\/lagnoticias.com\\\/2025\\\/11\\\/08\\\/turismo-incrementa-un-34-27-del-presupuesto-para-consolidarse-en-2026\\\/#breadcrumb\"},\"inLanguage\":\"en-US\",\"potentialAction\":[{\"@type\":\"ReadAction\",\"target\":[\"https:\\\/\\\/lagnoticias.com\\\/2025\\\/11\\\/08\\\/turismo-incrementa-un-34-27-del-presupuesto-para-consolidarse-en-2026\\\/\"]}]},{\"@type\":\"ImageObject\",\"inLanguage\":\"en-US\",\"@id\":\"https:\\\/\\\/lagnoticias.com\\\/2025\\\/11\\\/08\\\/turismo-incrementa-un-34-27-del-presupuesto-para-consolidarse-en-2026\\\/#primaryimage\",\"url\":\"https:\\\/\\\/lagnoticias.com\\\/wp-content\\\/uploads\\\/2025\\\/11\\\/8-6.jpg\",\"contentUrl\":\"https:\\\/\\\/lagnoticias.com\\\/wp-content\\\/uploads\\\/2025\\\/11\\\/8-6.jpg\",\"width\":1080,\"height\":608},{\"@type\":\"BreadcrumbList\",\"@id\":\"https:\\\/\\\/lagnoticias.com\\\/2025\\\/11\\\/08\\\/turismo-incrementa-un-34-27-del-presupuesto-para-consolidarse-en-2026\\\/#breadcrumb\",\"itemListElement\":[{\"@type\":\"ListItem\",\"position\":1,\"name\":\"Portada\",\"item\":\"https:\\\/\\\/lagnoticias.com\\\/\"},{\"@type\":\"ListItem\",\"position\":2,\"name\":\"Turismo incrementa un 34.27 % del presupuesto para consolidarse en 2026\u00a0\"}]},{\"@type\":\"WebSite\",\"@id\":\"https:\\\/\\\/lagnoticias.com\\\/#website\",\"url\":\"https:\\\/\\\/lagnoticias.com\\\/\",\"name\":\"La G Noticias\",\"description\":\"Noticias Positivas\",\"potentialAction\":[{\"@type\":\"SearchAction\",\"target\":{\"@type\":\"EntryPoint\",\"urlTemplate\":\"https:\\\/\\\/lagnoticias.com\\\/?s={search_term_string}\"},\"query-input\":{\"@type\":\"PropertyValueSpecification\",\"valueRequired\":true,\"valueName\":\"search_term_string\"}}],\"inLanguage\":\"en-US\"},{\"@type\":\"Person\",\"@id\":\"https:\\\/\\\/lagnoticias.com\\\/#\\\/schema\\\/person\\\/cb9bfe13f8de05d2c55270be25c6a550\",\"name\":\"Oscar\",\"image\":{\"@type\":\"ImageObject\",\"inLanguage\":\"en-US\",\"@id\":\"https:\\\/\\\/secure.gravatar.com\\\/avatar\\\/45c195718f652dc7ffdd591dc1f2678956ab7fdadcd359a635edc61304a8c757?s=96&d=mm&r=g\",\"url\":\"https:\\\/\\\/secure.gravatar.com\\\/avatar\\\/45c195718f652dc7ffdd591dc1f2678956ab7fdadcd359a635edc61304a8c757?s=96&d=mm&r=g\",\"contentUrl\":\"https:\\\/\\\/secure.gravatar.com\\\/avatar\\\/45c195718f652dc7ffdd591dc1f2678956ab7fdadcd359a635edc61304a8c757?s=96&d=mm&r=g\",\"caption\":\"Oscar\"},\"url\":\"https:\\\/\\\/lagnoticias.com\\\/en\\\/author\\\/oscar\\\/\"}]}<\/script>\n<!-- \/ Yoast SEO plugin. -->","yoast_head_json":{"title":"Turismo incrementa un 34.27 % del presupuesto para consolidarse en 2026\u00a0 - La G Noticias","robots":{"index":"index","follow":"follow","max-snippet":"max-snippet:-1","max-image-preview":"max-image-preview:large","max-video-preview":"max-video-preview:-1"},"canonical":"https:\/\/lagnoticias.com\/en\/2025\/11\/08\/turismo-incrementa-un-34-27-del-presupuesto-para-consolidarse-en-2026\/","og_locale":"en_US","og_type":"article","og_title":"Turismo incrementa un 34.27 % del presupuesto para consolidarse en 2026\u00a0 - La G Noticias","og_description":"Las titulares del Ministerio de Turismo, Morena Valdez; Instituto Salvadore\u00f1o de Turismo (Istu), Eny Agui\u00f1ada; Autoridad del Centro Hist\u00f3rico, Adriana Lar\u00edn; y la Corporaci\u00f3n Salvadore\u00f1a de Turismo (Corsatur), Alejandra Dur\u00e1n, asistieron a la Comisi\u00f3n de Hacienda y Especial del Presupuesto de la Asamblea Legislativa para presentar los proyectos que ser\u00e1n ejecutados en 2026 con los [&hellip;]","og_url":"https:\/\/lagnoticias.com\/en\/2025\/11\/08\/turismo-incrementa-un-34-27-del-presupuesto-para-consolidarse-en-2026\/","og_site_name":"La G Noticias","article_publisher":"https:\/\/www.facebook.com\/LaGNoticias","article_published_time":"2025-11-08T17:20:09+00:00","article_modified_time":"2025-11-10T18:04:22+00:00","og_image":[{"width":1080,"height":608,"url":"https:\/\/lagnoticias.com\/wp-content\/uploads\/2025\/11\/8-6.jpg","type":"image\/jpeg"}],"author":"Oscar","twitter_card":"summary_large_image","twitter_creator":"@lagnoticias","twitter_site":"@lagnoticias","twitter_misc":{"Written by":"Oscar","Est. reading time":"2 minutes"},"schema":{"@context":"https:\/\/schema.org","@graph":[{"@type":"Article","@id":"https:\/\/lagnoticias.com\/2025\/11\/08\/turismo-incrementa-un-34-27-del-presupuesto-para-consolidarse-en-2026\/#article","isPartOf":{"@id":"https:\/\/lagnoticias.com\/2025\/11\/08\/turismo-incrementa-un-34-27-del-presupuesto-para-consolidarse-en-2026\/"},"author":{"name":"Oscar","@id":"https:\/\/lagnoticias.com\/#\/schema\/person\/cb9bfe13f8de05d2c55270be25c6a550"},"headline":"Turismo incrementa un 34.27 % del presupuesto para consolidarse en 2026\u00a0","datePublished":"2025-11-08T17:20:09+00:00","dateModified":"2025-11-10T18:04:22+00:00","mainEntityOfPage":{"@id":"https:\/\/lagnoticias.com\/2025\/11\/08\/turismo-incrementa-un-34-27-del-presupuesto-para-consolidarse-en-2026\/"},"wordCount":346,"commentCount":0,"image":{"@id":"https:\/\/lagnoticias.com\/2025\/11\/08\/turismo-incrementa-un-34-27-del-presupuesto-para-consolidarse-en-2026\/#primaryimage"},"thumbnailUrl":"https:\/\/lagnoticias.com\/wp-content\/uploads\/2025\/11\/8-6.jpg","keywords":["ASAMBLEA LEGISLATIVA","CORSATUR","EL SALVADOR","GOBIERNO DE EL SALVADOR","ISTU","MITUR","PRESUPUESTO","TURISMO"],"articleSection":["NACIONALES"],"inLanguage":"en-US","potentialAction":[{"@type":"CommentAction","name":"Comment","target":["https:\/\/lagnoticias.com\/2025\/11\/08\/turismo-incrementa-un-34-27-del-presupuesto-para-consolidarse-en-2026\/#respond"]}]},{"@type":"WebPage","@id":"https:\/\/lagnoticias.com\/2025\/11\/08\/turismo-incrementa-un-34-27-del-presupuesto-para-consolidarse-en-2026\/","url":"https:\/\/lagnoticias.com\/2025\/11\/08\/turismo-incrementa-un-34-27-del-presupuesto-para-consolidarse-en-2026\/","name":"Turismo incrementa un 34.27 % del presupuesto para consolidarse en 2026\u00a0 - La G Noticias","isPartOf":{"@id":"https:\/\/lagnoticias.com\/#website"},"primaryImageOfPage":{"@id":"https:\/\/lagnoticias.com\/2025\/11\/08\/turismo-incrementa-un-34-27-del-presupuesto-para-consolidarse-en-2026\/#primaryimage"},"image":{"@id":"https:\/\/lagnoticias.com\/2025\/11\/08\/turismo-incrementa-un-34-27-del-presupuesto-para-consolidarse-en-2026\/#primaryimage"},"thumbnailUrl":"https:\/\/lagnoticias.com\/wp-content\/uploads\/2025\/11\/8-6.jpg","datePublished":"2025-11-08T17:20:09+00:00","dateModified":"2025-11-10T18:04:22+00:00","author":{"@id":"https:\/\/lagnoticias.com\/#\/schema\/person\/cb9bfe13f8de05d2c55270be25c6a550"},"breadcrumb":{"@id":"https:\/\/lagnoticias.com\/2025\/11\/08\/turismo-incrementa-un-34-27-del-presupuesto-para-consolidarse-en-2026\/#breadcrumb"},"inLanguage":"en-US","potentialAction":[{"@type":"ReadAction","target":["https:\/\/lagnoticias.com\/2025\/11\/08\/turismo-incrementa-un-34-27-del-presupuesto-para-consolidarse-en-2026\/"]}]},{"@type":"ImageObject","inLanguage":"en-US","@id":"https:\/\/lagnoticias.com\/2025\/11\/08\/turismo-incrementa-un-34-27-del-presupuesto-para-consolidarse-en-2026\/#primaryimage","url":"https:\/\/lagnoticias.com\/wp-content\/uploads\/2025\/11\/8-6.jpg","contentUrl":"https:\/\/lagnoticias.com\/wp-content\/uploads\/2025\/11\/8-6.jpg","width":1080,"height":608},{"@type":"BreadcrumbList","@id":"https:\/\/lagnoticias.com\/2025\/11\/08\/turismo-incrementa-un-34-27-del-presupuesto-para-consolidarse-en-2026\/#breadcrumb","itemListElement":[{"@type":"ListItem","position":1,"name":"Portada","item":"https:\/\/lagnoticias.com\/"},{"@type":"ListItem","position":2,"name":"Turismo incrementa un 34.27 % del presupuesto para consolidarse en 2026\u00a0"}]},{"@type":"WebSite","@id":"https:\/\/lagnoticias.com\/#website","url":"https:\/\/lagnoticias.com\/","name":"La G Noticias","description":"Noticias Positivas","potentialAction":[{"@type":"SearchAction","target":{"@type":"EntryPoint","urlTemplate":"https:\/\/lagnoticias.com\/?s={search_term_string}"},"query-input":{"@type":"PropertyValueSpecification","valueRequired":true,"valueName":"search_term_string"}}],"inLanguage":"en-US"},{"@type":"Person","@id":"https:\/\/lagnoticias.com\/#\/schema\/person\/cb9bfe13f8de05d2c55270be25c6a550","name":"Oscar","image":{"@type":"ImageObject","inLanguage":"en-US","@id":"https:\/\/secure.gravatar.com\/avatar\/45c195718f652dc7ffdd591dc1f2678956ab7fdadcd359a635edc61304a8c757?s=96&d=mm&r=g","url":"https:\/\/secure.gravatar.com\/avatar\/45c195718f652dc7ffdd591dc1f2678956ab7fdadcd359a635edc61304a8c757?s=96&d=mm&r=g","contentUrl":"https:\/\/secure.gravatar.com\/avatar\/45c195718f652dc7ffdd591dc1f2678956ab7fdadcd359a635edc61304a8c757?s=96&d=mm&r=g","caption":"Oscar"},"url":"https:\/\/lagnoticias.com\/en\/author\/oscar\/"}]}},"_links":{"self":[{"href":"https:\/\/lagnoticias.com\/en\/wp-json\/wp\/v2\/posts\/6791","targetHints":{"allow":["GET"]}}],"collection":[{"href":"https:\/\/lagnoticias.com\/en\/wp-json\/wp\/v2\/posts"}],"about":[{"href":"https:\/\/lagnoticias.com\/en\/wp-json\/wp\/v2\/types\/post"}],"author":[{"embeddable":true,"href":"https:\/\/lagnoticias.com\/en\/wp-json\/wp\/v2\/users\/2"}],"replies":[{"embeddable":true,"href":"https:\/\/lagnoticias.com\/en\/wp-json\/wp\/v2\/comments?post=6791"}],"version-history":[{"count":1,"href":"https:\/\/lagnoticias.com\/en\/wp-json\/wp\/v2\/posts\/6791\/revisions"}],"predecessor-version":[{"id":6794,"href":"https:\/\/lagnoticias.com\/en\/wp-json\/wp\/v2\/posts\/6791\/revisions\/6794"}],"wp:featuredmedia":[{"embeddable":true,"href":"https:\/\/lagnoticias.com\/en\/wp-json\/wp\/v2\/media\/6792"}],"wp:attachment":[{"href":"https:\/\/lagnoticias.com\/en\/wp-json\/wp\/v2\/media?parent=6791"}],"wp:term":[{"taxonomy":"category","embeddable":true,"href":"https:\/\/lagnoticias.com\/en\/wp-json\/wp\/v2\/categories?post=6791"},{"taxonomy":"post_tag","embeddable":true,"href":"https:\/\/lagnoticias.com\/en\/wp-json\/wp\/v2\/tags?post=6791"}],"curies":[{"name":"wp","href":"https:\/\/api.w.org\/{rel}","templated":true}]}}