{"id":6785,"date":"2025-11-07T16:49:51","date_gmt":"2025-11-07T22:49:51","guid":{"rendered":"https:\/\/lagnoticias.com\/?p=6785"},"modified":"2025-11-07T16:49:52","modified_gmt":"2025-11-07T22:49:52","slug":"varios-hospitalizados-tras-abrir-paquete-sospechoso-en-base-militar-de-estados-unidos","status":"publish","type":"post","link":"https:\/\/lagnoticias.com\/en\/2025\/11\/07\/varios-hospitalizados-tras-abrir-paquete-sospechoso-en-base-militar-de-estados-unidos\/","title":{"rendered":"Varios hospitalizados tras abrir paquete sospechoso en base militar de Estados Unidos"},"content":{"rendered":"<p>Varias personas se enfermaron tras la entrega de&nbsp;un paquete sospechoso en una base militar cerca de Washington,&nbsp;Estados Unidos. Se trata de un caso que se est\u00e1 investigando, informaron medios estadounidenses.<\/p>\n\n\n\n<p>La Base Andrews confirm\u00f3 en un comunicado que&nbsp;partes de las instalaciones en Maryland fueron evacuadas&nbsp;despu\u00e9s de que se abriera el paquete \u00absospechoso\u00bb. El predio se utiliza regularmente para vuelos presidenciales.<\/p>\n\n\n\n<p>Como medida de precauci\u00f3n, dos zonas de la base fueron evacuadas, indic\u00f3 el comunicado seg\u00fan CNN. La Base Andrews precis\u00f3 que, luego de descartar en una primera fase que no hab\u00eda una amenaza inmediata, dejaron el caso a cargo de la\u00a0Oficina de Investigaciones Especiales.<\/p>\n\n\n\n<h2 class=\"wp-block-heading\">Varias personas se enfermaron tras abrir un paquete sospechoso en EEUU<\/h2>\n\n\n\n<p>Seg\u00fan el sitio de noticias&nbsp;Axios, un portavoz militar sostuvo en un comunicado que&nbsp;\u00abvarias personas se sintieron enfermas\u00bb&nbsp;despu\u00e9s de que se abriera el paquete y fueron atendidas antes de ser dadas de alta.<\/p>\n\n\n\n<p>Un portavoz de la base a\u00e9rea no respondi\u00f3 de inmediato a la solicitud de AFP para confirmar el incidente. Mientras, CNN cit\u00f3 a dos fuentes no identificadas para decir que&nbsp;el paquete conten\u00eda un polvo blanco \u00abdesconocido\u00bb y \u00abpropaganda pol\u00edtica\u00bb que estaba siendo evaluada por los investigadores.<\/p>\n\n\n\n<p>La base est\u00e1 a poca distancia de la capital estadounidense y se utiliza frecuentemente para vuelos de altos funcionarios del gobierno. El \u00faltimo aterrizaje del presidente Donald Trump en esta base fue el mi\u00e9rcoles en un vuelo de&nbsp;Air Force One que lo traslad\u00f3 desde Florida,&nbsp;donde asisti\u00f3 a un foro empresarial.<\/p>\n\n\n\n<p><\/p>\n\n\n\n<p><\/p>\n\n\n\n<p><\/p>\n\n\n\n<p><\/p>\n\n\n\n<p>(\u00c1mbito)<\/p>","protected":false},"excerpt":{"rendered":"<p>Se trata de la base militar Andrews, utilizada regularmente para vuelos presidenciales. Como precauci\u00f3n, dos zonas fueron evacuadas y la Oficina de Investigaciones Especiales se hace cargo del caso.<\/p>","protected":false},"author":2,"featured_media":6786,"comment_status":"open","ping_status":"open","sticky":false,"template":"","format":"standard","meta":{"_et_pb_use_builder":"off","_et_pb_old_content":"","_et_gb_content_width":"","footnotes":""},"categories":[245],"tags":[260,347,1792],"class_list":["post-6785","post","type-post","status-publish","format-standard","has-post-thumbnail","hentry","category-internacionales","tag-estados-unidos","tag-gobierno-de-estados-unidos","tag-washington"],"yoast_head":"<!-- This site is optimized with the Yoast SEO plugin v27.4 - https:\/\/yoast.com\/product\/yoast-seo-wordpress\/ -->\n<title>Varios hospitalizados tras abrir paquete sospechoso en base militar de Estados Unidos - La G Noticias<\/title>\n<meta name=\"robots\" content=\"index, follow, max-snippet:-1, max-image-preview:large, max-video-preview:-1\" \/>\n<link rel=\"canonical\" href=\"https:\/\/lagnoticias.com\/en\/2025\/11\/07\/varios-hospitalizados-tras-abrir-paquete-sospechoso-en-base-militar-de-estados-unidos\/\" \/>\n<meta property=\"og:locale\" content=\"en_US\" \/>\n<meta property=\"og:type\" content=\"article\" \/>\n<meta property=\"og:title\" content=\"Varios hospitalizados tras abrir paquete sospechoso en base militar de Estados Unidos - La G Noticias\" \/>\n<meta property=\"og:description\" content=\"Se trata de la base militar Andrews, utilizada regularmente para vuelos presidenciales. Como precauci\u00f3n, dos zonas fueron evacuadas y la Oficina de Investigaciones Especiales se hace cargo del caso.\" \/>\n<meta property=\"og:url\" content=\"https:\/\/lagnoticias.com\/en\/2025\/11\/07\/varios-hospitalizados-tras-abrir-paquete-sospechoso-en-base-militar-de-estados-unidos\/\" \/>\n<meta property=\"og:site_name\" content=\"La G Noticias\" \/>\n<meta property=\"article:publisher\" content=\"https:\/\/www.facebook.com\/LaGNoticias\" \/>\n<meta property=\"article:published_time\" content=\"2025-11-07T22:49:51+00:00\" \/>\n<meta property=\"article:modified_time\" content=\"2025-11-07T22:49:52+00:00\" \/>\n<meta property=\"og:image\" content=\"https:\/\/lagnoticias.com\/wp-content\/uploads\/2025\/11\/78-1.jpg\" \/>\n\t<meta property=\"og:image:width\" content=\"655\" \/>\n\t<meta property=\"og:image:height\" content=\"368\" \/>\n\t<meta property=\"og:image:type\" content=\"image\/jpeg\" \/>\n<meta name=\"author\" content=\"Oscar\" \/>\n<meta name=\"twitter:card\" content=\"summary_large_image\" \/>\n<meta name=\"twitter:creator\" content=\"@lagnoticias\" \/>\n<meta name=\"twitter:site\" content=\"@lagnoticias\" \/>\n<meta name=\"twitter:label1\" content=\"Written by\" \/>\n\t<meta name=\"twitter:data1\" content=\"Oscar\" \/>\n\t<meta name=\"twitter:label2\" content=\"Est. reading time\" \/>\n\t<meta name=\"twitter:data2\" content=\"2 minutes\" \/>\n<script type=\"application\/ld+json\" class=\"yoast-schema-graph\">{\"@context\":\"https:\\\/\\\/schema.org\",\"@graph\":[{\"@type\":\"Article\",\"@id\":\"https:\\\/\\\/lagnoticias.com\\\/2025\\\/11\\\/07\\\/varios-hospitalizados-tras-abrir-paquete-sospechoso-en-base-militar-de-estados-unidos\\\/#article\",\"isPartOf\":{\"@id\":\"https:\\\/\\\/lagnoticias.com\\\/2025\\\/11\\\/07\\\/varios-hospitalizados-tras-abrir-paquete-sospechoso-en-base-militar-de-estados-unidos\\\/\"},\"author\":{\"name\":\"Oscar\",\"@id\":\"https:\\\/\\\/lagnoticias.com\\\/#\\\/schema\\\/person\\\/cb9bfe13f8de05d2c55270be25c6a550\"},\"headline\":\"Varios hospitalizados tras abrir paquete sospechoso en base militar de Estados Unidos\",\"datePublished\":\"2025-11-07T22:49:51+00:00\",\"dateModified\":\"2025-11-07T22:49:52+00:00\",\"mainEntityOfPage\":{\"@id\":\"https:\\\/\\\/lagnoticias.com\\\/2025\\\/11\\\/07\\\/varios-hospitalizados-tras-abrir-paquete-sospechoso-en-base-militar-de-estados-unidos\\\/\"},\"wordCount\":287,\"commentCount\":0,\"image\":{\"@id\":\"https:\\\/\\\/lagnoticias.com\\\/2025\\\/11\\\/07\\\/varios-hospitalizados-tras-abrir-paquete-sospechoso-en-base-militar-de-estados-unidos\\\/#primaryimage\"},\"thumbnailUrl\":\"https:\\\/\\\/lagnoticias.com\\\/wp-content\\\/uploads\\\/2025\\\/11\\\/78-1.jpg\",\"keywords\":[\"ESTADOS UNIDOS\",\"GOBIERNO DE ESTADOS UNIDOS\",\"WASHINGTON\"],\"articleSection\":[\"INTERNACIONALES\"],\"inLanguage\":\"en-US\",\"potentialAction\":[{\"@type\":\"CommentAction\",\"name\":\"Comment\",\"target\":[\"https:\\\/\\\/lagnoticias.com\\\/2025\\\/11\\\/07\\\/varios-hospitalizados-tras-abrir-paquete-sospechoso-en-base-militar-de-estados-unidos\\\/#respond\"]}]},{\"@type\":\"WebPage\",\"@id\":\"https:\\\/\\\/lagnoticias.com\\\/2025\\\/11\\\/07\\\/varios-hospitalizados-tras-abrir-paquete-sospechoso-en-base-militar-de-estados-unidos\\\/\",\"url\":\"https:\\\/\\\/lagnoticias.com\\\/2025\\\/11\\\/07\\\/varios-hospitalizados-tras-abrir-paquete-sospechoso-en-base-militar-de-estados-unidos\\\/\",\"name\":\"Varios hospitalizados tras abrir paquete sospechoso en base militar de Estados Unidos - La G Noticias\",\"isPartOf\":{\"@id\":\"https:\\\/\\\/lagnoticias.com\\\/#website\"},\"primaryImageOfPage\":{\"@id\":\"https:\\\/\\\/lagnoticias.com\\\/2025\\\/11\\\/07\\\/varios-hospitalizados-tras-abrir-paquete-sospechoso-en-base-militar-de-estados-unidos\\\/#primaryimage\"},\"image\":{\"@id\":\"https:\\\/\\\/lagnoticias.com\\\/2025\\\/11\\\/07\\\/varios-hospitalizados-tras-abrir-paquete-sospechoso-en-base-militar-de-estados-unidos\\\/#primaryimage\"},\"thumbnailUrl\":\"https:\\\/\\\/lagnoticias.com\\\/wp-content\\\/uploads\\\/2025\\\/11\\\/78-1.jpg\",\"datePublished\":\"2025-11-07T22:49:51+00:00\",\"dateModified\":\"2025-11-07T22:49:52+00:00\",\"author\":{\"@id\":\"https:\\\/\\\/lagnoticias.com\\\/#\\\/schema\\\/person\\\/cb9bfe13f8de05d2c55270be25c6a550\"},\"breadcrumb\":{\"@id\":\"https:\\\/\\\/lagnoticias.com\\\/2025\\\/11\\\/07\\\/varios-hospitalizados-tras-abrir-paquete-sospechoso-en-base-militar-de-estados-unidos\\\/#breadcrumb\"},\"inLanguage\":\"en-US\",\"potentialAction\":[{\"@type\":\"ReadAction\",\"target\":[\"https:\\\/\\\/lagnoticias.com\\\/2025\\\/11\\\/07\\\/varios-hospitalizados-tras-abrir-paquete-sospechoso-en-base-militar-de-estados-unidos\\\/\"]}]},{\"@type\":\"ImageObject\",\"inLanguage\":\"en-US\",\"@id\":\"https:\\\/\\\/lagnoticias.com\\\/2025\\\/11\\\/07\\\/varios-hospitalizados-tras-abrir-paquete-sospechoso-en-base-militar-de-estados-unidos\\\/#primaryimage\",\"url\":\"https:\\\/\\\/lagnoticias.com\\\/wp-content\\\/uploads\\\/2025\\\/11\\\/78-1.jpg\",\"contentUrl\":\"https:\\\/\\\/lagnoticias.com\\\/wp-content\\\/uploads\\\/2025\\\/11\\\/78-1.jpg\",\"width\":655,\"height\":368},{\"@type\":\"BreadcrumbList\",\"@id\":\"https:\\\/\\\/lagnoticias.com\\\/2025\\\/11\\\/07\\\/varios-hospitalizados-tras-abrir-paquete-sospechoso-en-base-militar-de-estados-unidos\\\/#breadcrumb\",\"itemListElement\":[{\"@type\":\"ListItem\",\"position\":1,\"name\":\"Portada\",\"item\":\"https:\\\/\\\/lagnoticias.com\\\/\"},{\"@type\":\"ListItem\",\"position\":2,\"name\":\"Varios hospitalizados tras abrir paquete sospechoso en base militar de Estados Unidos\"}]},{\"@type\":\"WebSite\",\"@id\":\"https:\\\/\\\/lagnoticias.com\\\/#website\",\"url\":\"https:\\\/\\\/lagnoticias.com\\\/\",\"name\":\"La G Noticias\",\"description\":\"Noticias Positivas\",\"potentialAction\":[{\"@type\":\"SearchAction\",\"target\":{\"@type\":\"EntryPoint\",\"urlTemplate\":\"https:\\\/\\\/lagnoticias.com\\\/?s={search_term_string}\"},\"query-input\":{\"@type\":\"PropertyValueSpecification\",\"valueRequired\":true,\"valueName\":\"search_term_string\"}}],\"inLanguage\":\"en-US\"},{\"@type\":\"Person\",\"@id\":\"https:\\\/\\\/lagnoticias.com\\\/#\\\/schema\\\/person\\\/cb9bfe13f8de05d2c55270be25c6a550\",\"name\":\"Oscar\",\"image\":{\"@type\":\"ImageObject\",\"inLanguage\":\"en-US\",\"@id\":\"https:\\\/\\\/secure.gravatar.com\\\/avatar\\\/45c195718f652dc7ffdd591dc1f2678956ab7fdadcd359a635edc61304a8c757?s=96&d=mm&r=g\",\"url\":\"https:\\\/\\\/secure.gravatar.com\\\/avatar\\\/45c195718f652dc7ffdd591dc1f2678956ab7fdadcd359a635edc61304a8c757?s=96&d=mm&r=g\",\"contentUrl\":\"https:\\\/\\\/secure.gravatar.com\\\/avatar\\\/45c195718f652dc7ffdd591dc1f2678956ab7fdadcd359a635edc61304a8c757?s=96&d=mm&r=g\",\"caption\":\"Oscar\"},\"url\":\"https:\\\/\\\/lagnoticias.com\\\/en\\\/author\\\/oscar\\\/\"}]}<\/script>\n<!-- \/ Yoast SEO plugin. -->","yoast_head_json":{"title":"Varios hospitalizados tras abrir paquete sospechoso en base militar de Estados Unidos - La G Noticias","robots":{"index":"index","follow":"follow","max-snippet":"max-snippet:-1","max-image-preview":"max-image-preview:large","max-video-preview":"max-video-preview:-1"},"canonical":"https:\/\/lagnoticias.com\/en\/2025\/11\/07\/varios-hospitalizados-tras-abrir-paquete-sospechoso-en-base-militar-de-estados-unidos\/","og_locale":"en_US","og_type":"article","og_title":"Varios hospitalizados tras abrir paquete sospechoso en base militar de Estados Unidos - La G Noticias","og_description":"Se trata de la base militar Andrews, utilizada regularmente para vuelos presidenciales. Como precauci\u00f3n, dos zonas fueron evacuadas y la Oficina de Investigaciones Especiales se hace cargo del caso.","og_url":"https:\/\/lagnoticias.com\/en\/2025\/11\/07\/varios-hospitalizados-tras-abrir-paquete-sospechoso-en-base-militar-de-estados-unidos\/","og_site_name":"La G Noticias","article_publisher":"https:\/\/www.facebook.com\/LaGNoticias","article_published_time":"2025-11-07T22:49:51+00:00","article_modified_time":"2025-11-07T22:49:52+00:00","og_image":[{"width":655,"height":368,"url":"https:\/\/lagnoticias.com\/wp-content\/uploads\/2025\/11\/78-1.jpg","type":"image\/jpeg"}],"author":"Oscar","twitter_card":"summary_large_image","twitter_creator":"@lagnoticias","twitter_site":"@lagnoticias","twitter_misc":{"Written by":"Oscar","Est. reading time":"2 minutes"},"schema":{"@context":"https:\/\/schema.org","@graph":[{"@type":"Article","@id":"https:\/\/lagnoticias.com\/2025\/11\/07\/varios-hospitalizados-tras-abrir-paquete-sospechoso-en-base-militar-de-estados-unidos\/#article","isPartOf":{"@id":"https:\/\/lagnoticias.com\/2025\/11\/07\/varios-hospitalizados-tras-abrir-paquete-sospechoso-en-base-militar-de-estados-unidos\/"},"author":{"name":"Oscar","@id":"https:\/\/lagnoticias.com\/#\/schema\/person\/cb9bfe13f8de05d2c55270be25c6a550"},"headline":"Varios hospitalizados tras abrir paquete sospechoso en base militar de Estados Unidos","datePublished":"2025-11-07T22:49:51+00:00","dateModified":"2025-11-07T22:49:52+00:00","mainEntityOfPage":{"@id":"https:\/\/lagnoticias.com\/2025\/11\/07\/varios-hospitalizados-tras-abrir-paquete-sospechoso-en-base-militar-de-estados-unidos\/"},"wordCount":287,"commentCount":0,"image":{"@id":"https:\/\/lagnoticias.com\/2025\/11\/07\/varios-hospitalizados-tras-abrir-paquete-sospechoso-en-base-militar-de-estados-unidos\/#primaryimage"},"thumbnailUrl":"https:\/\/lagnoticias.com\/wp-content\/uploads\/2025\/11\/78-1.jpg","keywords":["ESTADOS UNIDOS","GOBIERNO DE ESTADOS UNIDOS","WASHINGTON"],"articleSection":["INTERNACIONALES"],"inLanguage":"en-US","potentialAction":[{"@type":"CommentAction","name":"Comment","target":["https:\/\/lagnoticias.com\/2025\/11\/07\/varios-hospitalizados-tras-abrir-paquete-sospechoso-en-base-militar-de-estados-unidos\/#respond"]}]},{"@type":"WebPage","@id":"https:\/\/lagnoticias.com\/2025\/11\/07\/varios-hospitalizados-tras-abrir-paquete-sospechoso-en-base-militar-de-estados-unidos\/","url":"https:\/\/lagnoticias.com\/2025\/11\/07\/varios-hospitalizados-tras-abrir-paquete-sospechoso-en-base-militar-de-estados-unidos\/","name":"Varios hospitalizados tras abrir paquete sospechoso en base militar de Estados Unidos - La G Noticias","isPartOf":{"@id":"https:\/\/lagnoticias.com\/#website"},"primaryImageOfPage":{"@id":"https:\/\/lagnoticias.com\/2025\/11\/07\/varios-hospitalizados-tras-abrir-paquete-sospechoso-en-base-militar-de-estados-unidos\/#primaryimage"},"image":{"@id":"https:\/\/lagnoticias.com\/2025\/11\/07\/varios-hospitalizados-tras-abrir-paquete-sospechoso-en-base-militar-de-estados-unidos\/#primaryimage"},"thumbnailUrl":"https:\/\/lagnoticias.com\/wp-content\/uploads\/2025\/11\/78-1.jpg","datePublished":"2025-11-07T22:49:51+00:00","dateModified":"2025-11-07T22:49:52+00:00","author":{"@id":"https:\/\/lagnoticias.com\/#\/schema\/person\/cb9bfe13f8de05d2c55270be25c6a550"},"breadcrumb":{"@id":"https:\/\/lagnoticias.com\/2025\/11\/07\/varios-hospitalizados-tras-abrir-paquete-sospechoso-en-base-militar-de-estados-unidos\/#breadcrumb"},"inLanguage":"en-US","potentialAction":[{"@type":"ReadAction","target":["https:\/\/lagnoticias.com\/2025\/11\/07\/varios-hospitalizados-tras-abrir-paquete-sospechoso-en-base-militar-de-estados-unidos\/"]}]},{"@type":"ImageObject","inLanguage":"en-US","@id":"https:\/\/lagnoticias.com\/2025\/11\/07\/varios-hospitalizados-tras-abrir-paquete-sospechoso-en-base-militar-de-estados-unidos\/#primaryimage","url":"https:\/\/lagnoticias.com\/wp-content\/uploads\/2025\/11\/78-1.jpg","contentUrl":"https:\/\/lagnoticias.com\/wp-content\/uploads\/2025\/11\/78-1.jpg","width":655,"height":368},{"@type":"BreadcrumbList","@id":"https:\/\/lagnoticias.com\/2025\/11\/07\/varios-hospitalizados-tras-abrir-paquete-sospechoso-en-base-militar-de-estados-unidos\/#breadcrumb","itemListElement":[{"@type":"ListItem","position":1,"name":"Portada","item":"https:\/\/lagnoticias.com\/"},{"@type":"ListItem","position":2,"name":"Varios hospitalizados tras abrir paquete sospechoso en base militar de Estados Unidos"}]},{"@type":"WebSite","@id":"https:\/\/lagnoticias.com\/#website","url":"https:\/\/lagnoticias.com\/","name":"La G Noticias","description":"Noticias Positivas","potentialAction":[{"@type":"SearchAction","target":{"@type":"EntryPoint","urlTemplate":"https:\/\/lagnoticias.com\/?s={search_term_string}"},"query-input":{"@type":"PropertyValueSpecification","valueRequired":true,"valueName":"search_term_string"}}],"inLanguage":"en-US"},{"@type":"Person","@id":"https:\/\/lagnoticias.com\/#\/schema\/person\/cb9bfe13f8de05d2c55270be25c6a550","name":"Oscar","image":{"@type":"ImageObject","inLanguage":"en-US","@id":"https:\/\/secure.gravatar.com\/avatar\/45c195718f652dc7ffdd591dc1f2678956ab7fdadcd359a635edc61304a8c757?s=96&d=mm&r=g","url":"https:\/\/secure.gravatar.com\/avatar\/45c195718f652dc7ffdd591dc1f2678956ab7fdadcd359a635edc61304a8c757?s=96&d=mm&r=g","contentUrl":"https:\/\/secure.gravatar.com\/avatar\/45c195718f652dc7ffdd591dc1f2678956ab7fdadcd359a635edc61304a8c757?s=96&d=mm&r=g","caption":"Oscar"},"url":"https:\/\/lagnoticias.com\/en\/author\/oscar\/"}]}},"_links":{"self":[{"href":"https:\/\/lagnoticias.com\/en\/wp-json\/wp\/v2\/posts\/6785","targetHints":{"allow":["GET"]}}],"collection":[{"href":"https:\/\/lagnoticias.com\/en\/wp-json\/wp\/v2\/posts"}],"about":[{"href":"https:\/\/lagnoticias.com\/en\/wp-json\/wp\/v2\/types\/post"}],"author":[{"embeddable":true,"href":"https:\/\/lagnoticias.com\/en\/wp-json\/wp\/v2\/users\/2"}],"replies":[{"embeddable":true,"href":"https:\/\/lagnoticias.com\/en\/wp-json\/wp\/v2\/comments?post=6785"}],"version-history":[{"count":1,"href":"https:\/\/lagnoticias.com\/en\/wp-json\/wp\/v2\/posts\/6785\/revisions"}],"predecessor-version":[{"id":6787,"href":"https:\/\/lagnoticias.com\/en\/wp-json\/wp\/v2\/posts\/6785\/revisions\/6787"}],"wp:featuredmedia":[{"embeddable":true,"href":"https:\/\/lagnoticias.com\/en\/wp-json\/wp\/v2\/media\/6786"}],"wp:attachment":[{"href":"https:\/\/lagnoticias.com\/en\/wp-json\/wp\/v2\/media?parent=6785"}],"wp:term":[{"taxonomy":"category","embeddable":true,"href":"https:\/\/lagnoticias.com\/en\/wp-json\/wp\/v2\/categories?post=6785"},{"taxonomy":"post_tag","embeddable":true,"href":"https:\/\/lagnoticias.com\/en\/wp-json\/wp\/v2\/tags?post=6785"}],"curies":[{"name":"wp","href":"https:\/\/api.w.org\/{rel}","templated":true}]}}