{"id":6782,"date":"2025-11-07T16:34:58","date_gmt":"2025-11-07T22:34:58","guid":{"rendered":"https:\/\/lagnoticias.com\/?p=6782"},"modified":"2025-11-07T16:35:22","modified_gmt":"2025-11-07T22:35:22","slug":"comer-temprano-en-la-manana-puede-beneficiar-la-salud-en-adultos-mayores","status":"publish","type":"post","link":"https:\/\/lagnoticias.com\/en\/2025\/11\/07\/comer-temprano-en-la-manana-puede-beneficiar-la-salud-en-adultos-mayores\/","title":{"rendered":"Comer temprano en la ma\u00f1ana puede beneficiar la salud en adultos mayores"},"content":{"rendered":"<p>La ciencia de la nutrici\u00f3n avanza hacia un entendimiento m\u00e1s complejo de la dieta, donde no solo importa&nbsp;\u201cqu\u00e9\u201d&nbsp;y&nbsp;\u201ccu\u00e1nto\u201d comemos, sino tambi\u00e9n&nbsp;\u201ccu\u00e1ndo\u201d lo hacemos.<\/p>\n\n\n\n<p>Investigaciones recientes centradas en la crononutrici\u00f3n, retomadas por Infobae, \u2014la intersecci\u00f3n entre los horarios de alimentaci\u00f3n, el reloj biol\u00f3gico y la salud\u2014 sugieren que el momento del d\u00eda en que se consume el primer alimento podr\u00eda tener implicaciones significativas para la longevidad y el bienestar, especialmente durante la adultez mayor.<\/p>\n\n\n\n<h2 class=\"wp-block-heading\">El estudio: Un v\u00ednculo entre el horario del desayuno y la longevidad<\/h2>\n\n\n\n<p>Una investigaci\u00f3n relevante, publicada en la revista&nbsp;Nature, analiz\u00f3 la relaci\u00f3n entre el horario del desayuno y la tasa de mortalidad en adultos mayores. El estudio dio seguimiento longitudinal a alrededor de 3,000 personas residentes en el Reino Unido durante un per\u00edodo que abarc\u00f3 de 1983 a 2017.<\/p>\n\n\n\n<p>Los hallazgos principales indican que los participantes que acostumbraban a desayunar m\u00e1s tarde experimentaron una supervivencia ligeramente menor a diez a\u00f1os en comparaci\u00f3n con aquellos que realizaban esta comida m\u00e1s temprano.<\/p>\n\n\n\n<p>En t\u00e9rminos espec\u00edficos, la supervivencia a una d\u00e9cada fue del 89.5% para el grupo que desayunaba temprano, mientras que fue del 86.7% para el grupo que desayunaba tarde. Un dato que llam\u00f3 la atenci\u00f3n de los investigadores fue que una diferencia promedio de poco m\u00e1s de 30 minutos entre un desayuno temprano y uno tard\u00edo pareci\u00f3 estar asociada con esta variaci\u00f3n en los resultados de longevidad.<\/p>\n\n\n\n<h2 class=\"wp-block-heading\">La ciencia detr\u00e1s del reloj biol\u00f3gico: \u00bfPor qu\u00e9 importa el horario?<\/h2>\n\n\n\n<p>La explicaci\u00f3n de estos hallazgos se encuentra en el funcionamiento del ritmo circadiano, el reloj interno del cuerpo que regula procesos fisiol\u00f3gicos clave en un ciclo de aproximadamente 24 horas.<\/p>\n\n\n\n<ul class=\"wp-block-list\">\n<li>Sincronizaci\u00f3n con el metabolismo:\u00a0El horario de las comidas act\u00faa como una potente se\u00f1al para sincronizar este reloj biol\u00f3gico. Se sostiene que desayunar temprano ayuda a \u201creiniciar\u201d y mantener la sincron\u00eda de los ritmos circadianos, lo que es fundamental para un metabolismo \u00f3ptimo, el estado de \u00e1nimo y el bienestar general.<\/li>\n\n\n\n<li>Consecuencias del desajuste:\u00a0Cuando se retrasa el desayuno o se come en horarios desalineados con los ciclos naturales de luz y oscuridad, se puede producir un desajuste circadiano. Este desfase se ha vinculado con alteraciones en par\u00e1metros metab\u00f3licos relacionados con el envejecimiento y el desarrollo de enfermedades.<\/li>\n<\/ul>\n\n\n\n<h2 class=\"wp-block-heading\">Crononutrici\u00f3n y riesgo de enfermedades cr\u00f3nicas<\/h2>\n\n\n\n<p>La disciplina de la crononutrici\u00f3n ha observado que comer en horarios tard\u00edos puede tener efectos concretos en la salud metab\u00f3lica. Por ejemplo, se ha asociado con un \u00cdndice de Masa Corporal (IMC) m\u00e1s elevado.<\/p>\n\n\n\n<p>Cuando el consumo cal\u00f3rico se desplaza consistentemente hacia la noche o la ma\u00f1ana avanzada, puede provocar desequilibrios en los niveles de glucosa en sangre y otros marcadores metab\u00f3licos. Estas alteraciones incrementan el riesgo de desarrollar afecciones cr\u00f3nicas como la diabetes tipo 2 y enfermedades cardiovasculares.<\/p>\n\n\n\n<h2 class=\"wp-block-heading\">Tendencias en la vejez y la importancia de la rutina<\/h2>\n\n\n\n<p>El estudio tambi\u00e9n identific\u00f3 una tendencia natural en el envejecimiento: a medida que las personas avanzan en edad, suelen retrasar progresivamente el horario tanto del desayuno como de la cena. Este cambio puede atribuirse a modificaciones en la movilidad, h\u00e1bitos sociales, preferencias personales, y puede verse acentuado por una menor actividad f\u00edsica y una vida social reducida.<\/p>\n\n\n\n<p>Este desplazamiento involuntario de los horarios de comida puede, sin embargo, contribuir a una mayor alteraci\u00f3n de los ritmos circadianos, creando un ciclo que podr\u00eda afectar la salud metab\u00f3lica y mental en la \u00faltima etapa de la vida.<\/p>\n\n\n\n<p>Frente a estos hallazgos, la comunidad cient\u00edfica subraya la necesidad de continuar investigando la distribuci\u00f3n ideal de las comidas a lo largo del d\u00eda. La evidencia actual pone de relieve la importancia de considerar la sincronizaci\u00f3n de la alimentaci\u00f3n con el reloj biol\u00f3gico, abogando por un desayuno temprano como un factor potencialmente relevante para favorecer un envejecimiento m\u00e1s saludable y una mejor calidad de vida en la poblaci\u00f3n adulta mayor<\/p>","protected":false},"excerpt":{"rendered":"<p>Un estudio en adultos mayores asocia desayunar m\u00e1s temprano con una mayor supervivencia a diez a\u00f1os.<\/p>","protected":false},"author":2,"featured_media":6783,"comment_status":"open","ping_status":"open","sticky":false,"template":"","format":"standard","meta":{"_et_pb_use_builder":"off","_et_pb_old_content":"","_et_gb_content_width":"","footnotes":""},"categories":[929],"tags":[387,1011,1240,294],"class_list":["post-6782","post","type-post","status-publish","format-standard","has-post-thumbnail","hentry","category-vida","tag-adultos-mayores","tag-beneficios","tag-desayuno","tag-salud"],"yoast_head":"<!-- This site is optimized with the Yoast SEO plugin v27.4 - https:\/\/yoast.com\/product\/yoast-seo-wordpress\/ -->\n<title>Comer temprano en la ma\u00f1ana puede beneficiar la salud en adultos mayores - La G Noticias<\/title>\n<meta name=\"robots\" content=\"index, follow, max-snippet:-1, max-image-preview:large, max-video-preview:-1\" \/>\n<link rel=\"canonical\" href=\"https:\/\/lagnoticias.com\/en\/2025\/11\/07\/comer-temprano-en-la-manana-puede-beneficiar-la-salud-en-adultos-mayores\/\" \/>\n<meta property=\"og:locale\" content=\"en_US\" \/>\n<meta property=\"og:type\" content=\"article\" \/>\n<meta property=\"og:title\" content=\"Comer temprano en la ma\u00f1ana puede beneficiar la salud en adultos mayores - La G Noticias\" \/>\n<meta property=\"og:description\" content=\"Un estudio en adultos mayores asocia desayunar m\u00e1s temprano con una mayor supervivencia a diez a\u00f1os.\" \/>\n<meta property=\"og:url\" content=\"https:\/\/lagnoticias.com\/en\/2025\/11\/07\/comer-temprano-en-la-manana-puede-beneficiar-la-salud-en-adultos-mayores\/\" \/>\n<meta property=\"og:site_name\" content=\"La G Noticias\" \/>\n<meta property=\"article:publisher\" content=\"https:\/\/www.facebook.com\/LaGNoticias\" \/>\n<meta property=\"article:published_time\" content=\"2025-11-07T22:34:58+00:00\" \/>\n<meta property=\"article:modified_time\" content=\"2025-11-07T22:35:22+00:00\" \/>\n<meta property=\"og:image\" content=\"https:\/\/lagnoticias.com\/wp-content\/uploads\/2025\/11\/45.jpg\" \/>\n\t<meta property=\"og:image:width\" content=\"1075\" \/>\n\t<meta property=\"og:image:height\" content=\"588\" \/>\n\t<meta property=\"og:image:type\" content=\"image\/jpeg\" \/>\n<meta name=\"author\" content=\"Oscar\" \/>\n<meta name=\"twitter:card\" content=\"summary_large_image\" \/>\n<meta name=\"twitter:creator\" content=\"@lagnoticias\" \/>\n<meta name=\"twitter:site\" content=\"@lagnoticias\" \/>\n<meta name=\"twitter:label1\" content=\"Written by\" \/>\n\t<meta name=\"twitter:data1\" content=\"Oscar\" \/>\n\t<meta name=\"twitter:label2\" content=\"Est. reading time\" \/>\n\t<meta name=\"twitter:data2\" content=\"4 minutes\" \/>\n<script type=\"application\/ld+json\" class=\"yoast-schema-graph\">{\"@context\":\"https:\\\/\\\/schema.org\",\"@graph\":[{\"@type\":\"Article\",\"@id\":\"https:\\\/\\\/lagnoticias.com\\\/2025\\\/11\\\/07\\\/comer-temprano-en-la-manana-puede-beneficiar-la-salud-en-adultos-mayores\\\/#article\",\"isPartOf\":{\"@id\":\"https:\\\/\\\/lagnoticias.com\\\/2025\\\/11\\\/07\\\/comer-temprano-en-la-manana-puede-beneficiar-la-salud-en-adultos-mayores\\\/\"},\"author\":{\"name\":\"Oscar\",\"@id\":\"https:\\\/\\\/lagnoticias.com\\\/#\\\/schema\\\/person\\\/cb9bfe13f8de05d2c55270be25c6a550\"},\"headline\":\"Comer temprano en la ma\u00f1ana puede beneficiar la salud en adultos mayores\",\"datePublished\":\"2025-11-07T22:34:58+00:00\",\"dateModified\":\"2025-11-07T22:35:22+00:00\",\"mainEntityOfPage\":{\"@id\":\"https:\\\/\\\/lagnoticias.com\\\/2025\\\/11\\\/07\\\/comer-temprano-en-la-manana-puede-beneficiar-la-salud-en-adultos-mayores\\\/\"},\"wordCount\":704,\"commentCount\":0,\"image\":{\"@id\":\"https:\\\/\\\/lagnoticias.com\\\/2025\\\/11\\\/07\\\/comer-temprano-en-la-manana-puede-beneficiar-la-salud-en-adultos-mayores\\\/#primaryimage\"},\"thumbnailUrl\":\"https:\\\/\\\/lagnoticias.com\\\/wp-content\\\/uploads\\\/2025\\\/11\\\/45.jpg\",\"keywords\":[\"ADULTOS MAYORES\",\"BENEFICIOS\",\"DESAYUNO\",\"SALUD\"],\"articleSection\":[\"VIDA\"],\"inLanguage\":\"en-US\",\"potentialAction\":[{\"@type\":\"CommentAction\",\"name\":\"Comment\",\"target\":[\"https:\\\/\\\/lagnoticias.com\\\/2025\\\/11\\\/07\\\/comer-temprano-en-la-manana-puede-beneficiar-la-salud-en-adultos-mayores\\\/#respond\"]}]},{\"@type\":\"WebPage\",\"@id\":\"https:\\\/\\\/lagnoticias.com\\\/2025\\\/11\\\/07\\\/comer-temprano-en-la-manana-puede-beneficiar-la-salud-en-adultos-mayores\\\/\",\"url\":\"https:\\\/\\\/lagnoticias.com\\\/2025\\\/11\\\/07\\\/comer-temprano-en-la-manana-puede-beneficiar-la-salud-en-adultos-mayores\\\/\",\"name\":\"Comer temprano en la ma\u00f1ana puede beneficiar la salud en adultos mayores - La G Noticias\",\"isPartOf\":{\"@id\":\"https:\\\/\\\/lagnoticias.com\\\/#website\"},\"primaryImageOfPage\":{\"@id\":\"https:\\\/\\\/lagnoticias.com\\\/2025\\\/11\\\/07\\\/comer-temprano-en-la-manana-puede-beneficiar-la-salud-en-adultos-mayores\\\/#primaryimage\"},\"image\":{\"@id\":\"https:\\\/\\\/lagnoticias.com\\\/2025\\\/11\\\/07\\\/comer-temprano-en-la-manana-puede-beneficiar-la-salud-en-adultos-mayores\\\/#primaryimage\"},\"thumbnailUrl\":\"https:\\\/\\\/lagnoticias.com\\\/wp-content\\\/uploads\\\/2025\\\/11\\\/45.jpg\",\"datePublished\":\"2025-11-07T22:34:58+00:00\",\"dateModified\":\"2025-11-07T22:35:22+00:00\",\"author\":{\"@id\":\"https:\\\/\\\/lagnoticias.com\\\/#\\\/schema\\\/person\\\/cb9bfe13f8de05d2c55270be25c6a550\"},\"breadcrumb\":{\"@id\":\"https:\\\/\\\/lagnoticias.com\\\/2025\\\/11\\\/07\\\/comer-temprano-en-la-manana-puede-beneficiar-la-salud-en-adultos-mayores\\\/#breadcrumb\"},\"inLanguage\":\"en-US\",\"potentialAction\":[{\"@type\":\"ReadAction\",\"target\":[\"https:\\\/\\\/lagnoticias.com\\\/2025\\\/11\\\/07\\\/comer-temprano-en-la-manana-puede-beneficiar-la-salud-en-adultos-mayores\\\/\"]}]},{\"@type\":\"ImageObject\",\"inLanguage\":\"en-US\",\"@id\":\"https:\\\/\\\/lagnoticias.com\\\/2025\\\/11\\\/07\\\/comer-temprano-en-la-manana-puede-beneficiar-la-salud-en-adultos-mayores\\\/#primaryimage\",\"url\":\"https:\\\/\\\/lagnoticias.com\\\/wp-content\\\/uploads\\\/2025\\\/11\\\/45.jpg\",\"contentUrl\":\"https:\\\/\\\/lagnoticias.com\\\/wp-content\\\/uploads\\\/2025\\\/11\\\/45.jpg\",\"width\":1075,\"height\":588},{\"@type\":\"BreadcrumbList\",\"@id\":\"https:\\\/\\\/lagnoticias.com\\\/2025\\\/11\\\/07\\\/comer-temprano-en-la-manana-puede-beneficiar-la-salud-en-adultos-mayores\\\/#breadcrumb\",\"itemListElement\":[{\"@type\":\"ListItem\",\"position\":1,\"name\":\"Portada\",\"item\":\"https:\\\/\\\/lagnoticias.com\\\/\"},{\"@type\":\"ListItem\",\"position\":2,\"name\":\"Comer temprano en la ma\u00f1ana puede beneficiar la salud en adultos mayores\"}]},{\"@type\":\"WebSite\",\"@id\":\"https:\\\/\\\/lagnoticias.com\\\/#website\",\"url\":\"https:\\\/\\\/lagnoticias.com\\\/\",\"name\":\"La G Noticias\",\"description\":\"Noticias Positivas\",\"potentialAction\":[{\"@type\":\"SearchAction\",\"target\":{\"@type\":\"EntryPoint\",\"urlTemplate\":\"https:\\\/\\\/lagnoticias.com\\\/?s={search_term_string}\"},\"query-input\":{\"@type\":\"PropertyValueSpecification\",\"valueRequired\":true,\"valueName\":\"search_term_string\"}}],\"inLanguage\":\"en-US\"},{\"@type\":\"Person\",\"@id\":\"https:\\\/\\\/lagnoticias.com\\\/#\\\/schema\\\/person\\\/cb9bfe13f8de05d2c55270be25c6a550\",\"name\":\"Oscar\",\"image\":{\"@type\":\"ImageObject\",\"inLanguage\":\"en-US\",\"@id\":\"https:\\\/\\\/secure.gravatar.com\\\/avatar\\\/45c195718f652dc7ffdd591dc1f2678956ab7fdadcd359a635edc61304a8c757?s=96&d=mm&r=g\",\"url\":\"https:\\\/\\\/secure.gravatar.com\\\/avatar\\\/45c195718f652dc7ffdd591dc1f2678956ab7fdadcd359a635edc61304a8c757?s=96&d=mm&r=g\",\"contentUrl\":\"https:\\\/\\\/secure.gravatar.com\\\/avatar\\\/45c195718f652dc7ffdd591dc1f2678956ab7fdadcd359a635edc61304a8c757?s=96&d=mm&r=g\",\"caption\":\"Oscar\"},\"url\":\"https:\\\/\\\/lagnoticias.com\\\/en\\\/author\\\/oscar\\\/\"}]}<\/script>\n<!-- \/ Yoast SEO plugin. -->","yoast_head_json":{"title":"Comer temprano en la ma\u00f1ana puede beneficiar la salud en adultos mayores - La G Noticias","robots":{"index":"index","follow":"follow","max-snippet":"max-snippet:-1","max-image-preview":"max-image-preview:large","max-video-preview":"max-video-preview:-1"},"canonical":"https:\/\/lagnoticias.com\/en\/2025\/11\/07\/comer-temprano-en-la-manana-puede-beneficiar-la-salud-en-adultos-mayores\/","og_locale":"en_US","og_type":"article","og_title":"Comer temprano en la ma\u00f1ana puede beneficiar la salud en adultos mayores - La G Noticias","og_description":"Un estudio en adultos mayores asocia desayunar m\u00e1s temprano con una mayor supervivencia a diez a\u00f1os.","og_url":"https:\/\/lagnoticias.com\/en\/2025\/11\/07\/comer-temprano-en-la-manana-puede-beneficiar-la-salud-en-adultos-mayores\/","og_site_name":"La G Noticias","article_publisher":"https:\/\/www.facebook.com\/LaGNoticias","article_published_time":"2025-11-07T22:34:58+00:00","article_modified_time":"2025-11-07T22:35:22+00:00","og_image":[{"width":1075,"height":588,"url":"https:\/\/lagnoticias.com\/wp-content\/uploads\/2025\/11\/45.jpg","type":"image\/jpeg"}],"author":"Oscar","twitter_card":"summary_large_image","twitter_creator":"@lagnoticias","twitter_site":"@lagnoticias","twitter_misc":{"Written by":"Oscar","Est. reading time":"4 minutes"},"schema":{"@context":"https:\/\/schema.org","@graph":[{"@type":"Article","@id":"https:\/\/lagnoticias.com\/2025\/11\/07\/comer-temprano-en-la-manana-puede-beneficiar-la-salud-en-adultos-mayores\/#article","isPartOf":{"@id":"https:\/\/lagnoticias.com\/2025\/11\/07\/comer-temprano-en-la-manana-puede-beneficiar-la-salud-en-adultos-mayores\/"},"author":{"name":"Oscar","@id":"https:\/\/lagnoticias.com\/#\/schema\/person\/cb9bfe13f8de05d2c55270be25c6a550"},"headline":"Comer temprano en la ma\u00f1ana puede beneficiar la salud en adultos mayores","datePublished":"2025-11-07T22:34:58+00:00","dateModified":"2025-11-07T22:35:22+00:00","mainEntityOfPage":{"@id":"https:\/\/lagnoticias.com\/2025\/11\/07\/comer-temprano-en-la-manana-puede-beneficiar-la-salud-en-adultos-mayores\/"},"wordCount":704,"commentCount":0,"image":{"@id":"https:\/\/lagnoticias.com\/2025\/11\/07\/comer-temprano-en-la-manana-puede-beneficiar-la-salud-en-adultos-mayores\/#primaryimage"},"thumbnailUrl":"https:\/\/lagnoticias.com\/wp-content\/uploads\/2025\/11\/45.jpg","keywords":["ADULTOS MAYORES","BENEFICIOS","DESAYUNO","SALUD"],"articleSection":["VIDA"],"inLanguage":"en-US","potentialAction":[{"@type":"CommentAction","name":"Comment","target":["https:\/\/lagnoticias.com\/2025\/11\/07\/comer-temprano-en-la-manana-puede-beneficiar-la-salud-en-adultos-mayores\/#respond"]}]},{"@type":"WebPage","@id":"https:\/\/lagnoticias.com\/2025\/11\/07\/comer-temprano-en-la-manana-puede-beneficiar-la-salud-en-adultos-mayores\/","url":"https:\/\/lagnoticias.com\/2025\/11\/07\/comer-temprano-en-la-manana-puede-beneficiar-la-salud-en-adultos-mayores\/","name":"Comer temprano en la ma\u00f1ana puede beneficiar la salud en adultos mayores - La G Noticias","isPartOf":{"@id":"https:\/\/lagnoticias.com\/#website"},"primaryImageOfPage":{"@id":"https:\/\/lagnoticias.com\/2025\/11\/07\/comer-temprano-en-la-manana-puede-beneficiar-la-salud-en-adultos-mayores\/#primaryimage"},"image":{"@id":"https:\/\/lagnoticias.com\/2025\/11\/07\/comer-temprano-en-la-manana-puede-beneficiar-la-salud-en-adultos-mayores\/#primaryimage"},"thumbnailUrl":"https:\/\/lagnoticias.com\/wp-content\/uploads\/2025\/11\/45.jpg","datePublished":"2025-11-07T22:34:58+00:00","dateModified":"2025-11-07T22:35:22+00:00","author":{"@id":"https:\/\/lagnoticias.com\/#\/schema\/person\/cb9bfe13f8de05d2c55270be25c6a550"},"breadcrumb":{"@id":"https:\/\/lagnoticias.com\/2025\/11\/07\/comer-temprano-en-la-manana-puede-beneficiar-la-salud-en-adultos-mayores\/#breadcrumb"},"inLanguage":"en-US","potentialAction":[{"@type":"ReadAction","target":["https:\/\/lagnoticias.com\/2025\/11\/07\/comer-temprano-en-la-manana-puede-beneficiar-la-salud-en-adultos-mayores\/"]}]},{"@type":"ImageObject","inLanguage":"en-US","@id":"https:\/\/lagnoticias.com\/2025\/11\/07\/comer-temprano-en-la-manana-puede-beneficiar-la-salud-en-adultos-mayores\/#primaryimage","url":"https:\/\/lagnoticias.com\/wp-content\/uploads\/2025\/11\/45.jpg","contentUrl":"https:\/\/lagnoticias.com\/wp-content\/uploads\/2025\/11\/45.jpg","width":1075,"height":588},{"@type":"BreadcrumbList","@id":"https:\/\/lagnoticias.com\/2025\/11\/07\/comer-temprano-en-la-manana-puede-beneficiar-la-salud-en-adultos-mayores\/#breadcrumb","itemListElement":[{"@type":"ListItem","position":1,"name":"Portada","item":"https:\/\/lagnoticias.com\/"},{"@type":"ListItem","position":2,"name":"Comer temprano en la ma\u00f1ana puede beneficiar la salud en adultos mayores"}]},{"@type":"WebSite","@id":"https:\/\/lagnoticias.com\/#website","url":"https:\/\/lagnoticias.com\/","name":"La G Noticias","description":"Noticias Positivas","potentialAction":[{"@type":"SearchAction","target":{"@type":"EntryPoint","urlTemplate":"https:\/\/lagnoticias.com\/?s={search_term_string}"},"query-input":{"@type":"PropertyValueSpecification","valueRequired":true,"valueName":"search_term_string"}}],"inLanguage":"en-US"},{"@type":"Person","@id":"https:\/\/lagnoticias.com\/#\/schema\/person\/cb9bfe13f8de05d2c55270be25c6a550","name":"Oscar","image":{"@type":"ImageObject","inLanguage":"en-US","@id":"https:\/\/secure.gravatar.com\/avatar\/45c195718f652dc7ffdd591dc1f2678956ab7fdadcd359a635edc61304a8c757?s=96&d=mm&r=g","url":"https:\/\/secure.gravatar.com\/avatar\/45c195718f652dc7ffdd591dc1f2678956ab7fdadcd359a635edc61304a8c757?s=96&d=mm&r=g","contentUrl":"https:\/\/secure.gravatar.com\/avatar\/45c195718f652dc7ffdd591dc1f2678956ab7fdadcd359a635edc61304a8c757?s=96&d=mm&r=g","caption":"Oscar"},"url":"https:\/\/lagnoticias.com\/en\/author\/oscar\/"}]}},"_links":{"self":[{"href":"https:\/\/lagnoticias.com\/en\/wp-json\/wp\/v2\/posts\/6782","targetHints":{"allow":["GET"]}}],"collection":[{"href":"https:\/\/lagnoticias.com\/en\/wp-json\/wp\/v2\/posts"}],"about":[{"href":"https:\/\/lagnoticias.com\/en\/wp-json\/wp\/v2\/types\/post"}],"author":[{"embeddable":true,"href":"https:\/\/lagnoticias.com\/en\/wp-json\/wp\/v2\/users\/2"}],"replies":[{"embeddable":true,"href":"https:\/\/lagnoticias.com\/en\/wp-json\/wp\/v2\/comments?post=6782"}],"version-history":[{"count":1,"href":"https:\/\/lagnoticias.com\/en\/wp-json\/wp\/v2\/posts\/6782\/revisions"}],"predecessor-version":[{"id":6784,"href":"https:\/\/lagnoticias.com\/en\/wp-json\/wp\/v2\/posts\/6782\/revisions\/6784"}],"wp:featuredmedia":[{"embeddable":true,"href":"https:\/\/lagnoticias.com\/en\/wp-json\/wp\/v2\/media\/6783"}],"wp:attachment":[{"href":"https:\/\/lagnoticias.com\/en\/wp-json\/wp\/v2\/media?parent=6782"}],"wp:term":[{"taxonomy":"category","embeddable":true,"href":"https:\/\/lagnoticias.com\/en\/wp-json\/wp\/v2\/categories?post=6782"},{"taxonomy":"post_tag","embeddable":true,"href":"https:\/\/lagnoticias.com\/en\/wp-json\/wp\/v2\/tags?post=6782"}],"curies":[{"name":"wp","href":"https:\/\/api.w.org\/{rel}","templated":true}]}}