{"id":6779,"date":"2025-11-07T13:45:33","date_gmt":"2025-11-07T19:45:33","guid":{"rendered":"https:\/\/lagnoticias.com\/?p=6779"},"modified":"2025-11-07T13:45:34","modified_gmt":"2025-11-07T19:45:34","slug":"la-presidenta-de-mexico-claudia-sheinbaum-recibe-a-emmanuel-macron-en-el-palacio-nacional-de-mexico","status":"publish","type":"post","link":"https:\/\/lagnoticias.com\/en\/2025\/11\/07\/la-presidenta-de-mexico-claudia-sheinbaum-recibe-a-emmanuel-macron-en-el-palacio-nacional-de-mexico\/","title":{"rendered":"La presidenta de M\u00e9xico, Claudia Sheinbaum, recibe a Emmanuel Macron en el Palacio Nacional de M\u00e9xico"},"content":{"rendered":"<p>La presidenta de M\u00e9xico,&nbsp;Claudia Sheinbaum, recibi\u00f3 este viernes al presidente de Francia,&nbsp;Emmanuel Macron, en el Palacio Nacional para una visita oficial centrada en la cooperaci\u00f3n pol\u00edtica, econ\u00f3mica y cultural, y en la que&nbsp;M\u00e9xico&nbsp;buscar\u00e1 la restituci\u00f3n de c\u00f3dices hist\u00f3ricos actualmente en Francia.<\/p>\n\n\n\n<p>Se trata de la primera visita oficial de un l\u00edder europeo a M\u00e9xico desde que Sheinbaum asumi\u00f3 el cargo de presidenta en octubre de 2024.<\/p>\n\n\n\n<p>\u00abVamos a hablar de&nbsp;relaci\u00f3n econ\u00f3mica, del&nbsp;acuerdo&nbsp;comercial que se renueva en el 2026 con la Uni\u00f3n Europea y c\u00f3mo va a participar Francia, esencialmente, y de colaboraci\u00f3n en temas de ciencia, cultura e innovaci\u00f3n\u201d, remarc\u00f3 la mandataria el jueves en su conferencia diaria.<\/p>\n\n\n\n<p>El presidente franc\u00e9s lleg\u00f3 a M\u00e9xico procedente de Brasil, donde asisti\u00f3 a la reuni\u00f3n de jefes de Estado de la COP30 de la ciudad de Bel\u00e9m.<\/p>\n\n\n\n<p>Sheinbaum explic\u00f3 que el viaje de Macron incluir\u00e1 un encuentro con empresarios franceses y mexicanos, como parte del fortalecimiento de las relaciones econ\u00f3micas bilaterales, y se prev\u00e9 una conferencia conjunta con el presidente franc\u00e9s.<\/p>\n\n\n\n<p>Asimismo, la mandataria adelant\u00f3 que abordar\u00e1n temas hist\u00f3ricos y culturales, especialmente la solicitud de devoluci\u00f3n de dos c\u00f3dices mexicas, el de Azacatitl\u00e1n y el Borb\u00f3nico, actualmente en Francia.<\/p>\n\n\n\n<p>Por su parte, fuentes del El\u00edseo subrayaron en Par\u00eds que la visita oficial debe servir para estrechar los v\u00ednculos con un pa\u00eds con el que Francia \u00abcomparte muchos valores\u00bb, como la defensa del multilateralismo, la acci\u00f3n feminista o la importancia que da a la soberan\u00eda propia.<\/p>\n\n\n\n<p><\/p>\n\n\n\n<p><\/p>\n\n\n\n<p>(DW)<\/p>","protected":false},"excerpt":{"rendered":"<p>El presidente franc\u00e9s, Emmanuel Macron, visita el pa\u00eds latinoamericano para \u00abfortalecer lazos\u00bb pol\u00edticos y comerciales un a\u00f1o despu\u00e9s de la investidura de la gobernante izquierdista Claudia Sheinbaum.<\/p>","protected":false},"author":2,"featured_media":6780,"comment_status":"open","ping_status":"open","sticky":false,"template":"","format":"standard","meta":{"_et_pb_use_builder":"off","_et_pb_old_content":"","_et_gb_content_width":"","footnotes":""},"categories":[245],"tags":[1668,1032,665,287,1791],"class_list":["post-6779","post","type-post","status-publish","format-standard","has-post-thumbnail","hentry","category-internacionales","tag-claudia-sheinbaum","tag-emmanuel-macron","tag-francia","tag-mexico","tag-presidenta-de-mexico"],"yoast_head":"<!-- This site is optimized with the Yoast SEO plugin v27.4 - https:\/\/yoast.com\/product\/yoast-seo-wordpress\/ -->\n<title>La presidenta de M\u00e9xico, Claudia Sheinbaum, recibe a Emmanuel Macron en el Palacio Nacional de M\u00e9xico - La G Noticias<\/title>\n<meta name=\"robots\" content=\"index, follow, max-snippet:-1, max-image-preview:large, max-video-preview:-1\" \/>\n<link rel=\"canonical\" href=\"https:\/\/lagnoticias.com\/en\/2025\/11\/07\/la-presidenta-de-mexico-claudia-sheinbaum-recibe-a-emmanuel-macron-en-el-palacio-nacional-de-mexico\/\" \/>\n<meta property=\"og:locale\" content=\"en_US\" \/>\n<meta property=\"og:type\" content=\"article\" \/>\n<meta property=\"og:title\" content=\"La presidenta de M\u00e9xico, Claudia Sheinbaum, recibe a Emmanuel Macron en el Palacio Nacional de M\u00e9xico - La G Noticias\" \/>\n<meta property=\"og:description\" content=\"El presidente franc\u00e9s, Emmanuel Macron, visita el pa\u00eds latinoamericano para &quot;fortalecer lazos&quot; pol\u00edticos y comerciales un a\u00f1o despu\u00e9s de la investidura de la gobernante izquierdista Claudia Sheinbaum.\" \/>\n<meta property=\"og:url\" content=\"https:\/\/lagnoticias.com\/en\/2025\/11\/07\/la-presidenta-de-mexico-claudia-sheinbaum-recibe-a-emmanuel-macron-en-el-palacio-nacional-de-mexico\/\" \/>\n<meta property=\"og:site_name\" content=\"La G Noticias\" \/>\n<meta property=\"article:publisher\" content=\"https:\/\/www.facebook.com\/LaGNoticias\" \/>\n<meta property=\"article:published_time\" content=\"2025-11-07T19:45:33+00:00\" \/>\n<meta property=\"article:modified_time\" content=\"2025-11-07T19:45:34+00:00\" \/>\n<meta property=\"og:image\" content=\"https:\/\/lagnoticias.com\/wp-content\/uploads\/2025\/11\/27.jpg\" \/>\n\t<meta property=\"og:image:width\" content=\"982\" \/>\n\t<meta property=\"og:image:height\" content=\"513\" \/>\n\t<meta property=\"og:image:type\" content=\"image\/jpeg\" \/>\n<meta name=\"author\" content=\"Oscar\" \/>\n<meta name=\"twitter:card\" content=\"summary_large_image\" \/>\n<meta name=\"twitter:creator\" content=\"@lagnoticias\" \/>\n<meta name=\"twitter:site\" content=\"@lagnoticias\" \/>\n<meta name=\"twitter:label1\" content=\"Written by\" \/>\n\t<meta name=\"twitter:data1\" content=\"Oscar\" \/>\n\t<meta name=\"twitter:label2\" content=\"Est. reading time\" \/>\n\t<meta name=\"twitter:data2\" content=\"2 minutes\" \/>\n<script type=\"application\/ld+json\" class=\"yoast-schema-graph\">{\"@context\":\"https:\\\/\\\/schema.org\",\"@graph\":[{\"@type\":\"Article\",\"@id\":\"https:\\\/\\\/lagnoticias.com\\\/2025\\\/11\\\/07\\\/la-presidenta-de-mexico-claudia-sheinbaum-recibe-a-emmanuel-macron-en-el-palacio-nacional-de-mexico\\\/#article\",\"isPartOf\":{\"@id\":\"https:\\\/\\\/lagnoticias.com\\\/2025\\\/11\\\/07\\\/la-presidenta-de-mexico-claudia-sheinbaum-recibe-a-emmanuel-macron-en-el-palacio-nacional-de-mexico\\\/\"},\"author\":{\"name\":\"Oscar\",\"@id\":\"https:\\\/\\\/lagnoticias.com\\\/#\\\/schema\\\/person\\\/cb9bfe13f8de05d2c55270be25c6a550\"},\"headline\":\"La presidenta de M\u00e9xico, Claudia Sheinbaum, recibe a Emmanuel Macron en el Palacio Nacional de M\u00e9xico\",\"datePublished\":\"2025-11-07T19:45:33+00:00\",\"dateModified\":\"2025-11-07T19:45:34+00:00\",\"mainEntityOfPage\":{\"@id\":\"https:\\\/\\\/lagnoticias.com\\\/2025\\\/11\\\/07\\\/la-presidenta-de-mexico-claudia-sheinbaum-recibe-a-emmanuel-macron-en-el-palacio-nacional-de-mexico\\\/\"},\"wordCount\":307,\"commentCount\":0,\"image\":{\"@id\":\"https:\\\/\\\/lagnoticias.com\\\/2025\\\/11\\\/07\\\/la-presidenta-de-mexico-claudia-sheinbaum-recibe-a-emmanuel-macron-en-el-palacio-nacional-de-mexico\\\/#primaryimage\"},\"thumbnailUrl\":\"https:\\\/\\\/lagnoticias.com\\\/wp-content\\\/uploads\\\/2025\\\/11\\\/27.jpg\",\"keywords\":[\"Claudia Sheinbaum\",\"EMMANUEL MACRON\",\"francia\",\"M\u00c9XICO\",\"PRESIDENTA DE M\u00c9XICO\"],\"articleSection\":[\"INTERNACIONALES\"],\"inLanguage\":\"en-US\",\"potentialAction\":[{\"@type\":\"CommentAction\",\"name\":\"Comment\",\"target\":[\"https:\\\/\\\/lagnoticias.com\\\/2025\\\/11\\\/07\\\/la-presidenta-de-mexico-claudia-sheinbaum-recibe-a-emmanuel-macron-en-el-palacio-nacional-de-mexico\\\/#respond\"]}]},{\"@type\":\"WebPage\",\"@id\":\"https:\\\/\\\/lagnoticias.com\\\/2025\\\/11\\\/07\\\/la-presidenta-de-mexico-claudia-sheinbaum-recibe-a-emmanuel-macron-en-el-palacio-nacional-de-mexico\\\/\",\"url\":\"https:\\\/\\\/lagnoticias.com\\\/2025\\\/11\\\/07\\\/la-presidenta-de-mexico-claudia-sheinbaum-recibe-a-emmanuel-macron-en-el-palacio-nacional-de-mexico\\\/\",\"name\":\"La presidenta de M\u00e9xico, Claudia Sheinbaum, recibe a Emmanuel Macron en el Palacio Nacional de M\u00e9xico - La G Noticias\",\"isPartOf\":{\"@id\":\"https:\\\/\\\/lagnoticias.com\\\/#website\"},\"primaryImageOfPage\":{\"@id\":\"https:\\\/\\\/lagnoticias.com\\\/2025\\\/11\\\/07\\\/la-presidenta-de-mexico-claudia-sheinbaum-recibe-a-emmanuel-macron-en-el-palacio-nacional-de-mexico\\\/#primaryimage\"},\"image\":{\"@id\":\"https:\\\/\\\/lagnoticias.com\\\/2025\\\/11\\\/07\\\/la-presidenta-de-mexico-claudia-sheinbaum-recibe-a-emmanuel-macron-en-el-palacio-nacional-de-mexico\\\/#primaryimage\"},\"thumbnailUrl\":\"https:\\\/\\\/lagnoticias.com\\\/wp-content\\\/uploads\\\/2025\\\/11\\\/27.jpg\",\"datePublished\":\"2025-11-07T19:45:33+00:00\",\"dateModified\":\"2025-11-07T19:45:34+00:00\",\"author\":{\"@id\":\"https:\\\/\\\/lagnoticias.com\\\/#\\\/schema\\\/person\\\/cb9bfe13f8de05d2c55270be25c6a550\"},\"breadcrumb\":{\"@id\":\"https:\\\/\\\/lagnoticias.com\\\/2025\\\/11\\\/07\\\/la-presidenta-de-mexico-claudia-sheinbaum-recibe-a-emmanuel-macron-en-el-palacio-nacional-de-mexico\\\/#breadcrumb\"},\"inLanguage\":\"en-US\",\"potentialAction\":[{\"@type\":\"ReadAction\",\"target\":[\"https:\\\/\\\/lagnoticias.com\\\/2025\\\/11\\\/07\\\/la-presidenta-de-mexico-claudia-sheinbaum-recibe-a-emmanuel-macron-en-el-palacio-nacional-de-mexico\\\/\"]}]},{\"@type\":\"ImageObject\",\"inLanguage\":\"en-US\",\"@id\":\"https:\\\/\\\/lagnoticias.com\\\/2025\\\/11\\\/07\\\/la-presidenta-de-mexico-claudia-sheinbaum-recibe-a-emmanuel-macron-en-el-palacio-nacional-de-mexico\\\/#primaryimage\",\"url\":\"https:\\\/\\\/lagnoticias.com\\\/wp-content\\\/uploads\\\/2025\\\/11\\\/27.jpg\",\"contentUrl\":\"https:\\\/\\\/lagnoticias.com\\\/wp-content\\\/uploads\\\/2025\\\/11\\\/27.jpg\",\"width\":982,\"height\":513},{\"@type\":\"BreadcrumbList\",\"@id\":\"https:\\\/\\\/lagnoticias.com\\\/2025\\\/11\\\/07\\\/la-presidenta-de-mexico-claudia-sheinbaum-recibe-a-emmanuel-macron-en-el-palacio-nacional-de-mexico\\\/#breadcrumb\",\"itemListElement\":[{\"@type\":\"ListItem\",\"position\":1,\"name\":\"Portada\",\"item\":\"https:\\\/\\\/lagnoticias.com\\\/\"},{\"@type\":\"ListItem\",\"position\":2,\"name\":\"La presidenta de M\u00e9xico, Claudia Sheinbaum, recibe a Emmanuel Macron en el Palacio Nacional de M\u00e9xico\"}]},{\"@type\":\"WebSite\",\"@id\":\"https:\\\/\\\/lagnoticias.com\\\/#website\",\"url\":\"https:\\\/\\\/lagnoticias.com\\\/\",\"name\":\"La G Noticias\",\"description\":\"Noticias Positivas\",\"potentialAction\":[{\"@type\":\"SearchAction\",\"target\":{\"@type\":\"EntryPoint\",\"urlTemplate\":\"https:\\\/\\\/lagnoticias.com\\\/?s={search_term_string}\"},\"query-input\":{\"@type\":\"PropertyValueSpecification\",\"valueRequired\":true,\"valueName\":\"search_term_string\"}}],\"inLanguage\":\"en-US\"},{\"@type\":\"Person\",\"@id\":\"https:\\\/\\\/lagnoticias.com\\\/#\\\/schema\\\/person\\\/cb9bfe13f8de05d2c55270be25c6a550\",\"name\":\"Oscar\",\"image\":{\"@type\":\"ImageObject\",\"inLanguage\":\"en-US\",\"@id\":\"https:\\\/\\\/secure.gravatar.com\\\/avatar\\\/45c195718f652dc7ffdd591dc1f2678956ab7fdadcd359a635edc61304a8c757?s=96&d=mm&r=g\",\"url\":\"https:\\\/\\\/secure.gravatar.com\\\/avatar\\\/45c195718f652dc7ffdd591dc1f2678956ab7fdadcd359a635edc61304a8c757?s=96&d=mm&r=g\",\"contentUrl\":\"https:\\\/\\\/secure.gravatar.com\\\/avatar\\\/45c195718f652dc7ffdd591dc1f2678956ab7fdadcd359a635edc61304a8c757?s=96&d=mm&r=g\",\"caption\":\"Oscar\"},\"url\":\"https:\\\/\\\/lagnoticias.com\\\/en\\\/author\\\/oscar\\\/\"}]}<\/script>\n<!-- \/ Yoast SEO plugin. -->","yoast_head_json":{"title":"La presidenta de M\u00e9xico, Claudia Sheinbaum, recibe a Emmanuel Macron en el Palacio Nacional de M\u00e9xico - La G Noticias","robots":{"index":"index","follow":"follow","max-snippet":"max-snippet:-1","max-image-preview":"max-image-preview:large","max-video-preview":"max-video-preview:-1"},"canonical":"https:\/\/lagnoticias.com\/en\/2025\/11\/07\/la-presidenta-de-mexico-claudia-sheinbaum-recibe-a-emmanuel-macron-en-el-palacio-nacional-de-mexico\/","og_locale":"en_US","og_type":"article","og_title":"La presidenta de M\u00e9xico, Claudia Sheinbaum, recibe a Emmanuel Macron en el Palacio Nacional de M\u00e9xico - La G Noticias","og_description":"El presidente franc\u00e9s, Emmanuel Macron, visita el pa\u00eds latinoamericano para \"fortalecer lazos\" pol\u00edticos y comerciales un a\u00f1o despu\u00e9s de la investidura de la gobernante izquierdista Claudia Sheinbaum.","og_url":"https:\/\/lagnoticias.com\/en\/2025\/11\/07\/la-presidenta-de-mexico-claudia-sheinbaum-recibe-a-emmanuel-macron-en-el-palacio-nacional-de-mexico\/","og_site_name":"La G Noticias","article_publisher":"https:\/\/www.facebook.com\/LaGNoticias","article_published_time":"2025-11-07T19:45:33+00:00","article_modified_time":"2025-11-07T19:45:34+00:00","og_image":[{"width":982,"height":513,"url":"https:\/\/lagnoticias.com\/wp-content\/uploads\/2025\/11\/27.jpg","type":"image\/jpeg"}],"author":"Oscar","twitter_card":"summary_large_image","twitter_creator":"@lagnoticias","twitter_site":"@lagnoticias","twitter_misc":{"Written by":"Oscar","Est. reading time":"2 minutes"},"schema":{"@context":"https:\/\/schema.org","@graph":[{"@type":"Article","@id":"https:\/\/lagnoticias.com\/2025\/11\/07\/la-presidenta-de-mexico-claudia-sheinbaum-recibe-a-emmanuel-macron-en-el-palacio-nacional-de-mexico\/#article","isPartOf":{"@id":"https:\/\/lagnoticias.com\/2025\/11\/07\/la-presidenta-de-mexico-claudia-sheinbaum-recibe-a-emmanuel-macron-en-el-palacio-nacional-de-mexico\/"},"author":{"name":"Oscar","@id":"https:\/\/lagnoticias.com\/#\/schema\/person\/cb9bfe13f8de05d2c55270be25c6a550"},"headline":"La presidenta de M\u00e9xico, Claudia Sheinbaum, recibe a Emmanuel Macron en el Palacio Nacional de M\u00e9xico","datePublished":"2025-11-07T19:45:33+00:00","dateModified":"2025-11-07T19:45:34+00:00","mainEntityOfPage":{"@id":"https:\/\/lagnoticias.com\/2025\/11\/07\/la-presidenta-de-mexico-claudia-sheinbaum-recibe-a-emmanuel-macron-en-el-palacio-nacional-de-mexico\/"},"wordCount":307,"commentCount":0,"image":{"@id":"https:\/\/lagnoticias.com\/2025\/11\/07\/la-presidenta-de-mexico-claudia-sheinbaum-recibe-a-emmanuel-macron-en-el-palacio-nacional-de-mexico\/#primaryimage"},"thumbnailUrl":"https:\/\/lagnoticias.com\/wp-content\/uploads\/2025\/11\/27.jpg","keywords":["Claudia Sheinbaum","EMMANUEL MACRON","francia","M\u00c9XICO","PRESIDENTA DE M\u00c9XICO"],"articleSection":["INTERNACIONALES"],"inLanguage":"en-US","potentialAction":[{"@type":"CommentAction","name":"Comment","target":["https:\/\/lagnoticias.com\/2025\/11\/07\/la-presidenta-de-mexico-claudia-sheinbaum-recibe-a-emmanuel-macron-en-el-palacio-nacional-de-mexico\/#respond"]}]},{"@type":"WebPage","@id":"https:\/\/lagnoticias.com\/2025\/11\/07\/la-presidenta-de-mexico-claudia-sheinbaum-recibe-a-emmanuel-macron-en-el-palacio-nacional-de-mexico\/","url":"https:\/\/lagnoticias.com\/2025\/11\/07\/la-presidenta-de-mexico-claudia-sheinbaum-recibe-a-emmanuel-macron-en-el-palacio-nacional-de-mexico\/","name":"La presidenta de M\u00e9xico, Claudia Sheinbaum, recibe a Emmanuel Macron en el Palacio Nacional de M\u00e9xico - La G Noticias","isPartOf":{"@id":"https:\/\/lagnoticias.com\/#website"},"primaryImageOfPage":{"@id":"https:\/\/lagnoticias.com\/2025\/11\/07\/la-presidenta-de-mexico-claudia-sheinbaum-recibe-a-emmanuel-macron-en-el-palacio-nacional-de-mexico\/#primaryimage"},"image":{"@id":"https:\/\/lagnoticias.com\/2025\/11\/07\/la-presidenta-de-mexico-claudia-sheinbaum-recibe-a-emmanuel-macron-en-el-palacio-nacional-de-mexico\/#primaryimage"},"thumbnailUrl":"https:\/\/lagnoticias.com\/wp-content\/uploads\/2025\/11\/27.jpg","datePublished":"2025-11-07T19:45:33+00:00","dateModified":"2025-11-07T19:45:34+00:00","author":{"@id":"https:\/\/lagnoticias.com\/#\/schema\/person\/cb9bfe13f8de05d2c55270be25c6a550"},"breadcrumb":{"@id":"https:\/\/lagnoticias.com\/2025\/11\/07\/la-presidenta-de-mexico-claudia-sheinbaum-recibe-a-emmanuel-macron-en-el-palacio-nacional-de-mexico\/#breadcrumb"},"inLanguage":"en-US","potentialAction":[{"@type":"ReadAction","target":["https:\/\/lagnoticias.com\/2025\/11\/07\/la-presidenta-de-mexico-claudia-sheinbaum-recibe-a-emmanuel-macron-en-el-palacio-nacional-de-mexico\/"]}]},{"@type":"ImageObject","inLanguage":"en-US","@id":"https:\/\/lagnoticias.com\/2025\/11\/07\/la-presidenta-de-mexico-claudia-sheinbaum-recibe-a-emmanuel-macron-en-el-palacio-nacional-de-mexico\/#primaryimage","url":"https:\/\/lagnoticias.com\/wp-content\/uploads\/2025\/11\/27.jpg","contentUrl":"https:\/\/lagnoticias.com\/wp-content\/uploads\/2025\/11\/27.jpg","width":982,"height":513},{"@type":"BreadcrumbList","@id":"https:\/\/lagnoticias.com\/2025\/11\/07\/la-presidenta-de-mexico-claudia-sheinbaum-recibe-a-emmanuel-macron-en-el-palacio-nacional-de-mexico\/#breadcrumb","itemListElement":[{"@type":"ListItem","position":1,"name":"Portada","item":"https:\/\/lagnoticias.com\/"},{"@type":"ListItem","position":2,"name":"La presidenta de M\u00e9xico, Claudia Sheinbaum, recibe a Emmanuel Macron en el Palacio Nacional de M\u00e9xico"}]},{"@type":"WebSite","@id":"https:\/\/lagnoticias.com\/#website","url":"https:\/\/lagnoticias.com\/","name":"La G Noticias","description":"Noticias Positivas","potentialAction":[{"@type":"SearchAction","target":{"@type":"EntryPoint","urlTemplate":"https:\/\/lagnoticias.com\/?s={search_term_string}"},"query-input":{"@type":"PropertyValueSpecification","valueRequired":true,"valueName":"search_term_string"}}],"inLanguage":"en-US"},{"@type":"Person","@id":"https:\/\/lagnoticias.com\/#\/schema\/person\/cb9bfe13f8de05d2c55270be25c6a550","name":"Oscar","image":{"@type":"ImageObject","inLanguage":"en-US","@id":"https:\/\/secure.gravatar.com\/avatar\/45c195718f652dc7ffdd591dc1f2678956ab7fdadcd359a635edc61304a8c757?s=96&d=mm&r=g","url":"https:\/\/secure.gravatar.com\/avatar\/45c195718f652dc7ffdd591dc1f2678956ab7fdadcd359a635edc61304a8c757?s=96&d=mm&r=g","contentUrl":"https:\/\/secure.gravatar.com\/avatar\/45c195718f652dc7ffdd591dc1f2678956ab7fdadcd359a635edc61304a8c757?s=96&d=mm&r=g","caption":"Oscar"},"url":"https:\/\/lagnoticias.com\/en\/author\/oscar\/"}]}},"_links":{"self":[{"href":"https:\/\/lagnoticias.com\/en\/wp-json\/wp\/v2\/posts\/6779","targetHints":{"allow":["GET"]}}],"collection":[{"href":"https:\/\/lagnoticias.com\/en\/wp-json\/wp\/v2\/posts"}],"about":[{"href":"https:\/\/lagnoticias.com\/en\/wp-json\/wp\/v2\/types\/post"}],"author":[{"embeddable":true,"href":"https:\/\/lagnoticias.com\/en\/wp-json\/wp\/v2\/users\/2"}],"replies":[{"embeddable":true,"href":"https:\/\/lagnoticias.com\/en\/wp-json\/wp\/v2\/comments?post=6779"}],"version-history":[{"count":1,"href":"https:\/\/lagnoticias.com\/en\/wp-json\/wp\/v2\/posts\/6779\/revisions"}],"predecessor-version":[{"id":6781,"href":"https:\/\/lagnoticias.com\/en\/wp-json\/wp\/v2\/posts\/6779\/revisions\/6781"}],"wp:featuredmedia":[{"embeddable":true,"href":"https:\/\/lagnoticias.com\/en\/wp-json\/wp\/v2\/media\/6780"}],"wp:attachment":[{"href":"https:\/\/lagnoticias.com\/en\/wp-json\/wp\/v2\/media?parent=6779"}],"wp:term":[{"taxonomy":"category","embeddable":true,"href":"https:\/\/lagnoticias.com\/en\/wp-json\/wp\/v2\/categories?post=6779"},{"taxonomy":"post_tag","embeddable":true,"href":"https:\/\/lagnoticias.com\/en\/wp-json\/wp\/v2\/tags?post=6779"}],"curies":[{"name":"wp","href":"https:\/\/api.w.org\/{rel}","templated":true}]}}