{"id":6761,"date":"2025-11-07T09:00:03","date_gmt":"2025-11-07T15:00:03","guid":{"rendered":"https:\/\/lagnoticias.com\/?p=6761"},"modified":"2025-11-07T09:00:36","modified_gmt":"2025-11-07T15:00:36","slug":"detienen-a-soldado-que-disparo-accidentalmente-y-causo-la-muerte-de-una-mujer-en-centro-historico-de-san-salvador","status":"publish","type":"post","link":"https:\/\/lagnoticias.com\/en\/2025\/11\/07\/detienen-a-soldado-que-disparo-accidentalmente-y-causo-la-muerte-de-una-mujer-en-centro-historico-de-san-salvador\/","title":{"rendered":"Detienen a soldado que dispar\u00f3 accidentalmente y caus\u00f3 la muerte de una mujer en Centro Hist\u00f3rico de San Salvador"},"content":{"rendered":"<p>La Polic\u00eda Nacional Civil y la Fuerza Armada confirmaron que la mujer que falleci\u00f3 el jueves de una herida de bala en el Centro Hist\u00f3rico de San Salvador&nbsp;recibi\u00f3 un disparo accidental por parte de un soldado destacado en la zona. El soldado fue detenido y ser\u00e1 procesado por homicidio culposo.<\/p>\n\n\n\n<p>El hecho ocurri\u00f3 sobre la Avenida Cuscatl\u00e1n, frente al Palacio Nacional, una de las zonas m\u00e1s transitadas y tur\u00edsticas de la capital.&nbsp;La v\u00edctima se encontraba en una acera cuando fue alcanzada por un proyectil disparado por el soldado Derman Fern\u00e1ndo Jorge Ben\u00edtez, miembro de la Fuerza Armada de El Salvador.<\/p>\n\n\n\n<p>De acuerdo con la PNC, el militar accion\u00f3 accidentalmente su arma de fuego mientras se encontraba de servicio.&nbsp;Tras realizar las pericias correspondientes y recabar testimonios, las autoridades confirmaron que el soldado \u201cfue detenido, ha confesado y ser\u00e1 procesado por el delito de homicidio culposo\u201d.<\/p>\n\n\n\n<p>\u201cLa Polic\u00eda lamenta profundamente este hecho y expresa sus condolencias a la familia de la v\u00edctima\u201d, escribi\u00f3 la instituci\u00f3n en redes sociales.<\/p>\n\n\n\n<p>Por su parte, la Fuerza Armada anunci\u00f3 que entregar\u00e1 una compensaci\u00f3n de $200,000 a la familia de la mujer como muestra de solidaridad y responsabilidad institucional.<\/p>\n\n\n\n<p>\u201cReconocemos el impacto humano y emocional que este suceso provoca (\u2026) se entregar\u00e1 a la familia una compensaci\u00f3n de $200,000 con el fin de brindar ayuda en medio de esta dif\u00edcil situaci\u00f3n\u201d, se\u00f1al\u00f3 la Fuerza Armada en un comunicado.<\/p>\n\n\n\n<p>Adem\u00e1s, la instituci\u00f3n indic\u00f3 que est\u00e1 colaborando con la Polic\u00eda Nacional Civil para esclarecer los hechos y brindar apoyo a los familiares. \u201cSabemos que no hay manera de aliviar lo sucedido, ni llenar el vac\u00edo que deja un ser querido\u201d, agreg\u00f3.<\/p>","protected":false},"excerpt":{"rendered":"<p>La Polic\u00eda Nacional Civil y la Fuerza Armada confirmaron que la mujer que falleci\u00f3 el jueves de una herida de bala en el Centro Hist\u00f3rico de San Salvador&nbsp;recibi\u00f3 un disparo accidental por parte de un soldado destacado en la zona. El soldado fue detenido y ser\u00e1 procesado por homicidio culposo. El hecho ocurri\u00f3 sobre la [&hellip;]<\/p>","protected":false},"author":2,"featured_media":6762,"comment_status":"open","ping_status":"open","sticky":false,"template":"","format":"standard","meta":{"_et_pb_use_builder":"off","_et_pb_old_content":"","_et_gb_content_width":"","footnotes":""},"categories":[244],"tags":[269,267,1782,259,604],"class_list":["post-6761","post","type-post","status-publish","format-standard","has-post-thumbnail","hentry","category-nacionales","tag-centro-historico","tag-el-salvador","tag-fuerza-armada","tag-pnc","tag-san-salvador"],"yoast_head":"<!-- This site is optimized with the Yoast SEO plugin v27.4 - https:\/\/yoast.com\/product\/yoast-seo-wordpress\/ -->\n<title>Detienen a soldado que dispar\u00f3 accidentalmente y caus\u00f3 la muerte de una mujer en Centro Hist\u00f3rico de San Salvador - La G Noticias<\/title>\n<meta name=\"robots\" content=\"index, follow, max-snippet:-1, max-image-preview:large, max-video-preview:-1\" \/>\n<link rel=\"canonical\" href=\"https:\/\/lagnoticias.com\/en\/2025\/11\/07\/detienen-a-soldado-que-disparo-accidentalmente-y-causo-la-muerte-de-una-mujer-en-centro-historico-de-san-salvador\/\" \/>\n<meta property=\"og:locale\" content=\"en_US\" \/>\n<meta property=\"og:type\" content=\"article\" \/>\n<meta property=\"og:title\" content=\"Detienen a soldado que dispar\u00f3 accidentalmente y caus\u00f3 la muerte de una mujer en Centro Hist\u00f3rico de San Salvador - La G Noticias\" \/>\n<meta property=\"og:description\" content=\"La Polic\u00eda Nacional Civil y la Fuerza Armada confirmaron que la mujer que falleci\u00f3 el jueves de una herida de bala en el Centro Hist\u00f3rico de San Salvador&nbsp;recibi\u00f3 un disparo accidental por parte de un soldado destacado en la zona. El soldado fue detenido y ser\u00e1 procesado por homicidio culposo. El hecho ocurri\u00f3 sobre la [&hellip;]\" \/>\n<meta property=\"og:url\" content=\"https:\/\/lagnoticias.com\/en\/2025\/11\/07\/detienen-a-soldado-que-disparo-accidentalmente-y-causo-la-muerte-de-una-mujer-en-centro-historico-de-san-salvador\/\" \/>\n<meta property=\"og:site_name\" content=\"La G Noticias\" \/>\n<meta property=\"article:publisher\" content=\"https:\/\/www.facebook.com\/LaGNoticias\" \/>\n<meta property=\"article:published_time\" content=\"2025-11-07T15:00:03+00:00\" \/>\n<meta property=\"article:modified_time\" content=\"2025-11-07T15:00:36+00:00\" \/>\n<meta property=\"og:image\" content=\"https:\/\/lagnoticias.com\/wp-content\/uploads\/2025\/11\/3-6.jpg\" \/>\n\t<meta property=\"og:image:width\" content=\"591\" \/>\n\t<meta property=\"og:image:height\" content=\"316\" \/>\n\t<meta property=\"og:image:type\" content=\"image\/jpeg\" \/>\n<meta name=\"author\" content=\"Oscar\" \/>\n<meta name=\"twitter:card\" content=\"summary_large_image\" \/>\n<meta name=\"twitter:creator\" content=\"@lagnoticias\" \/>\n<meta name=\"twitter:site\" content=\"@lagnoticias\" \/>\n<meta name=\"twitter:label1\" content=\"Written by\" \/>\n\t<meta name=\"twitter:data1\" content=\"Oscar\" \/>\n\t<meta name=\"twitter:label2\" content=\"Est. reading time\" \/>\n\t<meta name=\"twitter:data2\" content=\"2 minutes\" \/>\n<script type=\"application\/ld+json\" class=\"yoast-schema-graph\">{\"@context\":\"https:\\\/\\\/schema.org\",\"@graph\":[{\"@type\":\"Article\",\"@id\":\"https:\\\/\\\/lagnoticias.com\\\/2025\\\/11\\\/07\\\/detienen-a-soldado-que-disparo-accidentalmente-y-causo-la-muerte-de-una-mujer-en-centro-historico-de-san-salvador\\\/#article\",\"isPartOf\":{\"@id\":\"https:\\\/\\\/lagnoticias.com\\\/2025\\\/11\\\/07\\\/detienen-a-soldado-que-disparo-accidentalmente-y-causo-la-muerte-de-una-mujer-en-centro-historico-de-san-salvador\\\/\"},\"author\":{\"name\":\"Oscar\",\"@id\":\"https:\\\/\\\/lagnoticias.com\\\/#\\\/schema\\\/person\\\/cb9bfe13f8de05d2c55270be25c6a550\"},\"headline\":\"Detienen a soldado que dispar\u00f3 accidentalmente y caus\u00f3 la muerte de una mujer en Centro Hist\u00f3rico de San Salvador\",\"datePublished\":\"2025-11-07T15:00:03+00:00\",\"dateModified\":\"2025-11-07T15:00:36+00:00\",\"mainEntityOfPage\":{\"@id\":\"https:\\\/\\\/lagnoticias.com\\\/2025\\\/11\\\/07\\\/detienen-a-soldado-que-disparo-accidentalmente-y-causo-la-muerte-de-una-mujer-en-centro-historico-de-san-salvador\\\/\"},\"wordCount\":315,\"commentCount\":0,\"image\":{\"@id\":\"https:\\\/\\\/lagnoticias.com\\\/2025\\\/11\\\/07\\\/detienen-a-soldado-que-disparo-accidentalmente-y-causo-la-muerte-de-una-mujer-en-centro-historico-de-san-salvador\\\/#primaryimage\"},\"thumbnailUrl\":\"https:\\\/\\\/lagnoticias.com\\\/wp-content\\\/uploads\\\/2025\\\/11\\\/3-6.jpg\",\"keywords\":[\"CENTRO HIST\u00d3RICO\",\"EL SALVADOR\",\"FUERZA ARMADA\",\"PNC\",\"SAN SALVADOR\"],\"articleSection\":[\"NACIONALES\"],\"inLanguage\":\"en-US\",\"potentialAction\":[{\"@type\":\"CommentAction\",\"name\":\"Comment\",\"target\":[\"https:\\\/\\\/lagnoticias.com\\\/2025\\\/11\\\/07\\\/detienen-a-soldado-que-disparo-accidentalmente-y-causo-la-muerte-de-una-mujer-en-centro-historico-de-san-salvador\\\/#respond\"]}]},{\"@type\":\"WebPage\",\"@id\":\"https:\\\/\\\/lagnoticias.com\\\/2025\\\/11\\\/07\\\/detienen-a-soldado-que-disparo-accidentalmente-y-causo-la-muerte-de-una-mujer-en-centro-historico-de-san-salvador\\\/\",\"url\":\"https:\\\/\\\/lagnoticias.com\\\/2025\\\/11\\\/07\\\/detienen-a-soldado-que-disparo-accidentalmente-y-causo-la-muerte-de-una-mujer-en-centro-historico-de-san-salvador\\\/\",\"name\":\"Detienen a soldado que dispar\u00f3 accidentalmente y caus\u00f3 la muerte de una mujer en Centro Hist\u00f3rico de San Salvador - La G Noticias\",\"isPartOf\":{\"@id\":\"https:\\\/\\\/lagnoticias.com\\\/#website\"},\"primaryImageOfPage\":{\"@id\":\"https:\\\/\\\/lagnoticias.com\\\/2025\\\/11\\\/07\\\/detienen-a-soldado-que-disparo-accidentalmente-y-causo-la-muerte-de-una-mujer-en-centro-historico-de-san-salvador\\\/#primaryimage\"},\"image\":{\"@id\":\"https:\\\/\\\/lagnoticias.com\\\/2025\\\/11\\\/07\\\/detienen-a-soldado-que-disparo-accidentalmente-y-causo-la-muerte-de-una-mujer-en-centro-historico-de-san-salvador\\\/#primaryimage\"},\"thumbnailUrl\":\"https:\\\/\\\/lagnoticias.com\\\/wp-content\\\/uploads\\\/2025\\\/11\\\/3-6.jpg\",\"datePublished\":\"2025-11-07T15:00:03+00:00\",\"dateModified\":\"2025-11-07T15:00:36+00:00\",\"author\":{\"@id\":\"https:\\\/\\\/lagnoticias.com\\\/#\\\/schema\\\/person\\\/cb9bfe13f8de05d2c55270be25c6a550\"},\"breadcrumb\":{\"@id\":\"https:\\\/\\\/lagnoticias.com\\\/2025\\\/11\\\/07\\\/detienen-a-soldado-que-disparo-accidentalmente-y-causo-la-muerte-de-una-mujer-en-centro-historico-de-san-salvador\\\/#breadcrumb\"},\"inLanguage\":\"en-US\",\"potentialAction\":[{\"@type\":\"ReadAction\",\"target\":[\"https:\\\/\\\/lagnoticias.com\\\/2025\\\/11\\\/07\\\/detienen-a-soldado-que-disparo-accidentalmente-y-causo-la-muerte-de-una-mujer-en-centro-historico-de-san-salvador\\\/\"]}]},{\"@type\":\"ImageObject\",\"inLanguage\":\"en-US\",\"@id\":\"https:\\\/\\\/lagnoticias.com\\\/2025\\\/11\\\/07\\\/detienen-a-soldado-que-disparo-accidentalmente-y-causo-la-muerte-de-una-mujer-en-centro-historico-de-san-salvador\\\/#primaryimage\",\"url\":\"https:\\\/\\\/lagnoticias.com\\\/wp-content\\\/uploads\\\/2025\\\/11\\\/3-6.jpg\",\"contentUrl\":\"https:\\\/\\\/lagnoticias.com\\\/wp-content\\\/uploads\\\/2025\\\/11\\\/3-6.jpg\",\"width\":591,\"height\":316},{\"@type\":\"BreadcrumbList\",\"@id\":\"https:\\\/\\\/lagnoticias.com\\\/2025\\\/11\\\/07\\\/detienen-a-soldado-que-disparo-accidentalmente-y-causo-la-muerte-de-una-mujer-en-centro-historico-de-san-salvador\\\/#breadcrumb\",\"itemListElement\":[{\"@type\":\"ListItem\",\"position\":1,\"name\":\"Portada\",\"item\":\"https:\\\/\\\/lagnoticias.com\\\/\"},{\"@type\":\"ListItem\",\"position\":2,\"name\":\"Detienen a soldado que dispar\u00f3 accidentalmente y caus\u00f3 la muerte de una mujer en Centro Hist\u00f3rico de San Salvador\"}]},{\"@type\":\"WebSite\",\"@id\":\"https:\\\/\\\/lagnoticias.com\\\/#website\",\"url\":\"https:\\\/\\\/lagnoticias.com\\\/\",\"name\":\"La G Noticias\",\"description\":\"Noticias Positivas\",\"potentialAction\":[{\"@type\":\"SearchAction\",\"target\":{\"@type\":\"EntryPoint\",\"urlTemplate\":\"https:\\\/\\\/lagnoticias.com\\\/?s={search_term_string}\"},\"query-input\":{\"@type\":\"PropertyValueSpecification\",\"valueRequired\":true,\"valueName\":\"search_term_string\"}}],\"inLanguage\":\"en-US\"},{\"@type\":\"Person\",\"@id\":\"https:\\\/\\\/lagnoticias.com\\\/#\\\/schema\\\/person\\\/cb9bfe13f8de05d2c55270be25c6a550\",\"name\":\"Oscar\",\"image\":{\"@type\":\"ImageObject\",\"inLanguage\":\"en-US\",\"@id\":\"https:\\\/\\\/secure.gravatar.com\\\/avatar\\\/45c195718f652dc7ffdd591dc1f2678956ab7fdadcd359a635edc61304a8c757?s=96&d=mm&r=g\",\"url\":\"https:\\\/\\\/secure.gravatar.com\\\/avatar\\\/45c195718f652dc7ffdd591dc1f2678956ab7fdadcd359a635edc61304a8c757?s=96&d=mm&r=g\",\"contentUrl\":\"https:\\\/\\\/secure.gravatar.com\\\/avatar\\\/45c195718f652dc7ffdd591dc1f2678956ab7fdadcd359a635edc61304a8c757?s=96&d=mm&r=g\",\"caption\":\"Oscar\"},\"url\":\"https:\\\/\\\/lagnoticias.com\\\/en\\\/author\\\/oscar\\\/\"}]}<\/script>\n<!-- \/ Yoast SEO plugin. -->","yoast_head_json":{"title":"Detienen a soldado que dispar\u00f3 accidentalmente y caus\u00f3 la muerte de una mujer en Centro Hist\u00f3rico de San Salvador - La G Noticias","robots":{"index":"index","follow":"follow","max-snippet":"max-snippet:-1","max-image-preview":"max-image-preview:large","max-video-preview":"max-video-preview:-1"},"canonical":"https:\/\/lagnoticias.com\/en\/2025\/11\/07\/detienen-a-soldado-que-disparo-accidentalmente-y-causo-la-muerte-de-una-mujer-en-centro-historico-de-san-salvador\/","og_locale":"en_US","og_type":"article","og_title":"Detienen a soldado que dispar\u00f3 accidentalmente y caus\u00f3 la muerte de una mujer en Centro Hist\u00f3rico de San Salvador - La G Noticias","og_description":"La Polic\u00eda Nacional Civil y la Fuerza Armada confirmaron que la mujer que falleci\u00f3 el jueves de una herida de bala en el Centro Hist\u00f3rico de San Salvador&nbsp;recibi\u00f3 un disparo accidental por parte de un soldado destacado en la zona. El soldado fue detenido y ser\u00e1 procesado por homicidio culposo. El hecho ocurri\u00f3 sobre la [&hellip;]","og_url":"https:\/\/lagnoticias.com\/en\/2025\/11\/07\/detienen-a-soldado-que-disparo-accidentalmente-y-causo-la-muerte-de-una-mujer-en-centro-historico-de-san-salvador\/","og_site_name":"La G Noticias","article_publisher":"https:\/\/www.facebook.com\/LaGNoticias","article_published_time":"2025-11-07T15:00:03+00:00","article_modified_time":"2025-11-07T15:00:36+00:00","og_image":[{"width":591,"height":316,"url":"https:\/\/lagnoticias.com\/wp-content\/uploads\/2025\/11\/3-6.jpg","type":"image\/jpeg"}],"author":"Oscar","twitter_card":"summary_large_image","twitter_creator":"@lagnoticias","twitter_site":"@lagnoticias","twitter_misc":{"Written by":"Oscar","Est. reading time":"2 minutes"},"schema":{"@context":"https:\/\/schema.org","@graph":[{"@type":"Article","@id":"https:\/\/lagnoticias.com\/2025\/11\/07\/detienen-a-soldado-que-disparo-accidentalmente-y-causo-la-muerte-de-una-mujer-en-centro-historico-de-san-salvador\/#article","isPartOf":{"@id":"https:\/\/lagnoticias.com\/2025\/11\/07\/detienen-a-soldado-que-disparo-accidentalmente-y-causo-la-muerte-de-una-mujer-en-centro-historico-de-san-salvador\/"},"author":{"name":"Oscar","@id":"https:\/\/lagnoticias.com\/#\/schema\/person\/cb9bfe13f8de05d2c55270be25c6a550"},"headline":"Detienen a soldado que dispar\u00f3 accidentalmente y caus\u00f3 la muerte de una mujer en Centro Hist\u00f3rico de San Salvador","datePublished":"2025-11-07T15:00:03+00:00","dateModified":"2025-11-07T15:00:36+00:00","mainEntityOfPage":{"@id":"https:\/\/lagnoticias.com\/2025\/11\/07\/detienen-a-soldado-que-disparo-accidentalmente-y-causo-la-muerte-de-una-mujer-en-centro-historico-de-san-salvador\/"},"wordCount":315,"commentCount":0,"image":{"@id":"https:\/\/lagnoticias.com\/2025\/11\/07\/detienen-a-soldado-que-disparo-accidentalmente-y-causo-la-muerte-de-una-mujer-en-centro-historico-de-san-salvador\/#primaryimage"},"thumbnailUrl":"https:\/\/lagnoticias.com\/wp-content\/uploads\/2025\/11\/3-6.jpg","keywords":["CENTRO HIST\u00d3RICO","EL SALVADOR","FUERZA ARMADA","PNC","SAN SALVADOR"],"articleSection":["NACIONALES"],"inLanguage":"en-US","potentialAction":[{"@type":"CommentAction","name":"Comment","target":["https:\/\/lagnoticias.com\/2025\/11\/07\/detienen-a-soldado-que-disparo-accidentalmente-y-causo-la-muerte-de-una-mujer-en-centro-historico-de-san-salvador\/#respond"]}]},{"@type":"WebPage","@id":"https:\/\/lagnoticias.com\/2025\/11\/07\/detienen-a-soldado-que-disparo-accidentalmente-y-causo-la-muerte-de-una-mujer-en-centro-historico-de-san-salvador\/","url":"https:\/\/lagnoticias.com\/2025\/11\/07\/detienen-a-soldado-que-disparo-accidentalmente-y-causo-la-muerte-de-una-mujer-en-centro-historico-de-san-salvador\/","name":"Detienen a soldado que dispar\u00f3 accidentalmente y caus\u00f3 la muerte de una mujer en Centro Hist\u00f3rico de San Salvador - La G Noticias","isPartOf":{"@id":"https:\/\/lagnoticias.com\/#website"},"primaryImageOfPage":{"@id":"https:\/\/lagnoticias.com\/2025\/11\/07\/detienen-a-soldado-que-disparo-accidentalmente-y-causo-la-muerte-de-una-mujer-en-centro-historico-de-san-salvador\/#primaryimage"},"image":{"@id":"https:\/\/lagnoticias.com\/2025\/11\/07\/detienen-a-soldado-que-disparo-accidentalmente-y-causo-la-muerte-de-una-mujer-en-centro-historico-de-san-salvador\/#primaryimage"},"thumbnailUrl":"https:\/\/lagnoticias.com\/wp-content\/uploads\/2025\/11\/3-6.jpg","datePublished":"2025-11-07T15:00:03+00:00","dateModified":"2025-11-07T15:00:36+00:00","author":{"@id":"https:\/\/lagnoticias.com\/#\/schema\/person\/cb9bfe13f8de05d2c55270be25c6a550"},"breadcrumb":{"@id":"https:\/\/lagnoticias.com\/2025\/11\/07\/detienen-a-soldado-que-disparo-accidentalmente-y-causo-la-muerte-de-una-mujer-en-centro-historico-de-san-salvador\/#breadcrumb"},"inLanguage":"en-US","potentialAction":[{"@type":"ReadAction","target":["https:\/\/lagnoticias.com\/2025\/11\/07\/detienen-a-soldado-que-disparo-accidentalmente-y-causo-la-muerte-de-una-mujer-en-centro-historico-de-san-salvador\/"]}]},{"@type":"ImageObject","inLanguage":"en-US","@id":"https:\/\/lagnoticias.com\/2025\/11\/07\/detienen-a-soldado-que-disparo-accidentalmente-y-causo-la-muerte-de-una-mujer-en-centro-historico-de-san-salvador\/#primaryimage","url":"https:\/\/lagnoticias.com\/wp-content\/uploads\/2025\/11\/3-6.jpg","contentUrl":"https:\/\/lagnoticias.com\/wp-content\/uploads\/2025\/11\/3-6.jpg","width":591,"height":316},{"@type":"BreadcrumbList","@id":"https:\/\/lagnoticias.com\/2025\/11\/07\/detienen-a-soldado-que-disparo-accidentalmente-y-causo-la-muerte-de-una-mujer-en-centro-historico-de-san-salvador\/#breadcrumb","itemListElement":[{"@type":"ListItem","position":1,"name":"Portada","item":"https:\/\/lagnoticias.com\/"},{"@type":"ListItem","position":2,"name":"Detienen a soldado que dispar\u00f3 accidentalmente y caus\u00f3 la muerte de una mujer en Centro Hist\u00f3rico de San Salvador"}]},{"@type":"WebSite","@id":"https:\/\/lagnoticias.com\/#website","url":"https:\/\/lagnoticias.com\/","name":"La G Noticias","description":"Noticias Positivas","potentialAction":[{"@type":"SearchAction","target":{"@type":"EntryPoint","urlTemplate":"https:\/\/lagnoticias.com\/?s={search_term_string}"},"query-input":{"@type":"PropertyValueSpecification","valueRequired":true,"valueName":"search_term_string"}}],"inLanguage":"en-US"},{"@type":"Person","@id":"https:\/\/lagnoticias.com\/#\/schema\/person\/cb9bfe13f8de05d2c55270be25c6a550","name":"Oscar","image":{"@type":"ImageObject","inLanguage":"en-US","@id":"https:\/\/secure.gravatar.com\/avatar\/45c195718f652dc7ffdd591dc1f2678956ab7fdadcd359a635edc61304a8c757?s=96&d=mm&r=g","url":"https:\/\/secure.gravatar.com\/avatar\/45c195718f652dc7ffdd591dc1f2678956ab7fdadcd359a635edc61304a8c757?s=96&d=mm&r=g","contentUrl":"https:\/\/secure.gravatar.com\/avatar\/45c195718f652dc7ffdd591dc1f2678956ab7fdadcd359a635edc61304a8c757?s=96&d=mm&r=g","caption":"Oscar"},"url":"https:\/\/lagnoticias.com\/en\/author\/oscar\/"}]}},"_links":{"self":[{"href":"https:\/\/lagnoticias.com\/en\/wp-json\/wp\/v2\/posts\/6761","targetHints":{"allow":["GET"]}}],"collection":[{"href":"https:\/\/lagnoticias.com\/en\/wp-json\/wp\/v2\/posts"}],"about":[{"href":"https:\/\/lagnoticias.com\/en\/wp-json\/wp\/v2\/types\/post"}],"author":[{"embeddable":true,"href":"https:\/\/lagnoticias.com\/en\/wp-json\/wp\/v2\/users\/2"}],"replies":[{"embeddable":true,"href":"https:\/\/lagnoticias.com\/en\/wp-json\/wp\/v2\/comments?post=6761"}],"version-history":[{"count":1,"href":"https:\/\/lagnoticias.com\/en\/wp-json\/wp\/v2\/posts\/6761\/revisions"}],"predecessor-version":[{"id":6763,"href":"https:\/\/lagnoticias.com\/en\/wp-json\/wp\/v2\/posts\/6761\/revisions\/6763"}],"wp:featuredmedia":[{"embeddable":true,"href":"https:\/\/lagnoticias.com\/en\/wp-json\/wp\/v2\/media\/6762"}],"wp:attachment":[{"href":"https:\/\/lagnoticias.com\/en\/wp-json\/wp\/v2\/media?parent=6761"}],"wp:term":[{"taxonomy":"category","embeddable":true,"href":"https:\/\/lagnoticias.com\/en\/wp-json\/wp\/v2\/categories?post=6761"},{"taxonomy":"post_tag","embeddable":true,"href":"https:\/\/lagnoticias.com\/en\/wp-json\/wp\/v2\/tags?post=6761"}],"curies":[{"name":"wp","href":"https:\/\/api.w.org\/{rel}","templated":true}]}}