{"id":6682,"date":"2025-11-05T08:40:24","date_gmt":"2025-11-05T14:40:24","guid":{"rendered":"https:\/\/lagnoticias.com\/?p=6682"},"modified":"2025-11-05T08:40:25","modified_gmt":"2025-11-05T14:40:25","slug":"anda-continua-trabajando-en-la-modernizacion-de-tuberias-de-agua-potable-en-la-libertad","status":"publish","type":"post","link":"https:\/\/lagnoticias.com\/en\/2025\/11\/05\/anda-continua-trabajando-en-la-modernizacion-de-tuberias-de-agua-potable-en-la-libertad\/","title":{"rendered":"ANDA contin\u00faa trabajando en la modernizaci\u00f3n de tuber\u00edas de agua potable en La Libertad"},"content":{"rendered":"<p>En una labor coordinada entre el Ministerio de Obras P\u00fablicas y la Administraci\u00f3n Nacional de Acueductos y Alcantarillados (ANDA), se contin\u00faa con la sustituci\u00f3n de un tramo de tuber\u00edas de agua potable en la calle Gerardo Barrios, en el distrito de La Libertad, en La Libertad Costa.<\/p>\n\n\n\n<p>Durante la noche de martes y la madrugada de este mi\u00e9rcoles, los diferentes equipos de las instituciones del Gobierno ejecutaron labores para garantizar el suministro de agua potable a las miles de familias del sector costero del pa\u00eds, como parte de los trabajos iniciados semanas atr\u00e1s, que buscan poner fin a tuber\u00edas obsoletas.<\/p>\n\n\n\n<p>\u201cCon esta reubicaci\u00f3n de las tuber\u00edas estamos evitando, en primer lugar, que ocurran fugas. En segundo lugar, estamos interconectando las diferentes calles y avenidas a estas tuber\u00edas principales. Este d\u00eda tambi\u00e9n estamos reubicando un hidrante a la orilla de la calle, para que se pueda continuar con el proyecto de cableado subterr\u00e1neo\u201d, explic\u00f3 el presidente de ANDA, Dagoberto Ar\u00e9valo.<\/p>\n\n\n\n<p><\/p>\n\n\n\n<figure class=\"wp-block-image aligncenter size-large\"><img loading=\"lazy\" decoding=\"async\" width=\"1024\" height=\"683\" src=\"https:\/\/lagnoticias.com\/wp-content\/uploads\/2025\/11\/C_IMG_0382-1024x683.jpg\" alt=\"\" class=\"wp-image-6683\" srcset=\"https:\/\/lagnoticias.com\/wp-content\/uploads\/2025\/11\/C_IMG_0382-980x653.jpg 980w, https:\/\/lagnoticias.com\/wp-content\/uploads\/2025\/11\/C_IMG_0382-480x320.jpg 480w\" sizes=\"(min-width: 0px) and (max-width: 480px) 480px, (min-width: 481px) and (max-width: 980px) 980px, (min-width: 981px) 1024px, 100vw\" \/><\/figure>\n\n\n\n<p>\u00a0<\/p>\n\n\n\n<p>Previo al inicio de estos trabajos, la instituci\u00f3n inform\u00f3 las zonas de La Libertad, afectadas debido al corte temporal de agua potable, que son: Mercado del Mar, playas La Paz, Conchal\u00edo y El Obispo; barrio El Calvario, calle Gerardo Barrios, s\u00e9ptima avenida Norte y Sur; quinta avenida norte y sur; primera calle Poniente y avenida Luz.\u00a0 Al finalizar los trabajos, el servicio de agua potable se restablecer\u00e1 gradualmente en estos sectores.<\/p>\n\n\n\n<p>Con estos trabajos, ANDA est\u00e1 reemplazando la tuber\u00eda antigua de asbesto cemento por una nueva de polietileno de alta densidad, un material moderno y resistente que extiende la vida \u00fatil de la red, evita fugas y reduce los costos de mantenimiento.<\/p>\n\n\n\n<p>\u201cCon este trabajo en conjunto con el Ministerio de Obras P\u00fablicas, estamos logrando el objetivo que siempre nos pide el presidente de la Rep\u00fablica, Nayib Bukele, que es una uni\u00f3n entre las instituciones para mejorar el abastecimiento de agua potable para las comunidades\u201d, se\u00f1al\u00f3 el presidente de ANDA.<\/p>","protected":false},"excerpt":{"rendered":"<p>En una labor coordinada entre el Ministerio de Obras P\u00fablicas y la Administraci\u00f3n Nacional de Acueductos y Alcantarillados (ANDA), se contin\u00faa con la sustituci\u00f3n de un tramo de tuber\u00edas de agua potable en la calle Gerardo Barrios, en el distrito de La Libertad, en La Libertad Costa. Durante la noche de martes y la madrugada [&hellip;]<\/p>","protected":false},"author":2,"featured_media":6684,"comment_status":"open","ping_status":"open","sticky":false,"template":"","format":"standard","meta":{"_et_pb_use_builder":"off","_et_pb_old_content":"","_et_gb_content_width":"","footnotes":""},"categories":[244],"tags":[356,355,1755,267],"class_list":["post-6682","post","type-post","status-publish","format-standard","has-post-thumbnail","hentry","category-nacionales","tag-agua-potable","tag-anda","tag-cambio-de-tuberias","tag-el-salvador"],"yoast_head":"<!-- This site is optimized with the Yoast SEO plugin v27.4 - https:\/\/yoast.com\/product\/yoast-seo-wordpress\/ -->\n<title>ANDA contin\u00faa trabajando en la modernizaci\u00f3n de tuber\u00edas de agua potable en La Libertad - La G Noticias<\/title>\n<meta name=\"robots\" content=\"index, follow, max-snippet:-1, max-image-preview:large, max-video-preview:-1\" \/>\n<link rel=\"canonical\" href=\"https:\/\/lagnoticias.com\/en\/2025\/11\/05\/anda-continua-trabajando-en-la-modernizacion-de-tuberias-de-agua-potable-en-la-libertad\/\" \/>\n<meta property=\"og:locale\" content=\"en_US\" \/>\n<meta property=\"og:type\" content=\"article\" \/>\n<meta property=\"og:title\" content=\"ANDA contin\u00faa trabajando en la modernizaci\u00f3n de tuber\u00edas de agua potable en La Libertad - La G Noticias\" \/>\n<meta property=\"og:description\" content=\"En una labor coordinada entre el Ministerio de Obras P\u00fablicas y la Administraci\u00f3n Nacional de Acueductos y Alcantarillados (ANDA), se contin\u00faa con la sustituci\u00f3n de un tramo de tuber\u00edas de agua potable en la calle Gerardo Barrios, en el distrito de La Libertad, en La Libertad Costa. Durante la noche de martes y la madrugada [&hellip;]\" \/>\n<meta property=\"og:url\" content=\"https:\/\/lagnoticias.com\/en\/2025\/11\/05\/anda-continua-trabajando-en-la-modernizacion-de-tuberias-de-agua-potable-en-la-libertad\/\" \/>\n<meta property=\"og:site_name\" content=\"La G Noticias\" \/>\n<meta property=\"article:publisher\" content=\"https:\/\/www.facebook.com\/LaGNoticias\" \/>\n<meta property=\"article:published_time\" content=\"2025-11-05T14:40:24+00:00\" \/>\n<meta property=\"article:modified_time\" content=\"2025-11-05T14:40:25+00:00\" \/>\n<meta property=\"og:image\" content=\"https:\/\/lagnoticias.com\/wp-content\/uploads\/2025\/11\/C_WhatsApp-Image-2025-11-04-at-9.24.54-p.-m-scaled.jpg\" \/>\n\t<meta property=\"og:image:width\" content=\"2560\" \/>\n\t<meta property=\"og:image:height\" content=\"1707\" \/>\n\t<meta property=\"og:image:type\" content=\"image\/jpeg\" \/>\n<meta name=\"author\" content=\"Oscar\" \/>\n<meta name=\"twitter:card\" content=\"summary_large_image\" \/>\n<meta name=\"twitter:creator\" content=\"@lagnoticias\" \/>\n<meta name=\"twitter:site\" content=\"@lagnoticias\" \/>\n<meta name=\"twitter:label1\" content=\"Written by\" \/>\n\t<meta name=\"twitter:data1\" content=\"Oscar\" \/>\n\t<meta name=\"twitter:label2\" content=\"Est. reading time\" \/>\n\t<meta name=\"twitter:data2\" content=\"2 minutes\" \/>\n<script type=\"application\/ld+json\" class=\"yoast-schema-graph\">{\"@context\":\"https:\\\/\\\/schema.org\",\"@graph\":[{\"@type\":\"Article\",\"@id\":\"https:\\\/\\\/lagnoticias.com\\\/2025\\\/11\\\/05\\\/anda-continua-trabajando-en-la-modernizacion-de-tuberias-de-agua-potable-en-la-libertad\\\/#article\",\"isPartOf\":{\"@id\":\"https:\\\/\\\/lagnoticias.com\\\/2025\\\/11\\\/05\\\/anda-continua-trabajando-en-la-modernizacion-de-tuberias-de-agua-potable-en-la-libertad\\\/\"},\"author\":{\"name\":\"Oscar\",\"@id\":\"https:\\\/\\\/lagnoticias.com\\\/#\\\/schema\\\/person\\\/cb9bfe13f8de05d2c55270be25c6a550\"},\"headline\":\"ANDA contin\u00faa trabajando en la modernizaci\u00f3n de tuber\u00edas de agua potable en La Libertad\",\"datePublished\":\"2025-11-05T14:40:24+00:00\",\"dateModified\":\"2025-11-05T14:40:25+00:00\",\"mainEntityOfPage\":{\"@id\":\"https:\\\/\\\/lagnoticias.com\\\/2025\\\/11\\\/05\\\/anda-continua-trabajando-en-la-modernizacion-de-tuberias-de-agua-potable-en-la-libertad\\\/\"},\"wordCount\":360,\"commentCount\":0,\"image\":{\"@id\":\"https:\\\/\\\/lagnoticias.com\\\/2025\\\/11\\\/05\\\/anda-continua-trabajando-en-la-modernizacion-de-tuberias-de-agua-potable-en-la-libertad\\\/#primaryimage\"},\"thumbnailUrl\":\"https:\\\/\\\/lagnoticias.com\\\/wp-content\\\/uploads\\\/2025\\\/11\\\/C_WhatsApp-Image-2025-11-04-at-9.24.54-p.-m-scaled.jpg\",\"keywords\":[\"AGUA POTABLE\",\"ANDA\",\"CAMBIO DE TUBER\u00cdAS\",\"EL SALVADOR\"],\"articleSection\":[\"NACIONALES\"],\"inLanguage\":\"en-US\",\"potentialAction\":[{\"@type\":\"CommentAction\",\"name\":\"Comment\",\"target\":[\"https:\\\/\\\/lagnoticias.com\\\/2025\\\/11\\\/05\\\/anda-continua-trabajando-en-la-modernizacion-de-tuberias-de-agua-potable-en-la-libertad\\\/#respond\"]}]},{\"@type\":\"WebPage\",\"@id\":\"https:\\\/\\\/lagnoticias.com\\\/2025\\\/11\\\/05\\\/anda-continua-trabajando-en-la-modernizacion-de-tuberias-de-agua-potable-en-la-libertad\\\/\",\"url\":\"https:\\\/\\\/lagnoticias.com\\\/2025\\\/11\\\/05\\\/anda-continua-trabajando-en-la-modernizacion-de-tuberias-de-agua-potable-en-la-libertad\\\/\",\"name\":\"ANDA contin\u00faa trabajando en la modernizaci\u00f3n de tuber\u00edas de agua potable en La Libertad - La G Noticias\",\"isPartOf\":{\"@id\":\"https:\\\/\\\/lagnoticias.com\\\/#website\"},\"primaryImageOfPage\":{\"@id\":\"https:\\\/\\\/lagnoticias.com\\\/2025\\\/11\\\/05\\\/anda-continua-trabajando-en-la-modernizacion-de-tuberias-de-agua-potable-en-la-libertad\\\/#primaryimage\"},\"image\":{\"@id\":\"https:\\\/\\\/lagnoticias.com\\\/2025\\\/11\\\/05\\\/anda-continua-trabajando-en-la-modernizacion-de-tuberias-de-agua-potable-en-la-libertad\\\/#primaryimage\"},\"thumbnailUrl\":\"https:\\\/\\\/lagnoticias.com\\\/wp-content\\\/uploads\\\/2025\\\/11\\\/C_WhatsApp-Image-2025-11-04-at-9.24.54-p.-m-scaled.jpg\",\"datePublished\":\"2025-11-05T14:40:24+00:00\",\"dateModified\":\"2025-11-05T14:40:25+00:00\",\"author\":{\"@id\":\"https:\\\/\\\/lagnoticias.com\\\/#\\\/schema\\\/person\\\/cb9bfe13f8de05d2c55270be25c6a550\"},\"breadcrumb\":{\"@id\":\"https:\\\/\\\/lagnoticias.com\\\/2025\\\/11\\\/05\\\/anda-continua-trabajando-en-la-modernizacion-de-tuberias-de-agua-potable-en-la-libertad\\\/#breadcrumb\"},\"inLanguage\":\"en-US\",\"potentialAction\":[{\"@type\":\"ReadAction\",\"target\":[\"https:\\\/\\\/lagnoticias.com\\\/2025\\\/11\\\/05\\\/anda-continua-trabajando-en-la-modernizacion-de-tuberias-de-agua-potable-en-la-libertad\\\/\"]}]},{\"@type\":\"ImageObject\",\"inLanguage\":\"en-US\",\"@id\":\"https:\\\/\\\/lagnoticias.com\\\/2025\\\/11\\\/05\\\/anda-continua-trabajando-en-la-modernizacion-de-tuberias-de-agua-potable-en-la-libertad\\\/#primaryimage\",\"url\":\"https:\\\/\\\/lagnoticias.com\\\/wp-content\\\/uploads\\\/2025\\\/11\\\/C_WhatsApp-Image-2025-11-04-at-9.24.54-p.-m-scaled.jpg\",\"contentUrl\":\"https:\\\/\\\/lagnoticias.com\\\/wp-content\\\/uploads\\\/2025\\\/11\\\/C_WhatsApp-Image-2025-11-04-at-9.24.54-p.-m-scaled.jpg\",\"width\":2560,\"height\":1707},{\"@type\":\"BreadcrumbList\",\"@id\":\"https:\\\/\\\/lagnoticias.com\\\/2025\\\/11\\\/05\\\/anda-continua-trabajando-en-la-modernizacion-de-tuberias-de-agua-potable-en-la-libertad\\\/#breadcrumb\",\"itemListElement\":[{\"@type\":\"ListItem\",\"position\":1,\"name\":\"Portada\",\"item\":\"https:\\\/\\\/lagnoticias.com\\\/\"},{\"@type\":\"ListItem\",\"position\":2,\"name\":\"ANDA contin\u00faa trabajando en la modernizaci\u00f3n de tuber\u00edas de agua potable en La Libertad\"}]},{\"@type\":\"WebSite\",\"@id\":\"https:\\\/\\\/lagnoticias.com\\\/#website\",\"url\":\"https:\\\/\\\/lagnoticias.com\\\/\",\"name\":\"La G Noticias\",\"description\":\"Noticias Positivas\",\"potentialAction\":[{\"@type\":\"SearchAction\",\"target\":{\"@type\":\"EntryPoint\",\"urlTemplate\":\"https:\\\/\\\/lagnoticias.com\\\/?s={search_term_string}\"},\"query-input\":{\"@type\":\"PropertyValueSpecification\",\"valueRequired\":true,\"valueName\":\"search_term_string\"}}],\"inLanguage\":\"en-US\"},{\"@type\":\"Person\",\"@id\":\"https:\\\/\\\/lagnoticias.com\\\/#\\\/schema\\\/person\\\/cb9bfe13f8de05d2c55270be25c6a550\",\"name\":\"Oscar\",\"image\":{\"@type\":\"ImageObject\",\"inLanguage\":\"en-US\",\"@id\":\"https:\\\/\\\/secure.gravatar.com\\\/avatar\\\/45c195718f652dc7ffdd591dc1f2678956ab7fdadcd359a635edc61304a8c757?s=96&d=mm&r=g\",\"url\":\"https:\\\/\\\/secure.gravatar.com\\\/avatar\\\/45c195718f652dc7ffdd591dc1f2678956ab7fdadcd359a635edc61304a8c757?s=96&d=mm&r=g\",\"contentUrl\":\"https:\\\/\\\/secure.gravatar.com\\\/avatar\\\/45c195718f652dc7ffdd591dc1f2678956ab7fdadcd359a635edc61304a8c757?s=96&d=mm&r=g\",\"caption\":\"Oscar\"},\"url\":\"https:\\\/\\\/lagnoticias.com\\\/en\\\/author\\\/oscar\\\/\"}]}<\/script>\n<!-- \/ Yoast SEO plugin. -->","yoast_head_json":{"title":"ANDA contin\u00faa trabajando en la modernizaci\u00f3n de tuber\u00edas de agua potable en La Libertad - La G Noticias","robots":{"index":"index","follow":"follow","max-snippet":"max-snippet:-1","max-image-preview":"max-image-preview:large","max-video-preview":"max-video-preview:-1"},"canonical":"https:\/\/lagnoticias.com\/en\/2025\/11\/05\/anda-continua-trabajando-en-la-modernizacion-de-tuberias-de-agua-potable-en-la-libertad\/","og_locale":"en_US","og_type":"article","og_title":"ANDA contin\u00faa trabajando en la modernizaci\u00f3n de tuber\u00edas de agua potable en La Libertad - La G Noticias","og_description":"En una labor coordinada entre el Ministerio de Obras P\u00fablicas y la Administraci\u00f3n Nacional de Acueductos y Alcantarillados (ANDA), se contin\u00faa con la sustituci\u00f3n de un tramo de tuber\u00edas de agua potable en la calle Gerardo Barrios, en el distrito de La Libertad, en La Libertad Costa. Durante la noche de martes y la madrugada [&hellip;]","og_url":"https:\/\/lagnoticias.com\/en\/2025\/11\/05\/anda-continua-trabajando-en-la-modernizacion-de-tuberias-de-agua-potable-en-la-libertad\/","og_site_name":"La G Noticias","article_publisher":"https:\/\/www.facebook.com\/LaGNoticias","article_published_time":"2025-11-05T14:40:24+00:00","article_modified_time":"2025-11-05T14:40:25+00:00","og_image":[{"width":2560,"height":1707,"url":"https:\/\/lagnoticias.com\/wp-content\/uploads\/2025\/11\/C_WhatsApp-Image-2025-11-04-at-9.24.54-p.-m-scaled.jpg","type":"image\/jpeg"}],"author":"Oscar","twitter_card":"summary_large_image","twitter_creator":"@lagnoticias","twitter_site":"@lagnoticias","twitter_misc":{"Written by":"Oscar","Est. reading time":"2 minutes"},"schema":{"@context":"https:\/\/schema.org","@graph":[{"@type":"Article","@id":"https:\/\/lagnoticias.com\/2025\/11\/05\/anda-continua-trabajando-en-la-modernizacion-de-tuberias-de-agua-potable-en-la-libertad\/#article","isPartOf":{"@id":"https:\/\/lagnoticias.com\/2025\/11\/05\/anda-continua-trabajando-en-la-modernizacion-de-tuberias-de-agua-potable-en-la-libertad\/"},"author":{"name":"Oscar","@id":"https:\/\/lagnoticias.com\/#\/schema\/person\/cb9bfe13f8de05d2c55270be25c6a550"},"headline":"ANDA contin\u00faa trabajando en la modernizaci\u00f3n de tuber\u00edas de agua potable en La Libertad","datePublished":"2025-11-05T14:40:24+00:00","dateModified":"2025-11-05T14:40:25+00:00","mainEntityOfPage":{"@id":"https:\/\/lagnoticias.com\/2025\/11\/05\/anda-continua-trabajando-en-la-modernizacion-de-tuberias-de-agua-potable-en-la-libertad\/"},"wordCount":360,"commentCount":0,"image":{"@id":"https:\/\/lagnoticias.com\/2025\/11\/05\/anda-continua-trabajando-en-la-modernizacion-de-tuberias-de-agua-potable-en-la-libertad\/#primaryimage"},"thumbnailUrl":"https:\/\/lagnoticias.com\/wp-content\/uploads\/2025\/11\/C_WhatsApp-Image-2025-11-04-at-9.24.54-p.-m-scaled.jpg","keywords":["AGUA POTABLE","ANDA","CAMBIO DE TUBER\u00cdAS","EL SALVADOR"],"articleSection":["NACIONALES"],"inLanguage":"en-US","potentialAction":[{"@type":"CommentAction","name":"Comment","target":["https:\/\/lagnoticias.com\/2025\/11\/05\/anda-continua-trabajando-en-la-modernizacion-de-tuberias-de-agua-potable-en-la-libertad\/#respond"]}]},{"@type":"WebPage","@id":"https:\/\/lagnoticias.com\/2025\/11\/05\/anda-continua-trabajando-en-la-modernizacion-de-tuberias-de-agua-potable-en-la-libertad\/","url":"https:\/\/lagnoticias.com\/2025\/11\/05\/anda-continua-trabajando-en-la-modernizacion-de-tuberias-de-agua-potable-en-la-libertad\/","name":"ANDA contin\u00faa trabajando en la modernizaci\u00f3n de tuber\u00edas de agua potable en La Libertad - La G Noticias","isPartOf":{"@id":"https:\/\/lagnoticias.com\/#website"},"primaryImageOfPage":{"@id":"https:\/\/lagnoticias.com\/2025\/11\/05\/anda-continua-trabajando-en-la-modernizacion-de-tuberias-de-agua-potable-en-la-libertad\/#primaryimage"},"image":{"@id":"https:\/\/lagnoticias.com\/2025\/11\/05\/anda-continua-trabajando-en-la-modernizacion-de-tuberias-de-agua-potable-en-la-libertad\/#primaryimage"},"thumbnailUrl":"https:\/\/lagnoticias.com\/wp-content\/uploads\/2025\/11\/C_WhatsApp-Image-2025-11-04-at-9.24.54-p.-m-scaled.jpg","datePublished":"2025-11-05T14:40:24+00:00","dateModified":"2025-11-05T14:40:25+00:00","author":{"@id":"https:\/\/lagnoticias.com\/#\/schema\/person\/cb9bfe13f8de05d2c55270be25c6a550"},"breadcrumb":{"@id":"https:\/\/lagnoticias.com\/2025\/11\/05\/anda-continua-trabajando-en-la-modernizacion-de-tuberias-de-agua-potable-en-la-libertad\/#breadcrumb"},"inLanguage":"en-US","potentialAction":[{"@type":"ReadAction","target":["https:\/\/lagnoticias.com\/2025\/11\/05\/anda-continua-trabajando-en-la-modernizacion-de-tuberias-de-agua-potable-en-la-libertad\/"]}]},{"@type":"ImageObject","inLanguage":"en-US","@id":"https:\/\/lagnoticias.com\/2025\/11\/05\/anda-continua-trabajando-en-la-modernizacion-de-tuberias-de-agua-potable-en-la-libertad\/#primaryimage","url":"https:\/\/lagnoticias.com\/wp-content\/uploads\/2025\/11\/C_WhatsApp-Image-2025-11-04-at-9.24.54-p.-m-scaled.jpg","contentUrl":"https:\/\/lagnoticias.com\/wp-content\/uploads\/2025\/11\/C_WhatsApp-Image-2025-11-04-at-9.24.54-p.-m-scaled.jpg","width":2560,"height":1707},{"@type":"BreadcrumbList","@id":"https:\/\/lagnoticias.com\/2025\/11\/05\/anda-continua-trabajando-en-la-modernizacion-de-tuberias-de-agua-potable-en-la-libertad\/#breadcrumb","itemListElement":[{"@type":"ListItem","position":1,"name":"Portada","item":"https:\/\/lagnoticias.com\/"},{"@type":"ListItem","position":2,"name":"ANDA contin\u00faa trabajando en la modernizaci\u00f3n de tuber\u00edas de agua potable en La Libertad"}]},{"@type":"WebSite","@id":"https:\/\/lagnoticias.com\/#website","url":"https:\/\/lagnoticias.com\/","name":"La G Noticias","description":"Noticias Positivas","potentialAction":[{"@type":"SearchAction","target":{"@type":"EntryPoint","urlTemplate":"https:\/\/lagnoticias.com\/?s={search_term_string}"},"query-input":{"@type":"PropertyValueSpecification","valueRequired":true,"valueName":"search_term_string"}}],"inLanguage":"en-US"},{"@type":"Person","@id":"https:\/\/lagnoticias.com\/#\/schema\/person\/cb9bfe13f8de05d2c55270be25c6a550","name":"Oscar","image":{"@type":"ImageObject","inLanguage":"en-US","@id":"https:\/\/secure.gravatar.com\/avatar\/45c195718f652dc7ffdd591dc1f2678956ab7fdadcd359a635edc61304a8c757?s=96&d=mm&r=g","url":"https:\/\/secure.gravatar.com\/avatar\/45c195718f652dc7ffdd591dc1f2678956ab7fdadcd359a635edc61304a8c757?s=96&d=mm&r=g","contentUrl":"https:\/\/secure.gravatar.com\/avatar\/45c195718f652dc7ffdd591dc1f2678956ab7fdadcd359a635edc61304a8c757?s=96&d=mm&r=g","caption":"Oscar"},"url":"https:\/\/lagnoticias.com\/en\/author\/oscar\/"}]}},"_links":{"self":[{"href":"https:\/\/lagnoticias.com\/en\/wp-json\/wp\/v2\/posts\/6682","targetHints":{"allow":["GET"]}}],"collection":[{"href":"https:\/\/lagnoticias.com\/en\/wp-json\/wp\/v2\/posts"}],"about":[{"href":"https:\/\/lagnoticias.com\/en\/wp-json\/wp\/v2\/types\/post"}],"author":[{"embeddable":true,"href":"https:\/\/lagnoticias.com\/en\/wp-json\/wp\/v2\/users\/2"}],"replies":[{"embeddable":true,"href":"https:\/\/lagnoticias.com\/en\/wp-json\/wp\/v2\/comments?post=6682"}],"version-history":[{"count":1,"href":"https:\/\/lagnoticias.com\/en\/wp-json\/wp\/v2\/posts\/6682\/revisions"}],"predecessor-version":[{"id":6685,"href":"https:\/\/lagnoticias.com\/en\/wp-json\/wp\/v2\/posts\/6682\/revisions\/6685"}],"wp:featuredmedia":[{"embeddable":true,"href":"https:\/\/lagnoticias.com\/en\/wp-json\/wp\/v2\/media\/6684"}],"wp:attachment":[{"href":"https:\/\/lagnoticias.com\/en\/wp-json\/wp\/v2\/media?parent=6682"}],"wp:term":[{"taxonomy":"category","embeddable":true,"href":"https:\/\/lagnoticias.com\/en\/wp-json\/wp\/v2\/categories?post=6682"},{"taxonomy":"post_tag","embeddable":true,"href":"https:\/\/lagnoticias.com\/en\/wp-json\/wp\/v2\/tags?post=6682"}],"curies":[{"name":"wp","href":"https:\/\/api.w.org\/{rel}","templated":true}]}}