{"id":6678,"date":"2025-11-05T08:29:58","date_gmt":"2025-11-05T14:29:58","guid":{"rendered":"https:\/\/lagnoticias.com\/?p=6678"},"modified":"2025-11-05T08:30:12","modified_gmt":"2025-11-05T14:30:12","slug":"el-salvador-enviara-nuevo-cargamento-con-suministros-basico-de-primera-necesidad-a-jamaica","status":"publish","type":"post","link":"https:\/\/lagnoticias.com\/en\/2025\/11\/05\/el-salvador-enviara-nuevo-cargamento-con-suministros-basico-de-primera-necesidad-a-jamaica\/","title":{"rendered":"El Salvador enviar\u00e1 nuevo cargamento con suministros b\u00e1sico de primera necesidad a Jamaica"},"content":{"rendered":"<p>El Gobierno de El Salvador trabaj\u00f3 en la preparaci\u00f3n de un nuevo env\u00edo de suministros hacia Jamaica para ayudar ante la crisis que enfrenta la isla, debido a la cat\u00e1strofe ocasionada por el hurac\u00e1n Melissa, que azot\u00f3 con fuerza ese territorio y ha generado severos da\u00f1os en infraestructura y servicios p\u00fablicos.<\/p>\n\n\n\n<p>Tras conocer el impacto del cicl\u00f3n tropical en el pa\u00eds insular, el Gobierno se activ\u00f3 para enviar 50 toneladas de suministros y un contingente de 300 profesionales de instituciones como Protecci\u00f3n Civil, Polic\u00eda Nacional Civil (PNC), Ministerio de Salud, Sistema de Emergencias M\u00e9dicas (SEM), Cuerpo de Bomberos de El Salvador y de la Fuerza Armada.&nbsp;<\/p>\n\n\n\n<p>En ese sentido, el pa\u00eds prepar\u00f3 diferentes env\u00edos de insumos b\u00e1sicos para apoyar a los afectados. Personal de distintas instituciones se encargaron del embalaje de productos de primera necesidad en la Aduana Terrestre San Bartolo, en el distrito de Ilopango, municipio de San Salvador Este, desde tempranas horas de este d\u00eda.<\/p>\n\n\n\n<p>Posterior al proceso de embalaje, los paquetes fueron trasladados hacia el Aeropuerto Internacional de El Salvador San \u00d3scar Arnulfo Romero y Gald\u00e1mez, desde donde partir\u00e1 la ayuda que contempla medicinas, ropa, herramientas, agua embotellada y alimentos no perecederos.&nbsp;<\/p>\n\n\n\n<p>Todos los insumos han sido seleccionados con base a las necesidades identificadas en las zonas afectadas por el hurac\u00e1n, que toc\u00f3 tierra el pasado 28 de octubre como categor\u00eda 5 y ha dejado muchas ciudades sin comunicaci\u00f3n ni servicio de Internet.<\/p>\n\n\n\n<p>La log\u00edstica y coordinaci\u00f3n para este env\u00edo ha sido producto de un trabajo interinstitucional, que responde a la necesidad de solidarizarse y extender una mano amiga hacia pa\u00edses que enfrentan crisis.<\/p>","protected":false},"excerpt":{"rendered":"<p>El Gobierno de El Salvador trabaj\u00f3 en la preparaci\u00f3n de un nuevo env\u00edo de suministros hacia Jamaica para ayudar ante la crisis que enfrenta la isla, debido a la cat\u00e1strofe ocasionada por el hurac\u00e1n Melissa, que azot\u00f3 con fuerza ese territorio y ha generado severos da\u00f1os en infraestructura y servicios p\u00fablicos. Tras conocer el impacto [&hellip;]<\/p>","protected":false},"author":2,"featured_media":6679,"comment_status":"open","ping_status":"open","sticky":false,"template":"","format":"standard","meta":{"_et_pb_use_builder":"off","_et_pb_old_content":"","_et_gb_content_width":"","footnotes":""},"categories":[679,244],"tags":[1754,267,268,1661,1464],"class_list":["post-6678","post","type-post","status-publish","format-standard","has-post-thumbnail","hentry","category-destacados","category-nacionales","tag-ayuda-humanitaria","tag-el-salvador","tag-gobierno-de-el-salvador","tag-huracan-melissa","tag-jamaica"],"yoast_head":"<!-- This site is optimized with the Yoast SEO plugin v27.4 - https:\/\/yoast.com\/product\/yoast-seo-wordpress\/ -->\n<title>El Salvador enviar\u00e1 nuevo cargamento con suministros b\u00e1sico de primera necesidad a Jamaica - La G Noticias<\/title>\n<meta name=\"robots\" content=\"index, follow, max-snippet:-1, max-image-preview:large, max-video-preview:-1\" \/>\n<link rel=\"canonical\" href=\"https:\/\/lagnoticias.com\/en\/2025\/11\/05\/el-salvador-enviara-nuevo-cargamento-con-suministros-basico-de-primera-necesidad-a-jamaica\/\" \/>\n<meta property=\"og:locale\" content=\"en_US\" \/>\n<meta property=\"og:type\" content=\"article\" \/>\n<meta property=\"og:title\" content=\"El Salvador enviar\u00e1 nuevo cargamento con suministros b\u00e1sico de primera necesidad a Jamaica - La G Noticias\" \/>\n<meta property=\"og:description\" content=\"El Gobierno de El Salvador trabaj\u00f3 en la preparaci\u00f3n de un nuevo env\u00edo de suministros hacia Jamaica para ayudar ante la crisis que enfrenta la isla, debido a la cat\u00e1strofe ocasionada por el hurac\u00e1n Melissa, que azot\u00f3 con fuerza ese territorio y ha generado severos da\u00f1os en infraestructura y servicios p\u00fablicos. Tras conocer el impacto [&hellip;]\" \/>\n<meta property=\"og:url\" content=\"https:\/\/lagnoticias.com\/en\/2025\/11\/05\/el-salvador-enviara-nuevo-cargamento-con-suministros-basico-de-primera-necesidad-a-jamaica\/\" \/>\n<meta property=\"og:site_name\" content=\"La G Noticias\" \/>\n<meta property=\"article:publisher\" content=\"https:\/\/www.facebook.com\/LaGNoticias\" \/>\n<meta property=\"article:published_time\" content=\"2025-11-05T14:29:58+00:00\" \/>\n<meta property=\"article:modified_time\" content=\"2025-11-05T14:30:12+00:00\" \/>\n<meta property=\"og:image\" content=\"https:\/\/lagnoticias.com\/wp-content\/uploads\/2025\/11\/C_PEP01763-scaled.jpg\" \/>\n\t<meta property=\"og:image:width\" content=\"2560\" \/>\n\t<meta property=\"og:image:height\" content=\"1706\" \/>\n\t<meta property=\"og:image:type\" content=\"image\/jpeg\" \/>\n<meta name=\"author\" content=\"Oscar\" \/>\n<meta name=\"twitter:card\" content=\"summary_large_image\" \/>\n<meta name=\"twitter:creator\" content=\"@lagnoticias\" \/>\n<meta name=\"twitter:site\" content=\"@lagnoticias\" \/>\n<meta name=\"twitter:label1\" content=\"Written by\" \/>\n\t<meta name=\"twitter:data1\" content=\"Oscar\" \/>\n\t<meta name=\"twitter:label2\" content=\"Est. reading time\" \/>\n\t<meta name=\"twitter:data2\" content=\"2 minutes\" \/>\n<script type=\"application\/ld+json\" class=\"yoast-schema-graph\">{\"@context\":\"https:\\\/\\\/schema.org\",\"@graph\":[{\"@type\":\"Article\",\"@id\":\"https:\\\/\\\/lagnoticias.com\\\/2025\\\/11\\\/05\\\/el-salvador-enviara-nuevo-cargamento-con-suministros-basico-de-primera-necesidad-a-jamaica\\\/#article\",\"isPartOf\":{\"@id\":\"https:\\\/\\\/lagnoticias.com\\\/2025\\\/11\\\/05\\\/el-salvador-enviara-nuevo-cargamento-con-suministros-basico-de-primera-necesidad-a-jamaica\\\/\"},\"author\":{\"name\":\"Oscar\",\"@id\":\"https:\\\/\\\/lagnoticias.com\\\/#\\\/schema\\\/person\\\/cb9bfe13f8de05d2c55270be25c6a550\"},\"headline\":\"El Salvador enviar\u00e1 nuevo cargamento con suministros b\u00e1sico de primera necesidad a Jamaica\",\"datePublished\":\"2025-11-05T14:29:58+00:00\",\"dateModified\":\"2025-11-05T14:30:12+00:00\",\"mainEntityOfPage\":{\"@id\":\"https:\\\/\\\/lagnoticias.com\\\/2025\\\/11\\\/05\\\/el-salvador-enviara-nuevo-cargamento-con-suministros-basico-de-primera-necesidad-a-jamaica\\\/\"},\"wordCount\":302,\"commentCount\":0,\"image\":{\"@id\":\"https:\\\/\\\/lagnoticias.com\\\/2025\\\/11\\\/05\\\/el-salvador-enviara-nuevo-cargamento-con-suministros-basico-de-primera-necesidad-a-jamaica\\\/#primaryimage\"},\"thumbnailUrl\":\"https:\\\/\\\/lagnoticias.com\\\/wp-content\\\/uploads\\\/2025\\\/11\\\/C_PEP01763-scaled.jpg\",\"keywords\":[\"AYUDA HUMANITARIA\",\"EL SALVADOR\",\"GOBIERNO DE EL SALVADOR\",\"HURAC\u00c1N MELISSA\",\"JAMAICA\"],\"articleSection\":[\"DESTACADOS\",\"NACIONALES\"],\"inLanguage\":\"en-US\",\"potentialAction\":[{\"@type\":\"CommentAction\",\"name\":\"Comment\",\"target\":[\"https:\\\/\\\/lagnoticias.com\\\/2025\\\/11\\\/05\\\/el-salvador-enviara-nuevo-cargamento-con-suministros-basico-de-primera-necesidad-a-jamaica\\\/#respond\"]}]},{\"@type\":\"WebPage\",\"@id\":\"https:\\\/\\\/lagnoticias.com\\\/2025\\\/11\\\/05\\\/el-salvador-enviara-nuevo-cargamento-con-suministros-basico-de-primera-necesidad-a-jamaica\\\/\",\"url\":\"https:\\\/\\\/lagnoticias.com\\\/2025\\\/11\\\/05\\\/el-salvador-enviara-nuevo-cargamento-con-suministros-basico-de-primera-necesidad-a-jamaica\\\/\",\"name\":\"El Salvador enviar\u00e1 nuevo cargamento con suministros b\u00e1sico de primera necesidad a Jamaica - La G Noticias\",\"isPartOf\":{\"@id\":\"https:\\\/\\\/lagnoticias.com\\\/#website\"},\"primaryImageOfPage\":{\"@id\":\"https:\\\/\\\/lagnoticias.com\\\/2025\\\/11\\\/05\\\/el-salvador-enviara-nuevo-cargamento-con-suministros-basico-de-primera-necesidad-a-jamaica\\\/#primaryimage\"},\"image\":{\"@id\":\"https:\\\/\\\/lagnoticias.com\\\/2025\\\/11\\\/05\\\/el-salvador-enviara-nuevo-cargamento-con-suministros-basico-de-primera-necesidad-a-jamaica\\\/#primaryimage\"},\"thumbnailUrl\":\"https:\\\/\\\/lagnoticias.com\\\/wp-content\\\/uploads\\\/2025\\\/11\\\/C_PEP01763-scaled.jpg\",\"datePublished\":\"2025-11-05T14:29:58+00:00\",\"dateModified\":\"2025-11-05T14:30:12+00:00\",\"author\":{\"@id\":\"https:\\\/\\\/lagnoticias.com\\\/#\\\/schema\\\/person\\\/cb9bfe13f8de05d2c55270be25c6a550\"},\"breadcrumb\":{\"@id\":\"https:\\\/\\\/lagnoticias.com\\\/2025\\\/11\\\/05\\\/el-salvador-enviara-nuevo-cargamento-con-suministros-basico-de-primera-necesidad-a-jamaica\\\/#breadcrumb\"},\"inLanguage\":\"en-US\",\"potentialAction\":[{\"@type\":\"ReadAction\",\"target\":[\"https:\\\/\\\/lagnoticias.com\\\/2025\\\/11\\\/05\\\/el-salvador-enviara-nuevo-cargamento-con-suministros-basico-de-primera-necesidad-a-jamaica\\\/\"]}]},{\"@type\":\"ImageObject\",\"inLanguage\":\"en-US\",\"@id\":\"https:\\\/\\\/lagnoticias.com\\\/2025\\\/11\\\/05\\\/el-salvador-enviara-nuevo-cargamento-con-suministros-basico-de-primera-necesidad-a-jamaica\\\/#primaryimage\",\"url\":\"https:\\\/\\\/lagnoticias.com\\\/wp-content\\\/uploads\\\/2025\\\/11\\\/C_PEP01763-scaled.jpg\",\"contentUrl\":\"https:\\\/\\\/lagnoticias.com\\\/wp-content\\\/uploads\\\/2025\\\/11\\\/C_PEP01763-scaled.jpg\",\"width\":2560,\"height\":1706},{\"@type\":\"BreadcrumbList\",\"@id\":\"https:\\\/\\\/lagnoticias.com\\\/2025\\\/11\\\/05\\\/el-salvador-enviara-nuevo-cargamento-con-suministros-basico-de-primera-necesidad-a-jamaica\\\/#breadcrumb\",\"itemListElement\":[{\"@type\":\"ListItem\",\"position\":1,\"name\":\"Portada\",\"item\":\"https:\\\/\\\/lagnoticias.com\\\/\"},{\"@type\":\"ListItem\",\"position\":2,\"name\":\"El Salvador enviar\u00e1 nuevo cargamento con suministros b\u00e1sico de primera necesidad a Jamaica\"}]},{\"@type\":\"WebSite\",\"@id\":\"https:\\\/\\\/lagnoticias.com\\\/#website\",\"url\":\"https:\\\/\\\/lagnoticias.com\\\/\",\"name\":\"La G Noticias\",\"description\":\"Noticias Positivas\",\"potentialAction\":[{\"@type\":\"SearchAction\",\"target\":{\"@type\":\"EntryPoint\",\"urlTemplate\":\"https:\\\/\\\/lagnoticias.com\\\/?s={search_term_string}\"},\"query-input\":{\"@type\":\"PropertyValueSpecification\",\"valueRequired\":true,\"valueName\":\"search_term_string\"}}],\"inLanguage\":\"en-US\"},{\"@type\":\"Person\",\"@id\":\"https:\\\/\\\/lagnoticias.com\\\/#\\\/schema\\\/person\\\/cb9bfe13f8de05d2c55270be25c6a550\",\"name\":\"Oscar\",\"image\":{\"@type\":\"ImageObject\",\"inLanguage\":\"en-US\",\"@id\":\"https:\\\/\\\/secure.gravatar.com\\\/avatar\\\/45c195718f652dc7ffdd591dc1f2678956ab7fdadcd359a635edc61304a8c757?s=96&d=mm&r=g\",\"url\":\"https:\\\/\\\/secure.gravatar.com\\\/avatar\\\/45c195718f652dc7ffdd591dc1f2678956ab7fdadcd359a635edc61304a8c757?s=96&d=mm&r=g\",\"contentUrl\":\"https:\\\/\\\/secure.gravatar.com\\\/avatar\\\/45c195718f652dc7ffdd591dc1f2678956ab7fdadcd359a635edc61304a8c757?s=96&d=mm&r=g\",\"caption\":\"Oscar\"},\"url\":\"https:\\\/\\\/lagnoticias.com\\\/en\\\/author\\\/oscar\\\/\"}]}<\/script>\n<!-- \/ Yoast SEO plugin. -->","yoast_head_json":{"title":"El Salvador enviar\u00e1 nuevo cargamento con suministros b\u00e1sico de primera necesidad a Jamaica - La G Noticias","robots":{"index":"index","follow":"follow","max-snippet":"max-snippet:-1","max-image-preview":"max-image-preview:large","max-video-preview":"max-video-preview:-1"},"canonical":"https:\/\/lagnoticias.com\/en\/2025\/11\/05\/el-salvador-enviara-nuevo-cargamento-con-suministros-basico-de-primera-necesidad-a-jamaica\/","og_locale":"en_US","og_type":"article","og_title":"El Salvador enviar\u00e1 nuevo cargamento con suministros b\u00e1sico de primera necesidad a Jamaica - La G Noticias","og_description":"El Gobierno de El Salvador trabaj\u00f3 en la preparaci\u00f3n de un nuevo env\u00edo de suministros hacia Jamaica para ayudar ante la crisis que enfrenta la isla, debido a la cat\u00e1strofe ocasionada por el hurac\u00e1n Melissa, que azot\u00f3 con fuerza ese territorio y ha generado severos da\u00f1os en infraestructura y servicios p\u00fablicos. Tras conocer el impacto [&hellip;]","og_url":"https:\/\/lagnoticias.com\/en\/2025\/11\/05\/el-salvador-enviara-nuevo-cargamento-con-suministros-basico-de-primera-necesidad-a-jamaica\/","og_site_name":"La G Noticias","article_publisher":"https:\/\/www.facebook.com\/LaGNoticias","article_published_time":"2025-11-05T14:29:58+00:00","article_modified_time":"2025-11-05T14:30:12+00:00","og_image":[{"width":2560,"height":1706,"url":"https:\/\/lagnoticias.com\/wp-content\/uploads\/2025\/11\/C_PEP01763-scaled.jpg","type":"image\/jpeg"}],"author":"Oscar","twitter_card":"summary_large_image","twitter_creator":"@lagnoticias","twitter_site":"@lagnoticias","twitter_misc":{"Written by":"Oscar","Est. reading time":"2 minutes"},"schema":{"@context":"https:\/\/schema.org","@graph":[{"@type":"Article","@id":"https:\/\/lagnoticias.com\/2025\/11\/05\/el-salvador-enviara-nuevo-cargamento-con-suministros-basico-de-primera-necesidad-a-jamaica\/#article","isPartOf":{"@id":"https:\/\/lagnoticias.com\/2025\/11\/05\/el-salvador-enviara-nuevo-cargamento-con-suministros-basico-de-primera-necesidad-a-jamaica\/"},"author":{"name":"Oscar","@id":"https:\/\/lagnoticias.com\/#\/schema\/person\/cb9bfe13f8de05d2c55270be25c6a550"},"headline":"El Salvador enviar\u00e1 nuevo cargamento con suministros b\u00e1sico de primera necesidad a Jamaica","datePublished":"2025-11-05T14:29:58+00:00","dateModified":"2025-11-05T14:30:12+00:00","mainEntityOfPage":{"@id":"https:\/\/lagnoticias.com\/2025\/11\/05\/el-salvador-enviara-nuevo-cargamento-con-suministros-basico-de-primera-necesidad-a-jamaica\/"},"wordCount":302,"commentCount":0,"image":{"@id":"https:\/\/lagnoticias.com\/2025\/11\/05\/el-salvador-enviara-nuevo-cargamento-con-suministros-basico-de-primera-necesidad-a-jamaica\/#primaryimage"},"thumbnailUrl":"https:\/\/lagnoticias.com\/wp-content\/uploads\/2025\/11\/C_PEP01763-scaled.jpg","keywords":["AYUDA HUMANITARIA","EL SALVADOR","GOBIERNO DE EL SALVADOR","HURAC\u00c1N MELISSA","JAMAICA"],"articleSection":["DESTACADOS","NACIONALES"],"inLanguage":"en-US","potentialAction":[{"@type":"CommentAction","name":"Comment","target":["https:\/\/lagnoticias.com\/2025\/11\/05\/el-salvador-enviara-nuevo-cargamento-con-suministros-basico-de-primera-necesidad-a-jamaica\/#respond"]}]},{"@type":"WebPage","@id":"https:\/\/lagnoticias.com\/2025\/11\/05\/el-salvador-enviara-nuevo-cargamento-con-suministros-basico-de-primera-necesidad-a-jamaica\/","url":"https:\/\/lagnoticias.com\/2025\/11\/05\/el-salvador-enviara-nuevo-cargamento-con-suministros-basico-de-primera-necesidad-a-jamaica\/","name":"El Salvador enviar\u00e1 nuevo cargamento con suministros b\u00e1sico de primera necesidad a Jamaica - La G Noticias","isPartOf":{"@id":"https:\/\/lagnoticias.com\/#website"},"primaryImageOfPage":{"@id":"https:\/\/lagnoticias.com\/2025\/11\/05\/el-salvador-enviara-nuevo-cargamento-con-suministros-basico-de-primera-necesidad-a-jamaica\/#primaryimage"},"image":{"@id":"https:\/\/lagnoticias.com\/2025\/11\/05\/el-salvador-enviara-nuevo-cargamento-con-suministros-basico-de-primera-necesidad-a-jamaica\/#primaryimage"},"thumbnailUrl":"https:\/\/lagnoticias.com\/wp-content\/uploads\/2025\/11\/C_PEP01763-scaled.jpg","datePublished":"2025-11-05T14:29:58+00:00","dateModified":"2025-11-05T14:30:12+00:00","author":{"@id":"https:\/\/lagnoticias.com\/#\/schema\/person\/cb9bfe13f8de05d2c55270be25c6a550"},"breadcrumb":{"@id":"https:\/\/lagnoticias.com\/2025\/11\/05\/el-salvador-enviara-nuevo-cargamento-con-suministros-basico-de-primera-necesidad-a-jamaica\/#breadcrumb"},"inLanguage":"en-US","potentialAction":[{"@type":"ReadAction","target":["https:\/\/lagnoticias.com\/2025\/11\/05\/el-salvador-enviara-nuevo-cargamento-con-suministros-basico-de-primera-necesidad-a-jamaica\/"]}]},{"@type":"ImageObject","inLanguage":"en-US","@id":"https:\/\/lagnoticias.com\/2025\/11\/05\/el-salvador-enviara-nuevo-cargamento-con-suministros-basico-de-primera-necesidad-a-jamaica\/#primaryimage","url":"https:\/\/lagnoticias.com\/wp-content\/uploads\/2025\/11\/C_PEP01763-scaled.jpg","contentUrl":"https:\/\/lagnoticias.com\/wp-content\/uploads\/2025\/11\/C_PEP01763-scaled.jpg","width":2560,"height":1706},{"@type":"BreadcrumbList","@id":"https:\/\/lagnoticias.com\/2025\/11\/05\/el-salvador-enviara-nuevo-cargamento-con-suministros-basico-de-primera-necesidad-a-jamaica\/#breadcrumb","itemListElement":[{"@type":"ListItem","position":1,"name":"Portada","item":"https:\/\/lagnoticias.com\/"},{"@type":"ListItem","position":2,"name":"El Salvador enviar\u00e1 nuevo cargamento con suministros b\u00e1sico de primera necesidad a Jamaica"}]},{"@type":"WebSite","@id":"https:\/\/lagnoticias.com\/#website","url":"https:\/\/lagnoticias.com\/","name":"La G Noticias","description":"Noticias Positivas","potentialAction":[{"@type":"SearchAction","target":{"@type":"EntryPoint","urlTemplate":"https:\/\/lagnoticias.com\/?s={search_term_string}"},"query-input":{"@type":"PropertyValueSpecification","valueRequired":true,"valueName":"search_term_string"}}],"inLanguage":"en-US"},{"@type":"Person","@id":"https:\/\/lagnoticias.com\/#\/schema\/person\/cb9bfe13f8de05d2c55270be25c6a550","name":"Oscar","image":{"@type":"ImageObject","inLanguage":"en-US","@id":"https:\/\/secure.gravatar.com\/avatar\/45c195718f652dc7ffdd591dc1f2678956ab7fdadcd359a635edc61304a8c757?s=96&d=mm&r=g","url":"https:\/\/secure.gravatar.com\/avatar\/45c195718f652dc7ffdd591dc1f2678956ab7fdadcd359a635edc61304a8c757?s=96&d=mm&r=g","contentUrl":"https:\/\/secure.gravatar.com\/avatar\/45c195718f652dc7ffdd591dc1f2678956ab7fdadcd359a635edc61304a8c757?s=96&d=mm&r=g","caption":"Oscar"},"url":"https:\/\/lagnoticias.com\/en\/author\/oscar\/"}]}},"_links":{"self":[{"href":"https:\/\/lagnoticias.com\/en\/wp-json\/wp\/v2\/posts\/6678","targetHints":{"allow":["GET"]}}],"collection":[{"href":"https:\/\/lagnoticias.com\/en\/wp-json\/wp\/v2\/posts"}],"about":[{"href":"https:\/\/lagnoticias.com\/en\/wp-json\/wp\/v2\/types\/post"}],"author":[{"embeddable":true,"href":"https:\/\/lagnoticias.com\/en\/wp-json\/wp\/v2\/users\/2"}],"replies":[{"embeddable":true,"href":"https:\/\/lagnoticias.com\/en\/wp-json\/wp\/v2\/comments?post=6678"}],"version-history":[{"count":1,"href":"https:\/\/lagnoticias.com\/en\/wp-json\/wp\/v2\/posts\/6678\/revisions"}],"predecessor-version":[{"id":6680,"href":"https:\/\/lagnoticias.com\/en\/wp-json\/wp\/v2\/posts\/6678\/revisions\/6680"}],"wp:featuredmedia":[{"embeddable":true,"href":"https:\/\/lagnoticias.com\/en\/wp-json\/wp\/v2\/media\/6679"}],"wp:attachment":[{"href":"https:\/\/lagnoticias.com\/en\/wp-json\/wp\/v2\/media?parent=6678"}],"wp:term":[{"taxonomy":"category","embeddable":true,"href":"https:\/\/lagnoticias.com\/en\/wp-json\/wp\/v2\/categories?post=6678"},{"taxonomy":"post_tag","embeddable":true,"href":"https:\/\/lagnoticias.com\/en\/wp-json\/wp\/v2\/tags?post=6678"}],"curies":[{"name":"wp","href":"https:\/\/api.w.org\/{rel}","templated":true}]}}