{"id":6614,"date":"2025-11-03T12:30:25","date_gmt":"2025-11-03T18:30:25","guid":{"rendered":"https:\/\/lagnoticias.com\/?p=6614"},"modified":"2025-11-03T12:30:25","modified_gmt":"2025-11-03T18:30:25","slug":"el-salvador-extiende-mano-solidaria-y-ayuda-a-paises-bajo-emergencia","status":"publish","type":"post","link":"https:\/\/lagnoticias.com\/en\/2025\/11\/03\/el-salvador-extiende-mano-solidaria-y-ayuda-a-paises-bajo-emergencia\/","title":{"rendered":"El Salvador extiende mano solidaria y ayuda a pa\u00edses bajo emergencia\u00a0"},"content":{"rendered":"<p>El Salvador ha demostrado su capacidad y solidaridad en situaciones de emergencia fuera de las fronteras; tal es el caso de la ayuda extendida a Jamaica, que result\u00f3 afectada por el hurac\u00e1n Melissa, que su paso por la isla fue categor\u00eda cinco.<\/p>\n\n\n\n<p>El director del Cuerpo de Bomberos, Baltazar Solano, destac\u00f3 este importante esfuerzo de solidaridad de El Salvador hacia Jamaica y subray\u00f3 que no es la primera vez que el presidente Bukele se solidariza y toma acci\u00f3n para ayudar a un pa\u00eds en situaci\u00f3n de emergencia a causa de un fen\u00f3meno natural.<\/p>\n\n\n\n<p>\u00abRepito, no es la primera vez que se hace esto, el presidente Bukele siempre ha estado atento a dar la mano y en esta ocasi\u00f3n con el pueblo jamaiquino (\u2026). Este lugar result\u00f3 muy afectado por el hurac\u00e1n Melissa que fue categor\u00eda cinco, reitero, el presidente se est\u00e1 solidarizando con el pueblo jamaiquino. \u00bfQu\u00e9 haremos? b\u00fasqueda y rescate, servicios m\u00e9dicos, asistencia con medicamentos, saneamiento, que es lo que ellos solicitaron en este caso, y con base a ello es todo este esfuerzo que hacemos\u201d, resalt\u00f3.<\/p>\n\n\n\n<p>El Gobierno de El Salvador ya ha brindado esta ayuda a Turqu\u00eda y Costa Rica; adem\u00e1s, a Honduras con las vacunas contra el coronavirus, y que, con todo este esfuerzo de generar acciones, el equipar instituciones de respuesta, al final, el mandatario \u201cest\u00e1 salvando vidas\u201d.<\/p>\n\n\n\n<p>El director de Bomberos ampli\u00f3 sobre el contingente y los suministros enviados a Jamaica. \u201cTenemos m\u00e1s de 300 rescatistas, entre ellos van m\u00e9dicos, param\u00e9dicos, bomberos, polic\u00edas, militares, el Equipo T\u00e1ctico Operativo de Protecci\u00f3n Civil, personal del Ministerio de Salud, es decir, es un equipo fuerte en capacidades. Tenemos m\u00e1s de 50 toneladas de suministros, ayer, sali\u00f3 el vuelo, y desde el viernes parti\u00f3 el primero con el personal\u201d, expres\u00f3.<\/p>\n\n\n\n<p>Tambi\u00e9n, se refiri\u00f3 a la capacidad y experiencia demostrada con la que cuentan el contingente enviado a Jamaica, y cit\u00f3 como ejemplo las bajas temperaturas a las que estuvieron sometidos los rescatistas en Turqu\u00eda, luego en Costa Rica, que es una regi\u00f3n con corrientes fuertes y r\u00edos con una fuerza muy importante, tuvieron que atravesar esos cuerpos de agua en lanchas, evidenciando la capacidad del personal en \u00e1reas tan complicadas.<\/p>","protected":false},"excerpt":{"rendered":"<p>El Salvador ha demostrado su capacidad y solidaridad en situaciones de emergencia fuera de las fronteras; tal es el caso de la ayuda extendida a Jamaica, que result\u00f3 afectada por el hurac\u00e1n Melissa, que su paso por la isla fue categor\u00eda cinco. El director del Cuerpo de Bomberos, Baltazar Solano, destac\u00f3 este importante esfuerzo de [&hellip;]<\/p>","protected":false},"author":2,"featured_media":6615,"comment_status":"open","ping_status":"open","sticky":false,"template":"","format":"standard","meta":{"_et_pb_use_builder":"off","_et_pb_old_content":"","_et_gb_content_width":"","footnotes":""},"categories":[244],"tags":[1729,267,268,1661,1464],"class_list":["post-6614","post","type-post","status-publish","format-standard","has-post-thumbnail","hentry","category-nacionales","tag-cuerpo-de-bomberos","tag-el-salvador","tag-gobierno-de-el-salvador","tag-huracan-melissa","tag-jamaica"],"yoast_head":"<!-- This site is optimized with the Yoast SEO plugin v27.4 - https:\/\/yoast.com\/product\/yoast-seo-wordpress\/ -->\n<title>El Salvador extiende mano solidaria y ayuda a pa\u00edses bajo emergencia\u00a0 - La G Noticias<\/title>\n<meta name=\"robots\" content=\"index, follow, max-snippet:-1, max-image-preview:large, max-video-preview:-1\" \/>\n<link rel=\"canonical\" href=\"https:\/\/lagnoticias.com\/en\/2025\/11\/03\/el-salvador-extiende-mano-solidaria-y-ayuda-a-paises-bajo-emergencia\/\" \/>\n<meta property=\"og:locale\" content=\"en_US\" \/>\n<meta property=\"og:type\" content=\"article\" \/>\n<meta property=\"og:title\" content=\"El Salvador extiende mano solidaria y ayuda a pa\u00edses bajo emergencia\u00a0 - La G Noticias\" \/>\n<meta property=\"og:description\" content=\"El Salvador ha demostrado su capacidad y solidaridad en situaciones de emergencia fuera de las fronteras; tal es el caso de la ayuda extendida a Jamaica, que result\u00f3 afectada por el hurac\u00e1n Melissa, que su paso por la isla fue categor\u00eda cinco. El director del Cuerpo de Bomberos, Baltazar Solano, destac\u00f3 este importante esfuerzo de [&hellip;]\" \/>\n<meta property=\"og:url\" content=\"https:\/\/lagnoticias.com\/en\/2025\/11\/03\/el-salvador-extiende-mano-solidaria-y-ayuda-a-paises-bajo-emergencia\/\" \/>\n<meta property=\"og:site_name\" content=\"La G Noticias\" \/>\n<meta property=\"article:publisher\" content=\"https:\/\/www.facebook.com\/LaGNoticias\" \/>\n<meta property=\"article:published_time\" content=\"2025-11-03T18:30:25+00:00\" \/>\n<meta property=\"og:image\" content=\"https:\/\/lagnoticias.com\/wp-content\/uploads\/2025\/11\/WhatsApp-Image-2025-11-03-at-07.17.541-scaled.jpg\" \/>\n\t<meta property=\"og:image:width\" content=\"2560\" \/>\n\t<meta property=\"og:image:height\" content=\"1707\" \/>\n\t<meta property=\"og:image:type\" content=\"image\/jpeg\" \/>\n<meta name=\"author\" content=\"Oscar\" \/>\n<meta name=\"twitter:card\" content=\"summary_large_image\" \/>\n<meta name=\"twitter:creator\" content=\"@lagnoticias\" \/>\n<meta name=\"twitter:site\" content=\"@lagnoticias\" \/>\n<meta name=\"twitter:label1\" content=\"Written by\" \/>\n\t<meta name=\"twitter:data1\" content=\"Oscar\" \/>\n\t<meta name=\"twitter:label2\" content=\"Est. reading time\" \/>\n\t<meta name=\"twitter:data2\" content=\"2 minutes\" \/>\n<script type=\"application\/ld+json\" class=\"yoast-schema-graph\">{\"@context\":\"https:\\\/\\\/schema.org\",\"@graph\":[{\"@type\":\"Article\",\"@id\":\"https:\\\/\\\/lagnoticias.com\\\/2025\\\/11\\\/03\\\/el-salvador-extiende-mano-solidaria-y-ayuda-a-paises-bajo-emergencia\\\/#article\",\"isPartOf\":{\"@id\":\"https:\\\/\\\/lagnoticias.com\\\/2025\\\/11\\\/03\\\/el-salvador-extiende-mano-solidaria-y-ayuda-a-paises-bajo-emergencia\\\/\"},\"author\":{\"name\":\"Oscar\",\"@id\":\"https:\\\/\\\/lagnoticias.com\\\/#\\\/schema\\\/person\\\/cb9bfe13f8de05d2c55270be25c6a550\"},\"headline\":\"El Salvador extiende mano solidaria y ayuda a pa\u00edses bajo emergencia\u00a0\",\"datePublished\":\"2025-11-03T18:30:25+00:00\",\"mainEntityOfPage\":{\"@id\":\"https:\\\/\\\/lagnoticias.com\\\/2025\\\/11\\\/03\\\/el-salvador-extiende-mano-solidaria-y-ayuda-a-paises-bajo-emergencia\\\/\"},\"wordCount\":395,\"commentCount\":0,\"image\":{\"@id\":\"https:\\\/\\\/lagnoticias.com\\\/2025\\\/11\\\/03\\\/el-salvador-extiende-mano-solidaria-y-ayuda-a-paises-bajo-emergencia\\\/#primaryimage\"},\"thumbnailUrl\":\"https:\\\/\\\/lagnoticias.com\\\/wp-content\\\/uploads\\\/2025\\\/11\\\/WhatsApp-Image-2025-11-03-at-07.17.541-scaled.jpg\",\"keywords\":[\"CUERPO DE BOMBEROS\",\"EL SALVADOR\",\"GOBIERNO DE EL SALVADOR\",\"HURAC\u00c1N MELISSA\",\"JAMAICA\"],\"articleSection\":[\"NACIONALES\"],\"inLanguage\":\"en-US\",\"potentialAction\":[{\"@type\":\"CommentAction\",\"name\":\"Comment\",\"target\":[\"https:\\\/\\\/lagnoticias.com\\\/2025\\\/11\\\/03\\\/el-salvador-extiende-mano-solidaria-y-ayuda-a-paises-bajo-emergencia\\\/#respond\"]}]},{\"@type\":\"WebPage\",\"@id\":\"https:\\\/\\\/lagnoticias.com\\\/2025\\\/11\\\/03\\\/el-salvador-extiende-mano-solidaria-y-ayuda-a-paises-bajo-emergencia\\\/\",\"url\":\"https:\\\/\\\/lagnoticias.com\\\/2025\\\/11\\\/03\\\/el-salvador-extiende-mano-solidaria-y-ayuda-a-paises-bajo-emergencia\\\/\",\"name\":\"El Salvador extiende mano solidaria y ayuda a pa\u00edses bajo emergencia\u00a0 - La G Noticias\",\"isPartOf\":{\"@id\":\"https:\\\/\\\/lagnoticias.com\\\/#website\"},\"primaryImageOfPage\":{\"@id\":\"https:\\\/\\\/lagnoticias.com\\\/2025\\\/11\\\/03\\\/el-salvador-extiende-mano-solidaria-y-ayuda-a-paises-bajo-emergencia\\\/#primaryimage\"},\"image\":{\"@id\":\"https:\\\/\\\/lagnoticias.com\\\/2025\\\/11\\\/03\\\/el-salvador-extiende-mano-solidaria-y-ayuda-a-paises-bajo-emergencia\\\/#primaryimage\"},\"thumbnailUrl\":\"https:\\\/\\\/lagnoticias.com\\\/wp-content\\\/uploads\\\/2025\\\/11\\\/WhatsApp-Image-2025-11-03-at-07.17.541-scaled.jpg\",\"datePublished\":\"2025-11-03T18:30:25+00:00\",\"author\":{\"@id\":\"https:\\\/\\\/lagnoticias.com\\\/#\\\/schema\\\/person\\\/cb9bfe13f8de05d2c55270be25c6a550\"},\"breadcrumb\":{\"@id\":\"https:\\\/\\\/lagnoticias.com\\\/2025\\\/11\\\/03\\\/el-salvador-extiende-mano-solidaria-y-ayuda-a-paises-bajo-emergencia\\\/#breadcrumb\"},\"inLanguage\":\"en-US\",\"potentialAction\":[{\"@type\":\"ReadAction\",\"target\":[\"https:\\\/\\\/lagnoticias.com\\\/2025\\\/11\\\/03\\\/el-salvador-extiende-mano-solidaria-y-ayuda-a-paises-bajo-emergencia\\\/\"]}]},{\"@type\":\"ImageObject\",\"inLanguage\":\"en-US\",\"@id\":\"https:\\\/\\\/lagnoticias.com\\\/2025\\\/11\\\/03\\\/el-salvador-extiende-mano-solidaria-y-ayuda-a-paises-bajo-emergencia\\\/#primaryimage\",\"url\":\"https:\\\/\\\/lagnoticias.com\\\/wp-content\\\/uploads\\\/2025\\\/11\\\/WhatsApp-Image-2025-11-03-at-07.17.541-scaled.jpg\",\"contentUrl\":\"https:\\\/\\\/lagnoticias.com\\\/wp-content\\\/uploads\\\/2025\\\/11\\\/WhatsApp-Image-2025-11-03-at-07.17.541-scaled.jpg\",\"width\":2560,\"height\":1707},{\"@type\":\"BreadcrumbList\",\"@id\":\"https:\\\/\\\/lagnoticias.com\\\/2025\\\/11\\\/03\\\/el-salvador-extiende-mano-solidaria-y-ayuda-a-paises-bajo-emergencia\\\/#breadcrumb\",\"itemListElement\":[{\"@type\":\"ListItem\",\"position\":1,\"name\":\"Portada\",\"item\":\"https:\\\/\\\/lagnoticias.com\\\/\"},{\"@type\":\"ListItem\",\"position\":2,\"name\":\"El Salvador extiende mano solidaria y ayuda a pa\u00edses bajo emergencia\u00a0\"}]},{\"@type\":\"WebSite\",\"@id\":\"https:\\\/\\\/lagnoticias.com\\\/#website\",\"url\":\"https:\\\/\\\/lagnoticias.com\\\/\",\"name\":\"La G Noticias\",\"description\":\"Noticias Positivas\",\"potentialAction\":[{\"@type\":\"SearchAction\",\"target\":{\"@type\":\"EntryPoint\",\"urlTemplate\":\"https:\\\/\\\/lagnoticias.com\\\/?s={search_term_string}\"},\"query-input\":{\"@type\":\"PropertyValueSpecification\",\"valueRequired\":true,\"valueName\":\"search_term_string\"}}],\"inLanguage\":\"en-US\"},{\"@type\":\"Person\",\"@id\":\"https:\\\/\\\/lagnoticias.com\\\/#\\\/schema\\\/person\\\/cb9bfe13f8de05d2c55270be25c6a550\",\"name\":\"Oscar\",\"image\":{\"@type\":\"ImageObject\",\"inLanguage\":\"en-US\",\"@id\":\"https:\\\/\\\/secure.gravatar.com\\\/avatar\\\/45c195718f652dc7ffdd591dc1f2678956ab7fdadcd359a635edc61304a8c757?s=96&d=mm&r=g\",\"url\":\"https:\\\/\\\/secure.gravatar.com\\\/avatar\\\/45c195718f652dc7ffdd591dc1f2678956ab7fdadcd359a635edc61304a8c757?s=96&d=mm&r=g\",\"contentUrl\":\"https:\\\/\\\/secure.gravatar.com\\\/avatar\\\/45c195718f652dc7ffdd591dc1f2678956ab7fdadcd359a635edc61304a8c757?s=96&d=mm&r=g\",\"caption\":\"Oscar\"},\"url\":\"https:\\\/\\\/lagnoticias.com\\\/en\\\/author\\\/oscar\\\/\"}]}<\/script>\n<!-- \/ Yoast SEO plugin. -->","yoast_head_json":{"title":"El Salvador extiende mano solidaria y ayuda a pa\u00edses bajo emergencia\u00a0 - La G Noticias","robots":{"index":"index","follow":"follow","max-snippet":"max-snippet:-1","max-image-preview":"max-image-preview:large","max-video-preview":"max-video-preview:-1"},"canonical":"https:\/\/lagnoticias.com\/en\/2025\/11\/03\/el-salvador-extiende-mano-solidaria-y-ayuda-a-paises-bajo-emergencia\/","og_locale":"en_US","og_type":"article","og_title":"El Salvador extiende mano solidaria y ayuda a pa\u00edses bajo emergencia\u00a0 - La G Noticias","og_description":"El Salvador ha demostrado su capacidad y solidaridad en situaciones de emergencia fuera de las fronteras; tal es el caso de la ayuda extendida a Jamaica, que result\u00f3 afectada por el hurac\u00e1n Melissa, que su paso por la isla fue categor\u00eda cinco. El director del Cuerpo de Bomberos, Baltazar Solano, destac\u00f3 este importante esfuerzo de [&hellip;]","og_url":"https:\/\/lagnoticias.com\/en\/2025\/11\/03\/el-salvador-extiende-mano-solidaria-y-ayuda-a-paises-bajo-emergencia\/","og_site_name":"La G Noticias","article_publisher":"https:\/\/www.facebook.com\/LaGNoticias","article_published_time":"2025-11-03T18:30:25+00:00","og_image":[{"width":2560,"height":1707,"url":"https:\/\/lagnoticias.com\/wp-content\/uploads\/2025\/11\/WhatsApp-Image-2025-11-03-at-07.17.541-scaled.jpg","type":"image\/jpeg"}],"author":"Oscar","twitter_card":"summary_large_image","twitter_creator":"@lagnoticias","twitter_site":"@lagnoticias","twitter_misc":{"Written by":"Oscar","Est. reading time":"2 minutes"},"schema":{"@context":"https:\/\/schema.org","@graph":[{"@type":"Article","@id":"https:\/\/lagnoticias.com\/2025\/11\/03\/el-salvador-extiende-mano-solidaria-y-ayuda-a-paises-bajo-emergencia\/#article","isPartOf":{"@id":"https:\/\/lagnoticias.com\/2025\/11\/03\/el-salvador-extiende-mano-solidaria-y-ayuda-a-paises-bajo-emergencia\/"},"author":{"name":"Oscar","@id":"https:\/\/lagnoticias.com\/#\/schema\/person\/cb9bfe13f8de05d2c55270be25c6a550"},"headline":"El Salvador extiende mano solidaria y ayuda a pa\u00edses bajo emergencia\u00a0","datePublished":"2025-11-03T18:30:25+00:00","mainEntityOfPage":{"@id":"https:\/\/lagnoticias.com\/2025\/11\/03\/el-salvador-extiende-mano-solidaria-y-ayuda-a-paises-bajo-emergencia\/"},"wordCount":395,"commentCount":0,"image":{"@id":"https:\/\/lagnoticias.com\/2025\/11\/03\/el-salvador-extiende-mano-solidaria-y-ayuda-a-paises-bajo-emergencia\/#primaryimage"},"thumbnailUrl":"https:\/\/lagnoticias.com\/wp-content\/uploads\/2025\/11\/WhatsApp-Image-2025-11-03-at-07.17.541-scaled.jpg","keywords":["CUERPO DE BOMBEROS","EL SALVADOR","GOBIERNO DE EL SALVADOR","HURAC\u00c1N MELISSA","JAMAICA"],"articleSection":["NACIONALES"],"inLanguage":"en-US","potentialAction":[{"@type":"CommentAction","name":"Comment","target":["https:\/\/lagnoticias.com\/2025\/11\/03\/el-salvador-extiende-mano-solidaria-y-ayuda-a-paises-bajo-emergencia\/#respond"]}]},{"@type":"WebPage","@id":"https:\/\/lagnoticias.com\/2025\/11\/03\/el-salvador-extiende-mano-solidaria-y-ayuda-a-paises-bajo-emergencia\/","url":"https:\/\/lagnoticias.com\/2025\/11\/03\/el-salvador-extiende-mano-solidaria-y-ayuda-a-paises-bajo-emergencia\/","name":"El Salvador extiende mano solidaria y ayuda a pa\u00edses bajo emergencia\u00a0 - La G Noticias","isPartOf":{"@id":"https:\/\/lagnoticias.com\/#website"},"primaryImageOfPage":{"@id":"https:\/\/lagnoticias.com\/2025\/11\/03\/el-salvador-extiende-mano-solidaria-y-ayuda-a-paises-bajo-emergencia\/#primaryimage"},"image":{"@id":"https:\/\/lagnoticias.com\/2025\/11\/03\/el-salvador-extiende-mano-solidaria-y-ayuda-a-paises-bajo-emergencia\/#primaryimage"},"thumbnailUrl":"https:\/\/lagnoticias.com\/wp-content\/uploads\/2025\/11\/WhatsApp-Image-2025-11-03-at-07.17.541-scaled.jpg","datePublished":"2025-11-03T18:30:25+00:00","author":{"@id":"https:\/\/lagnoticias.com\/#\/schema\/person\/cb9bfe13f8de05d2c55270be25c6a550"},"breadcrumb":{"@id":"https:\/\/lagnoticias.com\/2025\/11\/03\/el-salvador-extiende-mano-solidaria-y-ayuda-a-paises-bajo-emergencia\/#breadcrumb"},"inLanguage":"en-US","potentialAction":[{"@type":"ReadAction","target":["https:\/\/lagnoticias.com\/2025\/11\/03\/el-salvador-extiende-mano-solidaria-y-ayuda-a-paises-bajo-emergencia\/"]}]},{"@type":"ImageObject","inLanguage":"en-US","@id":"https:\/\/lagnoticias.com\/2025\/11\/03\/el-salvador-extiende-mano-solidaria-y-ayuda-a-paises-bajo-emergencia\/#primaryimage","url":"https:\/\/lagnoticias.com\/wp-content\/uploads\/2025\/11\/WhatsApp-Image-2025-11-03-at-07.17.541-scaled.jpg","contentUrl":"https:\/\/lagnoticias.com\/wp-content\/uploads\/2025\/11\/WhatsApp-Image-2025-11-03-at-07.17.541-scaled.jpg","width":2560,"height":1707},{"@type":"BreadcrumbList","@id":"https:\/\/lagnoticias.com\/2025\/11\/03\/el-salvador-extiende-mano-solidaria-y-ayuda-a-paises-bajo-emergencia\/#breadcrumb","itemListElement":[{"@type":"ListItem","position":1,"name":"Portada","item":"https:\/\/lagnoticias.com\/"},{"@type":"ListItem","position":2,"name":"El Salvador extiende mano solidaria y ayuda a pa\u00edses bajo emergencia\u00a0"}]},{"@type":"WebSite","@id":"https:\/\/lagnoticias.com\/#website","url":"https:\/\/lagnoticias.com\/","name":"La G Noticias","description":"Noticias Positivas","potentialAction":[{"@type":"SearchAction","target":{"@type":"EntryPoint","urlTemplate":"https:\/\/lagnoticias.com\/?s={search_term_string}"},"query-input":{"@type":"PropertyValueSpecification","valueRequired":true,"valueName":"search_term_string"}}],"inLanguage":"en-US"},{"@type":"Person","@id":"https:\/\/lagnoticias.com\/#\/schema\/person\/cb9bfe13f8de05d2c55270be25c6a550","name":"Oscar","image":{"@type":"ImageObject","inLanguage":"en-US","@id":"https:\/\/secure.gravatar.com\/avatar\/45c195718f652dc7ffdd591dc1f2678956ab7fdadcd359a635edc61304a8c757?s=96&d=mm&r=g","url":"https:\/\/secure.gravatar.com\/avatar\/45c195718f652dc7ffdd591dc1f2678956ab7fdadcd359a635edc61304a8c757?s=96&d=mm&r=g","contentUrl":"https:\/\/secure.gravatar.com\/avatar\/45c195718f652dc7ffdd591dc1f2678956ab7fdadcd359a635edc61304a8c757?s=96&d=mm&r=g","caption":"Oscar"},"url":"https:\/\/lagnoticias.com\/en\/author\/oscar\/"}]}},"_links":{"self":[{"href":"https:\/\/lagnoticias.com\/en\/wp-json\/wp\/v2\/posts\/6614","targetHints":{"allow":["GET"]}}],"collection":[{"href":"https:\/\/lagnoticias.com\/en\/wp-json\/wp\/v2\/posts"}],"about":[{"href":"https:\/\/lagnoticias.com\/en\/wp-json\/wp\/v2\/types\/post"}],"author":[{"embeddable":true,"href":"https:\/\/lagnoticias.com\/en\/wp-json\/wp\/v2\/users\/2"}],"replies":[{"embeddable":true,"href":"https:\/\/lagnoticias.com\/en\/wp-json\/wp\/v2\/comments?post=6614"}],"version-history":[{"count":1,"href":"https:\/\/lagnoticias.com\/en\/wp-json\/wp\/v2\/posts\/6614\/revisions"}],"predecessor-version":[{"id":6616,"href":"https:\/\/lagnoticias.com\/en\/wp-json\/wp\/v2\/posts\/6614\/revisions\/6616"}],"wp:featuredmedia":[{"embeddable":true,"href":"https:\/\/lagnoticias.com\/en\/wp-json\/wp\/v2\/media\/6615"}],"wp:attachment":[{"href":"https:\/\/lagnoticias.com\/en\/wp-json\/wp\/v2\/media?parent=6614"}],"wp:term":[{"taxonomy":"category","embeddable":true,"href":"https:\/\/lagnoticias.com\/en\/wp-json\/wp\/v2\/categories?post=6614"},{"taxonomy":"post_tag","embeddable":true,"href":"https:\/\/lagnoticias.com\/en\/wp-json\/wp\/v2\/tags?post=6614"}],"curies":[{"name":"wp","href":"https:\/\/api.w.org\/{rel}","templated":true}]}}