{"id":6603,"date":"2025-11-03T08:59:07","date_gmt":"2025-11-03T14:59:07","guid":{"rendered":"https:\/\/lagnoticias.com\/?p=6603"},"modified":"2025-11-04T11:00:39","modified_gmt":"2025-11-04T17:00:39","slug":"donald-trump-cree-que-los-dias-de-maduro-estan-contados","status":"publish","type":"post","link":"https:\/\/lagnoticias.com\/en\/2025\/11\/03\/donald-trump-cree-que-los-dias-de-maduro-estan-contados\/","title":{"rendered":"Donald Trump \u00abcree\u00bb que los d\u00edas de Maduro est\u00e1n contados"},"content":{"rendered":"<p>El presidente de&nbsp;Estados Unidos,&nbsp;Donald Trump, afirm\u00f3 en una entrevista emitida la noche del domingo que cree que los d\u00edas del gobernante venezolano&nbsp;Nicol\u00e1s Maduro&nbsp;est\u00e1n contados, pero rest\u00f3 importancia a los temores de una guerra inminente contra el pa\u00eds sudamericano.<\/p>\n\n\n\n<p>\u00abLo dudo. No lo creo\u00bb, declar\u00f3 Trump al programa \u00ab60 Minutes\u00bb de la cadena CBS, al ser preguntado sobre si Estados Unidos entrar\u00eda en guerra con&nbsp;Venezuela. \u00abPero nos han tratado muy mal\u00bb, tras lo que Trump mencion\u00f3 el tr\u00e1fico de drogas y la inmigraci\u00f3n ilegal de supuestos criminales venezolanos a su pa\u00eds.<\/p>\n\n\n\n<p>Sin embargo, al consultarle si los d\u00edas de Maduro como presidente estaban contados, Trump respondi\u00f3: \u00abDir\u00eda que s\u00ed. Creo que s\u00ed\u00bb.<\/p>\n\n\n\n<p>Al ser preguntado sobre posibles ataques terrestres contra territorio venezolano, Trump fue m\u00e1s evasivo.<\/p>\n\n\n\n<p>\u00abNo digo que sea cierto o falso, pero&#8230; (&#8230;) No me inclinar\u00eda a decir que yo har\u00eda eso. Pero no te voy a decir qu\u00e9 voy a hacer con Venezuela, si es que lo voy a hacer o no\u00bb, respondi\u00f3 el magnate republicano.<\/p>\n\n\n\n<p>Al ser consultado por la periodista Norah O&#8217;Donnell sobre posibles ataques de Estados Unidos a objetivos en territorio venezolano, Trump respondi\u00f3 que no quer\u00eda decir \u00absi es verdad o no\u201d y a\u00f1adi\u00f3 que no le revelar\u00eda \u00aba una reportera si voy a atacar o no\u201d.<\/p>\n\n\n\n<p>Generalmente, Trump interrumpi\u00f3 a la periodista hablando sobre inmigraci\u00f3n cada vez que intentaba retomar las preguntas y evit\u00f3 dar respuestas concretas, aunque consultado por \u00absi (el presidente de Venezuela, Nicol\u00e1s) Maduro tiene los d\u00edas contados\u00bb, fue r\u00e1pido: \u00abDir\u00eda que s\u00ed, creo que s\u00ed\u00bb.<\/p>\n\n\n\n<h2 class=\"wp-block-heading\">\u00abTenemos planes muy secretos\u00bb<\/h2>\n\n\n\n<p>Previamente, al descender del Air Force One y ser preguntado por posibles planes concretos de Estados Unidos para un ataque a Venezuela, respondi\u00f3 de manera similar.<\/p>\n\n\n\n<p>\u00ab\u00bfC\u00f3mo puedo responder una pregunta como esa? \u00bfHay planes de un ataque en Venezuela? \u00bfQui\u00e9n dir\u00eda eso? Suponiendo que los hubiera, \u00bfse lo dir\u00eda yo a usted, honestamente? S\u00ed, tenemos planes. Tenemos planes muy secretos\u00bb, dijo, criticando de nuevo el cuestionamiento.<\/p>\n\n\n\n<p>\u00abMire, ya veremos lo que pasa con Venezuela\u00bb, afirm\u00f3, tras lo que retom\u00f3 el argumento de que el Gobierno de Venezuela \u00abenvi\u00f3 miles de personas de c\u00e1rceles, instituciones mentales, y adictos a las drogas\u00bb.<\/p>\n\n\n\n<p>En la entrevista de CBS, presionado sobre la presencia de un portaaviones, en referencia al USS Gerald Ford, que es el m\u00e1s grande y sofisticado, y que puede sugerir una operaci\u00f3n a\u00e9rea, Trump contest\u00f3 con iron\u00eda que \u00abtiene que estar en alguna parte, es muy grande\u00bb.<\/p>\n\n\n\n<p>Trump, y su secretario de Estado, Marco Rubio,&nbsp;negaron el viernes que Estados Unidos se est\u00e9 preparando para atacar a Venezuela, pese al indiscutible incremento de la presi\u00f3n militar sobre Caracas.<\/p>\n\n\n\n<h2 class=\"wp-block-heading\">Importante despliegue militar en el Caribe<\/h2>\n\n\n\n<p>El gobierno de Trump ha realizado en los \u00faltimos meses un importante despliegue militar en el Caribe.<\/p>\n\n\n\n<p>En los \u00faltimos d\u00edas Washington ha anunciado el env\u00edo a la regi\u00f3n de su mayor y m\u00e1s sofisticado portaaviones, el USS Gerald Ford, para completar el mayor despliegue de su Armada desde la Guerra del Golfo, mientras sigue&nbsp;volando por los aires de manera sumaria embarcaciones&nbsp;que asegura que transportan drogas a EE.UU. y repite el mensaje de que el Gobierno de Nicol\u00e1s Maduro tiene v\u00ednculos con el narcotr\u00e1fico.<\/p>\n\n\n\n<p>Seg\u00fan periodistas especializados en defensa, Estados Unidos pasar\u00e1 a tener en la zona en unos d\u00edas ocho buques de guerra, tres buques anfibios y un submarino con un total de trece efectivos navales.<\/p>\n\n\n\n<p>Un paso m\u00e1s all\u00e1 fueron las informaciones de los diarios estadounidenses Miami Herald y The Wall Street Journal, que aseguraron, citando fuentes cercanas al Gobierno Trump, que Washington se prepara para bombardear en cualquier momento instalaciones militares dentro de Venezuela.<\/p>\n\n\n\n<p>Maduro ha denunciado en repetidas ocasiones que Washington quiere expulsarlo del poder y ha llamado a la parte estadounidense a renunciar a planes militares con respecto a Venezuela.<\/p>\n\n\n\n<p><\/p>\n\n\n\n<p><\/p>\n\n\n\n<p>(DW)<\/p>","protected":false},"excerpt":{"rendered":"<p>En una entrevista televisiva, el mandatario de EE.UU. fue evasivo sobre los supuestos planes para atacar a Venezuela.<\/p>","protected":false},"author":2,"featured_media":6604,"comment_status":"open","ping_status":"open","sticky":false,"template":"","format":"standard","meta":{"_et_pb_use_builder":"off","_et_pb_old_content":"","_et_gb_content_width":"","footnotes":""},"categories":[245],"tags":[272,260,347,634,346],"class_list":["post-6603","post","type-post","status-publish","format-standard","has-post-thumbnail","hentry","category-internacionales","tag-donald-trump","tag-estados-unidos","tag-gobierno-de-estados-unidos","tag-nicolas-maduro","tag-venezuela"],"yoast_head":"<!-- This site is optimized with the Yoast SEO plugin v27.4 - https:\/\/yoast.com\/product\/yoast-seo-wordpress\/ -->\n<title>Donald Trump &quot;cree&quot; que los d\u00edas de Maduro est\u00e1n contados - La G Noticias<\/title>\n<meta name=\"robots\" content=\"index, follow, max-snippet:-1, max-image-preview:large, max-video-preview:-1\" \/>\n<link rel=\"canonical\" href=\"https:\/\/lagnoticias.com\/en\/2025\/11\/03\/donald-trump-cree-que-los-dias-de-maduro-estan-contados\/\" \/>\n<meta property=\"og:locale\" content=\"en_US\" \/>\n<meta property=\"og:type\" content=\"article\" \/>\n<meta property=\"og:title\" content=\"Donald Trump &quot;cree&quot; que los d\u00edas de Maduro est\u00e1n contados - La G Noticias\" \/>\n<meta property=\"og:description\" content=\"En una entrevista televisiva, el mandatario de EE.UU. fue evasivo sobre los supuestos planes para atacar a Venezuela.\" \/>\n<meta property=\"og:url\" content=\"https:\/\/lagnoticias.com\/en\/2025\/11\/03\/donald-trump-cree-que-los-dias-de-maduro-estan-contados\/\" \/>\n<meta property=\"og:site_name\" content=\"La G Noticias\" \/>\n<meta property=\"article:publisher\" content=\"https:\/\/www.facebook.com\/LaGNoticias\" \/>\n<meta property=\"article:published_time\" content=\"2025-11-03T14:59:07+00:00\" \/>\n<meta property=\"article:modified_time\" content=\"2025-11-04T17:00:39+00:00\" \/>\n<meta property=\"og:image\" content=\"https:\/\/lagnoticias.com\/wp-content\/uploads\/2025\/11\/8.jpg\" \/>\n\t<meta property=\"og:image:width\" content=\"1568\" \/>\n\t<meta property=\"og:image:height\" content=\"882\" \/>\n\t<meta property=\"og:image:type\" content=\"image\/jpeg\" \/>\n<meta name=\"author\" content=\"Oscar\" \/>\n<meta name=\"twitter:card\" content=\"summary_large_image\" \/>\n<meta name=\"twitter:creator\" content=\"@lagnoticias\" \/>\n<meta name=\"twitter:site\" content=\"@lagnoticias\" \/>\n<meta name=\"twitter:label1\" content=\"Written by\" \/>\n\t<meta name=\"twitter:data1\" content=\"Oscar\" \/>\n\t<meta name=\"twitter:label2\" content=\"Est. reading time\" \/>\n\t<meta name=\"twitter:data2\" content=\"4 minutes\" \/>\n<script type=\"application\/ld+json\" class=\"yoast-schema-graph\">{\"@context\":\"https:\\\/\\\/schema.org\",\"@graph\":[{\"@type\":\"Article\",\"@id\":\"https:\\\/\\\/lagnoticias.com\\\/2025\\\/11\\\/03\\\/donald-trump-cree-que-los-dias-de-maduro-estan-contados\\\/#article\",\"isPartOf\":{\"@id\":\"https:\\\/\\\/lagnoticias.com\\\/2025\\\/11\\\/03\\\/donald-trump-cree-que-los-dias-de-maduro-estan-contados\\\/\"},\"author\":{\"name\":\"Oscar\",\"@id\":\"https:\\\/\\\/lagnoticias.com\\\/#\\\/schema\\\/person\\\/cb9bfe13f8de05d2c55270be25c6a550\"},\"headline\":\"Donald Trump \u00abcree\u00bb que los d\u00edas de Maduro est\u00e1n contados\",\"datePublished\":\"2025-11-03T14:59:07+00:00\",\"dateModified\":\"2025-11-04T17:00:39+00:00\",\"mainEntityOfPage\":{\"@id\":\"https:\\\/\\\/lagnoticias.com\\\/2025\\\/11\\\/03\\\/donald-trump-cree-que-los-dias-de-maduro-estan-contados\\\/\"},\"wordCount\":698,\"commentCount\":0,\"image\":{\"@id\":\"https:\\\/\\\/lagnoticias.com\\\/2025\\\/11\\\/03\\\/donald-trump-cree-que-los-dias-de-maduro-estan-contados\\\/#primaryimage\"},\"thumbnailUrl\":\"https:\\\/\\\/lagnoticias.com\\\/wp-content\\\/uploads\\\/2025\\\/11\\\/8.jpg\",\"keywords\":[\"DONALD TRUMP\",\"ESTADOS UNIDOS\",\"GOBIERNO DE ESTADOS UNIDOS\",\"NICOL\u00c1S MADURO\",\"VENEZUELA\"],\"articleSection\":[\"INTERNACIONALES\"],\"inLanguage\":\"en-US\",\"potentialAction\":[{\"@type\":\"CommentAction\",\"name\":\"Comment\",\"target\":[\"https:\\\/\\\/lagnoticias.com\\\/2025\\\/11\\\/03\\\/donald-trump-cree-que-los-dias-de-maduro-estan-contados\\\/#respond\"]}]},{\"@type\":\"WebPage\",\"@id\":\"https:\\\/\\\/lagnoticias.com\\\/2025\\\/11\\\/03\\\/donald-trump-cree-que-los-dias-de-maduro-estan-contados\\\/\",\"url\":\"https:\\\/\\\/lagnoticias.com\\\/2025\\\/11\\\/03\\\/donald-trump-cree-que-los-dias-de-maduro-estan-contados\\\/\",\"name\":\"Donald Trump \\\"cree\\\" que los d\u00edas de Maduro est\u00e1n contados - La G Noticias\",\"isPartOf\":{\"@id\":\"https:\\\/\\\/lagnoticias.com\\\/#website\"},\"primaryImageOfPage\":{\"@id\":\"https:\\\/\\\/lagnoticias.com\\\/2025\\\/11\\\/03\\\/donald-trump-cree-que-los-dias-de-maduro-estan-contados\\\/#primaryimage\"},\"image\":{\"@id\":\"https:\\\/\\\/lagnoticias.com\\\/2025\\\/11\\\/03\\\/donald-trump-cree-que-los-dias-de-maduro-estan-contados\\\/#primaryimage\"},\"thumbnailUrl\":\"https:\\\/\\\/lagnoticias.com\\\/wp-content\\\/uploads\\\/2025\\\/11\\\/8.jpg\",\"datePublished\":\"2025-11-03T14:59:07+00:00\",\"dateModified\":\"2025-11-04T17:00:39+00:00\",\"author\":{\"@id\":\"https:\\\/\\\/lagnoticias.com\\\/#\\\/schema\\\/person\\\/cb9bfe13f8de05d2c55270be25c6a550\"},\"breadcrumb\":{\"@id\":\"https:\\\/\\\/lagnoticias.com\\\/2025\\\/11\\\/03\\\/donald-trump-cree-que-los-dias-de-maduro-estan-contados\\\/#breadcrumb\"},\"inLanguage\":\"en-US\",\"potentialAction\":[{\"@type\":\"ReadAction\",\"target\":[\"https:\\\/\\\/lagnoticias.com\\\/2025\\\/11\\\/03\\\/donald-trump-cree-que-los-dias-de-maduro-estan-contados\\\/\"]}]},{\"@type\":\"ImageObject\",\"inLanguage\":\"en-US\",\"@id\":\"https:\\\/\\\/lagnoticias.com\\\/2025\\\/11\\\/03\\\/donald-trump-cree-que-los-dias-de-maduro-estan-contados\\\/#primaryimage\",\"url\":\"https:\\\/\\\/lagnoticias.com\\\/wp-content\\\/uploads\\\/2025\\\/11\\\/8.jpg\",\"contentUrl\":\"https:\\\/\\\/lagnoticias.com\\\/wp-content\\\/uploads\\\/2025\\\/11\\\/8.jpg\",\"width\":1568,\"height\":882},{\"@type\":\"BreadcrumbList\",\"@id\":\"https:\\\/\\\/lagnoticias.com\\\/2025\\\/11\\\/03\\\/donald-trump-cree-que-los-dias-de-maduro-estan-contados\\\/#breadcrumb\",\"itemListElement\":[{\"@type\":\"ListItem\",\"position\":1,\"name\":\"Portada\",\"item\":\"https:\\\/\\\/lagnoticias.com\\\/\"},{\"@type\":\"ListItem\",\"position\":2,\"name\":\"Donald Trump \u00abcree\u00bb que los d\u00edas de Maduro est\u00e1n contados\"}]},{\"@type\":\"WebSite\",\"@id\":\"https:\\\/\\\/lagnoticias.com\\\/#website\",\"url\":\"https:\\\/\\\/lagnoticias.com\\\/\",\"name\":\"La G Noticias\",\"description\":\"Noticias Positivas\",\"potentialAction\":[{\"@type\":\"SearchAction\",\"target\":{\"@type\":\"EntryPoint\",\"urlTemplate\":\"https:\\\/\\\/lagnoticias.com\\\/?s={search_term_string}\"},\"query-input\":{\"@type\":\"PropertyValueSpecification\",\"valueRequired\":true,\"valueName\":\"search_term_string\"}}],\"inLanguage\":\"en-US\"},{\"@type\":\"Person\",\"@id\":\"https:\\\/\\\/lagnoticias.com\\\/#\\\/schema\\\/person\\\/cb9bfe13f8de05d2c55270be25c6a550\",\"name\":\"Oscar\",\"image\":{\"@type\":\"ImageObject\",\"inLanguage\":\"en-US\",\"@id\":\"https:\\\/\\\/secure.gravatar.com\\\/avatar\\\/45c195718f652dc7ffdd591dc1f2678956ab7fdadcd359a635edc61304a8c757?s=96&d=mm&r=g\",\"url\":\"https:\\\/\\\/secure.gravatar.com\\\/avatar\\\/45c195718f652dc7ffdd591dc1f2678956ab7fdadcd359a635edc61304a8c757?s=96&d=mm&r=g\",\"contentUrl\":\"https:\\\/\\\/secure.gravatar.com\\\/avatar\\\/45c195718f652dc7ffdd591dc1f2678956ab7fdadcd359a635edc61304a8c757?s=96&d=mm&r=g\",\"caption\":\"Oscar\"},\"url\":\"https:\\\/\\\/lagnoticias.com\\\/en\\\/author\\\/oscar\\\/\"}]}<\/script>\n<!-- \/ Yoast SEO plugin. -->","yoast_head_json":{"title":"Donald Trump \"cree\" que los d\u00edas de Maduro est\u00e1n contados - La G Noticias","robots":{"index":"index","follow":"follow","max-snippet":"max-snippet:-1","max-image-preview":"max-image-preview:large","max-video-preview":"max-video-preview:-1"},"canonical":"https:\/\/lagnoticias.com\/en\/2025\/11\/03\/donald-trump-cree-que-los-dias-de-maduro-estan-contados\/","og_locale":"en_US","og_type":"article","og_title":"Donald Trump \"cree\" que los d\u00edas de Maduro est\u00e1n contados - La G Noticias","og_description":"En una entrevista televisiva, el mandatario de EE.UU. fue evasivo sobre los supuestos planes para atacar a Venezuela.","og_url":"https:\/\/lagnoticias.com\/en\/2025\/11\/03\/donald-trump-cree-que-los-dias-de-maduro-estan-contados\/","og_site_name":"La G Noticias","article_publisher":"https:\/\/www.facebook.com\/LaGNoticias","article_published_time":"2025-11-03T14:59:07+00:00","article_modified_time":"2025-11-04T17:00:39+00:00","og_image":[{"width":1568,"height":882,"url":"https:\/\/lagnoticias.com\/wp-content\/uploads\/2025\/11\/8.jpg","type":"image\/jpeg"}],"author":"Oscar","twitter_card":"summary_large_image","twitter_creator":"@lagnoticias","twitter_site":"@lagnoticias","twitter_misc":{"Written by":"Oscar","Est. reading time":"4 minutes"},"schema":{"@context":"https:\/\/schema.org","@graph":[{"@type":"Article","@id":"https:\/\/lagnoticias.com\/2025\/11\/03\/donald-trump-cree-que-los-dias-de-maduro-estan-contados\/#article","isPartOf":{"@id":"https:\/\/lagnoticias.com\/2025\/11\/03\/donald-trump-cree-que-los-dias-de-maduro-estan-contados\/"},"author":{"name":"Oscar","@id":"https:\/\/lagnoticias.com\/#\/schema\/person\/cb9bfe13f8de05d2c55270be25c6a550"},"headline":"Donald Trump \u00abcree\u00bb que los d\u00edas de Maduro est\u00e1n contados","datePublished":"2025-11-03T14:59:07+00:00","dateModified":"2025-11-04T17:00:39+00:00","mainEntityOfPage":{"@id":"https:\/\/lagnoticias.com\/2025\/11\/03\/donald-trump-cree-que-los-dias-de-maduro-estan-contados\/"},"wordCount":698,"commentCount":0,"image":{"@id":"https:\/\/lagnoticias.com\/2025\/11\/03\/donald-trump-cree-que-los-dias-de-maduro-estan-contados\/#primaryimage"},"thumbnailUrl":"https:\/\/lagnoticias.com\/wp-content\/uploads\/2025\/11\/8.jpg","keywords":["DONALD TRUMP","ESTADOS UNIDOS","GOBIERNO DE ESTADOS UNIDOS","NICOL\u00c1S MADURO","VENEZUELA"],"articleSection":["INTERNACIONALES"],"inLanguage":"en-US","potentialAction":[{"@type":"CommentAction","name":"Comment","target":["https:\/\/lagnoticias.com\/2025\/11\/03\/donald-trump-cree-que-los-dias-de-maduro-estan-contados\/#respond"]}]},{"@type":"WebPage","@id":"https:\/\/lagnoticias.com\/2025\/11\/03\/donald-trump-cree-que-los-dias-de-maduro-estan-contados\/","url":"https:\/\/lagnoticias.com\/2025\/11\/03\/donald-trump-cree-que-los-dias-de-maduro-estan-contados\/","name":"Donald Trump \"cree\" que los d\u00edas de Maduro est\u00e1n contados - La G Noticias","isPartOf":{"@id":"https:\/\/lagnoticias.com\/#website"},"primaryImageOfPage":{"@id":"https:\/\/lagnoticias.com\/2025\/11\/03\/donald-trump-cree-que-los-dias-de-maduro-estan-contados\/#primaryimage"},"image":{"@id":"https:\/\/lagnoticias.com\/2025\/11\/03\/donald-trump-cree-que-los-dias-de-maduro-estan-contados\/#primaryimage"},"thumbnailUrl":"https:\/\/lagnoticias.com\/wp-content\/uploads\/2025\/11\/8.jpg","datePublished":"2025-11-03T14:59:07+00:00","dateModified":"2025-11-04T17:00:39+00:00","author":{"@id":"https:\/\/lagnoticias.com\/#\/schema\/person\/cb9bfe13f8de05d2c55270be25c6a550"},"breadcrumb":{"@id":"https:\/\/lagnoticias.com\/2025\/11\/03\/donald-trump-cree-que-los-dias-de-maduro-estan-contados\/#breadcrumb"},"inLanguage":"en-US","potentialAction":[{"@type":"ReadAction","target":["https:\/\/lagnoticias.com\/2025\/11\/03\/donald-trump-cree-que-los-dias-de-maduro-estan-contados\/"]}]},{"@type":"ImageObject","inLanguage":"en-US","@id":"https:\/\/lagnoticias.com\/2025\/11\/03\/donald-trump-cree-que-los-dias-de-maduro-estan-contados\/#primaryimage","url":"https:\/\/lagnoticias.com\/wp-content\/uploads\/2025\/11\/8.jpg","contentUrl":"https:\/\/lagnoticias.com\/wp-content\/uploads\/2025\/11\/8.jpg","width":1568,"height":882},{"@type":"BreadcrumbList","@id":"https:\/\/lagnoticias.com\/2025\/11\/03\/donald-trump-cree-que-los-dias-de-maduro-estan-contados\/#breadcrumb","itemListElement":[{"@type":"ListItem","position":1,"name":"Portada","item":"https:\/\/lagnoticias.com\/"},{"@type":"ListItem","position":2,"name":"Donald Trump \u00abcree\u00bb que los d\u00edas de Maduro est\u00e1n contados"}]},{"@type":"WebSite","@id":"https:\/\/lagnoticias.com\/#website","url":"https:\/\/lagnoticias.com\/","name":"La G Noticias","description":"Noticias Positivas","potentialAction":[{"@type":"SearchAction","target":{"@type":"EntryPoint","urlTemplate":"https:\/\/lagnoticias.com\/?s={search_term_string}"},"query-input":{"@type":"PropertyValueSpecification","valueRequired":true,"valueName":"search_term_string"}}],"inLanguage":"en-US"},{"@type":"Person","@id":"https:\/\/lagnoticias.com\/#\/schema\/person\/cb9bfe13f8de05d2c55270be25c6a550","name":"Oscar","image":{"@type":"ImageObject","inLanguage":"en-US","@id":"https:\/\/secure.gravatar.com\/avatar\/45c195718f652dc7ffdd591dc1f2678956ab7fdadcd359a635edc61304a8c757?s=96&d=mm&r=g","url":"https:\/\/secure.gravatar.com\/avatar\/45c195718f652dc7ffdd591dc1f2678956ab7fdadcd359a635edc61304a8c757?s=96&d=mm&r=g","contentUrl":"https:\/\/secure.gravatar.com\/avatar\/45c195718f652dc7ffdd591dc1f2678956ab7fdadcd359a635edc61304a8c757?s=96&d=mm&r=g","caption":"Oscar"},"url":"https:\/\/lagnoticias.com\/en\/author\/oscar\/"}]}},"_links":{"self":[{"href":"https:\/\/lagnoticias.com\/en\/wp-json\/wp\/v2\/posts\/6603","targetHints":{"allow":["GET"]}}],"collection":[{"href":"https:\/\/lagnoticias.com\/en\/wp-json\/wp\/v2\/posts"}],"about":[{"href":"https:\/\/lagnoticias.com\/en\/wp-json\/wp\/v2\/types\/post"}],"author":[{"embeddable":true,"href":"https:\/\/lagnoticias.com\/en\/wp-json\/wp\/v2\/users\/2"}],"replies":[{"embeddable":true,"href":"https:\/\/lagnoticias.com\/en\/wp-json\/wp\/v2\/comments?post=6603"}],"version-history":[{"count":1,"href":"https:\/\/lagnoticias.com\/en\/wp-json\/wp\/v2\/posts\/6603\/revisions"}],"predecessor-version":[{"id":6605,"href":"https:\/\/lagnoticias.com\/en\/wp-json\/wp\/v2\/posts\/6603\/revisions\/6605"}],"wp:featuredmedia":[{"embeddable":true,"href":"https:\/\/lagnoticias.com\/en\/wp-json\/wp\/v2\/media\/6604"}],"wp:attachment":[{"href":"https:\/\/lagnoticias.com\/en\/wp-json\/wp\/v2\/media?parent=6603"}],"wp:term":[{"taxonomy":"category","embeddable":true,"href":"https:\/\/lagnoticias.com\/en\/wp-json\/wp\/v2\/categories?post=6603"},{"taxonomy":"post_tag","embeddable":true,"href":"https:\/\/lagnoticias.com\/en\/wp-json\/wp\/v2\/tags?post=6603"}],"curies":[{"name":"wp","href":"https:\/\/api.w.org\/{rel}","templated":true}]}}