{"id":6600,"date":"2025-11-03T08:48:20","date_gmt":"2025-11-03T14:48:20","guid":{"rendered":"https:\/\/lagnoticias.com\/?p=6600"},"modified":"2025-11-03T08:48:20","modified_gmt":"2025-11-03T14:48:20","slug":"mision-humanitaria-enviada-a-jamaica-prepara-despliegue-en-zonas-mas-afectadas-por-el-huracan-melissa","status":"publish","type":"post","link":"https:\/\/lagnoticias.com\/en\/2025\/11\/03\/mision-humanitaria-enviada-a-jamaica-prepara-despliegue-en-zonas-mas-afectadas-por-el-huracan-melissa\/","title":{"rendered":"Misi\u00f3n humanitaria enviada a Jamaica prepara despliegue en zonas m\u00e1s afectadas por el hurac\u00e1n Melissa"},"content":{"rendered":"<p>El Salvador extendi\u00f3 su mano amiga a Jamaica, que result\u00f3 severamente afectado por el paso del hurac\u00e1n Melissa, enviando una misi\u00f3n de ayuda humanitaria compuesta por personal especializado y 50 toneladas de suministros esenciales.<\/p>\n\n\n\n<p>Ayer, arrib\u00f3 a la naci\u00f3n insular el avi\u00f3n con el cargamento de ayuda. Desde su llegada, el equipo de instituciones salvadore\u00f1as ha trabajado en la organizaci\u00f3n y clasificaci\u00f3n de los insumos enviados, con el prop\u00f3sito de garantizar una entrega eficiente y ordenada a las comunidades afectadas.<\/p>\n\n\n\n<p>El jefe de la misi\u00f3n de El Salvador en Jamaica, mayor del Cuerpo de Bomberos, Antonio V\u00e1squez, manifest\u00f3 que el equipo interinstitucional est\u00e1 prepar\u00e1ndose para todo el despliegue que van a realizar y para que sea asignada la base de operaciones para iniciar con el proceso de atenci\u00f3n y entrega correspondiente.<\/p>\n\n\n\n<p>\u201cEntre las reuniones que hemos tenido de planificaci\u00f3n nos han dicho que son 13 los lugares m\u00e1s afectados, entre estos hay dos mayormente golpeados. Este d\u00eda sostendremos otra reuni\u00f3n de planificaci\u00f3n en las que nos van a dar mayores detalles sobre los lugares en los que vamos a comenzar a trabajar\u201d, inform\u00f3.<\/p>\n\n\n\n<p>En tanto, el comandante de la Unidad Humanitaria de Rescate de la Fuerza Armada, Fernando Casta\u00f1eda, se\u00f1al\u00f3 que la misi\u00f3n no tiene fecha de t\u00e9rmino. \u201cNosotros, nos vamos a mantener ac\u00e1, cumpliendo la orden de nuestro presidente Bukele, y vamos a seguir atendiendo a todas las personas que se han visto afectadas por el paso del hurac\u00e1n Melissa\u201d, subray\u00f3.<\/p>\n\n\n\n<p>Los suministros enviados incluyen medicinas, alimentos no perecederos, agua embotellada, ropa y herramientas destinados a atender las necesidades m\u00e1s urgentes de la poblaci\u00f3n jamaiquina. La distribuci\u00f3n de la ayuda comenzar\u00e1 en las pr\u00f3ximas horas, en coordinaci\u00f3n con las autoridades locales, asegurando que cada paquete llegue a manos de quienes realmente lo necesitan.<\/p>","protected":false},"excerpt":{"rendered":"<p>El Salvador extendi\u00f3 su mano amiga a Jamaica, que result\u00f3 severamente afectado por el paso del hurac\u00e1n Melissa, enviando una misi\u00f3n de ayuda humanitaria compuesta por personal especializado y 50 toneladas de suministros esenciales. Ayer, arrib\u00f3 a la naci\u00f3n insular el avi\u00f3n con el cargamento de ayuda. Desde su llegada, el equipo de instituciones salvadore\u00f1as [&hellip;]<\/p>","protected":false},"author":2,"featured_media":6601,"comment_status":"open","ping_status":"open","sticky":false,"template":"","format":"standard","meta":{"_et_pb_use_builder":"off","_et_pb_old_content":"","_et_gb_content_width":"","footnotes":""},"categories":[244],"tags":[267,268,1661,1464],"class_list":["post-6600","post","type-post","status-publish","format-standard","has-post-thumbnail","hentry","category-nacionales","tag-el-salvador","tag-gobierno-de-el-salvador","tag-huracan-melissa","tag-jamaica"],"yoast_head":"<!-- This site is optimized with the Yoast SEO plugin v27.4 - https:\/\/yoast.com\/product\/yoast-seo-wordpress\/ -->\n<title>Misi\u00f3n humanitaria enviada a Jamaica prepara despliegue en zonas m\u00e1s afectadas por el hurac\u00e1n Melissa - La G Noticias<\/title>\n<meta name=\"robots\" content=\"index, follow, max-snippet:-1, max-image-preview:large, max-video-preview:-1\" \/>\n<link rel=\"canonical\" href=\"https:\/\/lagnoticias.com\/en\/2025\/11\/03\/mision-humanitaria-enviada-a-jamaica-prepara-despliegue-en-zonas-mas-afectadas-por-el-huracan-melissa\/\" \/>\n<meta property=\"og:locale\" content=\"en_US\" \/>\n<meta property=\"og:type\" content=\"article\" \/>\n<meta property=\"og:title\" content=\"Misi\u00f3n humanitaria enviada a Jamaica prepara despliegue en zonas m\u00e1s afectadas por el hurac\u00e1n Melissa - La G Noticias\" \/>\n<meta property=\"og:description\" content=\"El Salvador extendi\u00f3 su mano amiga a Jamaica, que result\u00f3 severamente afectado por el paso del hurac\u00e1n Melissa, enviando una misi\u00f3n de ayuda humanitaria compuesta por personal especializado y 50 toneladas de suministros esenciales. Ayer, arrib\u00f3 a la naci\u00f3n insular el avi\u00f3n con el cargamento de ayuda. Desde su llegada, el equipo de instituciones salvadore\u00f1as [&hellip;]\" \/>\n<meta property=\"og:url\" content=\"https:\/\/lagnoticias.com\/en\/2025\/11\/03\/mision-humanitaria-enviada-a-jamaica-prepara-despliegue-en-zonas-mas-afectadas-por-el-huracan-melissa\/\" \/>\n<meta property=\"og:site_name\" content=\"La G Noticias\" \/>\n<meta property=\"article:publisher\" content=\"https:\/\/www.facebook.com\/LaGNoticias\" \/>\n<meta property=\"article:published_time\" content=\"2025-11-03T14:48:20+00:00\" \/>\n<meta property=\"og:image\" content=\"https:\/\/lagnoticias.com\/wp-content\/uploads\/2025\/11\/575175186_1191159449854980_1254539599283892310_n.jpg\" \/>\n\t<meta property=\"og:image:width\" content=\"2048\" \/>\n\t<meta property=\"og:image:height\" content=\"1366\" \/>\n\t<meta property=\"og:image:type\" content=\"image\/jpeg\" \/>\n<meta name=\"author\" content=\"Oscar\" \/>\n<meta name=\"twitter:card\" content=\"summary_large_image\" \/>\n<meta name=\"twitter:creator\" content=\"@lagnoticias\" \/>\n<meta name=\"twitter:site\" content=\"@lagnoticias\" \/>\n<meta name=\"twitter:label1\" content=\"Written by\" \/>\n\t<meta name=\"twitter:data1\" content=\"Oscar\" \/>\n\t<meta name=\"twitter:label2\" content=\"Est. reading time\" \/>\n\t<meta name=\"twitter:data2\" content=\"2 minutes\" \/>\n<script type=\"application\/ld+json\" class=\"yoast-schema-graph\">{\"@context\":\"https:\\\/\\\/schema.org\",\"@graph\":[{\"@type\":\"Article\",\"@id\":\"https:\\\/\\\/lagnoticias.com\\\/2025\\\/11\\\/03\\\/mision-humanitaria-enviada-a-jamaica-prepara-despliegue-en-zonas-mas-afectadas-por-el-huracan-melissa\\\/#article\",\"isPartOf\":{\"@id\":\"https:\\\/\\\/lagnoticias.com\\\/2025\\\/11\\\/03\\\/mision-humanitaria-enviada-a-jamaica-prepara-despliegue-en-zonas-mas-afectadas-por-el-huracan-melissa\\\/\"},\"author\":{\"name\":\"Oscar\",\"@id\":\"https:\\\/\\\/lagnoticias.com\\\/#\\\/schema\\\/person\\\/cb9bfe13f8de05d2c55270be25c6a550\"},\"headline\":\"Misi\u00f3n humanitaria enviada a Jamaica prepara despliegue en zonas m\u00e1s afectadas por el hurac\u00e1n Melissa\",\"datePublished\":\"2025-11-03T14:48:20+00:00\",\"mainEntityOfPage\":{\"@id\":\"https:\\\/\\\/lagnoticias.com\\\/2025\\\/11\\\/03\\\/mision-humanitaria-enviada-a-jamaica-prepara-despliegue-en-zonas-mas-afectadas-por-el-huracan-melissa\\\/\"},\"wordCount\":337,\"commentCount\":0,\"image\":{\"@id\":\"https:\\\/\\\/lagnoticias.com\\\/2025\\\/11\\\/03\\\/mision-humanitaria-enviada-a-jamaica-prepara-despliegue-en-zonas-mas-afectadas-por-el-huracan-melissa\\\/#primaryimage\"},\"thumbnailUrl\":\"https:\\\/\\\/lagnoticias.com\\\/wp-content\\\/uploads\\\/2025\\\/11\\\/575175186_1191159449854980_1254539599283892310_n.jpg\",\"keywords\":[\"EL SALVADOR\",\"GOBIERNO DE EL SALVADOR\",\"HURAC\u00c1N MELISSA\",\"JAMAICA\"],\"articleSection\":[\"NACIONALES\"],\"inLanguage\":\"en-US\",\"potentialAction\":[{\"@type\":\"CommentAction\",\"name\":\"Comment\",\"target\":[\"https:\\\/\\\/lagnoticias.com\\\/2025\\\/11\\\/03\\\/mision-humanitaria-enviada-a-jamaica-prepara-despliegue-en-zonas-mas-afectadas-por-el-huracan-melissa\\\/#respond\"]}]},{\"@type\":\"WebPage\",\"@id\":\"https:\\\/\\\/lagnoticias.com\\\/2025\\\/11\\\/03\\\/mision-humanitaria-enviada-a-jamaica-prepara-despliegue-en-zonas-mas-afectadas-por-el-huracan-melissa\\\/\",\"url\":\"https:\\\/\\\/lagnoticias.com\\\/2025\\\/11\\\/03\\\/mision-humanitaria-enviada-a-jamaica-prepara-despliegue-en-zonas-mas-afectadas-por-el-huracan-melissa\\\/\",\"name\":\"Misi\u00f3n humanitaria enviada a Jamaica prepara despliegue en zonas m\u00e1s afectadas por el hurac\u00e1n Melissa - La G Noticias\",\"isPartOf\":{\"@id\":\"https:\\\/\\\/lagnoticias.com\\\/#website\"},\"primaryImageOfPage\":{\"@id\":\"https:\\\/\\\/lagnoticias.com\\\/2025\\\/11\\\/03\\\/mision-humanitaria-enviada-a-jamaica-prepara-despliegue-en-zonas-mas-afectadas-por-el-huracan-melissa\\\/#primaryimage\"},\"image\":{\"@id\":\"https:\\\/\\\/lagnoticias.com\\\/2025\\\/11\\\/03\\\/mision-humanitaria-enviada-a-jamaica-prepara-despliegue-en-zonas-mas-afectadas-por-el-huracan-melissa\\\/#primaryimage\"},\"thumbnailUrl\":\"https:\\\/\\\/lagnoticias.com\\\/wp-content\\\/uploads\\\/2025\\\/11\\\/575175186_1191159449854980_1254539599283892310_n.jpg\",\"datePublished\":\"2025-11-03T14:48:20+00:00\",\"author\":{\"@id\":\"https:\\\/\\\/lagnoticias.com\\\/#\\\/schema\\\/person\\\/cb9bfe13f8de05d2c55270be25c6a550\"},\"breadcrumb\":{\"@id\":\"https:\\\/\\\/lagnoticias.com\\\/2025\\\/11\\\/03\\\/mision-humanitaria-enviada-a-jamaica-prepara-despliegue-en-zonas-mas-afectadas-por-el-huracan-melissa\\\/#breadcrumb\"},\"inLanguage\":\"en-US\",\"potentialAction\":[{\"@type\":\"ReadAction\",\"target\":[\"https:\\\/\\\/lagnoticias.com\\\/2025\\\/11\\\/03\\\/mision-humanitaria-enviada-a-jamaica-prepara-despliegue-en-zonas-mas-afectadas-por-el-huracan-melissa\\\/\"]}]},{\"@type\":\"ImageObject\",\"inLanguage\":\"en-US\",\"@id\":\"https:\\\/\\\/lagnoticias.com\\\/2025\\\/11\\\/03\\\/mision-humanitaria-enviada-a-jamaica-prepara-despliegue-en-zonas-mas-afectadas-por-el-huracan-melissa\\\/#primaryimage\",\"url\":\"https:\\\/\\\/lagnoticias.com\\\/wp-content\\\/uploads\\\/2025\\\/11\\\/575175186_1191159449854980_1254539599283892310_n.jpg\",\"contentUrl\":\"https:\\\/\\\/lagnoticias.com\\\/wp-content\\\/uploads\\\/2025\\\/11\\\/575175186_1191159449854980_1254539599283892310_n.jpg\",\"width\":2048,\"height\":1366},{\"@type\":\"BreadcrumbList\",\"@id\":\"https:\\\/\\\/lagnoticias.com\\\/2025\\\/11\\\/03\\\/mision-humanitaria-enviada-a-jamaica-prepara-despliegue-en-zonas-mas-afectadas-por-el-huracan-melissa\\\/#breadcrumb\",\"itemListElement\":[{\"@type\":\"ListItem\",\"position\":1,\"name\":\"Portada\",\"item\":\"https:\\\/\\\/lagnoticias.com\\\/\"},{\"@type\":\"ListItem\",\"position\":2,\"name\":\"Misi\u00f3n humanitaria enviada a Jamaica prepara despliegue en zonas m\u00e1s afectadas por el hurac\u00e1n Melissa\"}]},{\"@type\":\"WebSite\",\"@id\":\"https:\\\/\\\/lagnoticias.com\\\/#website\",\"url\":\"https:\\\/\\\/lagnoticias.com\\\/\",\"name\":\"La G Noticias\",\"description\":\"Noticias Positivas\",\"potentialAction\":[{\"@type\":\"SearchAction\",\"target\":{\"@type\":\"EntryPoint\",\"urlTemplate\":\"https:\\\/\\\/lagnoticias.com\\\/?s={search_term_string}\"},\"query-input\":{\"@type\":\"PropertyValueSpecification\",\"valueRequired\":true,\"valueName\":\"search_term_string\"}}],\"inLanguage\":\"en-US\"},{\"@type\":\"Person\",\"@id\":\"https:\\\/\\\/lagnoticias.com\\\/#\\\/schema\\\/person\\\/cb9bfe13f8de05d2c55270be25c6a550\",\"name\":\"Oscar\",\"image\":{\"@type\":\"ImageObject\",\"inLanguage\":\"en-US\",\"@id\":\"https:\\\/\\\/secure.gravatar.com\\\/avatar\\\/45c195718f652dc7ffdd591dc1f2678956ab7fdadcd359a635edc61304a8c757?s=96&d=mm&r=g\",\"url\":\"https:\\\/\\\/secure.gravatar.com\\\/avatar\\\/45c195718f652dc7ffdd591dc1f2678956ab7fdadcd359a635edc61304a8c757?s=96&d=mm&r=g\",\"contentUrl\":\"https:\\\/\\\/secure.gravatar.com\\\/avatar\\\/45c195718f652dc7ffdd591dc1f2678956ab7fdadcd359a635edc61304a8c757?s=96&d=mm&r=g\",\"caption\":\"Oscar\"},\"url\":\"https:\\\/\\\/lagnoticias.com\\\/en\\\/author\\\/oscar\\\/\"}]}<\/script>\n<!-- \/ Yoast SEO plugin. -->","yoast_head_json":{"title":"Misi\u00f3n humanitaria enviada a Jamaica prepara despliegue en zonas m\u00e1s afectadas por el hurac\u00e1n Melissa - La G Noticias","robots":{"index":"index","follow":"follow","max-snippet":"max-snippet:-1","max-image-preview":"max-image-preview:large","max-video-preview":"max-video-preview:-1"},"canonical":"https:\/\/lagnoticias.com\/en\/2025\/11\/03\/mision-humanitaria-enviada-a-jamaica-prepara-despliegue-en-zonas-mas-afectadas-por-el-huracan-melissa\/","og_locale":"en_US","og_type":"article","og_title":"Misi\u00f3n humanitaria enviada a Jamaica prepara despliegue en zonas m\u00e1s afectadas por el hurac\u00e1n Melissa - La G Noticias","og_description":"El Salvador extendi\u00f3 su mano amiga a Jamaica, que result\u00f3 severamente afectado por el paso del hurac\u00e1n Melissa, enviando una misi\u00f3n de ayuda humanitaria compuesta por personal especializado y 50 toneladas de suministros esenciales. Ayer, arrib\u00f3 a la naci\u00f3n insular el avi\u00f3n con el cargamento de ayuda. Desde su llegada, el equipo de instituciones salvadore\u00f1as [&hellip;]","og_url":"https:\/\/lagnoticias.com\/en\/2025\/11\/03\/mision-humanitaria-enviada-a-jamaica-prepara-despliegue-en-zonas-mas-afectadas-por-el-huracan-melissa\/","og_site_name":"La G Noticias","article_publisher":"https:\/\/www.facebook.com\/LaGNoticias","article_published_time":"2025-11-03T14:48:20+00:00","og_image":[{"width":2048,"height":1366,"url":"https:\/\/lagnoticias.com\/wp-content\/uploads\/2025\/11\/575175186_1191159449854980_1254539599283892310_n.jpg","type":"image\/jpeg"}],"author":"Oscar","twitter_card":"summary_large_image","twitter_creator":"@lagnoticias","twitter_site":"@lagnoticias","twitter_misc":{"Written by":"Oscar","Est. reading time":"2 minutes"},"schema":{"@context":"https:\/\/schema.org","@graph":[{"@type":"Article","@id":"https:\/\/lagnoticias.com\/2025\/11\/03\/mision-humanitaria-enviada-a-jamaica-prepara-despliegue-en-zonas-mas-afectadas-por-el-huracan-melissa\/#article","isPartOf":{"@id":"https:\/\/lagnoticias.com\/2025\/11\/03\/mision-humanitaria-enviada-a-jamaica-prepara-despliegue-en-zonas-mas-afectadas-por-el-huracan-melissa\/"},"author":{"name":"Oscar","@id":"https:\/\/lagnoticias.com\/#\/schema\/person\/cb9bfe13f8de05d2c55270be25c6a550"},"headline":"Misi\u00f3n humanitaria enviada a Jamaica prepara despliegue en zonas m\u00e1s afectadas por el hurac\u00e1n Melissa","datePublished":"2025-11-03T14:48:20+00:00","mainEntityOfPage":{"@id":"https:\/\/lagnoticias.com\/2025\/11\/03\/mision-humanitaria-enviada-a-jamaica-prepara-despliegue-en-zonas-mas-afectadas-por-el-huracan-melissa\/"},"wordCount":337,"commentCount":0,"image":{"@id":"https:\/\/lagnoticias.com\/2025\/11\/03\/mision-humanitaria-enviada-a-jamaica-prepara-despliegue-en-zonas-mas-afectadas-por-el-huracan-melissa\/#primaryimage"},"thumbnailUrl":"https:\/\/lagnoticias.com\/wp-content\/uploads\/2025\/11\/575175186_1191159449854980_1254539599283892310_n.jpg","keywords":["EL SALVADOR","GOBIERNO DE EL SALVADOR","HURAC\u00c1N MELISSA","JAMAICA"],"articleSection":["NACIONALES"],"inLanguage":"en-US","potentialAction":[{"@type":"CommentAction","name":"Comment","target":["https:\/\/lagnoticias.com\/2025\/11\/03\/mision-humanitaria-enviada-a-jamaica-prepara-despliegue-en-zonas-mas-afectadas-por-el-huracan-melissa\/#respond"]}]},{"@type":"WebPage","@id":"https:\/\/lagnoticias.com\/2025\/11\/03\/mision-humanitaria-enviada-a-jamaica-prepara-despliegue-en-zonas-mas-afectadas-por-el-huracan-melissa\/","url":"https:\/\/lagnoticias.com\/2025\/11\/03\/mision-humanitaria-enviada-a-jamaica-prepara-despliegue-en-zonas-mas-afectadas-por-el-huracan-melissa\/","name":"Misi\u00f3n humanitaria enviada a Jamaica prepara despliegue en zonas m\u00e1s afectadas por el hurac\u00e1n Melissa - La G Noticias","isPartOf":{"@id":"https:\/\/lagnoticias.com\/#website"},"primaryImageOfPage":{"@id":"https:\/\/lagnoticias.com\/2025\/11\/03\/mision-humanitaria-enviada-a-jamaica-prepara-despliegue-en-zonas-mas-afectadas-por-el-huracan-melissa\/#primaryimage"},"image":{"@id":"https:\/\/lagnoticias.com\/2025\/11\/03\/mision-humanitaria-enviada-a-jamaica-prepara-despliegue-en-zonas-mas-afectadas-por-el-huracan-melissa\/#primaryimage"},"thumbnailUrl":"https:\/\/lagnoticias.com\/wp-content\/uploads\/2025\/11\/575175186_1191159449854980_1254539599283892310_n.jpg","datePublished":"2025-11-03T14:48:20+00:00","author":{"@id":"https:\/\/lagnoticias.com\/#\/schema\/person\/cb9bfe13f8de05d2c55270be25c6a550"},"breadcrumb":{"@id":"https:\/\/lagnoticias.com\/2025\/11\/03\/mision-humanitaria-enviada-a-jamaica-prepara-despliegue-en-zonas-mas-afectadas-por-el-huracan-melissa\/#breadcrumb"},"inLanguage":"en-US","potentialAction":[{"@type":"ReadAction","target":["https:\/\/lagnoticias.com\/2025\/11\/03\/mision-humanitaria-enviada-a-jamaica-prepara-despliegue-en-zonas-mas-afectadas-por-el-huracan-melissa\/"]}]},{"@type":"ImageObject","inLanguage":"en-US","@id":"https:\/\/lagnoticias.com\/2025\/11\/03\/mision-humanitaria-enviada-a-jamaica-prepara-despliegue-en-zonas-mas-afectadas-por-el-huracan-melissa\/#primaryimage","url":"https:\/\/lagnoticias.com\/wp-content\/uploads\/2025\/11\/575175186_1191159449854980_1254539599283892310_n.jpg","contentUrl":"https:\/\/lagnoticias.com\/wp-content\/uploads\/2025\/11\/575175186_1191159449854980_1254539599283892310_n.jpg","width":2048,"height":1366},{"@type":"BreadcrumbList","@id":"https:\/\/lagnoticias.com\/2025\/11\/03\/mision-humanitaria-enviada-a-jamaica-prepara-despliegue-en-zonas-mas-afectadas-por-el-huracan-melissa\/#breadcrumb","itemListElement":[{"@type":"ListItem","position":1,"name":"Portada","item":"https:\/\/lagnoticias.com\/"},{"@type":"ListItem","position":2,"name":"Misi\u00f3n humanitaria enviada a Jamaica prepara despliegue en zonas m\u00e1s afectadas por el hurac\u00e1n Melissa"}]},{"@type":"WebSite","@id":"https:\/\/lagnoticias.com\/#website","url":"https:\/\/lagnoticias.com\/","name":"La G Noticias","description":"Noticias Positivas","potentialAction":[{"@type":"SearchAction","target":{"@type":"EntryPoint","urlTemplate":"https:\/\/lagnoticias.com\/?s={search_term_string}"},"query-input":{"@type":"PropertyValueSpecification","valueRequired":true,"valueName":"search_term_string"}}],"inLanguage":"en-US"},{"@type":"Person","@id":"https:\/\/lagnoticias.com\/#\/schema\/person\/cb9bfe13f8de05d2c55270be25c6a550","name":"Oscar","image":{"@type":"ImageObject","inLanguage":"en-US","@id":"https:\/\/secure.gravatar.com\/avatar\/45c195718f652dc7ffdd591dc1f2678956ab7fdadcd359a635edc61304a8c757?s=96&d=mm&r=g","url":"https:\/\/secure.gravatar.com\/avatar\/45c195718f652dc7ffdd591dc1f2678956ab7fdadcd359a635edc61304a8c757?s=96&d=mm&r=g","contentUrl":"https:\/\/secure.gravatar.com\/avatar\/45c195718f652dc7ffdd591dc1f2678956ab7fdadcd359a635edc61304a8c757?s=96&d=mm&r=g","caption":"Oscar"},"url":"https:\/\/lagnoticias.com\/en\/author\/oscar\/"}]}},"_links":{"self":[{"href":"https:\/\/lagnoticias.com\/en\/wp-json\/wp\/v2\/posts\/6600","targetHints":{"allow":["GET"]}}],"collection":[{"href":"https:\/\/lagnoticias.com\/en\/wp-json\/wp\/v2\/posts"}],"about":[{"href":"https:\/\/lagnoticias.com\/en\/wp-json\/wp\/v2\/types\/post"}],"author":[{"embeddable":true,"href":"https:\/\/lagnoticias.com\/en\/wp-json\/wp\/v2\/users\/2"}],"replies":[{"embeddable":true,"href":"https:\/\/lagnoticias.com\/en\/wp-json\/wp\/v2\/comments?post=6600"}],"version-history":[{"count":1,"href":"https:\/\/lagnoticias.com\/en\/wp-json\/wp\/v2\/posts\/6600\/revisions"}],"predecessor-version":[{"id":6602,"href":"https:\/\/lagnoticias.com\/en\/wp-json\/wp\/v2\/posts\/6600\/revisions\/6602"}],"wp:featuredmedia":[{"embeddable":true,"href":"https:\/\/lagnoticias.com\/en\/wp-json\/wp\/v2\/media\/6601"}],"wp:attachment":[{"href":"https:\/\/lagnoticias.com\/en\/wp-json\/wp\/v2\/media?parent=6600"}],"wp:term":[{"taxonomy":"category","embeddable":true,"href":"https:\/\/lagnoticias.com\/en\/wp-json\/wp\/v2\/categories?post=6600"},{"taxonomy":"post_tag","embeddable":true,"href":"https:\/\/lagnoticias.com\/en\/wp-json\/wp\/v2\/tags?post=6600"}],"curies":[{"name":"wp","href":"https:\/\/api.w.org\/{rel}","templated":true}]}}