{"id":6595,"date":"2025-11-03T08:33:27","date_gmt":"2025-11-03T14:33:27","guid":{"rendered":"https:\/\/lagnoticias.com\/?p=6595"},"modified":"2025-11-04T11:00:44","modified_gmt":"2025-11-04T17:00:44","slug":"gobierno-inaugura-70-centros-educativos-como-parte-del-programa-dos-escuelas-por-dia","status":"publish","type":"post","link":"https:\/\/lagnoticias.com\/en\/2025\/11\/03\/gobierno-inaugura-70-centros-educativos-como-parte-del-programa-dos-escuelas-por-dia\/","title":{"rendered":"Gobierno inaugura 70 centros educativos como parte del programa Dos Escuelas por D\u00eda"},"content":{"rendered":"<p>El presidente&nbsp;de la Rep\u00fablica, Nayib Bukele, inaugur\u00f3 este domingo 70 nuevas escuelas en el pa\u00eds como parte del plan nacional de renovaci\u00f3n escolar.&nbsp;Seg\u00fan el Gobierno, la infraestructura educativa forma parte de un proyecto que busca modernizar&nbsp;m\u00e1s de 300 centros escolares en todo el pa\u00eds.<\/p>\n\n\n\n<p>\u201cMientras hoy entregamos 70 escuelas, est\u00e1n en construcci\u00f3n ahorita 254 escuelas m\u00e1s. Estas 70 escuelas que estamos entregando, hoy, m\u00e1s las 254 que est\u00e1n en construcci\u00f3n, hacen un total de 324 escuelas, al d\u00eda de hoy. Como el programa es Dos Escuelas por Dia, ma\u00f1ana inician dos m\u00e1s, pasado ma\u00f1ana otras dos y as\u00ed todos los d\u00edas\u201d, expres\u00f3 el mandatario desde el Centro Escolar Profesor Jorge Lard\u00e9, Juay\u00faa, Sonsonate Norte.<\/p>\n\n\n\n<p>Durante el evento, Bukele afirm\u00f3 que el objetivo es&nbsp;transformar el sistema educativo desde la primera infancia hasta la universidad.&nbsp;Adem\u00e1s, destac\u00f3 que las nuevas instalaciones incluyen aulas modernas, laboratorios, comedores y espacios deportivos.<\/p>\n\n\n\n<h2 class=\"wp-block-heading\">Infraestructura escolar renovada<\/h2>\n\n\n\n<p>Las 70 escuelas entregadas representan una inversi\u00f3n de $61 millones y benefician a m\u00e1s de 11,000 estudiantes en seis departamentos,&nbsp;entre ellos San Salvador, La Libertad, Santa Ana y San Miguel.<\/p>\n\n\n\n<p>Asimismo, el Gobierno detall\u00f3 que se construyen y rehabilitan dos escuelas diarias hasta completar el plan nacional de infraestructura educativa.<\/p>\n\n\n\n<h2 class=\"wp-block-heading\">Programa de becas para estudiantes<\/h2>\n\n\n\n<p>Durante su discurso, Bukele reiter\u00f3 el compromiso de otorgar becas universitarias a todos los estudiantes que cumplan reglas b\u00e1sicas, como asistir a clases y mantener buena conducta. Explic\u00f3 que no se exige excelencia acad\u00e9mica, sino esfuerzo y disciplina.<\/p>\n\n\n\n<p>El mandatario indic\u00f3 que este programa&nbsp;ya beneficia a 25,000 j\u00f3venes&nbsp;y afirm\u00f3 que la meta es que todos los estudiantes del pa\u00eds puedan acceder a estudios superiores financiados por el Estado.<\/p>\n\n\n\n<p>\u201cCon solo esforzarse, portarse bien y cumplir las normas, los j\u00f3venes tendr\u00e1n derecho a una beca universitaria\u201d, se\u00f1al\u00f3.<\/p>","protected":false},"excerpt":{"rendered":"<p>El presidente Nayib Bukele inaugur\u00f3 este domingo 70 escuelas como parte del programa de reconstrucci\u00f3n de 324 centros educativos a nivel nacional. <\/p>","protected":false},"author":2,"featured_media":6596,"comment_status":"open","ping_status":"open","sticky":false,"template":"","format":"standard","meta":{"_et_pb_use_builder":"off","_et_pb_old_content":"","_et_gb_content_width":"","footnotes":""},"categories":[244],"tags":[267,1728,268,1727],"class_list":["post-6595","post","type-post","status-publish","format-standard","has-post-thumbnail","hentry","category-nacionales","tag-el-salvador","tag-escuelas","tag-gobierno-de-el-salvador","tag-programa-dos-escuelas-por-dia"],"yoast_head":"<!-- This site is optimized with the Yoast SEO plugin v27.4 - https:\/\/yoast.com\/product\/yoast-seo-wordpress\/ -->\n<title>Gobierno inaugura 70 centros educativos como parte del programa Dos Escuelas por D\u00eda - La G Noticias<\/title>\n<meta name=\"robots\" content=\"index, follow, max-snippet:-1, max-image-preview:large, max-video-preview:-1\" \/>\n<link rel=\"canonical\" href=\"https:\/\/lagnoticias.com\/en\/2025\/11\/03\/gobierno-inaugura-70-centros-educativos-como-parte-del-programa-dos-escuelas-por-dia\/\" \/>\n<meta property=\"og:locale\" content=\"en_US\" \/>\n<meta property=\"og:type\" content=\"article\" \/>\n<meta property=\"og:title\" content=\"Gobierno inaugura 70 centros educativos como parte del programa Dos Escuelas por D\u00eda - La G Noticias\" \/>\n<meta property=\"og:description\" content=\"El presidente Nayib Bukele inaugur\u00f3 este domingo 70 escuelas como parte del programa de reconstrucci\u00f3n de 324 centros educativos a nivel nacional.\" \/>\n<meta property=\"og:url\" content=\"https:\/\/lagnoticias.com\/en\/2025\/11\/03\/gobierno-inaugura-70-centros-educativos-como-parte-del-programa-dos-escuelas-por-dia\/\" \/>\n<meta property=\"og:site_name\" content=\"La G Noticias\" \/>\n<meta property=\"article:publisher\" content=\"https:\/\/www.facebook.com\/LaGNoticias\" \/>\n<meta property=\"article:published_time\" content=\"2025-11-03T14:33:27+00:00\" \/>\n<meta property=\"article:modified_time\" content=\"2025-11-04T17:00:44+00:00\" \/>\n<meta property=\"og:image\" content=\"https:\/\/lagnoticias.com\/wp-content\/uploads\/2025\/11\/574571560_1190752299895695_4042826087962755586_n.jpg\" \/>\n\t<meta property=\"og:image:width\" content=\"1280\" \/>\n\t<meta property=\"og:image:height\" content=\"880\" \/>\n\t<meta property=\"og:image:type\" content=\"image\/jpeg\" \/>\n<meta name=\"author\" content=\"Oscar\" \/>\n<meta name=\"twitter:card\" content=\"summary_large_image\" \/>\n<meta name=\"twitter:creator\" content=\"@lagnoticias\" \/>\n<meta name=\"twitter:site\" content=\"@lagnoticias\" \/>\n<meta name=\"twitter:label1\" content=\"Written by\" \/>\n\t<meta name=\"twitter:data1\" content=\"Oscar\" \/>\n\t<meta name=\"twitter:label2\" content=\"Est. reading time\" \/>\n\t<meta name=\"twitter:data2\" content=\"2 minutes\" \/>\n<script type=\"application\/ld+json\" class=\"yoast-schema-graph\">{\"@context\":\"https:\\\/\\\/schema.org\",\"@graph\":[{\"@type\":\"Article\",\"@id\":\"https:\\\/\\\/lagnoticias.com\\\/2025\\\/11\\\/03\\\/gobierno-inaugura-70-centros-educativos-como-parte-del-programa-dos-escuelas-por-dia\\\/#article\",\"isPartOf\":{\"@id\":\"https:\\\/\\\/lagnoticias.com\\\/2025\\\/11\\\/03\\\/gobierno-inaugura-70-centros-educativos-como-parte-del-programa-dos-escuelas-por-dia\\\/\"},\"author\":{\"name\":\"Oscar\",\"@id\":\"https:\\\/\\\/lagnoticias.com\\\/#\\\/schema\\\/person\\\/cb9bfe13f8de05d2c55270be25c6a550\"},\"headline\":\"Gobierno inaugura 70 centros educativos como parte del programa Dos Escuelas por D\u00eda\",\"datePublished\":\"2025-11-03T14:33:27+00:00\",\"dateModified\":\"2025-11-04T17:00:44+00:00\",\"mainEntityOfPage\":{\"@id\":\"https:\\\/\\\/lagnoticias.com\\\/2025\\\/11\\\/03\\\/gobierno-inaugura-70-centros-educativos-como-parte-del-programa-dos-escuelas-por-dia\\\/\"},\"wordCount\":336,\"commentCount\":0,\"image\":{\"@id\":\"https:\\\/\\\/lagnoticias.com\\\/2025\\\/11\\\/03\\\/gobierno-inaugura-70-centros-educativos-como-parte-del-programa-dos-escuelas-por-dia\\\/#primaryimage\"},\"thumbnailUrl\":\"https:\\\/\\\/lagnoticias.com\\\/wp-content\\\/uploads\\\/2025\\\/11\\\/574571560_1190752299895695_4042826087962755586_n.jpg\",\"keywords\":[\"EL SALVADOR\",\"ESCUELAS\",\"GOBIERNO DE EL SALVADOR\",\"Programa Dos escuelas por d\u00eda\"],\"articleSection\":[\"NACIONALES\"],\"inLanguage\":\"en-US\",\"potentialAction\":[{\"@type\":\"CommentAction\",\"name\":\"Comment\",\"target\":[\"https:\\\/\\\/lagnoticias.com\\\/2025\\\/11\\\/03\\\/gobierno-inaugura-70-centros-educativos-como-parte-del-programa-dos-escuelas-por-dia\\\/#respond\"]}]},{\"@type\":\"WebPage\",\"@id\":\"https:\\\/\\\/lagnoticias.com\\\/2025\\\/11\\\/03\\\/gobierno-inaugura-70-centros-educativos-como-parte-del-programa-dos-escuelas-por-dia\\\/\",\"url\":\"https:\\\/\\\/lagnoticias.com\\\/2025\\\/11\\\/03\\\/gobierno-inaugura-70-centros-educativos-como-parte-del-programa-dos-escuelas-por-dia\\\/\",\"name\":\"Gobierno inaugura 70 centros educativos como parte del programa Dos Escuelas por D\u00eda - La G Noticias\",\"isPartOf\":{\"@id\":\"https:\\\/\\\/lagnoticias.com\\\/#website\"},\"primaryImageOfPage\":{\"@id\":\"https:\\\/\\\/lagnoticias.com\\\/2025\\\/11\\\/03\\\/gobierno-inaugura-70-centros-educativos-como-parte-del-programa-dos-escuelas-por-dia\\\/#primaryimage\"},\"image\":{\"@id\":\"https:\\\/\\\/lagnoticias.com\\\/2025\\\/11\\\/03\\\/gobierno-inaugura-70-centros-educativos-como-parte-del-programa-dos-escuelas-por-dia\\\/#primaryimage\"},\"thumbnailUrl\":\"https:\\\/\\\/lagnoticias.com\\\/wp-content\\\/uploads\\\/2025\\\/11\\\/574571560_1190752299895695_4042826087962755586_n.jpg\",\"datePublished\":\"2025-11-03T14:33:27+00:00\",\"dateModified\":\"2025-11-04T17:00:44+00:00\",\"author\":{\"@id\":\"https:\\\/\\\/lagnoticias.com\\\/#\\\/schema\\\/person\\\/cb9bfe13f8de05d2c55270be25c6a550\"},\"breadcrumb\":{\"@id\":\"https:\\\/\\\/lagnoticias.com\\\/2025\\\/11\\\/03\\\/gobierno-inaugura-70-centros-educativos-como-parte-del-programa-dos-escuelas-por-dia\\\/#breadcrumb\"},\"inLanguage\":\"en-US\",\"potentialAction\":[{\"@type\":\"ReadAction\",\"target\":[\"https:\\\/\\\/lagnoticias.com\\\/2025\\\/11\\\/03\\\/gobierno-inaugura-70-centros-educativos-como-parte-del-programa-dos-escuelas-por-dia\\\/\"]}]},{\"@type\":\"ImageObject\",\"inLanguage\":\"en-US\",\"@id\":\"https:\\\/\\\/lagnoticias.com\\\/2025\\\/11\\\/03\\\/gobierno-inaugura-70-centros-educativos-como-parte-del-programa-dos-escuelas-por-dia\\\/#primaryimage\",\"url\":\"https:\\\/\\\/lagnoticias.com\\\/wp-content\\\/uploads\\\/2025\\\/11\\\/574571560_1190752299895695_4042826087962755586_n.jpg\",\"contentUrl\":\"https:\\\/\\\/lagnoticias.com\\\/wp-content\\\/uploads\\\/2025\\\/11\\\/574571560_1190752299895695_4042826087962755586_n.jpg\",\"width\":1280,\"height\":880},{\"@type\":\"BreadcrumbList\",\"@id\":\"https:\\\/\\\/lagnoticias.com\\\/2025\\\/11\\\/03\\\/gobierno-inaugura-70-centros-educativos-como-parte-del-programa-dos-escuelas-por-dia\\\/#breadcrumb\",\"itemListElement\":[{\"@type\":\"ListItem\",\"position\":1,\"name\":\"Portada\",\"item\":\"https:\\\/\\\/lagnoticias.com\\\/\"},{\"@type\":\"ListItem\",\"position\":2,\"name\":\"Gobierno inaugura 70 centros educativos como parte del programa Dos Escuelas por D\u00eda\"}]},{\"@type\":\"WebSite\",\"@id\":\"https:\\\/\\\/lagnoticias.com\\\/#website\",\"url\":\"https:\\\/\\\/lagnoticias.com\\\/\",\"name\":\"La G Noticias\",\"description\":\"Noticias Positivas\",\"potentialAction\":[{\"@type\":\"SearchAction\",\"target\":{\"@type\":\"EntryPoint\",\"urlTemplate\":\"https:\\\/\\\/lagnoticias.com\\\/?s={search_term_string}\"},\"query-input\":{\"@type\":\"PropertyValueSpecification\",\"valueRequired\":true,\"valueName\":\"search_term_string\"}}],\"inLanguage\":\"en-US\"},{\"@type\":\"Person\",\"@id\":\"https:\\\/\\\/lagnoticias.com\\\/#\\\/schema\\\/person\\\/cb9bfe13f8de05d2c55270be25c6a550\",\"name\":\"Oscar\",\"image\":{\"@type\":\"ImageObject\",\"inLanguage\":\"en-US\",\"@id\":\"https:\\\/\\\/secure.gravatar.com\\\/avatar\\\/45c195718f652dc7ffdd591dc1f2678956ab7fdadcd359a635edc61304a8c757?s=96&d=mm&r=g\",\"url\":\"https:\\\/\\\/secure.gravatar.com\\\/avatar\\\/45c195718f652dc7ffdd591dc1f2678956ab7fdadcd359a635edc61304a8c757?s=96&d=mm&r=g\",\"contentUrl\":\"https:\\\/\\\/secure.gravatar.com\\\/avatar\\\/45c195718f652dc7ffdd591dc1f2678956ab7fdadcd359a635edc61304a8c757?s=96&d=mm&r=g\",\"caption\":\"Oscar\"},\"url\":\"https:\\\/\\\/lagnoticias.com\\\/en\\\/author\\\/oscar\\\/\"}]}<\/script>\n<!-- \/ Yoast SEO plugin. -->","yoast_head_json":{"title":"Gobierno inaugura 70 centros educativos como parte del programa Dos Escuelas por D\u00eda - La G Noticias","robots":{"index":"index","follow":"follow","max-snippet":"max-snippet:-1","max-image-preview":"max-image-preview:large","max-video-preview":"max-video-preview:-1"},"canonical":"https:\/\/lagnoticias.com\/en\/2025\/11\/03\/gobierno-inaugura-70-centros-educativos-como-parte-del-programa-dos-escuelas-por-dia\/","og_locale":"en_US","og_type":"article","og_title":"Gobierno inaugura 70 centros educativos como parte del programa Dos Escuelas por D\u00eda - La G Noticias","og_description":"El presidente Nayib Bukele inaugur\u00f3 este domingo 70 escuelas como parte del programa de reconstrucci\u00f3n de 324 centros educativos a nivel nacional.","og_url":"https:\/\/lagnoticias.com\/en\/2025\/11\/03\/gobierno-inaugura-70-centros-educativos-como-parte-del-programa-dos-escuelas-por-dia\/","og_site_name":"La G Noticias","article_publisher":"https:\/\/www.facebook.com\/LaGNoticias","article_published_time":"2025-11-03T14:33:27+00:00","article_modified_time":"2025-11-04T17:00:44+00:00","og_image":[{"width":1280,"height":880,"url":"https:\/\/lagnoticias.com\/wp-content\/uploads\/2025\/11\/574571560_1190752299895695_4042826087962755586_n.jpg","type":"image\/jpeg"}],"author":"Oscar","twitter_card":"summary_large_image","twitter_creator":"@lagnoticias","twitter_site":"@lagnoticias","twitter_misc":{"Written by":"Oscar","Est. reading time":"2 minutes"},"schema":{"@context":"https:\/\/schema.org","@graph":[{"@type":"Article","@id":"https:\/\/lagnoticias.com\/2025\/11\/03\/gobierno-inaugura-70-centros-educativos-como-parte-del-programa-dos-escuelas-por-dia\/#article","isPartOf":{"@id":"https:\/\/lagnoticias.com\/2025\/11\/03\/gobierno-inaugura-70-centros-educativos-como-parte-del-programa-dos-escuelas-por-dia\/"},"author":{"name":"Oscar","@id":"https:\/\/lagnoticias.com\/#\/schema\/person\/cb9bfe13f8de05d2c55270be25c6a550"},"headline":"Gobierno inaugura 70 centros educativos como parte del programa Dos Escuelas por D\u00eda","datePublished":"2025-11-03T14:33:27+00:00","dateModified":"2025-11-04T17:00:44+00:00","mainEntityOfPage":{"@id":"https:\/\/lagnoticias.com\/2025\/11\/03\/gobierno-inaugura-70-centros-educativos-como-parte-del-programa-dos-escuelas-por-dia\/"},"wordCount":336,"commentCount":0,"image":{"@id":"https:\/\/lagnoticias.com\/2025\/11\/03\/gobierno-inaugura-70-centros-educativos-como-parte-del-programa-dos-escuelas-por-dia\/#primaryimage"},"thumbnailUrl":"https:\/\/lagnoticias.com\/wp-content\/uploads\/2025\/11\/574571560_1190752299895695_4042826087962755586_n.jpg","keywords":["EL SALVADOR","ESCUELAS","GOBIERNO DE EL SALVADOR","Programa Dos escuelas por d\u00eda"],"articleSection":["NACIONALES"],"inLanguage":"en-US","potentialAction":[{"@type":"CommentAction","name":"Comment","target":["https:\/\/lagnoticias.com\/2025\/11\/03\/gobierno-inaugura-70-centros-educativos-como-parte-del-programa-dos-escuelas-por-dia\/#respond"]}]},{"@type":"WebPage","@id":"https:\/\/lagnoticias.com\/2025\/11\/03\/gobierno-inaugura-70-centros-educativos-como-parte-del-programa-dos-escuelas-por-dia\/","url":"https:\/\/lagnoticias.com\/2025\/11\/03\/gobierno-inaugura-70-centros-educativos-como-parte-del-programa-dos-escuelas-por-dia\/","name":"Gobierno inaugura 70 centros educativos como parte del programa Dos Escuelas por D\u00eda - La G Noticias","isPartOf":{"@id":"https:\/\/lagnoticias.com\/#website"},"primaryImageOfPage":{"@id":"https:\/\/lagnoticias.com\/2025\/11\/03\/gobierno-inaugura-70-centros-educativos-como-parte-del-programa-dos-escuelas-por-dia\/#primaryimage"},"image":{"@id":"https:\/\/lagnoticias.com\/2025\/11\/03\/gobierno-inaugura-70-centros-educativos-como-parte-del-programa-dos-escuelas-por-dia\/#primaryimage"},"thumbnailUrl":"https:\/\/lagnoticias.com\/wp-content\/uploads\/2025\/11\/574571560_1190752299895695_4042826087962755586_n.jpg","datePublished":"2025-11-03T14:33:27+00:00","dateModified":"2025-11-04T17:00:44+00:00","author":{"@id":"https:\/\/lagnoticias.com\/#\/schema\/person\/cb9bfe13f8de05d2c55270be25c6a550"},"breadcrumb":{"@id":"https:\/\/lagnoticias.com\/2025\/11\/03\/gobierno-inaugura-70-centros-educativos-como-parte-del-programa-dos-escuelas-por-dia\/#breadcrumb"},"inLanguage":"en-US","potentialAction":[{"@type":"ReadAction","target":["https:\/\/lagnoticias.com\/2025\/11\/03\/gobierno-inaugura-70-centros-educativos-como-parte-del-programa-dos-escuelas-por-dia\/"]}]},{"@type":"ImageObject","inLanguage":"en-US","@id":"https:\/\/lagnoticias.com\/2025\/11\/03\/gobierno-inaugura-70-centros-educativos-como-parte-del-programa-dos-escuelas-por-dia\/#primaryimage","url":"https:\/\/lagnoticias.com\/wp-content\/uploads\/2025\/11\/574571560_1190752299895695_4042826087962755586_n.jpg","contentUrl":"https:\/\/lagnoticias.com\/wp-content\/uploads\/2025\/11\/574571560_1190752299895695_4042826087962755586_n.jpg","width":1280,"height":880},{"@type":"BreadcrumbList","@id":"https:\/\/lagnoticias.com\/2025\/11\/03\/gobierno-inaugura-70-centros-educativos-como-parte-del-programa-dos-escuelas-por-dia\/#breadcrumb","itemListElement":[{"@type":"ListItem","position":1,"name":"Portada","item":"https:\/\/lagnoticias.com\/"},{"@type":"ListItem","position":2,"name":"Gobierno inaugura 70 centros educativos como parte del programa Dos Escuelas por D\u00eda"}]},{"@type":"WebSite","@id":"https:\/\/lagnoticias.com\/#website","url":"https:\/\/lagnoticias.com\/","name":"La G Noticias","description":"Noticias Positivas","potentialAction":[{"@type":"SearchAction","target":{"@type":"EntryPoint","urlTemplate":"https:\/\/lagnoticias.com\/?s={search_term_string}"},"query-input":{"@type":"PropertyValueSpecification","valueRequired":true,"valueName":"search_term_string"}}],"inLanguage":"en-US"},{"@type":"Person","@id":"https:\/\/lagnoticias.com\/#\/schema\/person\/cb9bfe13f8de05d2c55270be25c6a550","name":"Oscar","image":{"@type":"ImageObject","inLanguage":"en-US","@id":"https:\/\/secure.gravatar.com\/avatar\/45c195718f652dc7ffdd591dc1f2678956ab7fdadcd359a635edc61304a8c757?s=96&d=mm&r=g","url":"https:\/\/secure.gravatar.com\/avatar\/45c195718f652dc7ffdd591dc1f2678956ab7fdadcd359a635edc61304a8c757?s=96&d=mm&r=g","contentUrl":"https:\/\/secure.gravatar.com\/avatar\/45c195718f652dc7ffdd591dc1f2678956ab7fdadcd359a635edc61304a8c757?s=96&d=mm&r=g","caption":"Oscar"},"url":"https:\/\/lagnoticias.com\/en\/author\/oscar\/"}]}},"_links":{"self":[{"href":"https:\/\/lagnoticias.com\/en\/wp-json\/wp\/v2\/posts\/6595","targetHints":{"allow":["GET"]}}],"collection":[{"href":"https:\/\/lagnoticias.com\/en\/wp-json\/wp\/v2\/posts"}],"about":[{"href":"https:\/\/lagnoticias.com\/en\/wp-json\/wp\/v2\/types\/post"}],"author":[{"embeddable":true,"href":"https:\/\/lagnoticias.com\/en\/wp-json\/wp\/v2\/users\/2"}],"replies":[{"embeddable":true,"href":"https:\/\/lagnoticias.com\/en\/wp-json\/wp\/v2\/comments?post=6595"}],"version-history":[{"count":2,"href":"https:\/\/lagnoticias.com\/en\/wp-json\/wp\/v2\/posts\/6595\/revisions"}],"predecessor-version":[{"id":6599,"href":"https:\/\/lagnoticias.com\/en\/wp-json\/wp\/v2\/posts\/6595\/revisions\/6599"}],"wp:featuredmedia":[{"embeddable":true,"href":"https:\/\/lagnoticias.com\/en\/wp-json\/wp\/v2\/media\/6596"}],"wp:attachment":[{"href":"https:\/\/lagnoticias.com\/en\/wp-json\/wp\/v2\/media?parent=6595"}],"wp:term":[{"taxonomy":"category","embeddable":true,"href":"https:\/\/lagnoticias.com\/en\/wp-json\/wp\/v2\/categories?post=6595"},{"taxonomy":"post_tag","embeddable":true,"href":"https:\/\/lagnoticias.com\/en\/wp-json\/wp\/v2\/tags?post=6595"}],"curies":[{"name":"wp","href":"https:\/\/api.w.org\/{rel}","templated":true}]}}