{"id":6592,"date":"2025-11-02T11:29:31","date_gmt":"2025-11-02T17:29:31","guid":{"rendered":"https:\/\/lagnoticias.com\/?p=6592"},"modified":"2025-11-03T11:20:04","modified_gmt":"2025-11-03T17:20:04","slug":"cifra-de-muertos-por-paso-de-melissa-sube-a-28-en-jamaica","status":"publish","type":"post","link":"https:\/\/lagnoticias.com\/en\/2025\/11\/02\/cifra-de-muertos-por-paso-de-melissa-sube-a-28-en-jamaica\/","title":{"rendered":"Cifra de muertos por paso de Melissa sube a 28 en Jamaica"},"content":{"rendered":"<p>La cifra de muertos por el paso del&nbsp;hurac\u00e1n Melissa&nbsp;por Jamaica aument\u00f3 al menos a 28, de acuerdo con el m\u00e1s reciente reporte de v\u00edctimas proporcionado por el Gobierno este domingo (02.11.2025). La Oficina del Primer Ministro de Jamaica, Andrew Holness, indic\u00f3 a trav\u00e9s de un comunicado que a\u00fan est\u00e1n verificando \u00abinformes adicionales sobre posibles muertos\u00bb.<\/p>\n\n\n\n<p>La \u00faltima cifra de v\u00edctimas mortales ofrecida por las autoridades era de 19, pero estos datos van actualiz\u00e1ndose a medida que los equipos de emergencia logran llegar a las \u00e1reas que quedaron aisladas tras el hurac\u00e1n. \u00abExtendemos nuestras m\u00e1s sentidas condolencias a las familias, amigos y comunidades que lloran la p\u00e9rdida de sus seres queridos\u00bb, expres\u00f3 la Oficina del Primer Ministro en su nota.<\/p>\n\n\n\n<p>La Oficina de Preparaci\u00f3n para Desastres y Gesti\u00f3n de Emergencias, la Polic\u00eda, la Fuerza de Defensa de Jamaica y el Ministerio de Salud coordinan el proceso de recuperaci\u00f3n de cuerpos y verificaci\u00f3n. El Gobierno afirm\u00f3 que proporcionar\u00e1 m\u00e1s informaci\u00f3n a medida que avance la verificaci\u00f3n y las operaciones de recuperaci\u00f3n en los pr\u00f3ximos d\u00edas, tras el paso de Melissa, que golpe\u00f3 al pa\u00eds convertido en un hurac\u00e1n de categor\u00eda 5.<\/p>\n\n\n\n<h2 class=\"wp-block-heading\">Golpe devastador<\/h2>\n\n\n\n<p>El oeste de la isla, donde toc\u00f3 tierra el hurac\u00e1n, es el \u00e1rea m\u00e1s damnificada, en concreto los distritos de Saint Elizabeth, Westmoreland y Saint James. En Black River, la capital de Saint Elizabeth, est\u00e1 previsto que comiencen en esta jornada los&nbsp;trabajos para establecer un hospital de campa\u00f1a, una medida que se va a tomar asimismo en los pr\u00f3ximos d\u00edas en otras zonas afectadas.<\/p>\n\n\n\n<p>Melissa caus\u00f3 en Jamaica da\u00f1os catastr\u00f3ficos en viviendas e infraestructura cr\u00edtica como hospitales y carreteras, dejando comunidades destruidas y aisladas. Si bien las autoridades siguen evaluando los da\u00f1os, expertos afirman que es evidente que el paso del hurac\u00e1n, uno de los m\u00e1s potentes que ha tocado tierra, caus\u00f3 un golpe devastador a decenas de miles de pescadores y agricultores jamaicanos que alimentan s sus familias y comunidades cercanas.<\/p>\n\n\n\n<p>Se estima, asimismo, que un impacto similar se sentir\u00e1 en Cuba y Hait\u00ed.<\/p>\n\n\n\n<p><\/p>\n\n\n\n<p><\/p>\n\n\n\n<p>(DW)<\/p>","protected":false},"excerpt":{"rendered":"<p>Las autoridades dan por sentado que el n\u00famero seguir\u00e1 creciendo a medida que se acceda a lugares que contin\u00faan aislados.<\/p>","protected":false},"author":2,"featured_media":6593,"comment_status":"open","ping_status":"open","sticky":false,"template":"","format":"standard","meta":{"_et_pb_use_builder":"off","_et_pb_old_content":"","_et_gb_content_width":"","footnotes":""},"categories":[245],"tags":[1660,1661,1464],"class_list":["post-6592","post","type-post","status-publish","format-standard","has-post-thumbnail","hentry","category-internacionales","tag-huracan","tag-huracan-melissa","tag-jamaica"],"yoast_head":"<!-- This site is optimized with the Yoast SEO plugin v27.4 - https:\/\/yoast.com\/product\/yoast-seo-wordpress\/ -->\n<title>Cifra de muertos por paso de Melissa sube a 28 en Jamaica - La G Noticias<\/title>\n<meta name=\"robots\" content=\"index, follow, max-snippet:-1, max-image-preview:large, max-video-preview:-1\" \/>\n<link rel=\"canonical\" href=\"https:\/\/lagnoticias.com\/en\/2025\/11\/02\/cifra-de-muertos-por-paso-de-melissa-sube-a-28-en-jamaica\/\" \/>\n<meta property=\"og:locale\" content=\"en_US\" \/>\n<meta property=\"og:type\" content=\"article\" \/>\n<meta property=\"og:title\" content=\"Cifra de muertos por paso de Melissa sube a 28 en Jamaica - La G Noticias\" \/>\n<meta property=\"og:description\" content=\"Las autoridades dan por sentado que el n\u00famero seguir\u00e1 creciendo a medida que se acceda a lugares que contin\u00faan aislados.\" \/>\n<meta property=\"og:url\" content=\"https:\/\/lagnoticias.com\/en\/2025\/11\/02\/cifra-de-muertos-por-paso-de-melissa-sube-a-28-en-jamaica\/\" \/>\n<meta property=\"og:site_name\" content=\"La G Noticias\" \/>\n<meta property=\"article:publisher\" content=\"https:\/\/www.facebook.com\/LaGNoticias\" \/>\n<meta property=\"article:published_time\" content=\"2025-11-02T17:29:31+00:00\" \/>\n<meta property=\"article:modified_time\" content=\"2025-11-03T17:20:04+00:00\" \/>\n<meta property=\"og:image\" content=\"https:\/\/lagnoticias.com\/wp-content\/uploads\/2025\/11\/78.jpg\" \/>\n\t<meta property=\"og:image:width\" content=\"889\" \/>\n\t<meta property=\"og:image:height\" content=\"501\" \/>\n\t<meta property=\"og:image:type\" content=\"image\/jpeg\" \/>\n<meta name=\"author\" content=\"Oscar\" \/>\n<meta name=\"twitter:card\" content=\"summary_large_image\" \/>\n<meta name=\"twitter:creator\" content=\"@lagnoticias\" \/>\n<meta name=\"twitter:site\" content=\"@lagnoticias\" \/>\n<meta name=\"twitter:label1\" content=\"Written by\" \/>\n\t<meta name=\"twitter:data1\" content=\"Oscar\" \/>\n\t<meta name=\"twitter:label2\" content=\"Est. reading time\" \/>\n\t<meta name=\"twitter:data2\" content=\"2 minutes\" \/>\n<script type=\"application\/ld+json\" class=\"yoast-schema-graph\">{\"@context\":\"https:\\\/\\\/schema.org\",\"@graph\":[{\"@type\":\"Article\",\"@id\":\"https:\\\/\\\/lagnoticias.com\\\/2025\\\/11\\\/02\\\/cifra-de-muertos-por-paso-de-melissa-sube-a-28-en-jamaica\\\/#article\",\"isPartOf\":{\"@id\":\"https:\\\/\\\/lagnoticias.com\\\/2025\\\/11\\\/02\\\/cifra-de-muertos-por-paso-de-melissa-sube-a-28-en-jamaica\\\/\"},\"author\":{\"name\":\"Oscar\",\"@id\":\"https:\\\/\\\/lagnoticias.com\\\/#\\\/schema\\\/person\\\/cb9bfe13f8de05d2c55270be25c6a550\"},\"headline\":\"Cifra de muertos por paso de Melissa sube a 28 en Jamaica\",\"datePublished\":\"2025-11-02T17:29:31+00:00\",\"dateModified\":\"2025-11-03T17:20:04+00:00\",\"mainEntityOfPage\":{\"@id\":\"https:\\\/\\\/lagnoticias.com\\\/2025\\\/11\\\/02\\\/cifra-de-muertos-por-paso-de-melissa-sube-a-28-en-jamaica\\\/\"},\"wordCount\":386,\"commentCount\":0,\"image\":{\"@id\":\"https:\\\/\\\/lagnoticias.com\\\/2025\\\/11\\\/02\\\/cifra-de-muertos-por-paso-de-melissa-sube-a-28-en-jamaica\\\/#primaryimage\"},\"thumbnailUrl\":\"https:\\\/\\\/lagnoticias.com\\\/wp-content\\\/uploads\\\/2025\\\/11\\\/78.jpg\",\"keywords\":[\"HURAC\u00c1N\",\"HURAC\u00c1N MELISSA\",\"JAMAICA\"],\"articleSection\":[\"INTERNACIONALES\"],\"inLanguage\":\"en-US\",\"potentialAction\":[{\"@type\":\"CommentAction\",\"name\":\"Comment\",\"target\":[\"https:\\\/\\\/lagnoticias.com\\\/2025\\\/11\\\/02\\\/cifra-de-muertos-por-paso-de-melissa-sube-a-28-en-jamaica\\\/#respond\"]}]},{\"@type\":\"WebPage\",\"@id\":\"https:\\\/\\\/lagnoticias.com\\\/2025\\\/11\\\/02\\\/cifra-de-muertos-por-paso-de-melissa-sube-a-28-en-jamaica\\\/\",\"url\":\"https:\\\/\\\/lagnoticias.com\\\/2025\\\/11\\\/02\\\/cifra-de-muertos-por-paso-de-melissa-sube-a-28-en-jamaica\\\/\",\"name\":\"Cifra de muertos por paso de Melissa sube a 28 en Jamaica - La G Noticias\",\"isPartOf\":{\"@id\":\"https:\\\/\\\/lagnoticias.com\\\/#website\"},\"primaryImageOfPage\":{\"@id\":\"https:\\\/\\\/lagnoticias.com\\\/2025\\\/11\\\/02\\\/cifra-de-muertos-por-paso-de-melissa-sube-a-28-en-jamaica\\\/#primaryimage\"},\"image\":{\"@id\":\"https:\\\/\\\/lagnoticias.com\\\/2025\\\/11\\\/02\\\/cifra-de-muertos-por-paso-de-melissa-sube-a-28-en-jamaica\\\/#primaryimage\"},\"thumbnailUrl\":\"https:\\\/\\\/lagnoticias.com\\\/wp-content\\\/uploads\\\/2025\\\/11\\\/78.jpg\",\"datePublished\":\"2025-11-02T17:29:31+00:00\",\"dateModified\":\"2025-11-03T17:20:04+00:00\",\"author\":{\"@id\":\"https:\\\/\\\/lagnoticias.com\\\/#\\\/schema\\\/person\\\/cb9bfe13f8de05d2c55270be25c6a550\"},\"breadcrumb\":{\"@id\":\"https:\\\/\\\/lagnoticias.com\\\/2025\\\/11\\\/02\\\/cifra-de-muertos-por-paso-de-melissa-sube-a-28-en-jamaica\\\/#breadcrumb\"},\"inLanguage\":\"en-US\",\"potentialAction\":[{\"@type\":\"ReadAction\",\"target\":[\"https:\\\/\\\/lagnoticias.com\\\/2025\\\/11\\\/02\\\/cifra-de-muertos-por-paso-de-melissa-sube-a-28-en-jamaica\\\/\"]}]},{\"@type\":\"ImageObject\",\"inLanguage\":\"en-US\",\"@id\":\"https:\\\/\\\/lagnoticias.com\\\/2025\\\/11\\\/02\\\/cifra-de-muertos-por-paso-de-melissa-sube-a-28-en-jamaica\\\/#primaryimage\",\"url\":\"https:\\\/\\\/lagnoticias.com\\\/wp-content\\\/uploads\\\/2025\\\/11\\\/78.jpg\",\"contentUrl\":\"https:\\\/\\\/lagnoticias.com\\\/wp-content\\\/uploads\\\/2025\\\/11\\\/78.jpg\",\"width\":889,\"height\":501},{\"@type\":\"BreadcrumbList\",\"@id\":\"https:\\\/\\\/lagnoticias.com\\\/2025\\\/11\\\/02\\\/cifra-de-muertos-por-paso-de-melissa-sube-a-28-en-jamaica\\\/#breadcrumb\",\"itemListElement\":[{\"@type\":\"ListItem\",\"position\":1,\"name\":\"Portada\",\"item\":\"https:\\\/\\\/lagnoticias.com\\\/\"},{\"@type\":\"ListItem\",\"position\":2,\"name\":\"Cifra de muertos por paso de Melissa sube a 28 en Jamaica\"}]},{\"@type\":\"WebSite\",\"@id\":\"https:\\\/\\\/lagnoticias.com\\\/#website\",\"url\":\"https:\\\/\\\/lagnoticias.com\\\/\",\"name\":\"La G Noticias\",\"description\":\"Noticias Positivas\",\"potentialAction\":[{\"@type\":\"SearchAction\",\"target\":{\"@type\":\"EntryPoint\",\"urlTemplate\":\"https:\\\/\\\/lagnoticias.com\\\/?s={search_term_string}\"},\"query-input\":{\"@type\":\"PropertyValueSpecification\",\"valueRequired\":true,\"valueName\":\"search_term_string\"}}],\"inLanguage\":\"en-US\"},{\"@type\":\"Person\",\"@id\":\"https:\\\/\\\/lagnoticias.com\\\/#\\\/schema\\\/person\\\/cb9bfe13f8de05d2c55270be25c6a550\",\"name\":\"Oscar\",\"image\":{\"@type\":\"ImageObject\",\"inLanguage\":\"en-US\",\"@id\":\"https:\\\/\\\/secure.gravatar.com\\\/avatar\\\/45c195718f652dc7ffdd591dc1f2678956ab7fdadcd359a635edc61304a8c757?s=96&d=mm&r=g\",\"url\":\"https:\\\/\\\/secure.gravatar.com\\\/avatar\\\/45c195718f652dc7ffdd591dc1f2678956ab7fdadcd359a635edc61304a8c757?s=96&d=mm&r=g\",\"contentUrl\":\"https:\\\/\\\/secure.gravatar.com\\\/avatar\\\/45c195718f652dc7ffdd591dc1f2678956ab7fdadcd359a635edc61304a8c757?s=96&d=mm&r=g\",\"caption\":\"Oscar\"},\"url\":\"https:\\\/\\\/lagnoticias.com\\\/en\\\/author\\\/oscar\\\/\"}]}<\/script>\n<!-- \/ Yoast SEO plugin. -->","yoast_head_json":{"title":"Cifra de muertos por paso de Melissa sube a 28 en Jamaica - La G Noticias","robots":{"index":"index","follow":"follow","max-snippet":"max-snippet:-1","max-image-preview":"max-image-preview:large","max-video-preview":"max-video-preview:-1"},"canonical":"https:\/\/lagnoticias.com\/en\/2025\/11\/02\/cifra-de-muertos-por-paso-de-melissa-sube-a-28-en-jamaica\/","og_locale":"en_US","og_type":"article","og_title":"Cifra de muertos por paso de Melissa sube a 28 en Jamaica - La G Noticias","og_description":"Las autoridades dan por sentado que el n\u00famero seguir\u00e1 creciendo a medida que se acceda a lugares que contin\u00faan aislados.","og_url":"https:\/\/lagnoticias.com\/en\/2025\/11\/02\/cifra-de-muertos-por-paso-de-melissa-sube-a-28-en-jamaica\/","og_site_name":"La G Noticias","article_publisher":"https:\/\/www.facebook.com\/LaGNoticias","article_published_time":"2025-11-02T17:29:31+00:00","article_modified_time":"2025-11-03T17:20:04+00:00","og_image":[{"width":889,"height":501,"url":"https:\/\/lagnoticias.com\/wp-content\/uploads\/2025\/11\/78.jpg","type":"image\/jpeg"}],"author":"Oscar","twitter_card":"summary_large_image","twitter_creator":"@lagnoticias","twitter_site":"@lagnoticias","twitter_misc":{"Written by":"Oscar","Est. reading time":"2 minutes"},"schema":{"@context":"https:\/\/schema.org","@graph":[{"@type":"Article","@id":"https:\/\/lagnoticias.com\/2025\/11\/02\/cifra-de-muertos-por-paso-de-melissa-sube-a-28-en-jamaica\/#article","isPartOf":{"@id":"https:\/\/lagnoticias.com\/2025\/11\/02\/cifra-de-muertos-por-paso-de-melissa-sube-a-28-en-jamaica\/"},"author":{"name":"Oscar","@id":"https:\/\/lagnoticias.com\/#\/schema\/person\/cb9bfe13f8de05d2c55270be25c6a550"},"headline":"Cifra de muertos por paso de Melissa sube a 28 en Jamaica","datePublished":"2025-11-02T17:29:31+00:00","dateModified":"2025-11-03T17:20:04+00:00","mainEntityOfPage":{"@id":"https:\/\/lagnoticias.com\/2025\/11\/02\/cifra-de-muertos-por-paso-de-melissa-sube-a-28-en-jamaica\/"},"wordCount":386,"commentCount":0,"image":{"@id":"https:\/\/lagnoticias.com\/2025\/11\/02\/cifra-de-muertos-por-paso-de-melissa-sube-a-28-en-jamaica\/#primaryimage"},"thumbnailUrl":"https:\/\/lagnoticias.com\/wp-content\/uploads\/2025\/11\/78.jpg","keywords":["HURAC\u00c1N","HURAC\u00c1N MELISSA","JAMAICA"],"articleSection":["INTERNACIONALES"],"inLanguage":"en-US","potentialAction":[{"@type":"CommentAction","name":"Comment","target":["https:\/\/lagnoticias.com\/2025\/11\/02\/cifra-de-muertos-por-paso-de-melissa-sube-a-28-en-jamaica\/#respond"]}]},{"@type":"WebPage","@id":"https:\/\/lagnoticias.com\/2025\/11\/02\/cifra-de-muertos-por-paso-de-melissa-sube-a-28-en-jamaica\/","url":"https:\/\/lagnoticias.com\/2025\/11\/02\/cifra-de-muertos-por-paso-de-melissa-sube-a-28-en-jamaica\/","name":"Cifra de muertos por paso de Melissa sube a 28 en Jamaica - La G Noticias","isPartOf":{"@id":"https:\/\/lagnoticias.com\/#website"},"primaryImageOfPage":{"@id":"https:\/\/lagnoticias.com\/2025\/11\/02\/cifra-de-muertos-por-paso-de-melissa-sube-a-28-en-jamaica\/#primaryimage"},"image":{"@id":"https:\/\/lagnoticias.com\/2025\/11\/02\/cifra-de-muertos-por-paso-de-melissa-sube-a-28-en-jamaica\/#primaryimage"},"thumbnailUrl":"https:\/\/lagnoticias.com\/wp-content\/uploads\/2025\/11\/78.jpg","datePublished":"2025-11-02T17:29:31+00:00","dateModified":"2025-11-03T17:20:04+00:00","author":{"@id":"https:\/\/lagnoticias.com\/#\/schema\/person\/cb9bfe13f8de05d2c55270be25c6a550"},"breadcrumb":{"@id":"https:\/\/lagnoticias.com\/2025\/11\/02\/cifra-de-muertos-por-paso-de-melissa-sube-a-28-en-jamaica\/#breadcrumb"},"inLanguage":"en-US","potentialAction":[{"@type":"ReadAction","target":["https:\/\/lagnoticias.com\/2025\/11\/02\/cifra-de-muertos-por-paso-de-melissa-sube-a-28-en-jamaica\/"]}]},{"@type":"ImageObject","inLanguage":"en-US","@id":"https:\/\/lagnoticias.com\/2025\/11\/02\/cifra-de-muertos-por-paso-de-melissa-sube-a-28-en-jamaica\/#primaryimage","url":"https:\/\/lagnoticias.com\/wp-content\/uploads\/2025\/11\/78.jpg","contentUrl":"https:\/\/lagnoticias.com\/wp-content\/uploads\/2025\/11\/78.jpg","width":889,"height":501},{"@type":"BreadcrumbList","@id":"https:\/\/lagnoticias.com\/2025\/11\/02\/cifra-de-muertos-por-paso-de-melissa-sube-a-28-en-jamaica\/#breadcrumb","itemListElement":[{"@type":"ListItem","position":1,"name":"Portada","item":"https:\/\/lagnoticias.com\/"},{"@type":"ListItem","position":2,"name":"Cifra de muertos por paso de Melissa sube a 28 en Jamaica"}]},{"@type":"WebSite","@id":"https:\/\/lagnoticias.com\/#website","url":"https:\/\/lagnoticias.com\/","name":"La G Noticias","description":"Noticias Positivas","potentialAction":[{"@type":"SearchAction","target":{"@type":"EntryPoint","urlTemplate":"https:\/\/lagnoticias.com\/?s={search_term_string}"},"query-input":{"@type":"PropertyValueSpecification","valueRequired":true,"valueName":"search_term_string"}}],"inLanguage":"en-US"},{"@type":"Person","@id":"https:\/\/lagnoticias.com\/#\/schema\/person\/cb9bfe13f8de05d2c55270be25c6a550","name":"Oscar","image":{"@type":"ImageObject","inLanguage":"en-US","@id":"https:\/\/secure.gravatar.com\/avatar\/45c195718f652dc7ffdd591dc1f2678956ab7fdadcd359a635edc61304a8c757?s=96&d=mm&r=g","url":"https:\/\/secure.gravatar.com\/avatar\/45c195718f652dc7ffdd591dc1f2678956ab7fdadcd359a635edc61304a8c757?s=96&d=mm&r=g","contentUrl":"https:\/\/secure.gravatar.com\/avatar\/45c195718f652dc7ffdd591dc1f2678956ab7fdadcd359a635edc61304a8c757?s=96&d=mm&r=g","caption":"Oscar"},"url":"https:\/\/lagnoticias.com\/en\/author\/oscar\/"}]}},"_links":{"self":[{"href":"https:\/\/lagnoticias.com\/en\/wp-json\/wp\/v2\/posts\/6592","targetHints":{"allow":["GET"]}}],"collection":[{"href":"https:\/\/lagnoticias.com\/en\/wp-json\/wp\/v2\/posts"}],"about":[{"href":"https:\/\/lagnoticias.com\/en\/wp-json\/wp\/v2\/types\/post"}],"author":[{"embeddable":true,"href":"https:\/\/lagnoticias.com\/en\/wp-json\/wp\/v2\/users\/2"}],"replies":[{"embeddable":true,"href":"https:\/\/lagnoticias.com\/en\/wp-json\/wp\/v2\/comments?post=6592"}],"version-history":[{"count":1,"href":"https:\/\/lagnoticias.com\/en\/wp-json\/wp\/v2\/posts\/6592\/revisions"}],"predecessor-version":[{"id":6594,"href":"https:\/\/lagnoticias.com\/en\/wp-json\/wp\/v2\/posts\/6592\/revisions\/6594"}],"wp:featuredmedia":[{"embeddable":true,"href":"https:\/\/lagnoticias.com\/en\/wp-json\/wp\/v2\/media\/6593"}],"wp:attachment":[{"href":"https:\/\/lagnoticias.com\/en\/wp-json\/wp\/v2\/media?parent=6592"}],"wp:term":[{"taxonomy":"category","embeddable":true,"href":"https:\/\/lagnoticias.com\/en\/wp-json\/wp\/v2\/categories?post=6592"},{"taxonomy":"post_tag","embeddable":true,"href":"https:\/\/lagnoticias.com\/en\/wp-json\/wp\/v2\/tags?post=6592"}],"curies":[{"name":"wp","href":"https:\/\/api.w.org\/{rel}","templated":true}]}}