{"id":6589,"date":"2025-11-02T11:23:15","date_gmt":"2025-11-02T17:23:15","guid":{"rendered":"https:\/\/lagnoticias.com\/?p=6589"},"modified":"2025-11-03T11:20:10","modified_gmt":"2025-11-03T17:20:10","slug":"segundo-contingente-de-ayuda-humanitaria-salvadorena-arriba-a-jamaica-tras-el-paso-del-huracan-melissa","status":"publish","type":"post","link":"https:\/\/lagnoticias.com\/en\/2025\/11\/02\/segundo-contingente-de-ayuda-humanitaria-salvadorena-arriba-a-jamaica-tras-el-paso-del-huracan-melissa\/","title":{"rendered":"Segundo contingente de ayuda humanitaria salvadore\u00f1a arriba a Jamaica tras el paso del hurac\u00e1n Melissa"},"content":{"rendered":"<p>El Gobierno de El Salvador brinda apoyo solidario hacia naciones que enfrentan diversas emergencias.<\/p>\n\n\n\n<p>Ayer parti\u00f3 el segundo contingente salvadore\u00f1o hacia Jamaica para apoyar en labores de b\u00fasqueda, rescate, salvamento acu\u00e1tico y atenci\u00f3n m\u00e9dica de emergencias, luego que la isla fuera declarada como \u201czona de desastre\u201d, debido a los da\u00f1os significativos en hospitales, viviendas y negocios ocasionados por el hurac\u00e1n Melissa, que azot\u00f3 esa naci\u00f3n.<\/p>\n\n\n\n<p>\u201cEl equipo que viajar\u00e1 hoy est\u00e1 conformado por compa\u00f1eros del Cuerpo de Bomberos, de la Unidad de Mantenimiento del Orden, de la Polic\u00eda Nacional Civil, del Sistema de Emergencias M\u00e9dicas, Protecci\u00f3n Civil y del Ministerio de Salud. Esta es una misi\u00f3n encomendada por el presidente Nayib Bukele ante el problema que se ha registrado en Jamaica\u201d, explic\u00f3 el subteniente de Bomberos, Roberto Carlos Segovia.<\/p>\n\n\n\n<p>El Gobierno de El Salvador enviar\u00e1 tres aviones, uno por d\u00eda, para llevar 50 toneladas de suministros y m\u00e1s de 300 profesionales que brindar\u00e1n asistencia humanitaria, con la finalidad de apoyar a los afectados por las inclemencias del fen\u00f3meno natural, que ha dejado a muchas ciudades sin los servicios b\u00e1sicos de agua y electricidad, y sin conectividad a internet.<\/p>\n\n\n\n<p>\u201cAtendiendo el llamado de nuestro presidente viajar\u00e1 un equipo de m\u00e9dicos, enfermeros, asistentes y t\u00e9cnicos para apoyar con prevenci\u00f3n de enfermedades despu\u00e9s del desastre, asistencia a personas enfermas y tratar de evacuar a la mayor cantidad de afectados. Nosotros tambi\u00e9n tenemos conocimiento y destrezas en pr\u00e1cticas de rescate\u201d, afirm\u00f3 el integrante del Sistema de Emergencias M\u00e9dicas, William Guerra.<\/p>\n\n\n\n<p>El primer contingente salvadore\u00f1o parti\u00f3 ayer hacia Kingston, capital de la isla, y se instal\u00f3 en el Up-Park Camp, la base de operaciones destinada para brindar apoyo, bajo la coordinaci\u00f3n de la Jamaica Defence Force.&nbsp;<\/p>","protected":false},"excerpt":{"rendered":"<p>El Gobierno de El Salvador brinda apoyo solidario hacia naciones que enfrentan diversas emergencias. Ayer parti\u00f3 el segundo contingente salvadore\u00f1o hacia Jamaica para apoyar en labores de b\u00fasqueda, rescate, salvamento acu\u00e1tico y atenci\u00f3n m\u00e9dica de emergencias, luego que la isla fuera declarada como \u201czona de desastre\u201d, debido a los da\u00f1os significativos en hospitales, viviendas y [&hellip;]<\/p>","protected":false},"author":2,"featured_media":6590,"comment_status":"open","ping_status":"open","sticky":false,"template":"","format":"standard","meta":{"_et_pb_use_builder":"off","_et_pb_old_content":"","_et_gb_content_width":"","footnotes":""},"categories":[244],"tags":[267,268,1661,1464],"class_list":["post-6589","post","type-post","status-publish","format-standard","has-post-thumbnail","hentry","category-nacionales","tag-el-salvador","tag-gobierno-de-el-salvador","tag-huracan-melissa","tag-jamaica"],"yoast_head":"<!-- This site is optimized with the Yoast SEO plugin v27.4 - https:\/\/yoast.com\/product\/yoast-seo-wordpress\/ -->\n<title>Segundo contingente de ayuda humanitaria salvadore\u00f1a arriba a Jamaica tras el paso del hurac\u00e1n Melissa - La G Noticias<\/title>\n<meta name=\"robots\" content=\"index, follow, max-snippet:-1, max-image-preview:large, max-video-preview:-1\" \/>\n<link rel=\"canonical\" href=\"https:\/\/lagnoticias.com\/en\/2025\/11\/02\/segundo-contingente-de-ayuda-humanitaria-salvadorena-arriba-a-jamaica-tras-el-paso-del-huracan-melissa\/\" \/>\n<meta property=\"og:locale\" content=\"en_US\" \/>\n<meta property=\"og:type\" content=\"article\" \/>\n<meta property=\"og:title\" content=\"Segundo contingente de ayuda humanitaria salvadore\u00f1a arriba a Jamaica tras el paso del hurac\u00e1n Melissa - La G Noticias\" \/>\n<meta property=\"og:description\" content=\"El Gobierno de El Salvador brinda apoyo solidario hacia naciones que enfrentan diversas emergencias. Ayer parti\u00f3 el segundo contingente salvadore\u00f1o hacia Jamaica para apoyar en labores de b\u00fasqueda, rescate, salvamento acu\u00e1tico y atenci\u00f3n m\u00e9dica de emergencias, luego que la isla fuera declarada como \u201czona de desastre\u201d, debido a los da\u00f1os significativos en hospitales, viviendas y [&hellip;]\" \/>\n<meta property=\"og:url\" content=\"https:\/\/lagnoticias.com\/en\/2025\/11\/02\/segundo-contingente-de-ayuda-humanitaria-salvadorena-arriba-a-jamaica-tras-el-paso-del-huracan-melissa\/\" \/>\n<meta property=\"og:site_name\" content=\"La G Noticias\" \/>\n<meta property=\"article:publisher\" content=\"https:\/\/www.facebook.com\/LaGNoticias\" \/>\n<meta property=\"article:published_time\" content=\"2025-11-02T17:23:15+00:00\" \/>\n<meta property=\"article:modified_time\" content=\"2025-11-03T17:20:10+00:00\" \/>\n<meta property=\"og:image\" content=\"https:\/\/lagnoticias.com\/wp-content\/uploads\/2025\/11\/577013560_1190330943271164_686529028310847464_n.jpg\" \/>\n\t<meta property=\"og:image:width\" content=\"1280\" \/>\n\t<meta property=\"og:image:height\" content=\"853\" \/>\n\t<meta property=\"og:image:type\" content=\"image\/jpeg\" \/>\n<meta name=\"author\" content=\"Oscar\" \/>\n<meta name=\"twitter:card\" content=\"summary_large_image\" \/>\n<meta name=\"twitter:creator\" content=\"@lagnoticias\" \/>\n<meta name=\"twitter:site\" content=\"@lagnoticias\" \/>\n<meta name=\"twitter:label1\" content=\"Written by\" \/>\n\t<meta name=\"twitter:data1\" content=\"Oscar\" \/>\n\t<meta name=\"twitter:label2\" content=\"Est. reading time\" \/>\n\t<meta name=\"twitter:data2\" content=\"2 minutes\" \/>\n<script type=\"application\/ld+json\" class=\"yoast-schema-graph\">{\"@context\":\"https:\\\/\\\/schema.org\",\"@graph\":[{\"@type\":\"Article\",\"@id\":\"https:\\\/\\\/lagnoticias.com\\\/2025\\\/11\\\/02\\\/segundo-contingente-de-ayuda-humanitaria-salvadorena-arriba-a-jamaica-tras-el-paso-del-huracan-melissa\\\/#article\",\"isPartOf\":{\"@id\":\"https:\\\/\\\/lagnoticias.com\\\/2025\\\/11\\\/02\\\/segundo-contingente-de-ayuda-humanitaria-salvadorena-arriba-a-jamaica-tras-el-paso-del-huracan-melissa\\\/\"},\"author\":{\"name\":\"Oscar\",\"@id\":\"https:\\\/\\\/lagnoticias.com\\\/#\\\/schema\\\/person\\\/cb9bfe13f8de05d2c55270be25c6a550\"},\"headline\":\"Segundo contingente de ayuda humanitaria salvadore\u00f1a arriba a Jamaica tras el paso del hurac\u00e1n Melissa\",\"datePublished\":\"2025-11-02T17:23:15+00:00\",\"dateModified\":\"2025-11-03T17:20:10+00:00\",\"mainEntityOfPage\":{\"@id\":\"https:\\\/\\\/lagnoticias.com\\\/2025\\\/11\\\/02\\\/segundo-contingente-de-ayuda-humanitaria-salvadorena-arriba-a-jamaica-tras-el-paso-del-huracan-melissa\\\/\"},\"wordCount\":324,\"commentCount\":0,\"image\":{\"@id\":\"https:\\\/\\\/lagnoticias.com\\\/2025\\\/11\\\/02\\\/segundo-contingente-de-ayuda-humanitaria-salvadorena-arriba-a-jamaica-tras-el-paso-del-huracan-melissa\\\/#primaryimage\"},\"thumbnailUrl\":\"https:\\\/\\\/lagnoticias.com\\\/wp-content\\\/uploads\\\/2025\\\/11\\\/577013560_1190330943271164_686529028310847464_n.jpg\",\"keywords\":[\"EL SALVADOR\",\"GOBIERNO DE EL SALVADOR\",\"HURAC\u00c1N MELISSA\",\"JAMAICA\"],\"articleSection\":[\"NACIONALES\"],\"inLanguage\":\"en-US\",\"potentialAction\":[{\"@type\":\"CommentAction\",\"name\":\"Comment\",\"target\":[\"https:\\\/\\\/lagnoticias.com\\\/2025\\\/11\\\/02\\\/segundo-contingente-de-ayuda-humanitaria-salvadorena-arriba-a-jamaica-tras-el-paso-del-huracan-melissa\\\/#respond\"]}]},{\"@type\":\"WebPage\",\"@id\":\"https:\\\/\\\/lagnoticias.com\\\/2025\\\/11\\\/02\\\/segundo-contingente-de-ayuda-humanitaria-salvadorena-arriba-a-jamaica-tras-el-paso-del-huracan-melissa\\\/\",\"url\":\"https:\\\/\\\/lagnoticias.com\\\/2025\\\/11\\\/02\\\/segundo-contingente-de-ayuda-humanitaria-salvadorena-arriba-a-jamaica-tras-el-paso-del-huracan-melissa\\\/\",\"name\":\"Segundo contingente de ayuda humanitaria salvadore\u00f1a arriba a Jamaica tras el paso del hurac\u00e1n Melissa - La G Noticias\",\"isPartOf\":{\"@id\":\"https:\\\/\\\/lagnoticias.com\\\/#website\"},\"primaryImageOfPage\":{\"@id\":\"https:\\\/\\\/lagnoticias.com\\\/2025\\\/11\\\/02\\\/segundo-contingente-de-ayuda-humanitaria-salvadorena-arriba-a-jamaica-tras-el-paso-del-huracan-melissa\\\/#primaryimage\"},\"image\":{\"@id\":\"https:\\\/\\\/lagnoticias.com\\\/2025\\\/11\\\/02\\\/segundo-contingente-de-ayuda-humanitaria-salvadorena-arriba-a-jamaica-tras-el-paso-del-huracan-melissa\\\/#primaryimage\"},\"thumbnailUrl\":\"https:\\\/\\\/lagnoticias.com\\\/wp-content\\\/uploads\\\/2025\\\/11\\\/577013560_1190330943271164_686529028310847464_n.jpg\",\"datePublished\":\"2025-11-02T17:23:15+00:00\",\"dateModified\":\"2025-11-03T17:20:10+00:00\",\"author\":{\"@id\":\"https:\\\/\\\/lagnoticias.com\\\/#\\\/schema\\\/person\\\/cb9bfe13f8de05d2c55270be25c6a550\"},\"breadcrumb\":{\"@id\":\"https:\\\/\\\/lagnoticias.com\\\/2025\\\/11\\\/02\\\/segundo-contingente-de-ayuda-humanitaria-salvadorena-arriba-a-jamaica-tras-el-paso-del-huracan-melissa\\\/#breadcrumb\"},\"inLanguage\":\"en-US\",\"potentialAction\":[{\"@type\":\"ReadAction\",\"target\":[\"https:\\\/\\\/lagnoticias.com\\\/2025\\\/11\\\/02\\\/segundo-contingente-de-ayuda-humanitaria-salvadorena-arriba-a-jamaica-tras-el-paso-del-huracan-melissa\\\/\"]}]},{\"@type\":\"ImageObject\",\"inLanguage\":\"en-US\",\"@id\":\"https:\\\/\\\/lagnoticias.com\\\/2025\\\/11\\\/02\\\/segundo-contingente-de-ayuda-humanitaria-salvadorena-arriba-a-jamaica-tras-el-paso-del-huracan-melissa\\\/#primaryimage\",\"url\":\"https:\\\/\\\/lagnoticias.com\\\/wp-content\\\/uploads\\\/2025\\\/11\\\/577013560_1190330943271164_686529028310847464_n.jpg\",\"contentUrl\":\"https:\\\/\\\/lagnoticias.com\\\/wp-content\\\/uploads\\\/2025\\\/11\\\/577013560_1190330943271164_686529028310847464_n.jpg\",\"width\":1280,\"height\":853},{\"@type\":\"BreadcrumbList\",\"@id\":\"https:\\\/\\\/lagnoticias.com\\\/2025\\\/11\\\/02\\\/segundo-contingente-de-ayuda-humanitaria-salvadorena-arriba-a-jamaica-tras-el-paso-del-huracan-melissa\\\/#breadcrumb\",\"itemListElement\":[{\"@type\":\"ListItem\",\"position\":1,\"name\":\"Portada\",\"item\":\"https:\\\/\\\/lagnoticias.com\\\/\"},{\"@type\":\"ListItem\",\"position\":2,\"name\":\"Segundo contingente de ayuda humanitaria salvadore\u00f1a arriba a Jamaica tras el paso del hurac\u00e1n Melissa\"}]},{\"@type\":\"WebSite\",\"@id\":\"https:\\\/\\\/lagnoticias.com\\\/#website\",\"url\":\"https:\\\/\\\/lagnoticias.com\\\/\",\"name\":\"La G Noticias\",\"description\":\"Noticias Positivas\",\"potentialAction\":[{\"@type\":\"SearchAction\",\"target\":{\"@type\":\"EntryPoint\",\"urlTemplate\":\"https:\\\/\\\/lagnoticias.com\\\/?s={search_term_string}\"},\"query-input\":{\"@type\":\"PropertyValueSpecification\",\"valueRequired\":true,\"valueName\":\"search_term_string\"}}],\"inLanguage\":\"en-US\"},{\"@type\":\"Person\",\"@id\":\"https:\\\/\\\/lagnoticias.com\\\/#\\\/schema\\\/person\\\/cb9bfe13f8de05d2c55270be25c6a550\",\"name\":\"Oscar\",\"image\":{\"@type\":\"ImageObject\",\"inLanguage\":\"en-US\",\"@id\":\"https:\\\/\\\/secure.gravatar.com\\\/avatar\\\/45c195718f652dc7ffdd591dc1f2678956ab7fdadcd359a635edc61304a8c757?s=96&d=mm&r=g\",\"url\":\"https:\\\/\\\/secure.gravatar.com\\\/avatar\\\/45c195718f652dc7ffdd591dc1f2678956ab7fdadcd359a635edc61304a8c757?s=96&d=mm&r=g\",\"contentUrl\":\"https:\\\/\\\/secure.gravatar.com\\\/avatar\\\/45c195718f652dc7ffdd591dc1f2678956ab7fdadcd359a635edc61304a8c757?s=96&d=mm&r=g\",\"caption\":\"Oscar\"},\"url\":\"https:\\\/\\\/lagnoticias.com\\\/en\\\/author\\\/oscar\\\/\"}]}<\/script>\n<!-- \/ Yoast SEO plugin. -->","yoast_head_json":{"title":"Segundo contingente de ayuda humanitaria salvadore\u00f1a arriba a Jamaica tras el paso del hurac\u00e1n Melissa - La G Noticias","robots":{"index":"index","follow":"follow","max-snippet":"max-snippet:-1","max-image-preview":"max-image-preview:large","max-video-preview":"max-video-preview:-1"},"canonical":"https:\/\/lagnoticias.com\/en\/2025\/11\/02\/segundo-contingente-de-ayuda-humanitaria-salvadorena-arriba-a-jamaica-tras-el-paso-del-huracan-melissa\/","og_locale":"en_US","og_type":"article","og_title":"Segundo contingente de ayuda humanitaria salvadore\u00f1a arriba a Jamaica tras el paso del hurac\u00e1n Melissa - La G Noticias","og_description":"El Gobierno de El Salvador brinda apoyo solidario hacia naciones que enfrentan diversas emergencias. Ayer parti\u00f3 el segundo contingente salvadore\u00f1o hacia Jamaica para apoyar en labores de b\u00fasqueda, rescate, salvamento acu\u00e1tico y atenci\u00f3n m\u00e9dica de emergencias, luego que la isla fuera declarada como \u201czona de desastre\u201d, debido a los da\u00f1os significativos en hospitales, viviendas y [&hellip;]","og_url":"https:\/\/lagnoticias.com\/en\/2025\/11\/02\/segundo-contingente-de-ayuda-humanitaria-salvadorena-arriba-a-jamaica-tras-el-paso-del-huracan-melissa\/","og_site_name":"La G Noticias","article_publisher":"https:\/\/www.facebook.com\/LaGNoticias","article_published_time":"2025-11-02T17:23:15+00:00","article_modified_time":"2025-11-03T17:20:10+00:00","og_image":[{"width":1280,"height":853,"url":"https:\/\/lagnoticias.com\/wp-content\/uploads\/2025\/11\/577013560_1190330943271164_686529028310847464_n.jpg","type":"image\/jpeg"}],"author":"Oscar","twitter_card":"summary_large_image","twitter_creator":"@lagnoticias","twitter_site":"@lagnoticias","twitter_misc":{"Written by":"Oscar","Est. reading time":"2 minutes"},"schema":{"@context":"https:\/\/schema.org","@graph":[{"@type":"Article","@id":"https:\/\/lagnoticias.com\/2025\/11\/02\/segundo-contingente-de-ayuda-humanitaria-salvadorena-arriba-a-jamaica-tras-el-paso-del-huracan-melissa\/#article","isPartOf":{"@id":"https:\/\/lagnoticias.com\/2025\/11\/02\/segundo-contingente-de-ayuda-humanitaria-salvadorena-arriba-a-jamaica-tras-el-paso-del-huracan-melissa\/"},"author":{"name":"Oscar","@id":"https:\/\/lagnoticias.com\/#\/schema\/person\/cb9bfe13f8de05d2c55270be25c6a550"},"headline":"Segundo contingente de ayuda humanitaria salvadore\u00f1a arriba a Jamaica tras el paso del hurac\u00e1n Melissa","datePublished":"2025-11-02T17:23:15+00:00","dateModified":"2025-11-03T17:20:10+00:00","mainEntityOfPage":{"@id":"https:\/\/lagnoticias.com\/2025\/11\/02\/segundo-contingente-de-ayuda-humanitaria-salvadorena-arriba-a-jamaica-tras-el-paso-del-huracan-melissa\/"},"wordCount":324,"commentCount":0,"image":{"@id":"https:\/\/lagnoticias.com\/2025\/11\/02\/segundo-contingente-de-ayuda-humanitaria-salvadorena-arriba-a-jamaica-tras-el-paso-del-huracan-melissa\/#primaryimage"},"thumbnailUrl":"https:\/\/lagnoticias.com\/wp-content\/uploads\/2025\/11\/577013560_1190330943271164_686529028310847464_n.jpg","keywords":["EL SALVADOR","GOBIERNO DE EL SALVADOR","HURAC\u00c1N MELISSA","JAMAICA"],"articleSection":["NACIONALES"],"inLanguage":"en-US","potentialAction":[{"@type":"CommentAction","name":"Comment","target":["https:\/\/lagnoticias.com\/2025\/11\/02\/segundo-contingente-de-ayuda-humanitaria-salvadorena-arriba-a-jamaica-tras-el-paso-del-huracan-melissa\/#respond"]}]},{"@type":"WebPage","@id":"https:\/\/lagnoticias.com\/2025\/11\/02\/segundo-contingente-de-ayuda-humanitaria-salvadorena-arriba-a-jamaica-tras-el-paso-del-huracan-melissa\/","url":"https:\/\/lagnoticias.com\/2025\/11\/02\/segundo-contingente-de-ayuda-humanitaria-salvadorena-arriba-a-jamaica-tras-el-paso-del-huracan-melissa\/","name":"Segundo contingente de ayuda humanitaria salvadore\u00f1a arriba a Jamaica tras el paso del hurac\u00e1n Melissa - La G Noticias","isPartOf":{"@id":"https:\/\/lagnoticias.com\/#website"},"primaryImageOfPage":{"@id":"https:\/\/lagnoticias.com\/2025\/11\/02\/segundo-contingente-de-ayuda-humanitaria-salvadorena-arriba-a-jamaica-tras-el-paso-del-huracan-melissa\/#primaryimage"},"image":{"@id":"https:\/\/lagnoticias.com\/2025\/11\/02\/segundo-contingente-de-ayuda-humanitaria-salvadorena-arriba-a-jamaica-tras-el-paso-del-huracan-melissa\/#primaryimage"},"thumbnailUrl":"https:\/\/lagnoticias.com\/wp-content\/uploads\/2025\/11\/577013560_1190330943271164_686529028310847464_n.jpg","datePublished":"2025-11-02T17:23:15+00:00","dateModified":"2025-11-03T17:20:10+00:00","author":{"@id":"https:\/\/lagnoticias.com\/#\/schema\/person\/cb9bfe13f8de05d2c55270be25c6a550"},"breadcrumb":{"@id":"https:\/\/lagnoticias.com\/2025\/11\/02\/segundo-contingente-de-ayuda-humanitaria-salvadorena-arriba-a-jamaica-tras-el-paso-del-huracan-melissa\/#breadcrumb"},"inLanguage":"en-US","potentialAction":[{"@type":"ReadAction","target":["https:\/\/lagnoticias.com\/2025\/11\/02\/segundo-contingente-de-ayuda-humanitaria-salvadorena-arriba-a-jamaica-tras-el-paso-del-huracan-melissa\/"]}]},{"@type":"ImageObject","inLanguage":"en-US","@id":"https:\/\/lagnoticias.com\/2025\/11\/02\/segundo-contingente-de-ayuda-humanitaria-salvadorena-arriba-a-jamaica-tras-el-paso-del-huracan-melissa\/#primaryimage","url":"https:\/\/lagnoticias.com\/wp-content\/uploads\/2025\/11\/577013560_1190330943271164_686529028310847464_n.jpg","contentUrl":"https:\/\/lagnoticias.com\/wp-content\/uploads\/2025\/11\/577013560_1190330943271164_686529028310847464_n.jpg","width":1280,"height":853},{"@type":"BreadcrumbList","@id":"https:\/\/lagnoticias.com\/2025\/11\/02\/segundo-contingente-de-ayuda-humanitaria-salvadorena-arriba-a-jamaica-tras-el-paso-del-huracan-melissa\/#breadcrumb","itemListElement":[{"@type":"ListItem","position":1,"name":"Portada","item":"https:\/\/lagnoticias.com\/"},{"@type":"ListItem","position":2,"name":"Segundo contingente de ayuda humanitaria salvadore\u00f1a arriba a Jamaica tras el paso del hurac\u00e1n Melissa"}]},{"@type":"WebSite","@id":"https:\/\/lagnoticias.com\/#website","url":"https:\/\/lagnoticias.com\/","name":"La G Noticias","description":"Noticias Positivas","potentialAction":[{"@type":"SearchAction","target":{"@type":"EntryPoint","urlTemplate":"https:\/\/lagnoticias.com\/?s={search_term_string}"},"query-input":{"@type":"PropertyValueSpecification","valueRequired":true,"valueName":"search_term_string"}}],"inLanguage":"en-US"},{"@type":"Person","@id":"https:\/\/lagnoticias.com\/#\/schema\/person\/cb9bfe13f8de05d2c55270be25c6a550","name":"Oscar","image":{"@type":"ImageObject","inLanguage":"en-US","@id":"https:\/\/secure.gravatar.com\/avatar\/45c195718f652dc7ffdd591dc1f2678956ab7fdadcd359a635edc61304a8c757?s=96&d=mm&r=g","url":"https:\/\/secure.gravatar.com\/avatar\/45c195718f652dc7ffdd591dc1f2678956ab7fdadcd359a635edc61304a8c757?s=96&d=mm&r=g","contentUrl":"https:\/\/secure.gravatar.com\/avatar\/45c195718f652dc7ffdd591dc1f2678956ab7fdadcd359a635edc61304a8c757?s=96&d=mm&r=g","caption":"Oscar"},"url":"https:\/\/lagnoticias.com\/en\/author\/oscar\/"}]}},"_links":{"self":[{"href":"https:\/\/lagnoticias.com\/en\/wp-json\/wp\/v2\/posts\/6589","targetHints":{"allow":["GET"]}}],"collection":[{"href":"https:\/\/lagnoticias.com\/en\/wp-json\/wp\/v2\/posts"}],"about":[{"href":"https:\/\/lagnoticias.com\/en\/wp-json\/wp\/v2\/types\/post"}],"author":[{"embeddable":true,"href":"https:\/\/lagnoticias.com\/en\/wp-json\/wp\/v2\/users\/2"}],"replies":[{"embeddable":true,"href":"https:\/\/lagnoticias.com\/en\/wp-json\/wp\/v2\/comments?post=6589"}],"version-history":[{"count":1,"href":"https:\/\/lagnoticias.com\/en\/wp-json\/wp\/v2\/posts\/6589\/revisions"}],"predecessor-version":[{"id":6591,"href":"https:\/\/lagnoticias.com\/en\/wp-json\/wp\/v2\/posts\/6589\/revisions\/6591"}],"wp:featuredmedia":[{"embeddable":true,"href":"https:\/\/lagnoticias.com\/en\/wp-json\/wp\/v2\/media\/6590"}],"wp:attachment":[{"href":"https:\/\/lagnoticias.com\/en\/wp-json\/wp\/v2\/media?parent=6589"}],"wp:term":[{"taxonomy":"category","embeddable":true,"href":"https:\/\/lagnoticias.com\/en\/wp-json\/wp\/v2\/categories?post=6589"},{"taxonomy":"post_tag","embeddable":true,"href":"https:\/\/lagnoticias.com\/en\/wp-json\/wp\/v2\/tags?post=6589"}],"curies":[{"name":"wp","href":"https:\/\/api.w.org\/{rel}","templated":true}]}}