{"id":6579,"date":"2025-10-31T15:33:58","date_gmt":"2025-10-31T21:33:58","guid":{"rendered":"https:\/\/lagnoticias.com\/?p=6579"},"modified":"2025-10-31T15:33:58","modified_gmt":"2025-10-31T21:33:58","slug":"capacitan-a-personal-para-fortalecer-las-operaciones-logisticas-de-las-terminales-portuarias","status":"publish","type":"post","link":"https:\/\/lagnoticias.com\/en\/2025\/10\/31\/capacitan-a-personal-para-fortalecer-las-operaciones-logisticas-de-las-terminales-portuarias\/","title":{"rendered":"Capacitan a personal para fortalecer las operaciones log\u00edsticas de las terminales portuarias"},"content":{"rendered":"<p>La Uni\u00f3n Portuaria del Pac\u00edfico, junto con la Corporaci\u00f3n de Exportadores de El Salvador (Coexport), supervisaron el proceso de formaci\u00f3n de mujeres que participan en el Programa Integral de Capacitaci\u00f3n T\u00e9cnica en Red de Operadores Salvadore\u00f1os de Equipo Portuario \u2013 Terminal Trucks, a trav\u00e9s del cual se est\u00e1 formando a las mujeres para que puedan operar equipos portuarios de \u00faltima generaci\u00f3n.<\/p>\n\n\n\n<p>\u00abTenemos un compromiso de inversi\u00f3n con el Gobierno y como parte de eso hemos adquirido 40 nuevos tractores de terminal, esto agilizar\u00e1 la operaci\u00f3n del puerto y tendremos mayor productividad. Seguir\u00e1 en l\u00ednea con lo que se ha logrado hasta hoy, se ha reducido la cantidad de barcos en espera, tenemos menos de 10 barcos.<\/p>\n\n\n\n<p>\u201cSon reducciones facilitadas por este nuevo equipo, es una ganancia para todos\u00bb, explic\u00f3 el gerente general de la Uni\u00f3n Portuaria del Pac\u00edfico, Luis Canto.<\/p>\n\n\n\n<p>La formaci\u00f3n est\u00e1 dirigida a mujeres y hombres, y responde a la necesidad de contar con personal altamente calificado para operar los nuevos equipos, que est\u00e1n destinados a optimizar el movimiento de carga en las terminales.<\/p>\n\n\n\n<p>\u201cCon la buena noticia de los nuevos \u2018terminal trucks\u2019, nosotros hablamos con el Instituto Nacional de Capacitaci\u00f3n y Formaci\u00f3n (INCAF). Hicimos un programa de formaci\u00f3n para operadores de terminal. El 80 % de las clases son pr\u00e1cticas y el 20 % son te\u00f3ricas\u201d, expres\u00f3 la presidenta de Coexport, Silvia Cu\u00e9llar.<\/p>\n\n\n\n<p>El proceso formativo suma m\u00e1s de 68 horas de capacitaci\u00f3n intensiva.<\/p>\n\n\n\n<p>\u201cTodas las personas adquieren conocimientos t\u00e9cnicos sobre \u201cterminal trucks\u201d, normativas portuarias, seguridad industrial y habilidades blandas como liderazgo, comunicaci\u00f3n efectiva y resoluci\u00f3n de conflictos. Las pr\u00e1cticas se realizan de manera diurna y nocturna para simular las condiciones reales de operaci\u00f3n.<\/p>","protected":false},"excerpt":{"rendered":"<p>La Uni\u00f3n Portuaria del Pac\u00edfico, junto con la Corporaci\u00f3n de Exportadores de El Salvador (Coexport), supervisaron el proceso de formaci\u00f3n de mujeres que participan en el Programa Integral de Capacitaci\u00f3n T\u00e9cnica en Red de Operadores Salvadore\u00f1os de Equipo Portuario \u2013 Terminal Trucks, a trav\u00e9s del cual se est\u00e1 formando a las mujeres para que puedan [&hellip;]<\/p>","protected":false},"author":2,"featured_media":6580,"comment_status":"open","ping_status":"open","sticky":false,"template":"","format":"standard","meta":{"_et_pb_use_builder":"off","_et_pb_old_content":"","_et_gb_content_width":"","footnotes":""},"categories":[244],"tags":[433,267,268,1723,1722],"class_list":["post-6579","post","type-post","status-publish","format-standard","has-post-thumbnail","hentry","category-nacionales","tag-coexport","tag-el-salvador","tag-gobierno-de-el-salvador","tag-incaf","tag-la-union-portuaria-del-pacifico"],"yoast_head":"<!-- This site is optimized with the Yoast SEO plugin v27.4 - https:\/\/yoast.com\/product\/yoast-seo-wordpress\/ -->\n<title>Capacitan a personal para fortalecer las operaciones log\u00edsticas de las terminales portuarias - La G Noticias<\/title>\n<meta name=\"robots\" content=\"index, follow, max-snippet:-1, max-image-preview:large, max-video-preview:-1\" \/>\n<link rel=\"canonical\" href=\"https:\/\/lagnoticias.com\/en\/2025\/10\/31\/capacitan-a-personal-para-fortalecer-las-operaciones-logisticas-de-las-terminales-portuarias\/\" \/>\n<meta property=\"og:locale\" content=\"en_US\" \/>\n<meta property=\"og:type\" content=\"article\" \/>\n<meta property=\"og:title\" content=\"Capacitan a personal para fortalecer las operaciones log\u00edsticas de las terminales portuarias - La G Noticias\" \/>\n<meta property=\"og:description\" content=\"La Uni\u00f3n Portuaria del Pac\u00edfico, junto con la Corporaci\u00f3n de Exportadores de El Salvador (Coexport), supervisaron el proceso de formaci\u00f3n de mujeres que participan en el Programa Integral de Capacitaci\u00f3n T\u00e9cnica en Red de Operadores Salvadore\u00f1os de Equipo Portuario \u2013 Terminal Trucks, a trav\u00e9s del cual se est\u00e1 formando a las mujeres para que puedan [&hellip;]\" \/>\n<meta property=\"og:url\" content=\"https:\/\/lagnoticias.com\/en\/2025\/10\/31\/capacitan-a-personal-para-fortalecer-las-operaciones-logisticas-de-las-terminales-portuarias\/\" \/>\n<meta property=\"og:site_name\" content=\"La G Noticias\" \/>\n<meta property=\"article:publisher\" content=\"https:\/\/www.facebook.com\/LaGNoticias\" \/>\n<meta property=\"article:published_time\" content=\"2025-10-31T21:33:58+00:00\" \/>\n<meta property=\"og:image\" content=\"https:\/\/lagnoticias.com\/wp-content\/uploads\/2025\/10\/572946974_1188669840103941_457127310543869277_n.jpg\" \/>\n\t<meta property=\"og:image:width\" content=\"1280\" \/>\n\t<meta property=\"og:image:height\" content=\"720\" \/>\n\t<meta property=\"og:image:type\" content=\"image\/jpeg\" \/>\n<meta name=\"author\" content=\"Oscar\" \/>\n<meta name=\"twitter:card\" content=\"summary_large_image\" \/>\n<meta name=\"twitter:creator\" content=\"@lagnoticias\" \/>\n<meta name=\"twitter:site\" content=\"@lagnoticias\" \/>\n<meta name=\"twitter:label1\" content=\"Written by\" \/>\n\t<meta name=\"twitter:data1\" content=\"Oscar\" \/>\n\t<meta name=\"twitter:label2\" content=\"Est. reading time\" \/>\n\t<meta name=\"twitter:data2\" content=\"2 minutes\" \/>\n<script type=\"application\/ld+json\" class=\"yoast-schema-graph\">{\"@context\":\"https:\\\/\\\/schema.org\",\"@graph\":[{\"@type\":\"Article\",\"@id\":\"https:\\\/\\\/lagnoticias.com\\\/2025\\\/10\\\/31\\\/capacitan-a-personal-para-fortalecer-las-operaciones-logisticas-de-las-terminales-portuarias\\\/#article\",\"isPartOf\":{\"@id\":\"https:\\\/\\\/lagnoticias.com\\\/2025\\\/10\\\/31\\\/capacitan-a-personal-para-fortalecer-las-operaciones-logisticas-de-las-terminales-portuarias\\\/\"},\"author\":{\"name\":\"Oscar\",\"@id\":\"https:\\\/\\\/lagnoticias.com\\\/#\\\/schema\\\/person\\\/cb9bfe13f8de05d2c55270be25c6a550\"},\"headline\":\"Capacitan a personal para fortalecer las operaciones log\u00edsticas de las terminales portuarias\",\"datePublished\":\"2025-10-31T21:33:58+00:00\",\"mainEntityOfPage\":{\"@id\":\"https:\\\/\\\/lagnoticias.com\\\/2025\\\/10\\\/31\\\/capacitan-a-personal-para-fortalecer-las-operaciones-logisticas-de-las-terminales-portuarias\\\/\"},\"wordCount\":311,\"commentCount\":0,\"image\":{\"@id\":\"https:\\\/\\\/lagnoticias.com\\\/2025\\\/10\\\/31\\\/capacitan-a-personal-para-fortalecer-las-operaciones-logisticas-de-las-terminales-portuarias\\\/#primaryimage\"},\"thumbnailUrl\":\"https:\\\/\\\/lagnoticias.com\\\/wp-content\\\/uploads\\\/2025\\\/10\\\/572946974_1188669840103941_457127310543869277_n.jpg\",\"keywords\":[\"COEXPORT\",\"EL SALVADOR\",\"GOBIERNO DE EL SALVADOR\",\"INCAF\",\"La Uni\u00f3n Portuaria del Pac\u00edfico\"],\"articleSection\":[\"NACIONALES\"],\"inLanguage\":\"en-US\",\"potentialAction\":[{\"@type\":\"CommentAction\",\"name\":\"Comment\",\"target\":[\"https:\\\/\\\/lagnoticias.com\\\/2025\\\/10\\\/31\\\/capacitan-a-personal-para-fortalecer-las-operaciones-logisticas-de-las-terminales-portuarias\\\/#respond\"]}]},{\"@type\":\"WebPage\",\"@id\":\"https:\\\/\\\/lagnoticias.com\\\/2025\\\/10\\\/31\\\/capacitan-a-personal-para-fortalecer-las-operaciones-logisticas-de-las-terminales-portuarias\\\/\",\"url\":\"https:\\\/\\\/lagnoticias.com\\\/2025\\\/10\\\/31\\\/capacitan-a-personal-para-fortalecer-las-operaciones-logisticas-de-las-terminales-portuarias\\\/\",\"name\":\"Capacitan a personal para fortalecer las operaciones log\u00edsticas de las terminales portuarias - La G Noticias\",\"isPartOf\":{\"@id\":\"https:\\\/\\\/lagnoticias.com\\\/#website\"},\"primaryImageOfPage\":{\"@id\":\"https:\\\/\\\/lagnoticias.com\\\/2025\\\/10\\\/31\\\/capacitan-a-personal-para-fortalecer-las-operaciones-logisticas-de-las-terminales-portuarias\\\/#primaryimage\"},\"image\":{\"@id\":\"https:\\\/\\\/lagnoticias.com\\\/2025\\\/10\\\/31\\\/capacitan-a-personal-para-fortalecer-las-operaciones-logisticas-de-las-terminales-portuarias\\\/#primaryimage\"},\"thumbnailUrl\":\"https:\\\/\\\/lagnoticias.com\\\/wp-content\\\/uploads\\\/2025\\\/10\\\/572946974_1188669840103941_457127310543869277_n.jpg\",\"datePublished\":\"2025-10-31T21:33:58+00:00\",\"author\":{\"@id\":\"https:\\\/\\\/lagnoticias.com\\\/#\\\/schema\\\/person\\\/cb9bfe13f8de05d2c55270be25c6a550\"},\"breadcrumb\":{\"@id\":\"https:\\\/\\\/lagnoticias.com\\\/2025\\\/10\\\/31\\\/capacitan-a-personal-para-fortalecer-las-operaciones-logisticas-de-las-terminales-portuarias\\\/#breadcrumb\"},\"inLanguage\":\"en-US\",\"potentialAction\":[{\"@type\":\"ReadAction\",\"target\":[\"https:\\\/\\\/lagnoticias.com\\\/2025\\\/10\\\/31\\\/capacitan-a-personal-para-fortalecer-las-operaciones-logisticas-de-las-terminales-portuarias\\\/\"]}]},{\"@type\":\"ImageObject\",\"inLanguage\":\"en-US\",\"@id\":\"https:\\\/\\\/lagnoticias.com\\\/2025\\\/10\\\/31\\\/capacitan-a-personal-para-fortalecer-las-operaciones-logisticas-de-las-terminales-portuarias\\\/#primaryimage\",\"url\":\"https:\\\/\\\/lagnoticias.com\\\/wp-content\\\/uploads\\\/2025\\\/10\\\/572946974_1188669840103941_457127310543869277_n.jpg\",\"contentUrl\":\"https:\\\/\\\/lagnoticias.com\\\/wp-content\\\/uploads\\\/2025\\\/10\\\/572946974_1188669840103941_457127310543869277_n.jpg\",\"width\":1280,\"height\":720},{\"@type\":\"BreadcrumbList\",\"@id\":\"https:\\\/\\\/lagnoticias.com\\\/2025\\\/10\\\/31\\\/capacitan-a-personal-para-fortalecer-las-operaciones-logisticas-de-las-terminales-portuarias\\\/#breadcrumb\",\"itemListElement\":[{\"@type\":\"ListItem\",\"position\":1,\"name\":\"Portada\",\"item\":\"https:\\\/\\\/lagnoticias.com\\\/\"},{\"@type\":\"ListItem\",\"position\":2,\"name\":\"Capacitan a personal para fortalecer las operaciones log\u00edsticas de las terminales portuarias\"}]},{\"@type\":\"WebSite\",\"@id\":\"https:\\\/\\\/lagnoticias.com\\\/#website\",\"url\":\"https:\\\/\\\/lagnoticias.com\\\/\",\"name\":\"La G Noticias\",\"description\":\"Noticias Positivas\",\"potentialAction\":[{\"@type\":\"SearchAction\",\"target\":{\"@type\":\"EntryPoint\",\"urlTemplate\":\"https:\\\/\\\/lagnoticias.com\\\/?s={search_term_string}\"},\"query-input\":{\"@type\":\"PropertyValueSpecification\",\"valueRequired\":true,\"valueName\":\"search_term_string\"}}],\"inLanguage\":\"en-US\"},{\"@type\":\"Person\",\"@id\":\"https:\\\/\\\/lagnoticias.com\\\/#\\\/schema\\\/person\\\/cb9bfe13f8de05d2c55270be25c6a550\",\"name\":\"Oscar\",\"image\":{\"@type\":\"ImageObject\",\"inLanguage\":\"en-US\",\"@id\":\"https:\\\/\\\/secure.gravatar.com\\\/avatar\\\/45c195718f652dc7ffdd591dc1f2678956ab7fdadcd359a635edc61304a8c757?s=96&d=mm&r=g\",\"url\":\"https:\\\/\\\/secure.gravatar.com\\\/avatar\\\/45c195718f652dc7ffdd591dc1f2678956ab7fdadcd359a635edc61304a8c757?s=96&d=mm&r=g\",\"contentUrl\":\"https:\\\/\\\/secure.gravatar.com\\\/avatar\\\/45c195718f652dc7ffdd591dc1f2678956ab7fdadcd359a635edc61304a8c757?s=96&d=mm&r=g\",\"caption\":\"Oscar\"},\"url\":\"https:\\\/\\\/lagnoticias.com\\\/en\\\/author\\\/oscar\\\/\"}]}<\/script>\n<!-- \/ Yoast SEO plugin. -->","yoast_head_json":{"title":"Capacitan a personal para fortalecer las operaciones log\u00edsticas de las terminales portuarias - La G Noticias","robots":{"index":"index","follow":"follow","max-snippet":"max-snippet:-1","max-image-preview":"max-image-preview:large","max-video-preview":"max-video-preview:-1"},"canonical":"https:\/\/lagnoticias.com\/en\/2025\/10\/31\/capacitan-a-personal-para-fortalecer-las-operaciones-logisticas-de-las-terminales-portuarias\/","og_locale":"en_US","og_type":"article","og_title":"Capacitan a personal para fortalecer las operaciones log\u00edsticas de las terminales portuarias - La G Noticias","og_description":"La Uni\u00f3n Portuaria del Pac\u00edfico, junto con la Corporaci\u00f3n de Exportadores de El Salvador (Coexport), supervisaron el proceso de formaci\u00f3n de mujeres que participan en el Programa Integral de Capacitaci\u00f3n T\u00e9cnica en Red de Operadores Salvadore\u00f1os de Equipo Portuario \u2013 Terminal Trucks, a trav\u00e9s del cual se est\u00e1 formando a las mujeres para que puedan [&hellip;]","og_url":"https:\/\/lagnoticias.com\/en\/2025\/10\/31\/capacitan-a-personal-para-fortalecer-las-operaciones-logisticas-de-las-terminales-portuarias\/","og_site_name":"La G Noticias","article_publisher":"https:\/\/www.facebook.com\/LaGNoticias","article_published_time":"2025-10-31T21:33:58+00:00","og_image":[{"width":1280,"height":720,"url":"https:\/\/lagnoticias.com\/wp-content\/uploads\/2025\/10\/572946974_1188669840103941_457127310543869277_n.jpg","type":"image\/jpeg"}],"author":"Oscar","twitter_card":"summary_large_image","twitter_creator":"@lagnoticias","twitter_site":"@lagnoticias","twitter_misc":{"Written by":"Oscar","Est. reading time":"2 minutes"},"schema":{"@context":"https:\/\/schema.org","@graph":[{"@type":"Article","@id":"https:\/\/lagnoticias.com\/2025\/10\/31\/capacitan-a-personal-para-fortalecer-las-operaciones-logisticas-de-las-terminales-portuarias\/#article","isPartOf":{"@id":"https:\/\/lagnoticias.com\/2025\/10\/31\/capacitan-a-personal-para-fortalecer-las-operaciones-logisticas-de-las-terminales-portuarias\/"},"author":{"name":"Oscar","@id":"https:\/\/lagnoticias.com\/#\/schema\/person\/cb9bfe13f8de05d2c55270be25c6a550"},"headline":"Capacitan a personal para fortalecer las operaciones log\u00edsticas de las terminales portuarias","datePublished":"2025-10-31T21:33:58+00:00","mainEntityOfPage":{"@id":"https:\/\/lagnoticias.com\/2025\/10\/31\/capacitan-a-personal-para-fortalecer-las-operaciones-logisticas-de-las-terminales-portuarias\/"},"wordCount":311,"commentCount":0,"image":{"@id":"https:\/\/lagnoticias.com\/2025\/10\/31\/capacitan-a-personal-para-fortalecer-las-operaciones-logisticas-de-las-terminales-portuarias\/#primaryimage"},"thumbnailUrl":"https:\/\/lagnoticias.com\/wp-content\/uploads\/2025\/10\/572946974_1188669840103941_457127310543869277_n.jpg","keywords":["COEXPORT","EL SALVADOR","GOBIERNO DE EL SALVADOR","INCAF","La Uni\u00f3n Portuaria del Pac\u00edfico"],"articleSection":["NACIONALES"],"inLanguage":"en-US","potentialAction":[{"@type":"CommentAction","name":"Comment","target":["https:\/\/lagnoticias.com\/2025\/10\/31\/capacitan-a-personal-para-fortalecer-las-operaciones-logisticas-de-las-terminales-portuarias\/#respond"]}]},{"@type":"WebPage","@id":"https:\/\/lagnoticias.com\/2025\/10\/31\/capacitan-a-personal-para-fortalecer-las-operaciones-logisticas-de-las-terminales-portuarias\/","url":"https:\/\/lagnoticias.com\/2025\/10\/31\/capacitan-a-personal-para-fortalecer-las-operaciones-logisticas-de-las-terminales-portuarias\/","name":"Capacitan a personal para fortalecer las operaciones log\u00edsticas de las terminales portuarias - La G Noticias","isPartOf":{"@id":"https:\/\/lagnoticias.com\/#website"},"primaryImageOfPage":{"@id":"https:\/\/lagnoticias.com\/2025\/10\/31\/capacitan-a-personal-para-fortalecer-las-operaciones-logisticas-de-las-terminales-portuarias\/#primaryimage"},"image":{"@id":"https:\/\/lagnoticias.com\/2025\/10\/31\/capacitan-a-personal-para-fortalecer-las-operaciones-logisticas-de-las-terminales-portuarias\/#primaryimage"},"thumbnailUrl":"https:\/\/lagnoticias.com\/wp-content\/uploads\/2025\/10\/572946974_1188669840103941_457127310543869277_n.jpg","datePublished":"2025-10-31T21:33:58+00:00","author":{"@id":"https:\/\/lagnoticias.com\/#\/schema\/person\/cb9bfe13f8de05d2c55270be25c6a550"},"breadcrumb":{"@id":"https:\/\/lagnoticias.com\/2025\/10\/31\/capacitan-a-personal-para-fortalecer-las-operaciones-logisticas-de-las-terminales-portuarias\/#breadcrumb"},"inLanguage":"en-US","potentialAction":[{"@type":"ReadAction","target":["https:\/\/lagnoticias.com\/2025\/10\/31\/capacitan-a-personal-para-fortalecer-las-operaciones-logisticas-de-las-terminales-portuarias\/"]}]},{"@type":"ImageObject","inLanguage":"en-US","@id":"https:\/\/lagnoticias.com\/2025\/10\/31\/capacitan-a-personal-para-fortalecer-las-operaciones-logisticas-de-las-terminales-portuarias\/#primaryimage","url":"https:\/\/lagnoticias.com\/wp-content\/uploads\/2025\/10\/572946974_1188669840103941_457127310543869277_n.jpg","contentUrl":"https:\/\/lagnoticias.com\/wp-content\/uploads\/2025\/10\/572946974_1188669840103941_457127310543869277_n.jpg","width":1280,"height":720},{"@type":"BreadcrumbList","@id":"https:\/\/lagnoticias.com\/2025\/10\/31\/capacitan-a-personal-para-fortalecer-las-operaciones-logisticas-de-las-terminales-portuarias\/#breadcrumb","itemListElement":[{"@type":"ListItem","position":1,"name":"Portada","item":"https:\/\/lagnoticias.com\/"},{"@type":"ListItem","position":2,"name":"Capacitan a personal para fortalecer las operaciones log\u00edsticas de las terminales portuarias"}]},{"@type":"WebSite","@id":"https:\/\/lagnoticias.com\/#website","url":"https:\/\/lagnoticias.com\/","name":"La G Noticias","description":"Noticias Positivas","potentialAction":[{"@type":"SearchAction","target":{"@type":"EntryPoint","urlTemplate":"https:\/\/lagnoticias.com\/?s={search_term_string}"},"query-input":{"@type":"PropertyValueSpecification","valueRequired":true,"valueName":"search_term_string"}}],"inLanguage":"en-US"},{"@type":"Person","@id":"https:\/\/lagnoticias.com\/#\/schema\/person\/cb9bfe13f8de05d2c55270be25c6a550","name":"Oscar","image":{"@type":"ImageObject","inLanguage":"en-US","@id":"https:\/\/secure.gravatar.com\/avatar\/45c195718f652dc7ffdd591dc1f2678956ab7fdadcd359a635edc61304a8c757?s=96&d=mm&r=g","url":"https:\/\/secure.gravatar.com\/avatar\/45c195718f652dc7ffdd591dc1f2678956ab7fdadcd359a635edc61304a8c757?s=96&d=mm&r=g","contentUrl":"https:\/\/secure.gravatar.com\/avatar\/45c195718f652dc7ffdd591dc1f2678956ab7fdadcd359a635edc61304a8c757?s=96&d=mm&r=g","caption":"Oscar"},"url":"https:\/\/lagnoticias.com\/en\/author\/oscar\/"}]}},"_links":{"self":[{"href":"https:\/\/lagnoticias.com\/en\/wp-json\/wp\/v2\/posts\/6579","targetHints":{"allow":["GET"]}}],"collection":[{"href":"https:\/\/lagnoticias.com\/en\/wp-json\/wp\/v2\/posts"}],"about":[{"href":"https:\/\/lagnoticias.com\/en\/wp-json\/wp\/v2\/types\/post"}],"author":[{"embeddable":true,"href":"https:\/\/lagnoticias.com\/en\/wp-json\/wp\/v2\/users\/2"}],"replies":[{"embeddable":true,"href":"https:\/\/lagnoticias.com\/en\/wp-json\/wp\/v2\/comments?post=6579"}],"version-history":[{"count":1,"href":"https:\/\/lagnoticias.com\/en\/wp-json\/wp\/v2\/posts\/6579\/revisions"}],"predecessor-version":[{"id":6581,"href":"https:\/\/lagnoticias.com\/en\/wp-json\/wp\/v2\/posts\/6579\/revisions\/6581"}],"wp:featuredmedia":[{"embeddable":true,"href":"https:\/\/lagnoticias.com\/en\/wp-json\/wp\/v2\/media\/6580"}],"wp:attachment":[{"href":"https:\/\/lagnoticias.com\/en\/wp-json\/wp\/v2\/media?parent=6579"}],"wp:term":[{"taxonomy":"category","embeddable":true,"href":"https:\/\/lagnoticias.com\/en\/wp-json\/wp\/v2\/categories?post=6579"},{"taxonomy":"post_tag","embeddable":true,"href":"https:\/\/lagnoticias.com\/en\/wp-json\/wp\/v2\/tags?post=6579"}],"curies":[{"name":"wp","href":"https:\/\/api.w.org\/{rel}","templated":true}]}}