{"id":6565,"date":"2025-10-31T10:46:40","date_gmt":"2025-10-31T16:46:40","guid":{"rendered":"https:\/\/lagnoticias.com\/?p=6565"},"modified":"2025-11-03T11:20:26","modified_gmt":"2025-11-03T17:20:26","slug":"se-viene-una-colaboracion-entre-christian-nodal-y-vicente-fernandez","status":"publish","type":"post","link":"https:\/\/lagnoticias.com\/en\/2025\/10\/31\/se-viene-una-colaboracion-entre-christian-nodal-y-vicente-fernandez\/","title":{"rendered":"\u00bfSe viene una colaboraci\u00f3n entre Christian Nodal y Vicente Fern\u00e1ndez?"},"content":{"rendered":"<p>Christian Nodal&nbsp;caus\u00f3 revuelo entre sus fans luego de compartir una historia en su cuenta de Instagram con la que gener\u00f3 todo tipo de reacciones.<\/p>\n\n\n\n<p>En la imagen, en blanco y negro, el int\u00e9rprete aparece con su caracter\u00edstico sombrero y un mensaje que dice:<\/p>\n\n\n\n<p>\u201cEspero as\u00ed suene mi viaje al cielo\u2026 Aqu\u00ed ya se cumpli\u00f3 mi dueto m\u00e1s so\u00f1ado. Los amo. Les deseo a su alma este sentimiento tan ching\u00f3n\u201d.<\/p>\n\n\n\n<p>El texto con tintes nost\u00e1lgicos y espirituales provoc\u00f3&nbsp;preocupaci\u00f3n entre algunos de sus seguidores, quienes lo interpretaron como una despedida o un momento de vulnerabilidad emocional.<\/p>\n\n\n\n<p><\/p>\n\n\n\n<figure class=\"wp-block-embed is-type-rich is-provider-twitter wp-block-embed-twitter\"><div class=\"wp-block-embed__wrapper\">\nhttps:\/\/twitter.com\/NodalEncantada\/status\/1984091289269199035\n<\/div><\/figure>\n\n\n\n<p><\/p>\n\n\n\n<h2 class=\"wp-block-heading\">\u00bfUn dueto p\u00f3stumo con Vicente Fern\u00e1ndez?<\/h2>\n\n\n\n<p>Mientras algunos expresaban mensajes de apoyo y cari\u00f1o,&nbsp;otros fan\u00e1ticos comenzaron a especular&nbsp;que Nodal podr\u00eda estar adelantando el lanzamiento de un nuevo tema, nada menos que un&nbsp;dueto virtual con Vicente Fern\u00e1ndez&nbsp;Debido a que es el tema que se escucha de fondo en el video compartido por el artista.<\/p>\n\n\n\n<p>El proyecto estar\u00eda basado en la canci\u00f3n&nbsp;\u201cEstos celos\u201d&nbsp;y habr\u00eda sido posible gracias a la&nbsp;inteligencia artificial (IA), tecnolog\u00eda que permitir\u00eda recrear la voz del legendario \u201cCharro de Huentit\u00e1n\u201d, fallecido en 2021.<\/p>\n\n\n\n<h2 class=\"wp-block-heading\">Entre la nostalgia y la innovaci\u00f3n<\/h2>\n\n\n\n<p>Si la colaboraci\u00f3n se confirma,&nbsp;ser\u00eda uno de los homenajes m\u00e1s emotivos&nbsp;de la carrera de Nodal, combinando la modernidad tecnol\u00f3gica con el legado de uno de los \u00edconos m\u00e1s grandes de la m\u00fasica ranchera.<\/p>\n\n\n\n<p>Por el momento, el cantante&nbsp;no ha ofrecido declaraciones oficiales&nbsp;al respecto, pero su publicaci\u00f3n ya gener\u00f3 una ola de comentarios y teor\u00edas entre los fans, quienes se debaten entre la&nbsp;preocupaci\u00f3n por su mensaje&nbsp;y la&nbsp;expectativa por el posible estreno.<\/p>","protected":false},"excerpt":{"rendered":"<p>El cantante sorprendi\u00f3 con un texto que muchos interpretaron como una reflexi\u00f3n sobre la vida y otros como el anuncio de un dueto \u201cso\u00f1ado\u201d con Vicente Fern\u00e1ndez gracias a la inteligencia artificial.<\/p>","protected":false},"author":2,"featured_media":6566,"comment_status":"open","ping_status":"open","sticky":false,"template":"","format":"standard","meta":{"_et_pb_use_builder":"off","_et_pb_old_content":"","_et_gb_content_width":"","footnotes":""},"categories":[249],"tags":[495,534,693,1051],"class_list":["post-6565","post","type-post","status-publish","format-standard","has-post-thumbnail","hentry","category-entretenimiento","tag-artistas","tag-cantantes","tag-christian-nodal","tag-vicente-fernandez"],"yoast_head":"<!-- This site is optimized with the Yoast SEO plugin v27.4 - https:\/\/yoast.com\/product\/yoast-seo-wordpress\/ -->\n<title>\u00bfSe viene una colaboraci\u00f3n entre Christian Nodal y Vicente Fern\u00e1ndez? - La G Noticias<\/title>\n<meta name=\"robots\" content=\"index, follow, max-snippet:-1, max-image-preview:large, max-video-preview:-1\" \/>\n<link rel=\"canonical\" href=\"https:\/\/lagnoticias.com\/en\/2025\/10\/31\/se-viene-una-colaboracion-entre-christian-nodal-y-vicente-fernandez\/\" \/>\n<meta property=\"og:locale\" content=\"en_US\" \/>\n<meta property=\"og:type\" content=\"article\" \/>\n<meta property=\"og:title\" content=\"\u00bfSe viene una colaboraci\u00f3n entre Christian Nodal y Vicente Fern\u00e1ndez? - La G Noticias\" \/>\n<meta property=\"og:description\" content=\"El cantante sorprendi\u00f3 con un texto que muchos interpretaron como una reflexi\u00f3n sobre la vida y otros como el anuncio de un dueto \u201cso\u00f1ado\u201d con Vicente Fern\u00e1ndez gracias a la inteligencia artificial.\" \/>\n<meta property=\"og:url\" content=\"https:\/\/lagnoticias.com\/en\/2025\/10\/31\/se-viene-una-colaboracion-entre-christian-nodal-y-vicente-fernandez\/\" \/>\n<meta property=\"og:site_name\" content=\"La G Noticias\" \/>\n<meta property=\"article:publisher\" content=\"https:\/\/www.facebook.com\/LaGNoticias\" \/>\n<meta property=\"article:published_time\" content=\"2025-10-31T16:46:40+00:00\" \/>\n<meta property=\"article:modified_time\" content=\"2025-11-03T17:20:26+00:00\" \/>\n<meta property=\"og:image\" content=\"https:\/\/lagnoticias.com\/wp-content\/uploads\/2025\/10\/1-16.jpg\" \/>\n\t<meta property=\"og:image:width\" content=\"695\" \/>\n\t<meta property=\"og:image:height\" content=\"394\" \/>\n\t<meta property=\"og:image:type\" content=\"image\/jpeg\" \/>\n<meta name=\"author\" content=\"Oscar\" \/>\n<meta name=\"twitter:card\" content=\"summary_large_image\" \/>\n<meta name=\"twitter:creator\" content=\"@lagnoticias\" \/>\n<meta name=\"twitter:site\" content=\"@lagnoticias\" \/>\n<meta name=\"twitter:label1\" content=\"Written by\" \/>\n\t<meta name=\"twitter:data1\" content=\"Oscar\" \/>\n\t<meta name=\"twitter:label2\" content=\"Est. reading time\" \/>\n\t<meta name=\"twitter:data2\" content=\"1 minute\" \/>\n<script type=\"application\/ld+json\" class=\"yoast-schema-graph\">{\"@context\":\"https:\\\/\\\/schema.org\",\"@graph\":[{\"@type\":\"Article\",\"@id\":\"https:\\\/\\\/lagnoticias.com\\\/2025\\\/10\\\/31\\\/se-viene-una-colaboracion-entre-christian-nodal-y-vicente-fernandez\\\/#article\",\"isPartOf\":{\"@id\":\"https:\\\/\\\/lagnoticias.com\\\/2025\\\/10\\\/31\\\/se-viene-una-colaboracion-entre-christian-nodal-y-vicente-fernandez\\\/\"},\"author\":{\"name\":\"Oscar\",\"@id\":\"https:\\\/\\\/lagnoticias.com\\\/#\\\/schema\\\/person\\\/cb9bfe13f8de05d2c55270be25c6a550\"},\"headline\":\"\u00bfSe viene una colaboraci\u00f3n entre Christian Nodal y Vicente Fern\u00e1ndez?\",\"datePublished\":\"2025-10-31T16:46:40+00:00\",\"dateModified\":\"2025-11-03T17:20:26+00:00\",\"mainEntityOfPage\":{\"@id\":\"https:\\\/\\\/lagnoticias.com\\\/2025\\\/10\\\/31\\\/se-viene-una-colaboracion-entre-christian-nodal-y-vicente-fernandez\\\/\"},\"wordCount\":330,\"commentCount\":0,\"image\":{\"@id\":\"https:\\\/\\\/lagnoticias.com\\\/2025\\\/10\\\/31\\\/se-viene-una-colaboracion-entre-christian-nodal-y-vicente-fernandez\\\/#primaryimage\"},\"thumbnailUrl\":\"https:\\\/\\\/lagnoticias.com\\\/wp-content\\\/uploads\\\/2025\\\/10\\\/1-16.jpg\",\"keywords\":[\"ARTISTAS\",\"CANTANTES\",\"CHRISTIAN NODAL\",\"VICENTE FERN\u00c1NDEZ\"],\"articleSection\":[\"ENTRETENIMIENTO\"],\"inLanguage\":\"en-US\",\"potentialAction\":[{\"@type\":\"CommentAction\",\"name\":\"Comment\",\"target\":[\"https:\\\/\\\/lagnoticias.com\\\/2025\\\/10\\\/31\\\/se-viene-una-colaboracion-entre-christian-nodal-y-vicente-fernandez\\\/#respond\"]}]},{\"@type\":\"WebPage\",\"@id\":\"https:\\\/\\\/lagnoticias.com\\\/2025\\\/10\\\/31\\\/se-viene-una-colaboracion-entre-christian-nodal-y-vicente-fernandez\\\/\",\"url\":\"https:\\\/\\\/lagnoticias.com\\\/2025\\\/10\\\/31\\\/se-viene-una-colaboracion-entre-christian-nodal-y-vicente-fernandez\\\/\",\"name\":\"\u00bfSe viene una colaboraci\u00f3n entre Christian Nodal y Vicente Fern\u00e1ndez? - La G Noticias\",\"isPartOf\":{\"@id\":\"https:\\\/\\\/lagnoticias.com\\\/#website\"},\"primaryImageOfPage\":{\"@id\":\"https:\\\/\\\/lagnoticias.com\\\/2025\\\/10\\\/31\\\/se-viene-una-colaboracion-entre-christian-nodal-y-vicente-fernandez\\\/#primaryimage\"},\"image\":{\"@id\":\"https:\\\/\\\/lagnoticias.com\\\/2025\\\/10\\\/31\\\/se-viene-una-colaboracion-entre-christian-nodal-y-vicente-fernandez\\\/#primaryimage\"},\"thumbnailUrl\":\"https:\\\/\\\/lagnoticias.com\\\/wp-content\\\/uploads\\\/2025\\\/10\\\/1-16.jpg\",\"datePublished\":\"2025-10-31T16:46:40+00:00\",\"dateModified\":\"2025-11-03T17:20:26+00:00\",\"author\":{\"@id\":\"https:\\\/\\\/lagnoticias.com\\\/#\\\/schema\\\/person\\\/cb9bfe13f8de05d2c55270be25c6a550\"},\"breadcrumb\":{\"@id\":\"https:\\\/\\\/lagnoticias.com\\\/2025\\\/10\\\/31\\\/se-viene-una-colaboracion-entre-christian-nodal-y-vicente-fernandez\\\/#breadcrumb\"},\"inLanguage\":\"en-US\",\"potentialAction\":[{\"@type\":\"ReadAction\",\"target\":[\"https:\\\/\\\/lagnoticias.com\\\/2025\\\/10\\\/31\\\/se-viene-una-colaboracion-entre-christian-nodal-y-vicente-fernandez\\\/\"]}]},{\"@type\":\"ImageObject\",\"inLanguage\":\"en-US\",\"@id\":\"https:\\\/\\\/lagnoticias.com\\\/2025\\\/10\\\/31\\\/se-viene-una-colaboracion-entre-christian-nodal-y-vicente-fernandez\\\/#primaryimage\",\"url\":\"https:\\\/\\\/lagnoticias.com\\\/wp-content\\\/uploads\\\/2025\\\/10\\\/1-16.jpg\",\"contentUrl\":\"https:\\\/\\\/lagnoticias.com\\\/wp-content\\\/uploads\\\/2025\\\/10\\\/1-16.jpg\",\"width\":695,\"height\":394},{\"@type\":\"BreadcrumbList\",\"@id\":\"https:\\\/\\\/lagnoticias.com\\\/2025\\\/10\\\/31\\\/se-viene-una-colaboracion-entre-christian-nodal-y-vicente-fernandez\\\/#breadcrumb\",\"itemListElement\":[{\"@type\":\"ListItem\",\"position\":1,\"name\":\"Portada\",\"item\":\"https:\\\/\\\/lagnoticias.com\\\/\"},{\"@type\":\"ListItem\",\"position\":2,\"name\":\"\u00bfSe viene una colaboraci\u00f3n entre Christian Nodal y Vicente Fern\u00e1ndez?\"}]},{\"@type\":\"WebSite\",\"@id\":\"https:\\\/\\\/lagnoticias.com\\\/#website\",\"url\":\"https:\\\/\\\/lagnoticias.com\\\/\",\"name\":\"La G Noticias\",\"description\":\"Noticias Positivas\",\"potentialAction\":[{\"@type\":\"SearchAction\",\"target\":{\"@type\":\"EntryPoint\",\"urlTemplate\":\"https:\\\/\\\/lagnoticias.com\\\/?s={search_term_string}\"},\"query-input\":{\"@type\":\"PropertyValueSpecification\",\"valueRequired\":true,\"valueName\":\"search_term_string\"}}],\"inLanguage\":\"en-US\"},{\"@type\":\"Person\",\"@id\":\"https:\\\/\\\/lagnoticias.com\\\/#\\\/schema\\\/person\\\/cb9bfe13f8de05d2c55270be25c6a550\",\"name\":\"Oscar\",\"image\":{\"@type\":\"ImageObject\",\"inLanguage\":\"en-US\",\"@id\":\"https:\\\/\\\/secure.gravatar.com\\\/avatar\\\/45c195718f652dc7ffdd591dc1f2678956ab7fdadcd359a635edc61304a8c757?s=96&d=mm&r=g\",\"url\":\"https:\\\/\\\/secure.gravatar.com\\\/avatar\\\/45c195718f652dc7ffdd591dc1f2678956ab7fdadcd359a635edc61304a8c757?s=96&d=mm&r=g\",\"contentUrl\":\"https:\\\/\\\/secure.gravatar.com\\\/avatar\\\/45c195718f652dc7ffdd591dc1f2678956ab7fdadcd359a635edc61304a8c757?s=96&d=mm&r=g\",\"caption\":\"Oscar\"},\"url\":\"https:\\\/\\\/lagnoticias.com\\\/en\\\/author\\\/oscar\\\/\"}]}<\/script>\n<!-- \/ Yoast SEO plugin. -->","yoast_head_json":{"title":"\u00bfSe viene una colaboraci\u00f3n entre Christian Nodal y Vicente Fern\u00e1ndez? - La G Noticias","robots":{"index":"index","follow":"follow","max-snippet":"max-snippet:-1","max-image-preview":"max-image-preview:large","max-video-preview":"max-video-preview:-1"},"canonical":"https:\/\/lagnoticias.com\/en\/2025\/10\/31\/se-viene-una-colaboracion-entre-christian-nodal-y-vicente-fernandez\/","og_locale":"en_US","og_type":"article","og_title":"\u00bfSe viene una colaboraci\u00f3n entre Christian Nodal y Vicente Fern\u00e1ndez? - La G Noticias","og_description":"El cantante sorprendi\u00f3 con un texto que muchos interpretaron como una reflexi\u00f3n sobre la vida y otros como el anuncio de un dueto \u201cso\u00f1ado\u201d con Vicente Fern\u00e1ndez gracias a la inteligencia artificial.","og_url":"https:\/\/lagnoticias.com\/en\/2025\/10\/31\/se-viene-una-colaboracion-entre-christian-nodal-y-vicente-fernandez\/","og_site_name":"La G Noticias","article_publisher":"https:\/\/www.facebook.com\/LaGNoticias","article_published_time":"2025-10-31T16:46:40+00:00","article_modified_time":"2025-11-03T17:20:26+00:00","og_image":[{"width":695,"height":394,"url":"https:\/\/lagnoticias.com\/wp-content\/uploads\/2025\/10\/1-16.jpg","type":"image\/jpeg"}],"author":"Oscar","twitter_card":"summary_large_image","twitter_creator":"@lagnoticias","twitter_site":"@lagnoticias","twitter_misc":{"Written by":"Oscar","Est. reading time":"1 minute"},"schema":{"@context":"https:\/\/schema.org","@graph":[{"@type":"Article","@id":"https:\/\/lagnoticias.com\/2025\/10\/31\/se-viene-una-colaboracion-entre-christian-nodal-y-vicente-fernandez\/#article","isPartOf":{"@id":"https:\/\/lagnoticias.com\/2025\/10\/31\/se-viene-una-colaboracion-entre-christian-nodal-y-vicente-fernandez\/"},"author":{"name":"Oscar","@id":"https:\/\/lagnoticias.com\/#\/schema\/person\/cb9bfe13f8de05d2c55270be25c6a550"},"headline":"\u00bfSe viene una colaboraci\u00f3n entre Christian Nodal y Vicente Fern\u00e1ndez?","datePublished":"2025-10-31T16:46:40+00:00","dateModified":"2025-11-03T17:20:26+00:00","mainEntityOfPage":{"@id":"https:\/\/lagnoticias.com\/2025\/10\/31\/se-viene-una-colaboracion-entre-christian-nodal-y-vicente-fernandez\/"},"wordCount":330,"commentCount":0,"image":{"@id":"https:\/\/lagnoticias.com\/2025\/10\/31\/se-viene-una-colaboracion-entre-christian-nodal-y-vicente-fernandez\/#primaryimage"},"thumbnailUrl":"https:\/\/lagnoticias.com\/wp-content\/uploads\/2025\/10\/1-16.jpg","keywords":["ARTISTAS","CANTANTES","CHRISTIAN NODAL","VICENTE FERN\u00c1NDEZ"],"articleSection":["ENTRETENIMIENTO"],"inLanguage":"en-US","potentialAction":[{"@type":"CommentAction","name":"Comment","target":["https:\/\/lagnoticias.com\/2025\/10\/31\/se-viene-una-colaboracion-entre-christian-nodal-y-vicente-fernandez\/#respond"]}]},{"@type":"WebPage","@id":"https:\/\/lagnoticias.com\/2025\/10\/31\/se-viene-una-colaboracion-entre-christian-nodal-y-vicente-fernandez\/","url":"https:\/\/lagnoticias.com\/2025\/10\/31\/se-viene-una-colaboracion-entre-christian-nodal-y-vicente-fernandez\/","name":"\u00bfSe viene una colaboraci\u00f3n entre Christian Nodal y Vicente Fern\u00e1ndez? - La G Noticias","isPartOf":{"@id":"https:\/\/lagnoticias.com\/#website"},"primaryImageOfPage":{"@id":"https:\/\/lagnoticias.com\/2025\/10\/31\/se-viene-una-colaboracion-entre-christian-nodal-y-vicente-fernandez\/#primaryimage"},"image":{"@id":"https:\/\/lagnoticias.com\/2025\/10\/31\/se-viene-una-colaboracion-entre-christian-nodal-y-vicente-fernandez\/#primaryimage"},"thumbnailUrl":"https:\/\/lagnoticias.com\/wp-content\/uploads\/2025\/10\/1-16.jpg","datePublished":"2025-10-31T16:46:40+00:00","dateModified":"2025-11-03T17:20:26+00:00","author":{"@id":"https:\/\/lagnoticias.com\/#\/schema\/person\/cb9bfe13f8de05d2c55270be25c6a550"},"breadcrumb":{"@id":"https:\/\/lagnoticias.com\/2025\/10\/31\/se-viene-una-colaboracion-entre-christian-nodal-y-vicente-fernandez\/#breadcrumb"},"inLanguage":"en-US","potentialAction":[{"@type":"ReadAction","target":["https:\/\/lagnoticias.com\/2025\/10\/31\/se-viene-una-colaboracion-entre-christian-nodal-y-vicente-fernandez\/"]}]},{"@type":"ImageObject","inLanguage":"en-US","@id":"https:\/\/lagnoticias.com\/2025\/10\/31\/se-viene-una-colaboracion-entre-christian-nodal-y-vicente-fernandez\/#primaryimage","url":"https:\/\/lagnoticias.com\/wp-content\/uploads\/2025\/10\/1-16.jpg","contentUrl":"https:\/\/lagnoticias.com\/wp-content\/uploads\/2025\/10\/1-16.jpg","width":695,"height":394},{"@type":"BreadcrumbList","@id":"https:\/\/lagnoticias.com\/2025\/10\/31\/se-viene-una-colaboracion-entre-christian-nodal-y-vicente-fernandez\/#breadcrumb","itemListElement":[{"@type":"ListItem","position":1,"name":"Portada","item":"https:\/\/lagnoticias.com\/"},{"@type":"ListItem","position":2,"name":"\u00bfSe viene una colaboraci\u00f3n entre Christian Nodal y Vicente Fern\u00e1ndez?"}]},{"@type":"WebSite","@id":"https:\/\/lagnoticias.com\/#website","url":"https:\/\/lagnoticias.com\/","name":"La G Noticias","description":"Noticias Positivas","potentialAction":[{"@type":"SearchAction","target":{"@type":"EntryPoint","urlTemplate":"https:\/\/lagnoticias.com\/?s={search_term_string}"},"query-input":{"@type":"PropertyValueSpecification","valueRequired":true,"valueName":"search_term_string"}}],"inLanguage":"en-US"},{"@type":"Person","@id":"https:\/\/lagnoticias.com\/#\/schema\/person\/cb9bfe13f8de05d2c55270be25c6a550","name":"Oscar","image":{"@type":"ImageObject","inLanguage":"en-US","@id":"https:\/\/secure.gravatar.com\/avatar\/45c195718f652dc7ffdd591dc1f2678956ab7fdadcd359a635edc61304a8c757?s=96&d=mm&r=g","url":"https:\/\/secure.gravatar.com\/avatar\/45c195718f652dc7ffdd591dc1f2678956ab7fdadcd359a635edc61304a8c757?s=96&d=mm&r=g","contentUrl":"https:\/\/secure.gravatar.com\/avatar\/45c195718f652dc7ffdd591dc1f2678956ab7fdadcd359a635edc61304a8c757?s=96&d=mm&r=g","caption":"Oscar"},"url":"https:\/\/lagnoticias.com\/en\/author\/oscar\/"}]}},"_links":{"self":[{"href":"https:\/\/lagnoticias.com\/en\/wp-json\/wp\/v2\/posts\/6565","targetHints":{"allow":["GET"]}}],"collection":[{"href":"https:\/\/lagnoticias.com\/en\/wp-json\/wp\/v2\/posts"}],"about":[{"href":"https:\/\/lagnoticias.com\/en\/wp-json\/wp\/v2\/types\/post"}],"author":[{"embeddable":true,"href":"https:\/\/lagnoticias.com\/en\/wp-json\/wp\/v2\/users\/2"}],"replies":[{"embeddable":true,"href":"https:\/\/lagnoticias.com\/en\/wp-json\/wp\/v2\/comments?post=6565"}],"version-history":[{"count":1,"href":"https:\/\/lagnoticias.com\/en\/wp-json\/wp\/v2\/posts\/6565\/revisions"}],"predecessor-version":[{"id":6567,"href":"https:\/\/lagnoticias.com\/en\/wp-json\/wp\/v2\/posts\/6565\/revisions\/6567"}],"wp:featuredmedia":[{"embeddable":true,"href":"https:\/\/lagnoticias.com\/en\/wp-json\/wp\/v2\/media\/6566"}],"wp:attachment":[{"href":"https:\/\/lagnoticias.com\/en\/wp-json\/wp\/v2\/media?parent=6565"}],"wp:term":[{"taxonomy":"category","embeddable":true,"href":"https:\/\/lagnoticias.com\/en\/wp-json\/wp\/v2\/categories?post=6565"},{"taxonomy":"post_tag","embeddable":true,"href":"https:\/\/lagnoticias.com\/en\/wp-json\/wp\/v2\/tags?post=6565"}],"curies":[{"name":"wp","href":"https:\/\/api.w.org\/{rel}","templated":true}]}}