{"id":6562,"date":"2025-10-31T09:21:10","date_gmt":"2025-10-31T15:21:10","guid":{"rendered":"https:\/\/lagnoticias.com\/?p=6562"},"modified":"2025-10-31T09:21:10","modified_gmt":"2025-10-31T15:21:10","slug":"adelanto-del-aguinaldo-dinamiza-la-economia-nacional-segun-el-gobierno","status":"publish","type":"post","link":"https:\/\/lagnoticias.com\/en\/2025\/10\/31\/adelanto-del-aguinaldo-dinamiza-la-economia-nacional-segun-el-gobierno\/","title":{"rendered":"Adelanto del aguinaldo dinamiza la econom\u00eda nacional, seg\u00fan el Gobierno"},"content":{"rendered":"<p>El ministro de Trabajo, Rolando Castro, inform\u00f3 que la iniciativa del presidente Bukele, recientemente aprobada en la Asamblea Legislativa beneficia con el pago anticipado a sectores clave de la poblaci\u00f3n.<\/p>\n\n\n\n<p>\u201cLos pensionados privados son todos los que reciben este pago con las administradoras de pensiones, y dado que la ley se\u00f1ala que el pago anticipado es opcional, quedar\u00e1 a criterio de las instituciones a cancelaci\u00f3n de este cuando estimen conveniente y con fecha l\u00edmite 20 de diciembre.<\/p>\n\n\n\n<p>\u201cHay liquidez en las arcas del Gobierno de El Salvador y los pensionados p\u00fablicos y privados rondan las 237,000 personas y esto sumado a lo que se hizo la semana pasada, totalizan cerca de 400,000 las familias beneficiadas con esta aprobaci\u00f3n\u201d, explic\u00f3 el titular de Trabajo.<\/p>\n\n\n\n<p>\u201cA partir de ma\u00f1ana, los pensionados del sector p\u00fablico y privado recibir\u00e1n el pago del 100 % de los aguinaldos y bonos anuales, con lo que se contribuir\u00e1 a acelerar la reactivaci\u00f3n econ\u00f3mica del pa\u00eds\u201d.<\/p>\n\n\n\n<p>\u201cEl Ministerio de Trabajo har\u00e1 las verificaciones correspondientes y si un empleador o empleadora ha retenido dinero, por m\u00ednima que sea la cantidad, vamos a actuar como Gobierno de El Salvador\u201d, agreg\u00f3 el ministro Rolando Castro.&nbsp;&nbsp;<\/p>","protected":false},"excerpt":{"rendered":"<p>El ministro de Trabajo, Rolando Castro, inform\u00f3 que la iniciativa del presidente Bukele, recientemente aprobada en la Asamblea Legislativa beneficia con el pago anticipado a sectores clave de la poblaci\u00f3n. \u201cLos pensionados privados son todos los que reciben este pago con las administradoras de pensiones, y dado que la ley se\u00f1ala que el pago anticipado [&hellip;]<\/p>","protected":false},"author":2,"featured_media":6563,"comment_status":"open","ping_status":"open","sticky":false,"template":"","format":"standard","meta":{"_et_pb_use_builder":"off","_et_pb_old_content":"","_et_gb_content_width":"","footnotes":""},"categories":[244],"tags":[1658,267,268,375,1667],"class_list":["post-6562","post","type-post","status-publish","format-standard","has-post-thumbnail","hentry","category-nacionales","tag-aguinaldo","tag-el-salvador","tag-gobierno-de-el-salvador","tag-nayib-bukele","tag-pago-de-aguinaldo"],"yoast_head":"<!-- This site is optimized with the Yoast SEO plugin v27.4 - https:\/\/yoast.com\/product\/yoast-seo-wordpress\/ -->\n<title>Adelanto del aguinaldo dinamiza la econom\u00eda nacional, seg\u00fan el Gobierno - La G Noticias<\/title>\n<meta name=\"robots\" content=\"index, follow, max-snippet:-1, max-image-preview:large, max-video-preview:-1\" \/>\n<link rel=\"canonical\" href=\"https:\/\/lagnoticias.com\/en\/2025\/10\/31\/adelanto-del-aguinaldo-dinamiza-la-economia-nacional-segun-el-gobierno\/\" \/>\n<meta property=\"og:locale\" content=\"en_US\" \/>\n<meta property=\"og:type\" content=\"article\" \/>\n<meta property=\"og:title\" content=\"Adelanto del aguinaldo dinamiza la econom\u00eda nacional, seg\u00fan el Gobierno - La G Noticias\" \/>\n<meta property=\"og:description\" content=\"El ministro de Trabajo, Rolando Castro, inform\u00f3 que la iniciativa del presidente Bukele, recientemente aprobada en la Asamblea Legislativa beneficia con el pago anticipado a sectores clave de la poblaci\u00f3n. \u201cLos pensionados privados son todos los que reciben este pago con las administradoras de pensiones, y dado que la ley se\u00f1ala que el pago anticipado [&hellip;]\" \/>\n<meta property=\"og:url\" content=\"https:\/\/lagnoticias.com\/en\/2025\/10\/31\/adelanto-del-aguinaldo-dinamiza-la-economia-nacional-segun-el-gobierno\/\" \/>\n<meta property=\"og:site_name\" content=\"La G Noticias\" \/>\n<meta property=\"article:publisher\" content=\"https:\/\/www.facebook.com\/LaGNoticias\" \/>\n<meta property=\"article:published_time\" content=\"2025-10-31T15:21:10+00:00\" \/>\n<meta property=\"og:image\" content=\"https:\/\/lagnoticias.com\/wp-content\/uploads\/2025\/10\/WhatsApp-Image-2025-10-30-at-13.41.40-scaled.jpg\" \/>\n\t<meta property=\"og:image:width\" content=\"2560\" \/>\n\t<meta property=\"og:image:height\" content=\"1707\" \/>\n\t<meta property=\"og:image:type\" content=\"image\/jpeg\" \/>\n<meta name=\"author\" content=\"Oscar\" \/>\n<meta name=\"twitter:card\" content=\"summary_large_image\" \/>\n<meta name=\"twitter:creator\" content=\"@lagnoticias\" \/>\n<meta name=\"twitter:site\" content=\"@lagnoticias\" \/>\n<meta name=\"twitter:label1\" content=\"Written by\" \/>\n\t<meta name=\"twitter:data1\" content=\"Oscar\" \/>\n\t<meta name=\"twitter:label2\" content=\"Est. reading time\" \/>\n\t<meta name=\"twitter:data2\" content=\"2 minutes\" \/>\n<script type=\"application\/ld+json\" class=\"yoast-schema-graph\">{\"@context\":\"https:\\\/\\\/schema.org\",\"@graph\":[{\"@type\":\"Article\",\"@id\":\"https:\\\/\\\/lagnoticias.com\\\/2025\\\/10\\\/31\\\/adelanto-del-aguinaldo-dinamiza-la-economia-nacional-segun-el-gobierno\\\/#article\",\"isPartOf\":{\"@id\":\"https:\\\/\\\/lagnoticias.com\\\/2025\\\/10\\\/31\\\/adelanto-del-aguinaldo-dinamiza-la-economia-nacional-segun-el-gobierno\\\/\"},\"author\":{\"name\":\"Oscar\",\"@id\":\"https:\\\/\\\/lagnoticias.com\\\/#\\\/schema\\\/person\\\/cb9bfe13f8de05d2c55270be25c6a550\"},\"headline\":\"Adelanto del aguinaldo dinamiza la econom\u00eda nacional, seg\u00fan el Gobierno\",\"datePublished\":\"2025-10-31T15:21:10+00:00\",\"mainEntityOfPage\":{\"@id\":\"https:\\\/\\\/lagnoticias.com\\\/2025\\\/10\\\/31\\\/adelanto-del-aguinaldo-dinamiza-la-economia-nacional-segun-el-gobierno\\\/\"},\"wordCount\":216,\"commentCount\":0,\"image\":{\"@id\":\"https:\\\/\\\/lagnoticias.com\\\/2025\\\/10\\\/31\\\/adelanto-del-aguinaldo-dinamiza-la-economia-nacional-segun-el-gobierno\\\/#primaryimage\"},\"thumbnailUrl\":\"https:\\\/\\\/lagnoticias.com\\\/wp-content\\\/uploads\\\/2025\\\/10\\\/WhatsApp-Image-2025-10-30-at-13.41.40-scaled.jpg\",\"keywords\":[\"AGUINALDO\",\"EL SALVADOR\",\"GOBIERNO DE EL SALVADOR\",\"NAYIB BUKELE\",\"PAGO DE AGUINALDO\"],\"articleSection\":[\"NACIONALES\"],\"inLanguage\":\"en-US\",\"potentialAction\":[{\"@type\":\"CommentAction\",\"name\":\"Comment\",\"target\":[\"https:\\\/\\\/lagnoticias.com\\\/2025\\\/10\\\/31\\\/adelanto-del-aguinaldo-dinamiza-la-economia-nacional-segun-el-gobierno\\\/#respond\"]}]},{\"@type\":\"WebPage\",\"@id\":\"https:\\\/\\\/lagnoticias.com\\\/2025\\\/10\\\/31\\\/adelanto-del-aguinaldo-dinamiza-la-economia-nacional-segun-el-gobierno\\\/\",\"url\":\"https:\\\/\\\/lagnoticias.com\\\/2025\\\/10\\\/31\\\/adelanto-del-aguinaldo-dinamiza-la-economia-nacional-segun-el-gobierno\\\/\",\"name\":\"Adelanto del aguinaldo dinamiza la econom\u00eda nacional, seg\u00fan el Gobierno - La G Noticias\",\"isPartOf\":{\"@id\":\"https:\\\/\\\/lagnoticias.com\\\/#website\"},\"primaryImageOfPage\":{\"@id\":\"https:\\\/\\\/lagnoticias.com\\\/2025\\\/10\\\/31\\\/adelanto-del-aguinaldo-dinamiza-la-economia-nacional-segun-el-gobierno\\\/#primaryimage\"},\"image\":{\"@id\":\"https:\\\/\\\/lagnoticias.com\\\/2025\\\/10\\\/31\\\/adelanto-del-aguinaldo-dinamiza-la-economia-nacional-segun-el-gobierno\\\/#primaryimage\"},\"thumbnailUrl\":\"https:\\\/\\\/lagnoticias.com\\\/wp-content\\\/uploads\\\/2025\\\/10\\\/WhatsApp-Image-2025-10-30-at-13.41.40-scaled.jpg\",\"datePublished\":\"2025-10-31T15:21:10+00:00\",\"author\":{\"@id\":\"https:\\\/\\\/lagnoticias.com\\\/#\\\/schema\\\/person\\\/cb9bfe13f8de05d2c55270be25c6a550\"},\"breadcrumb\":{\"@id\":\"https:\\\/\\\/lagnoticias.com\\\/2025\\\/10\\\/31\\\/adelanto-del-aguinaldo-dinamiza-la-economia-nacional-segun-el-gobierno\\\/#breadcrumb\"},\"inLanguage\":\"en-US\",\"potentialAction\":[{\"@type\":\"ReadAction\",\"target\":[\"https:\\\/\\\/lagnoticias.com\\\/2025\\\/10\\\/31\\\/adelanto-del-aguinaldo-dinamiza-la-economia-nacional-segun-el-gobierno\\\/\"]}]},{\"@type\":\"ImageObject\",\"inLanguage\":\"en-US\",\"@id\":\"https:\\\/\\\/lagnoticias.com\\\/2025\\\/10\\\/31\\\/adelanto-del-aguinaldo-dinamiza-la-economia-nacional-segun-el-gobierno\\\/#primaryimage\",\"url\":\"https:\\\/\\\/lagnoticias.com\\\/wp-content\\\/uploads\\\/2025\\\/10\\\/WhatsApp-Image-2025-10-30-at-13.41.40-scaled.jpg\",\"contentUrl\":\"https:\\\/\\\/lagnoticias.com\\\/wp-content\\\/uploads\\\/2025\\\/10\\\/WhatsApp-Image-2025-10-30-at-13.41.40-scaled.jpg\",\"width\":2560,\"height\":1707},{\"@type\":\"BreadcrumbList\",\"@id\":\"https:\\\/\\\/lagnoticias.com\\\/2025\\\/10\\\/31\\\/adelanto-del-aguinaldo-dinamiza-la-economia-nacional-segun-el-gobierno\\\/#breadcrumb\",\"itemListElement\":[{\"@type\":\"ListItem\",\"position\":1,\"name\":\"Portada\",\"item\":\"https:\\\/\\\/lagnoticias.com\\\/\"},{\"@type\":\"ListItem\",\"position\":2,\"name\":\"Adelanto del aguinaldo dinamiza la econom\u00eda nacional, seg\u00fan el Gobierno\"}]},{\"@type\":\"WebSite\",\"@id\":\"https:\\\/\\\/lagnoticias.com\\\/#website\",\"url\":\"https:\\\/\\\/lagnoticias.com\\\/\",\"name\":\"La G Noticias\",\"description\":\"Noticias Positivas\",\"potentialAction\":[{\"@type\":\"SearchAction\",\"target\":{\"@type\":\"EntryPoint\",\"urlTemplate\":\"https:\\\/\\\/lagnoticias.com\\\/?s={search_term_string}\"},\"query-input\":{\"@type\":\"PropertyValueSpecification\",\"valueRequired\":true,\"valueName\":\"search_term_string\"}}],\"inLanguage\":\"en-US\"},{\"@type\":\"Person\",\"@id\":\"https:\\\/\\\/lagnoticias.com\\\/#\\\/schema\\\/person\\\/cb9bfe13f8de05d2c55270be25c6a550\",\"name\":\"Oscar\",\"image\":{\"@type\":\"ImageObject\",\"inLanguage\":\"en-US\",\"@id\":\"https:\\\/\\\/secure.gravatar.com\\\/avatar\\\/45c195718f652dc7ffdd591dc1f2678956ab7fdadcd359a635edc61304a8c757?s=96&d=mm&r=g\",\"url\":\"https:\\\/\\\/secure.gravatar.com\\\/avatar\\\/45c195718f652dc7ffdd591dc1f2678956ab7fdadcd359a635edc61304a8c757?s=96&d=mm&r=g\",\"contentUrl\":\"https:\\\/\\\/secure.gravatar.com\\\/avatar\\\/45c195718f652dc7ffdd591dc1f2678956ab7fdadcd359a635edc61304a8c757?s=96&d=mm&r=g\",\"caption\":\"Oscar\"},\"url\":\"https:\\\/\\\/lagnoticias.com\\\/en\\\/author\\\/oscar\\\/\"}]}<\/script>\n<!-- \/ Yoast SEO plugin. -->","yoast_head_json":{"title":"Adelanto del aguinaldo dinamiza la econom\u00eda nacional, seg\u00fan el Gobierno - La G Noticias","robots":{"index":"index","follow":"follow","max-snippet":"max-snippet:-1","max-image-preview":"max-image-preview:large","max-video-preview":"max-video-preview:-1"},"canonical":"https:\/\/lagnoticias.com\/en\/2025\/10\/31\/adelanto-del-aguinaldo-dinamiza-la-economia-nacional-segun-el-gobierno\/","og_locale":"en_US","og_type":"article","og_title":"Adelanto del aguinaldo dinamiza la econom\u00eda nacional, seg\u00fan el Gobierno - La G Noticias","og_description":"El ministro de Trabajo, Rolando Castro, inform\u00f3 que la iniciativa del presidente Bukele, recientemente aprobada en la Asamblea Legislativa beneficia con el pago anticipado a sectores clave de la poblaci\u00f3n. \u201cLos pensionados privados son todos los que reciben este pago con las administradoras de pensiones, y dado que la ley se\u00f1ala que el pago anticipado [&hellip;]","og_url":"https:\/\/lagnoticias.com\/en\/2025\/10\/31\/adelanto-del-aguinaldo-dinamiza-la-economia-nacional-segun-el-gobierno\/","og_site_name":"La G Noticias","article_publisher":"https:\/\/www.facebook.com\/LaGNoticias","article_published_time":"2025-10-31T15:21:10+00:00","og_image":[{"width":2560,"height":1707,"url":"https:\/\/lagnoticias.com\/wp-content\/uploads\/2025\/10\/WhatsApp-Image-2025-10-30-at-13.41.40-scaled.jpg","type":"image\/jpeg"}],"author":"Oscar","twitter_card":"summary_large_image","twitter_creator":"@lagnoticias","twitter_site":"@lagnoticias","twitter_misc":{"Written by":"Oscar","Est. reading time":"2 minutes"},"schema":{"@context":"https:\/\/schema.org","@graph":[{"@type":"Article","@id":"https:\/\/lagnoticias.com\/2025\/10\/31\/adelanto-del-aguinaldo-dinamiza-la-economia-nacional-segun-el-gobierno\/#article","isPartOf":{"@id":"https:\/\/lagnoticias.com\/2025\/10\/31\/adelanto-del-aguinaldo-dinamiza-la-economia-nacional-segun-el-gobierno\/"},"author":{"name":"Oscar","@id":"https:\/\/lagnoticias.com\/#\/schema\/person\/cb9bfe13f8de05d2c55270be25c6a550"},"headline":"Adelanto del aguinaldo dinamiza la econom\u00eda nacional, seg\u00fan el Gobierno","datePublished":"2025-10-31T15:21:10+00:00","mainEntityOfPage":{"@id":"https:\/\/lagnoticias.com\/2025\/10\/31\/adelanto-del-aguinaldo-dinamiza-la-economia-nacional-segun-el-gobierno\/"},"wordCount":216,"commentCount":0,"image":{"@id":"https:\/\/lagnoticias.com\/2025\/10\/31\/adelanto-del-aguinaldo-dinamiza-la-economia-nacional-segun-el-gobierno\/#primaryimage"},"thumbnailUrl":"https:\/\/lagnoticias.com\/wp-content\/uploads\/2025\/10\/WhatsApp-Image-2025-10-30-at-13.41.40-scaled.jpg","keywords":["AGUINALDO","EL SALVADOR","GOBIERNO DE EL SALVADOR","NAYIB BUKELE","PAGO DE AGUINALDO"],"articleSection":["NACIONALES"],"inLanguage":"en-US","potentialAction":[{"@type":"CommentAction","name":"Comment","target":["https:\/\/lagnoticias.com\/2025\/10\/31\/adelanto-del-aguinaldo-dinamiza-la-economia-nacional-segun-el-gobierno\/#respond"]}]},{"@type":"WebPage","@id":"https:\/\/lagnoticias.com\/2025\/10\/31\/adelanto-del-aguinaldo-dinamiza-la-economia-nacional-segun-el-gobierno\/","url":"https:\/\/lagnoticias.com\/2025\/10\/31\/adelanto-del-aguinaldo-dinamiza-la-economia-nacional-segun-el-gobierno\/","name":"Adelanto del aguinaldo dinamiza la econom\u00eda nacional, seg\u00fan el Gobierno - La G Noticias","isPartOf":{"@id":"https:\/\/lagnoticias.com\/#website"},"primaryImageOfPage":{"@id":"https:\/\/lagnoticias.com\/2025\/10\/31\/adelanto-del-aguinaldo-dinamiza-la-economia-nacional-segun-el-gobierno\/#primaryimage"},"image":{"@id":"https:\/\/lagnoticias.com\/2025\/10\/31\/adelanto-del-aguinaldo-dinamiza-la-economia-nacional-segun-el-gobierno\/#primaryimage"},"thumbnailUrl":"https:\/\/lagnoticias.com\/wp-content\/uploads\/2025\/10\/WhatsApp-Image-2025-10-30-at-13.41.40-scaled.jpg","datePublished":"2025-10-31T15:21:10+00:00","author":{"@id":"https:\/\/lagnoticias.com\/#\/schema\/person\/cb9bfe13f8de05d2c55270be25c6a550"},"breadcrumb":{"@id":"https:\/\/lagnoticias.com\/2025\/10\/31\/adelanto-del-aguinaldo-dinamiza-la-economia-nacional-segun-el-gobierno\/#breadcrumb"},"inLanguage":"en-US","potentialAction":[{"@type":"ReadAction","target":["https:\/\/lagnoticias.com\/2025\/10\/31\/adelanto-del-aguinaldo-dinamiza-la-economia-nacional-segun-el-gobierno\/"]}]},{"@type":"ImageObject","inLanguage":"en-US","@id":"https:\/\/lagnoticias.com\/2025\/10\/31\/adelanto-del-aguinaldo-dinamiza-la-economia-nacional-segun-el-gobierno\/#primaryimage","url":"https:\/\/lagnoticias.com\/wp-content\/uploads\/2025\/10\/WhatsApp-Image-2025-10-30-at-13.41.40-scaled.jpg","contentUrl":"https:\/\/lagnoticias.com\/wp-content\/uploads\/2025\/10\/WhatsApp-Image-2025-10-30-at-13.41.40-scaled.jpg","width":2560,"height":1707},{"@type":"BreadcrumbList","@id":"https:\/\/lagnoticias.com\/2025\/10\/31\/adelanto-del-aguinaldo-dinamiza-la-economia-nacional-segun-el-gobierno\/#breadcrumb","itemListElement":[{"@type":"ListItem","position":1,"name":"Portada","item":"https:\/\/lagnoticias.com\/"},{"@type":"ListItem","position":2,"name":"Adelanto del aguinaldo dinamiza la econom\u00eda nacional, seg\u00fan el Gobierno"}]},{"@type":"WebSite","@id":"https:\/\/lagnoticias.com\/#website","url":"https:\/\/lagnoticias.com\/","name":"La G Noticias","description":"Noticias Positivas","potentialAction":[{"@type":"SearchAction","target":{"@type":"EntryPoint","urlTemplate":"https:\/\/lagnoticias.com\/?s={search_term_string}"},"query-input":{"@type":"PropertyValueSpecification","valueRequired":true,"valueName":"search_term_string"}}],"inLanguage":"en-US"},{"@type":"Person","@id":"https:\/\/lagnoticias.com\/#\/schema\/person\/cb9bfe13f8de05d2c55270be25c6a550","name":"Oscar","image":{"@type":"ImageObject","inLanguage":"en-US","@id":"https:\/\/secure.gravatar.com\/avatar\/45c195718f652dc7ffdd591dc1f2678956ab7fdadcd359a635edc61304a8c757?s=96&d=mm&r=g","url":"https:\/\/secure.gravatar.com\/avatar\/45c195718f652dc7ffdd591dc1f2678956ab7fdadcd359a635edc61304a8c757?s=96&d=mm&r=g","contentUrl":"https:\/\/secure.gravatar.com\/avatar\/45c195718f652dc7ffdd591dc1f2678956ab7fdadcd359a635edc61304a8c757?s=96&d=mm&r=g","caption":"Oscar"},"url":"https:\/\/lagnoticias.com\/en\/author\/oscar\/"}]}},"_links":{"self":[{"href":"https:\/\/lagnoticias.com\/en\/wp-json\/wp\/v2\/posts\/6562","targetHints":{"allow":["GET"]}}],"collection":[{"href":"https:\/\/lagnoticias.com\/en\/wp-json\/wp\/v2\/posts"}],"about":[{"href":"https:\/\/lagnoticias.com\/en\/wp-json\/wp\/v2\/types\/post"}],"author":[{"embeddable":true,"href":"https:\/\/lagnoticias.com\/en\/wp-json\/wp\/v2\/users\/2"}],"replies":[{"embeddable":true,"href":"https:\/\/lagnoticias.com\/en\/wp-json\/wp\/v2\/comments?post=6562"}],"version-history":[{"count":1,"href":"https:\/\/lagnoticias.com\/en\/wp-json\/wp\/v2\/posts\/6562\/revisions"}],"predecessor-version":[{"id":6564,"href":"https:\/\/lagnoticias.com\/en\/wp-json\/wp\/v2\/posts\/6562\/revisions\/6564"}],"wp:featuredmedia":[{"embeddable":true,"href":"https:\/\/lagnoticias.com\/en\/wp-json\/wp\/v2\/media\/6563"}],"wp:attachment":[{"href":"https:\/\/lagnoticias.com\/en\/wp-json\/wp\/v2\/media?parent=6562"}],"wp:term":[{"taxonomy":"category","embeddable":true,"href":"https:\/\/lagnoticias.com\/en\/wp-json\/wp\/v2\/categories?post=6562"},{"taxonomy":"post_tag","embeddable":true,"href":"https:\/\/lagnoticias.com\/en\/wp-json\/wp\/v2\/tags?post=6562"}],"curies":[{"name":"wp","href":"https:\/\/api.w.org\/{rel}","templated":true}]}}