{"id":6499,"date":"2025-10-29T12:31:03","date_gmt":"2025-10-29T18:31:03","guid":{"rendered":"https:\/\/lagnoticias.com\/?p=6499"},"modified":"2025-10-29T12:31:04","modified_gmt":"2025-10-29T18:31:04","slug":"uefa-sufre-nuevo-reves-juridico-en-fallo-sobre-la-superliga","status":"publish","type":"post","link":"https:\/\/lagnoticias.com\/en\/2025\/10\/29\/uefa-sufre-nuevo-reves-juridico-en-fallo-sobre-la-superliga\/","title":{"rendered":"UEFA sufre nuevo rev\u00e9s jur\u00eddico en fallo sobre la Superliga"},"content":{"rendered":"<p>Un tribunal de Madrid confirm\u00f3 este mi\u00e9rcoles que la&nbsp;UEFA&nbsp;\u00ababus\u00f3 de su posici\u00f3n dominante\u00bb al intentar impedir la creaci\u00f3n de una Superliga europea de f\u00fatbol en 2021.<\/p>\n\n\n\n<p>\u00abLa UEFA y la&nbsp;FIFA&nbsp;han abusado de su posici\u00f3n de dominio (&#8230;) por atribuirse la facultad discrecional de prohibir la participaci\u00f3n (de los clubes europeos) en competiciones alternativas\u00bb, detall\u00f3 la instancia judicial en un documento consultado por la AFP, ratificando la&nbsp;decisi\u00f3n del Tribunal de Justicia de la Uni\u00f3n Europea&nbsp;(TJUE) en 2023.<\/p>\n\n\n\n<p>El tribunal considera que las dos instancias \u00abest\u00e1n impidiendo la libre competencia en el mercado imponiendo restricciones injustificadas y desproporcionadas a la Superliga\u00bb, un proyecto de competici\u00f3n que compite con la Liga de Campeones y que estuvo a punto de hacer implosionar el f\u00fatbol europeo en 2021.<\/p>\n\n\n\n<p>Sin embargo, el alcance de esta decisi\u00f3n es incierto, ya que sanciona una normativa que ha sido completamente reescrita, seg\u00fan la UEFA, que afirma haber corregido esta \u00abdeficiencia\u00bb con un nuevo reglamento mucho m\u00e1s detallado adoptado en junio de 2022.<\/p>\n\n\n\n<h2 class=\"wp-block-heading\">Benepl\u00e1cito del Real Madrid<\/h2>\n\n\n\n<p>No obstante, la noticia ha sido celebrada como una nueva victoria por el Real Madrid, uno de los \u00faltimos clubes que apoyan p\u00fablicamente el proyecto de la Superliga, percibido por su presidente, Florentino P\u00e9rez, como una prioridad para \u00absalvar el f\u00fatbol europeo\u00bb.<\/p>\n\n\n\n<p>El gigante espa\u00f1ol indic\u00f3 que el fallo confirma que la UEFA \u00abinfringi\u00f3 gravemente las normas de libre competencia de la Uni\u00f3n Europea\u00bb y asegur\u00f3 que \u00abesta sentencia abre la v\u00eda a reclamar los cuantiosos da\u00f1os y perjuicios sufridos por el club\u00bb.<\/p>\n\n\n\n<p>La entidad m\u00e1s laureada en la historia de la&nbsp;Liga de Campeones&nbsp;(15 t\u00edtulos) afirm\u00f3 as\u00ed en un comunicado haber mantenido \u00abnumerosas conversaciones con UEFA para buscar soluciones, sin alcanzarse ning\u00fan compromiso en torno a una gobernanza m\u00e1s transparente\u00bb y \u00abmodelos de retransmisi\u00f3n gratuitas\u00bb y accesibles a nivel mundial.<\/p>\n\n\n\n<p>Bas\u00e1ndose en la decisi\u00f3n inicial tomada en mayo de 2024 y en el fallo del TJUE, un representante del promotor del proyecto, A22 Sports Management, hab\u00eda relatado a la AFP que la empresa estaba \u00abhabilitada para crear una competici\u00f3n\u00bb y que la UEFA ya no ten\u00eda ning\u00fan medio para impedirlo.<\/p>\n\n\n\n<p>Seg\u00fan la UEFA, este procedimiento sanciona en realidad normas obsoletas, ya que reescribi\u00f3 y ampli\u00f3 su sistema de autorizaci\u00f3n en 2022, sin que haya sido sometido a la justicia desde entonces.<\/p>\n\n\n\n<p><\/p>\n\n\n\n<p><\/p>\n\n\n\n<p><\/p>\n\n\n\n<p>(DW)<\/p>","protected":false},"excerpt":{"rendered":"<p>Tanto la UEFA como la FIFA \u00abest\u00e1n impidiendo la libre competencia en el mercado\u00bb, dice la sentencia de un tribunal de Madrid.<\/p>","protected":false},"author":2,"featured_media":6500,"comment_status":"open","ping_status":"open","sticky":false,"template":"","format":"standard","meta":{"_et_pb_use_builder":"off","_et_pb_old_content":"","_et_gb_content_width":"","footnotes":""},"categories":[248],"tags":[285,286,490,1696,649],"class_list":["post-6499","post","type-post","status-publish","format-standard","has-post-thumbnail","hentry","category-deportes","tag-fifa","tag-futbol","tag-real-madrid","tag-superliga","tag-uefa"],"yoast_head":"<!-- This site is optimized with the Yoast SEO plugin v27.4 - https:\/\/yoast.com\/product\/yoast-seo-wordpress\/ -->\n<title>UEFA sufre nuevo rev\u00e9s jur\u00eddico en fallo sobre la Superliga - La G Noticias<\/title>\n<meta name=\"robots\" content=\"index, follow, max-snippet:-1, max-image-preview:large, max-video-preview:-1\" \/>\n<link rel=\"canonical\" href=\"https:\/\/lagnoticias.com\/en\/2025\/10\/29\/uefa-sufre-nuevo-reves-juridico-en-fallo-sobre-la-superliga\/\" \/>\n<meta property=\"og:locale\" content=\"en_US\" \/>\n<meta property=\"og:type\" content=\"article\" \/>\n<meta property=\"og:title\" content=\"UEFA sufre nuevo rev\u00e9s jur\u00eddico en fallo sobre la Superliga - La G Noticias\" \/>\n<meta property=\"og:description\" content=\"Tanto la UEFA como la FIFA &quot;est\u00e1n impidiendo la libre competencia en el mercado&quot;, dice la sentencia de un tribunal de Madrid.\" \/>\n<meta property=\"og:url\" content=\"https:\/\/lagnoticias.com\/en\/2025\/10\/29\/uefa-sufre-nuevo-reves-juridico-en-fallo-sobre-la-superliga\/\" \/>\n<meta property=\"og:site_name\" content=\"La G Noticias\" \/>\n<meta property=\"article:publisher\" content=\"https:\/\/www.facebook.com\/LaGNoticias\" \/>\n<meta property=\"article:published_time\" content=\"2025-10-29T18:31:03+00:00\" \/>\n<meta property=\"article:modified_time\" content=\"2025-10-29T18:31:04+00:00\" \/>\n<meta property=\"og:image\" content=\"https:\/\/lagnoticias.com\/wp-content\/uploads\/2025\/10\/38.jpg\" \/>\n\t<meta property=\"og:image:width\" content=\"950\" \/>\n\t<meta property=\"og:image:height\" content=\"525\" \/>\n\t<meta property=\"og:image:type\" content=\"image\/jpeg\" \/>\n<meta name=\"author\" content=\"Oscar\" \/>\n<meta name=\"twitter:card\" content=\"summary_large_image\" \/>\n<meta name=\"twitter:creator\" content=\"@lagnoticias\" \/>\n<meta name=\"twitter:site\" content=\"@lagnoticias\" \/>\n<meta name=\"twitter:label1\" content=\"Written by\" \/>\n\t<meta name=\"twitter:data1\" content=\"Oscar\" \/>\n\t<meta name=\"twitter:label2\" content=\"Est. reading time\" \/>\n\t<meta name=\"twitter:data2\" content=\"2 minutes\" \/>\n<script type=\"application\/ld+json\" class=\"yoast-schema-graph\">{\"@context\":\"https:\\\/\\\/schema.org\",\"@graph\":[{\"@type\":\"Article\",\"@id\":\"https:\\\/\\\/lagnoticias.com\\\/2025\\\/10\\\/29\\\/uefa-sufre-nuevo-reves-juridico-en-fallo-sobre-la-superliga\\\/#article\",\"isPartOf\":{\"@id\":\"https:\\\/\\\/lagnoticias.com\\\/2025\\\/10\\\/29\\\/uefa-sufre-nuevo-reves-juridico-en-fallo-sobre-la-superliga\\\/\"},\"author\":{\"name\":\"Oscar\",\"@id\":\"https:\\\/\\\/lagnoticias.com\\\/#\\\/schema\\\/person\\\/cb9bfe13f8de05d2c55270be25c6a550\"},\"headline\":\"UEFA sufre nuevo rev\u00e9s jur\u00eddico en fallo sobre la Superliga\",\"datePublished\":\"2025-10-29T18:31:03+00:00\",\"dateModified\":\"2025-10-29T18:31:04+00:00\",\"mainEntityOfPage\":{\"@id\":\"https:\\\/\\\/lagnoticias.com\\\/2025\\\/10\\\/29\\\/uefa-sufre-nuevo-reves-juridico-en-fallo-sobre-la-superliga\\\/\"},\"wordCount\":434,\"commentCount\":0,\"image\":{\"@id\":\"https:\\\/\\\/lagnoticias.com\\\/2025\\\/10\\\/29\\\/uefa-sufre-nuevo-reves-juridico-en-fallo-sobre-la-superliga\\\/#primaryimage\"},\"thumbnailUrl\":\"https:\\\/\\\/lagnoticias.com\\\/wp-content\\\/uploads\\\/2025\\\/10\\\/38.jpg\",\"keywords\":[\"FIFA\",\"F\u00daTBOL\",\"REAL MADRID\",\"SUPERLIGA\",\"UEFA\"],\"articleSection\":[\"DEPORTES\"],\"inLanguage\":\"en-US\",\"potentialAction\":[{\"@type\":\"CommentAction\",\"name\":\"Comment\",\"target\":[\"https:\\\/\\\/lagnoticias.com\\\/2025\\\/10\\\/29\\\/uefa-sufre-nuevo-reves-juridico-en-fallo-sobre-la-superliga\\\/#respond\"]}]},{\"@type\":\"WebPage\",\"@id\":\"https:\\\/\\\/lagnoticias.com\\\/2025\\\/10\\\/29\\\/uefa-sufre-nuevo-reves-juridico-en-fallo-sobre-la-superliga\\\/\",\"url\":\"https:\\\/\\\/lagnoticias.com\\\/2025\\\/10\\\/29\\\/uefa-sufre-nuevo-reves-juridico-en-fallo-sobre-la-superliga\\\/\",\"name\":\"UEFA sufre nuevo rev\u00e9s jur\u00eddico en fallo sobre la Superliga - La G Noticias\",\"isPartOf\":{\"@id\":\"https:\\\/\\\/lagnoticias.com\\\/#website\"},\"primaryImageOfPage\":{\"@id\":\"https:\\\/\\\/lagnoticias.com\\\/2025\\\/10\\\/29\\\/uefa-sufre-nuevo-reves-juridico-en-fallo-sobre-la-superliga\\\/#primaryimage\"},\"image\":{\"@id\":\"https:\\\/\\\/lagnoticias.com\\\/2025\\\/10\\\/29\\\/uefa-sufre-nuevo-reves-juridico-en-fallo-sobre-la-superliga\\\/#primaryimage\"},\"thumbnailUrl\":\"https:\\\/\\\/lagnoticias.com\\\/wp-content\\\/uploads\\\/2025\\\/10\\\/38.jpg\",\"datePublished\":\"2025-10-29T18:31:03+00:00\",\"dateModified\":\"2025-10-29T18:31:04+00:00\",\"author\":{\"@id\":\"https:\\\/\\\/lagnoticias.com\\\/#\\\/schema\\\/person\\\/cb9bfe13f8de05d2c55270be25c6a550\"},\"breadcrumb\":{\"@id\":\"https:\\\/\\\/lagnoticias.com\\\/2025\\\/10\\\/29\\\/uefa-sufre-nuevo-reves-juridico-en-fallo-sobre-la-superliga\\\/#breadcrumb\"},\"inLanguage\":\"en-US\",\"potentialAction\":[{\"@type\":\"ReadAction\",\"target\":[\"https:\\\/\\\/lagnoticias.com\\\/2025\\\/10\\\/29\\\/uefa-sufre-nuevo-reves-juridico-en-fallo-sobre-la-superliga\\\/\"]}]},{\"@type\":\"ImageObject\",\"inLanguage\":\"en-US\",\"@id\":\"https:\\\/\\\/lagnoticias.com\\\/2025\\\/10\\\/29\\\/uefa-sufre-nuevo-reves-juridico-en-fallo-sobre-la-superliga\\\/#primaryimage\",\"url\":\"https:\\\/\\\/lagnoticias.com\\\/wp-content\\\/uploads\\\/2025\\\/10\\\/38.jpg\",\"contentUrl\":\"https:\\\/\\\/lagnoticias.com\\\/wp-content\\\/uploads\\\/2025\\\/10\\\/38.jpg\",\"width\":950,\"height\":525},{\"@type\":\"BreadcrumbList\",\"@id\":\"https:\\\/\\\/lagnoticias.com\\\/2025\\\/10\\\/29\\\/uefa-sufre-nuevo-reves-juridico-en-fallo-sobre-la-superliga\\\/#breadcrumb\",\"itemListElement\":[{\"@type\":\"ListItem\",\"position\":1,\"name\":\"Portada\",\"item\":\"https:\\\/\\\/lagnoticias.com\\\/\"},{\"@type\":\"ListItem\",\"position\":2,\"name\":\"UEFA sufre nuevo rev\u00e9s jur\u00eddico en fallo sobre la Superliga\"}]},{\"@type\":\"WebSite\",\"@id\":\"https:\\\/\\\/lagnoticias.com\\\/#website\",\"url\":\"https:\\\/\\\/lagnoticias.com\\\/\",\"name\":\"La G Noticias\",\"description\":\"Noticias Positivas\",\"potentialAction\":[{\"@type\":\"SearchAction\",\"target\":{\"@type\":\"EntryPoint\",\"urlTemplate\":\"https:\\\/\\\/lagnoticias.com\\\/?s={search_term_string}\"},\"query-input\":{\"@type\":\"PropertyValueSpecification\",\"valueRequired\":true,\"valueName\":\"search_term_string\"}}],\"inLanguage\":\"en-US\"},{\"@type\":\"Person\",\"@id\":\"https:\\\/\\\/lagnoticias.com\\\/#\\\/schema\\\/person\\\/cb9bfe13f8de05d2c55270be25c6a550\",\"name\":\"Oscar\",\"image\":{\"@type\":\"ImageObject\",\"inLanguage\":\"en-US\",\"@id\":\"https:\\\/\\\/secure.gravatar.com\\\/avatar\\\/45c195718f652dc7ffdd591dc1f2678956ab7fdadcd359a635edc61304a8c757?s=96&d=mm&r=g\",\"url\":\"https:\\\/\\\/secure.gravatar.com\\\/avatar\\\/45c195718f652dc7ffdd591dc1f2678956ab7fdadcd359a635edc61304a8c757?s=96&d=mm&r=g\",\"contentUrl\":\"https:\\\/\\\/secure.gravatar.com\\\/avatar\\\/45c195718f652dc7ffdd591dc1f2678956ab7fdadcd359a635edc61304a8c757?s=96&d=mm&r=g\",\"caption\":\"Oscar\"},\"url\":\"https:\\\/\\\/lagnoticias.com\\\/en\\\/author\\\/oscar\\\/\"}]}<\/script>\n<!-- \/ Yoast SEO plugin. -->","yoast_head_json":{"title":"UEFA sufre nuevo rev\u00e9s jur\u00eddico en fallo sobre la Superliga - La G Noticias","robots":{"index":"index","follow":"follow","max-snippet":"max-snippet:-1","max-image-preview":"max-image-preview:large","max-video-preview":"max-video-preview:-1"},"canonical":"https:\/\/lagnoticias.com\/en\/2025\/10\/29\/uefa-sufre-nuevo-reves-juridico-en-fallo-sobre-la-superliga\/","og_locale":"en_US","og_type":"article","og_title":"UEFA sufre nuevo rev\u00e9s jur\u00eddico en fallo sobre la Superliga - La G Noticias","og_description":"Tanto la UEFA como la FIFA \"est\u00e1n impidiendo la libre competencia en el mercado\", dice la sentencia de un tribunal de Madrid.","og_url":"https:\/\/lagnoticias.com\/en\/2025\/10\/29\/uefa-sufre-nuevo-reves-juridico-en-fallo-sobre-la-superliga\/","og_site_name":"La G Noticias","article_publisher":"https:\/\/www.facebook.com\/LaGNoticias","article_published_time":"2025-10-29T18:31:03+00:00","article_modified_time":"2025-10-29T18:31:04+00:00","og_image":[{"width":950,"height":525,"url":"https:\/\/lagnoticias.com\/wp-content\/uploads\/2025\/10\/38.jpg","type":"image\/jpeg"}],"author":"Oscar","twitter_card":"summary_large_image","twitter_creator":"@lagnoticias","twitter_site":"@lagnoticias","twitter_misc":{"Written by":"Oscar","Est. reading time":"2 minutes"},"schema":{"@context":"https:\/\/schema.org","@graph":[{"@type":"Article","@id":"https:\/\/lagnoticias.com\/2025\/10\/29\/uefa-sufre-nuevo-reves-juridico-en-fallo-sobre-la-superliga\/#article","isPartOf":{"@id":"https:\/\/lagnoticias.com\/2025\/10\/29\/uefa-sufre-nuevo-reves-juridico-en-fallo-sobre-la-superliga\/"},"author":{"name":"Oscar","@id":"https:\/\/lagnoticias.com\/#\/schema\/person\/cb9bfe13f8de05d2c55270be25c6a550"},"headline":"UEFA sufre nuevo rev\u00e9s jur\u00eddico en fallo sobre la Superliga","datePublished":"2025-10-29T18:31:03+00:00","dateModified":"2025-10-29T18:31:04+00:00","mainEntityOfPage":{"@id":"https:\/\/lagnoticias.com\/2025\/10\/29\/uefa-sufre-nuevo-reves-juridico-en-fallo-sobre-la-superliga\/"},"wordCount":434,"commentCount":0,"image":{"@id":"https:\/\/lagnoticias.com\/2025\/10\/29\/uefa-sufre-nuevo-reves-juridico-en-fallo-sobre-la-superliga\/#primaryimage"},"thumbnailUrl":"https:\/\/lagnoticias.com\/wp-content\/uploads\/2025\/10\/38.jpg","keywords":["FIFA","F\u00daTBOL","REAL MADRID","SUPERLIGA","UEFA"],"articleSection":["DEPORTES"],"inLanguage":"en-US","potentialAction":[{"@type":"CommentAction","name":"Comment","target":["https:\/\/lagnoticias.com\/2025\/10\/29\/uefa-sufre-nuevo-reves-juridico-en-fallo-sobre-la-superliga\/#respond"]}]},{"@type":"WebPage","@id":"https:\/\/lagnoticias.com\/2025\/10\/29\/uefa-sufre-nuevo-reves-juridico-en-fallo-sobre-la-superliga\/","url":"https:\/\/lagnoticias.com\/2025\/10\/29\/uefa-sufre-nuevo-reves-juridico-en-fallo-sobre-la-superliga\/","name":"UEFA sufre nuevo rev\u00e9s jur\u00eddico en fallo sobre la Superliga - La G Noticias","isPartOf":{"@id":"https:\/\/lagnoticias.com\/#website"},"primaryImageOfPage":{"@id":"https:\/\/lagnoticias.com\/2025\/10\/29\/uefa-sufre-nuevo-reves-juridico-en-fallo-sobre-la-superliga\/#primaryimage"},"image":{"@id":"https:\/\/lagnoticias.com\/2025\/10\/29\/uefa-sufre-nuevo-reves-juridico-en-fallo-sobre-la-superliga\/#primaryimage"},"thumbnailUrl":"https:\/\/lagnoticias.com\/wp-content\/uploads\/2025\/10\/38.jpg","datePublished":"2025-10-29T18:31:03+00:00","dateModified":"2025-10-29T18:31:04+00:00","author":{"@id":"https:\/\/lagnoticias.com\/#\/schema\/person\/cb9bfe13f8de05d2c55270be25c6a550"},"breadcrumb":{"@id":"https:\/\/lagnoticias.com\/2025\/10\/29\/uefa-sufre-nuevo-reves-juridico-en-fallo-sobre-la-superliga\/#breadcrumb"},"inLanguage":"en-US","potentialAction":[{"@type":"ReadAction","target":["https:\/\/lagnoticias.com\/2025\/10\/29\/uefa-sufre-nuevo-reves-juridico-en-fallo-sobre-la-superliga\/"]}]},{"@type":"ImageObject","inLanguage":"en-US","@id":"https:\/\/lagnoticias.com\/2025\/10\/29\/uefa-sufre-nuevo-reves-juridico-en-fallo-sobre-la-superliga\/#primaryimage","url":"https:\/\/lagnoticias.com\/wp-content\/uploads\/2025\/10\/38.jpg","contentUrl":"https:\/\/lagnoticias.com\/wp-content\/uploads\/2025\/10\/38.jpg","width":950,"height":525},{"@type":"BreadcrumbList","@id":"https:\/\/lagnoticias.com\/2025\/10\/29\/uefa-sufre-nuevo-reves-juridico-en-fallo-sobre-la-superliga\/#breadcrumb","itemListElement":[{"@type":"ListItem","position":1,"name":"Portada","item":"https:\/\/lagnoticias.com\/"},{"@type":"ListItem","position":2,"name":"UEFA sufre nuevo rev\u00e9s jur\u00eddico en fallo sobre la Superliga"}]},{"@type":"WebSite","@id":"https:\/\/lagnoticias.com\/#website","url":"https:\/\/lagnoticias.com\/","name":"La G Noticias","description":"Noticias Positivas","potentialAction":[{"@type":"SearchAction","target":{"@type":"EntryPoint","urlTemplate":"https:\/\/lagnoticias.com\/?s={search_term_string}"},"query-input":{"@type":"PropertyValueSpecification","valueRequired":true,"valueName":"search_term_string"}}],"inLanguage":"en-US"},{"@type":"Person","@id":"https:\/\/lagnoticias.com\/#\/schema\/person\/cb9bfe13f8de05d2c55270be25c6a550","name":"Oscar","image":{"@type":"ImageObject","inLanguage":"en-US","@id":"https:\/\/secure.gravatar.com\/avatar\/45c195718f652dc7ffdd591dc1f2678956ab7fdadcd359a635edc61304a8c757?s=96&d=mm&r=g","url":"https:\/\/secure.gravatar.com\/avatar\/45c195718f652dc7ffdd591dc1f2678956ab7fdadcd359a635edc61304a8c757?s=96&d=mm&r=g","contentUrl":"https:\/\/secure.gravatar.com\/avatar\/45c195718f652dc7ffdd591dc1f2678956ab7fdadcd359a635edc61304a8c757?s=96&d=mm&r=g","caption":"Oscar"},"url":"https:\/\/lagnoticias.com\/en\/author\/oscar\/"}]}},"_links":{"self":[{"href":"https:\/\/lagnoticias.com\/en\/wp-json\/wp\/v2\/posts\/6499","targetHints":{"allow":["GET"]}}],"collection":[{"href":"https:\/\/lagnoticias.com\/en\/wp-json\/wp\/v2\/posts"}],"about":[{"href":"https:\/\/lagnoticias.com\/en\/wp-json\/wp\/v2\/types\/post"}],"author":[{"embeddable":true,"href":"https:\/\/lagnoticias.com\/en\/wp-json\/wp\/v2\/users\/2"}],"replies":[{"embeddable":true,"href":"https:\/\/lagnoticias.com\/en\/wp-json\/wp\/v2\/comments?post=6499"}],"version-history":[{"count":1,"href":"https:\/\/lagnoticias.com\/en\/wp-json\/wp\/v2\/posts\/6499\/revisions"}],"predecessor-version":[{"id":6501,"href":"https:\/\/lagnoticias.com\/en\/wp-json\/wp\/v2\/posts\/6499\/revisions\/6501"}],"wp:featuredmedia":[{"embeddable":true,"href":"https:\/\/lagnoticias.com\/en\/wp-json\/wp\/v2\/media\/6500"}],"wp:attachment":[{"href":"https:\/\/lagnoticias.com\/en\/wp-json\/wp\/v2\/media?parent=6499"}],"wp:term":[{"taxonomy":"category","embeddable":true,"href":"https:\/\/lagnoticias.com\/en\/wp-json\/wp\/v2\/categories?post=6499"},{"taxonomy":"post_tag","embeddable":true,"href":"https:\/\/lagnoticias.com\/en\/wp-json\/wp\/v2\/tags?post=6499"}],"curies":[{"name":"wp","href":"https:\/\/api.w.org\/{rel}","templated":true}]}}