{"id":6496,"date":"2025-10-29T12:17:39","date_gmt":"2025-10-29T18:17:39","guid":{"rendered":"https:\/\/lagnoticias.com\/?p=6496"},"modified":"2025-10-29T12:17:40","modified_gmt":"2025-10-29T18:17:40","slug":"huracan-melissa-deja-destruccion-tras-su-paso-por-jamaica-y-cuba","status":"publish","type":"post","link":"https:\/\/lagnoticias.com\/en\/2025\/10\/29\/huracan-melissa-deja-destruccion-tras-su-paso-por-jamaica-y-cuba\/","title":{"rendered":"Hurac\u00e1n Melissa deja destrucci\u00f3n tras su paso por Jamaica y Cuba"},"content":{"rendered":"<p>El hurac\u00e1n Melissa provoc\u00f3 este mi\u00e9rcoles \u00abda\u00f1os cuantiosos\u00bb e inundaciones en Cuba, seg\u00fan el gobierno, tras asolar&nbsp;Jamaica&nbsp;como la tormenta m\u00e1s potente en tocar tierra en 90 a\u00f1os.<\/p>\n\n\n\n<p>Tras su paso por Jamaica&nbsp;como un hurac\u00e1n categor\u00eda 5 con violentas r\u00e1fagas y lluvias torrenciales, el gobierno declar\u00f3 al pa\u00eds \u00abzona de cat\u00e1strofe\u00bb. Mientras que en Hait\u00ed se reportan 20 muertos hasta ahora producto del cicl\u00f3n, aunque se espera que la cifra crezca ya que hay un n\u00famero indeterminado de personas desaparecidas.<\/p>\n\n\n\n<p>En cuanto a los fallecidos, en Jamaica se registraron tres muertos, lo mismo que en Panam\u00e1 y una persona muerta en Rep\u00fablica Dominicana.<\/p>\n\n\n\n<p>Siguiendo con su avance, Melissa toc\u00f3 tierra en el este de&nbsp;Cuba&nbsp;con algo menos de fuerza y vientos m\u00e1ximos sostenidos de 195 km\/h. \u00abHa sido una madrugada muy compleja. Da\u00f1os cuantiosos, y a\u00fan el hurac\u00e1n Melissa sigue sobre territorio cubano\u00bb, inform\u00f3 el presidente&nbsp;Miguel D\u00edaz-Canel, en su primer balance de la situaci\u00f3n.<\/p>\n\n\n\n<p>&nbsp;En Santiago de Cuba, la segunda ciudad m\u00e1s importante de la isla, en el este, la tormenta inund\u00f3 casas y calles y derrib\u00f3 \u00e1rboles, postes y cables del tendido el\u00e9ctrico. Las autoridades cubanas informaron que unas 735,000 personas fueron evacuadas, especialmente en las provincias de Santiago de Cuba, Holgu\u00edn y Guant\u00e1namo.<\/p>\n\n\n\n<h2 class=\"wp-block-heading\">Melissa baja a categor\u00eda 2<\/h2>\n\n\n\n<p>Melissa se aleja de Cuba convertido en un hurac\u00e1n de categor\u00eda 2, con vientos m\u00e1ximos sostenidos de hasta 160 kil\u00f3metros por hora, y comienza a dirigirse hacia las Bahamas.<\/p>\n\n\n\n<p>Sin embargo, los fuertes vientos e intensas lluvias capaces de provocar inundaciones contin\u00faan en Cuba, donde se mantienen advertencias de hurac\u00e1n en las provincias de Granma, Santiago de Cuba, Guant\u00e1namo, Holgu\u00edn y Las Tunas, inform\u00f3 en su \u00faltimo bolet\u00edn el Centro Nacional de Huracanes (NHC, en sus siglas en ingl\u00e9s) de Estados Unidos.<\/p>\n\n\n\n<p>Seg\u00fan el NHC, las condiciones de hurac\u00e1n en esas provincias cubanas comenzar\u00e1n a disminuir esta tarde.<\/p>\n\n\n\n<p><\/p>\n\n\n\n<p><\/p>\n\n\n\n<p><\/p>\n\n\n\n<p><\/p>\n\n\n\n<p>(DW)<\/p>","protected":false},"excerpt":{"rendered":"<p>El poderoso hurac\u00e1n contin\u00faa su paso hacia Bahamas degradado a categor\u00eda dos.<\/p>","protected":false},"author":2,"featured_media":6497,"comment_status":"open","ping_status":"open","sticky":false,"template":"","format":"standard","meta":{"_et_pb_use_builder":"off","_et_pb_old_content":"","_et_gb_content_width":"","footnotes":""},"categories":[245],"tags":[339,1465,1660,1661,1464],"class_list":["post-6496","post","type-post","status-publish","format-standard","has-post-thumbnail","hentry","category-internacionales","tag-clima","tag-cuba","tag-huracan","tag-huracan-melissa","tag-jamaica"],"yoast_head":"<!-- This site is optimized with the Yoast SEO plugin v27.4 - https:\/\/yoast.com\/product\/yoast-seo-wordpress\/ -->\n<title>Hurac\u00e1n Melissa deja destrucci\u00f3n tras su paso por Jamaica y Cuba - La G Noticias<\/title>\n<meta name=\"robots\" content=\"index, follow, max-snippet:-1, max-image-preview:large, max-video-preview:-1\" \/>\n<link rel=\"canonical\" href=\"https:\/\/lagnoticias.com\/en\/2025\/10\/29\/huracan-melissa-deja-destruccion-tras-su-paso-por-jamaica-y-cuba\/\" \/>\n<meta property=\"og:locale\" content=\"en_US\" \/>\n<meta property=\"og:type\" content=\"article\" \/>\n<meta property=\"og:title\" content=\"Hurac\u00e1n Melissa deja destrucci\u00f3n tras su paso por Jamaica y Cuba - La G Noticias\" \/>\n<meta property=\"og:description\" content=\"El poderoso hurac\u00e1n contin\u00faa su paso hacia Bahamas degradado a categor\u00eda dos.\" \/>\n<meta property=\"og:url\" content=\"https:\/\/lagnoticias.com\/en\/2025\/10\/29\/huracan-melissa-deja-destruccion-tras-su-paso-por-jamaica-y-cuba\/\" \/>\n<meta property=\"og:site_name\" content=\"La G Noticias\" \/>\n<meta property=\"article:publisher\" content=\"https:\/\/www.facebook.com\/LaGNoticias\" \/>\n<meta property=\"article:published_time\" content=\"2025-10-29T18:17:39+00:00\" \/>\n<meta property=\"article:modified_time\" content=\"2025-10-29T18:17:40+00:00\" \/>\n<meta property=\"og:image\" content=\"https:\/\/lagnoticias.com\/wp-content\/uploads\/2025\/10\/6-10.jpg\" \/>\n\t<meta property=\"og:image:width\" content=\"1038\" \/>\n\t<meta property=\"og:image:height\" content=\"513\" \/>\n\t<meta property=\"og:image:type\" content=\"image\/jpeg\" \/>\n<meta name=\"author\" content=\"Oscar\" \/>\n<meta name=\"twitter:card\" content=\"summary_large_image\" \/>\n<meta name=\"twitter:creator\" content=\"@lagnoticias\" \/>\n<meta name=\"twitter:site\" content=\"@lagnoticias\" \/>\n<meta name=\"twitter:label1\" content=\"Written by\" \/>\n\t<meta name=\"twitter:data1\" content=\"Oscar\" \/>\n\t<meta name=\"twitter:label2\" content=\"Est. reading time\" \/>\n\t<meta name=\"twitter:data2\" content=\"2 minutes\" \/>\n<script type=\"application\/ld+json\" class=\"yoast-schema-graph\">{\"@context\":\"https:\\\/\\\/schema.org\",\"@graph\":[{\"@type\":\"Article\",\"@id\":\"https:\\\/\\\/lagnoticias.com\\\/2025\\\/10\\\/29\\\/huracan-melissa-deja-destruccion-tras-su-paso-por-jamaica-y-cuba\\\/#article\",\"isPartOf\":{\"@id\":\"https:\\\/\\\/lagnoticias.com\\\/2025\\\/10\\\/29\\\/huracan-melissa-deja-destruccion-tras-su-paso-por-jamaica-y-cuba\\\/\"},\"author\":{\"name\":\"Oscar\",\"@id\":\"https:\\\/\\\/lagnoticias.com\\\/#\\\/schema\\\/person\\\/cb9bfe13f8de05d2c55270be25c6a550\"},\"headline\":\"Hurac\u00e1n Melissa deja destrucci\u00f3n tras su paso por Jamaica y Cuba\",\"datePublished\":\"2025-10-29T18:17:39+00:00\",\"dateModified\":\"2025-10-29T18:17:40+00:00\",\"mainEntityOfPage\":{\"@id\":\"https:\\\/\\\/lagnoticias.com\\\/2025\\\/10\\\/29\\\/huracan-melissa-deja-destruccion-tras-su-paso-por-jamaica-y-cuba\\\/\"},\"wordCount\":364,\"commentCount\":0,\"image\":{\"@id\":\"https:\\\/\\\/lagnoticias.com\\\/2025\\\/10\\\/29\\\/huracan-melissa-deja-destruccion-tras-su-paso-por-jamaica-y-cuba\\\/#primaryimage\"},\"thumbnailUrl\":\"https:\\\/\\\/lagnoticias.com\\\/wp-content\\\/uploads\\\/2025\\\/10\\\/6-10.jpg\",\"keywords\":[\"CLIMA\",\"CUBA\",\"HURAC\u00c1N\",\"HURAC\u00c1N MELISSA\",\"JAMAICA\"],\"articleSection\":[\"INTERNACIONALES\"],\"inLanguage\":\"en-US\",\"potentialAction\":[{\"@type\":\"CommentAction\",\"name\":\"Comment\",\"target\":[\"https:\\\/\\\/lagnoticias.com\\\/2025\\\/10\\\/29\\\/huracan-melissa-deja-destruccion-tras-su-paso-por-jamaica-y-cuba\\\/#respond\"]}]},{\"@type\":\"WebPage\",\"@id\":\"https:\\\/\\\/lagnoticias.com\\\/2025\\\/10\\\/29\\\/huracan-melissa-deja-destruccion-tras-su-paso-por-jamaica-y-cuba\\\/\",\"url\":\"https:\\\/\\\/lagnoticias.com\\\/2025\\\/10\\\/29\\\/huracan-melissa-deja-destruccion-tras-su-paso-por-jamaica-y-cuba\\\/\",\"name\":\"Hurac\u00e1n Melissa deja destrucci\u00f3n tras su paso por Jamaica y Cuba - La G Noticias\",\"isPartOf\":{\"@id\":\"https:\\\/\\\/lagnoticias.com\\\/#website\"},\"primaryImageOfPage\":{\"@id\":\"https:\\\/\\\/lagnoticias.com\\\/2025\\\/10\\\/29\\\/huracan-melissa-deja-destruccion-tras-su-paso-por-jamaica-y-cuba\\\/#primaryimage\"},\"image\":{\"@id\":\"https:\\\/\\\/lagnoticias.com\\\/2025\\\/10\\\/29\\\/huracan-melissa-deja-destruccion-tras-su-paso-por-jamaica-y-cuba\\\/#primaryimage\"},\"thumbnailUrl\":\"https:\\\/\\\/lagnoticias.com\\\/wp-content\\\/uploads\\\/2025\\\/10\\\/6-10.jpg\",\"datePublished\":\"2025-10-29T18:17:39+00:00\",\"dateModified\":\"2025-10-29T18:17:40+00:00\",\"author\":{\"@id\":\"https:\\\/\\\/lagnoticias.com\\\/#\\\/schema\\\/person\\\/cb9bfe13f8de05d2c55270be25c6a550\"},\"breadcrumb\":{\"@id\":\"https:\\\/\\\/lagnoticias.com\\\/2025\\\/10\\\/29\\\/huracan-melissa-deja-destruccion-tras-su-paso-por-jamaica-y-cuba\\\/#breadcrumb\"},\"inLanguage\":\"en-US\",\"potentialAction\":[{\"@type\":\"ReadAction\",\"target\":[\"https:\\\/\\\/lagnoticias.com\\\/2025\\\/10\\\/29\\\/huracan-melissa-deja-destruccion-tras-su-paso-por-jamaica-y-cuba\\\/\"]}]},{\"@type\":\"ImageObject\",\"inLanguage\":\"en-US\",\"@id\":\"https:\\\/\\\/lagnoticias.com\\\/2025\\\/10\\\/29\\\/huracan-melissa-deja-destruccion-tras-su-paso-por-jamaica-y-cuba\\\/#primaryimage\",\"url\":\"https:\\\/\\\/lagnoticias.com\\\/wp-content\\\/uploads\\\/2025\\\/10\\\/6-10.jpg\",\"contentUrl\":\"https:\\\/\\\/lagnoticias.com\\\/wp-content\\\/uploads\\\/2025\\\/10\\\/6-10.jpg\",\"width\":1038,\"height\":513},{\"@type\":\"BreadcrumbList\",\"@id\":\"https:\\\/\\\/lagnoticias.com\\\/2025\\\/10\\\/29\\\/huracan-melissa-deja-destruccion-tras-su-paso-por-jamaica-y-cuba\\\/#breadcrumb\",\"itemListElement\":[{\"@type\":\"ListItem\",\"position\":1,\"name\":\"Portada\",\"item\":\"https:\\\/\\\/lagnoticias.com\\\/\"},{\"@type\":\"ListItem\",\"position\":2,\"name\":\"Hurac\u00e1n Melissa deja destrucci\u00f3n tras su paso por Jamaica y Cuba\"}]},{\"@type\":\"WebSite\",\"@id\":\"https:\\\/\\\/lagnoticias.com\\\/#website\",\"url\":\"https:\\\/\\\/lagnoticias.com\\\/\",\"name\":\"La G Noticias\",\"description\":\"Noticias Positivas\",\"potentialAction\":[{\"@type\":\"SearchAction\",\"target\":{\"@type\":\"EntryPoint\",\"urlTemplate\":\"https:\\\/\\\/lagnoticias.com\\\/?s={search_term_string}\"},\"query-input\":{\"@type\":\"PropertyValueSpecification\",\"valueRequired\":true,\"valueName\":\"search_term_string\"}}],\"inLanguage\":\"en-US\"},{\"@type\":\"Person\",\"@id\":\"https:\\\/\\\/lagnoticias.com\\\/#\\\/schema\\\/person\\\/cb9bfe13f8de05d2c55270be25c6a550\",\"name\":\"Oscar\",\"image\":{\"@type\":\"ImageObject\",\"inLanguage\":\"en-US\",\"@id\":\"https:\\\/\\\/secure.gravatar.com\\\/avatar\\\/45c195718f652dc7ffdd591dc1f2678956ab7fdadcd359a635edc61304a8c757?s=96&d=mm&r=g\",\"url\":\"https:\\\/\\\/secure.gravatar.com\\\/avatar\\\/45c195718f652dc7ffdd591dc1f2678956ab7fdadcd359a635edc61304a8c757?s=96&d=mm&r=g\",\"contentUrl\":\"https:\\\/\\\/secure.gravatar.com\\\/avatar\\\/45c195718f652dc7ffdd591dc1f2678956ab7fdadcd359a635edc61304a8c757?s=96&d=mm&r=g\",\"caption\":\"Oscar\"},\"url\":\"https:\\\/\\\/lagnoticias.com\\\/en\\\/author\\\/oscar\\\/\"}]}<\/script>\n<!-- \/ Yoast SEO plugin. -->","yoast_head_json":{"title":"Hurac\u00e1n Melissa deja destrucci\u00f3n tras su paso por Jamaica y Cuba - La G Noticias","robots":{"index":"index","follow":"follow","max-snippet":"max-snippet:-1","max-image-preview":"max-image-preview:large","max-video-preview":"max-video-preview:-1"},"canonical":"https:\/\/lagnoticias.com\/en\/2025\/10\/29\/huracan-melissa-deja-destruccion-tras-su-paso-por-jamaica-y-cuba\/","og_locale":"en_US","og_type":"article","og_title":"Hurac\u00e1n Melissa deja destrucci\u00f3n tras su paso por Jamaica y Cuba - La G Noticias","og_description":"El poderoso hurac\u00e1n contin\u00faa su paso hacia Bahamas degradado a categor\u00eda dos.","og_url":"https:\/\/lagnoticias.com\/en\/2025\/10\/29\/huracan-melissa-deja-destruccion-tras-su-paso-por-jamaica-y-cuba\/","og_site_name":"La G Noticias","article_publisher":"https:\/\/www.facebook.com\/LaGNoticias","article_published_time":"2025-10-29T18:17:39+00:00","article_modified_time":"2025-10-29T18:17:40+00:00","og_image":[{"width":1038,"height":513,"url":"https:\/\/lagnoticias.com\/wp-content\/uploads\/2025\/10\/6-10.jpg","type":"image\/jpeg"}],"author":"Oscar","twitter_card":"summary_large_image","twitter_creator":"@lagnoticias","twitter_site":"@lagnoticias","twitter_misc":{"Written by":"Oscar","Est. reading time":"2 minutes"},"schema":{"@context":"https:\/\/schema.org","@graph":[{"@type":"Article","@id":"https:\/\/lagnoticias.com\/2025\/10\/29\/huracan-melissa-deja-destruccion-tras-su-paso-por-jamaica-y-cuba\/#article","isPartOf":{"@id":"https:\/\/lagnoticias.com\/2025\/10\/29\/huracan-melissa-deja-destruccion-tras-su-paso-por-jamaica-y-cuba\/"},"author":{"name":"Oscar","@id":"https:\/\/lagnoticias.com\/#\/schema\/person\/cb9bfe13f8de05d2c55270be25c6a550"},"headline":"Hurac\u00e1n Melissa deja destrucci\u00f3n tras su paso por Jamaica y Cuba","datePublished":"2025-10-29T18:17:39+00:00","dateModified":"2025-10-29T18:17:40+00:00","mainEntityOfPage":{"@id":"https:\/\/lagnoticias.com\/2025\/10\/29\/huracan-melissa-deja-destruccion-tras-su-paso-por-jamaica-y-cuba\/"},"wordCount":364,"commentCount":0,"image":{"@id":"https:\/\/lagnoticias.com\/2025\/10\/29\/huracan-melissa-deja-destruccion-tras-su-paso-por-jamaica-y-cuba\/#primaryimage"},"thumbnailUrl":"https:\/\/lagnoticias.com\/wp-content\/uploads\/2025\/10\/6-10.jpg","keywords":["CLIMA","CUBA","HURAC\u00c1N","HURAC\u00c1N MELISSA","JAMAICA"],"articleSection":["INTERNACIONALES"],"inLanguage":"en-US","potentialAction":[{"@type":"CommentAction","name":"Comment","target":["https:\/\/lagnoticias.com\/2025\/10\/29\/huracan-melissa-deja-destruccion-tras-su-paso-por-jamaica-y-cuba\/#respond"]}]},{"@type":"WebPage","@id":"https:\/\/lagnoticias.com\/2025\/10\/29\/huracan-melissa-deja-destruccion-tras-su-paso-por-jamaica-y-cuba\/","url":"https:\/\/lagnoticias.com\/2025\/10\/29\/huracan-melissa-deja-destruccion-tras-su-paso-por-jamaica-y-cuba\/","name":"Hurac\u00e1n Melissa deja destrucci\u00f3n tras su paso por Jamaica y Cuba - La G Noticias","isPartOf":{"@id":"https:\/\/lagnoticias.com\/#website"},"primaryImageOfPage":{"@id":"https:\/\/lagnoticias.com\/2025\/10\/29\/huracan-melissa-deja-destruccion-tras-su-paso-por-jamaica-y-cuba\/#primaryimage"},"image":{"@id":"https:\/\/lagnoticias.com\/2025\/10\/29\/huracan-melissa-deja-destruccion-tras-su-paso-por-jamaica-y-cuba\/#primaryimage"},"thumbnailUrl":"https:\/\/lagnoticias.com\/wp-content\/uploads\/2025\/10\/6-10.jpg","datePublished":"2025-10-29T18:17:39+00:00","dateModified":"2025-10-29T18:17:40+00:00","author":{"@id":"https:\/\/lagnoticias.com\/#\/schema\/person\/cb9bfe13f8de05d2c55270be25c6a550"},"breadcrumb":{"@id":"https:\/\/lagnoticias.com\/2025\/10\/29\/huracan-melissa-deja-destruccion-tras-su-paso-por-jamaica-y-cuba\/#breadcrumb"},"inLanguage":"en-US","potentialAction":[{"@type":"ReadAction","target":["https:\/\/lagnoticias.com\/2025\/10\/29\/huracan-melissa-deja-destruccion-tras-su-paso-por-jamaica-y-cuba\/"]}]},{"@type":"ImageObject","inLanguage":"en-US","@id":"https:\/\/lagnoticias.com\/2025\/10\/29\/huracan-melissa-deja-destruccion-tras-su-paso-por-jamaica-y-cuba\/#primaryimage","url":"https:\/\/lagnoticias.com\/wp-content\/uploads\/2025\/10\/6-10.jpg","contentUrl":"https:\/\/lagnoticias.com\/wp-content\/uploads\/2025\/10\/6-10.jpg","width":1038,"height":513},{"@type":"BreadcrumbList","@id":"https:\/\/lagnoticias.com\/2025\/10\/29\/huracan-melissa-deja-destruccion-tras-su-paso-por-jamaica-y-cuba\/#breadcrumb","itemListElement":[{"@type":"ListItem","position":1,"name":"Portada","item":"https:\/\/lagnoticias.com\/"},{"@type":"ListItem","position":2,"name":"Hurac\u00e1n Melissa deja destrucci\u00f3n tras su paso por Jamaica y Cuba"}]},{"@type":"WebSite","@id":"https:\/\/lagnoticias.com\/#website","url":"https:\/\/lagnoticias.com\/","name":"La G Noticias","description":"Noticias Positivas","potentialAction":[{"@type":"SearchAction","target":{"@type":"EntryPoint","urlTemplate":"https:\/\/lagnoticias.com\/?s={search_term_string}"},"query-input":{"@type":"PropertyValueSpecification","valueRequired":true,"valueName":"search_term_string"}}],"inLanguage":"en-US"},{"@type":"Person","@id":"https:\/\/lagnoticias.com\/#\/schema\/person\/cb9bfe13f8de05d2c55270be25c6a550","name":"Oscar","image":{"@type":"ImageObject","inLanguage":"en-US","@id":"https:\/\/secure.gravatar.com\/avatar\/45c195718f652dc7ffdd591dc1f2678956ab7fdadcd359a635edc61304a8c757?s=96&d=mm&r=g","url":"https:\/\/secure.gravatar.com\/avatar\/45c195718f652dc7ffdd591dc1f2678956ab7fdadcd359a635edc61304a8c757?s=96&d=mm&r=g","contentUrl":"https:\/\/secure.gravatar.com\/avatar\/45c195718f652dc7ffdd591dc1f2678956ab7fdadcd359a635edc61304a8c757?s=96&d=mm&r=g","caption":"Oscar"},"url":"https:\/\/lagnoticias.com\/en\/author\/oscar\/"}]}},"_links":{"self":[{"href":"https:\/\/lagnoticias.com\/en\/wp-json\/wp\/v2\/posts\/6496","targetHints":{"allow":["GET"]}}],"collection":[{"href":"https:\/\/lagnoticias.com\/en\/wp-json\/wp\/v2\/posts"}],"about":[{"href":"https:\/\/lagnoticias.com\/en\/wp-json\/wp\/v2\/types\/post"}],"author":[{"embeddable":true,"href":"https:\/\/lagnoticias.com\/en\/wp-json\/wp\/v2\/users\/2"}],"replies":[{"embeddable":true,"href":"https:\/\/lagnoticias.com\/en\/wp-json\/wp\/v2\/comments?post=6496"}],"version-history":[{"count":1,"href":"https:\/\/lagnoticias.com\/en\/wp-json\/wp\/v2\/posts\/6496\/revisions"}],"predecessor-version":[{"id":6498,"href":"https:\/\/lagnoticias.com\/en\/wp-json\/wp\/v2\/posts\/6496\/revisions\/6498"}],"wp:featuredmedia":[{"embeddable":true,"href":"https:\/\/lagnoticias.com\/en\/wp-json\/wp\/v2\/media\/6497"}],"wp:attachment":[{"href":"https:\/\/lagnoticias.com\/en\/wp-json\/wp\/v2\/media?parent=6496"}],"wp:term":[{"taxonomy":"category","embeddable":true,"href":"https:\/\/lagnoticias.com\/en\/wp-json\/wp\/v2\/categories?post=6496"},{"taxonomy":"post_tag","embeddable":true,"href":"https:\/\/lagnoticias.com\/en\/wp-json\/wp\/v2\/tags?post=6496"}],"curies":[{"name":"wp","href":"https:\/\/api.w.org\/{rel}","templated":true}]}}