{"id":6486,"date":"2025-10-29T11:02:12","date_gmt":"2025-10-29T17:02:12","guid":{"rendered":"https:\/\/lagnoticias.com\/?p=6486"},"modified":"2025-10-30T10:57:58","modified_gmt":"2025-10-30T16:57:58","slug":"ninel-conde-sorprende-con-nuevo-color-de-ojos-y-causa-polemica","status":"publish","type":"post","link":"https:\/\/lagnoticias.com\/en\/2025\/10\/29\/ninel-conde-sorprende-con-nuevo-color-de-ojos-y-causa-polemica\/","title":{"rendered":"Ninel Conde sorprende con nuevo color de ojos y causa pol\u00e9mica"},"content":{"rendered":"<p>La cantante y actriz&nbsp;Ninel Conde&nbsp;sorprendi\u00f3 a sus seguidores al revelar que decidi\u00f3 someterse a un&nbsp;procedimiento para cambiar el color de sus ojos, realizado en la cl\u00ednica&nbsp;Kerato NYC, una de las m\u00e1s reconocidas en este tipo de tratamientos est\u00e9ticos.<\/p>\n\n\n\n<p>De acuerdo con informaci\u00f3n difundida por la periodista&nbsp;Chamonic, la int\u00e9rprete no habr\u00eda pagado los&nbsp;10 mil d\u00f3lares&nbsp;que cuesta el tratamiento, pues form\u00f3 parte de una&nbsp;colaboraci\u00f3n con la cl\u00ednica.<\/p>\n\n\n\n<h2 class=\"wp-block-heading\">Un cambio con significado personal<\/h2>\n\n\n\n<p>En redes sociales, Ninel explic\u00f3 que su transformaci\u00f3n representa una nueva etapa en su vida.<\/p>\n\n\n\n<p>\u201cA veces un cambio exterior refleja una transformaci\u00f3n interior. Este paso simboliza una nueva etapa, una mirada distinta al mundo y hacia m\u00ed misma\u201d, comparti\u00f3 la artista.<\/p>\n\n\n\n<p>La publicaci\u00f3n, acompa\u00f1ada de una sesi\u00f3n fotogr\u00e1fica mostrando su nueva mirada, gener\u00f3 miles de reacciones, pero tambi\u00e9n abri\u00f3 un debate sobre los&nbsp;riesgos de alterar el color natural del iris.<\/p>\n\n\n\n<p><\/p>\n\n\n\n<figure class=\"wp-block-image aligncenter size-full\"><img loading=\"lazy\" decoding=\"async\" width=\"768\" height=\"506\" src=\"https:\/\/lagnoticias.com\/wp-content\/uploads\/2025\/10\/2-11.jpg\" alt=\"\" class=\"wp-image-6488\" srcset=\"https:\/\/lagnoticias.com\/wp-content\/uploads\/2025\/10\/2-11.jpg 768w, https:\/\/lagnoticias.com\/wp-content\/uploads\/2025\/10\/2-11-480x316.jpg 480w\" sizes=\"(min-width: 0px) and (max-width: 480px) 480px, (min-width: 481px) 768px, 100vw\" \/><\/figure>\n\n\n\n<p><\/p>\n\n\n\n<h2 class=\"wp-block-heading\">El lado oscuro del cambio de color de ojos<\/h2>\n\n\n\n<p>Aunque los resultados pueden parecer atractivos,&nbsp;oftalm\u00f3logos y especialistas en cirug\u00eda ocular&nbsp;han alertado que este tipo de procedimientos \u2014ya sea por implante de iris o mediante l\u00e1ser\u2014 pueden tener&nbsp;consecuencias graves y, en algunos casos, irreversibles.<\/p>\n\n\n\n<p>Entre los posibles efectos secundarios se encuentran:<\/p>\n\n\n\n<ul class=\"wp-block-list\">\n<li>Inflamaci\u00f3n ocular severa o queratitis, por la manipulaci\u00f3n del tejido interno del ojo.<\/li>\n\n\n\n<li>Aumento de sensibilidad a la luz (fotofobia), que puede generar molestias permanentes.<\/li>\n\n\n\n<li>Incremento de la presi\u00f3n intraocular, asociado al desarrollo de glaucoma.<\/li>\n\n\n\n<li>Da\u00f1o al nervio \u00f3ptico\u00a0y p\u00e9rdida parcial de la visi\u00f3n si hay complicaciones durante el proceso.<\/li>\n<\/ul>\n\n\n\n<p>En casos extremos,&nbsp;los expertos advierten que podr\u00eda existir riesgo de p\u00e9rdida total de la vista, especialmente si el ojo rechaza el implante o se desarrolla una infecci\u00f3n posterior al procedimiento.<\/p>\n\n\n\n<p>\u201cEl ojo no est\u00e1 dise\u00f1ado para recibir estructuras artificiales dentro del iris. Cualquier alteraci\u00f3n puede comprometer su funcionamiento y provocar da\u00f1os irreversibles\u201d, explic\u00f3 un especialista en salud ocular citado por publicaciones m\u00e9dicas recientes.<\/p>\n\n\n\n<h2 class=\"wp-block-heading\">La mirada m\u00e1s comentada del espect\u00e1culo<\/h2>\n\n\n\n<p>Mientras&nbsp;Ninel Conde&nbsp;celebra su nueva imagen y asegura sentirse renovada, la comunidad m\u00e9dica insiste en que&nbsp;la belleza nunca debe ponerse por encima de la salud visual.<\/p>\n\n\n\n<p>El cambio de color de ojos se ha vuelto una tendencia entre celebridades e influencers, pero los especialistas recomiendan que quienes consideren este tipo de transformaciones lo hagan&nbsp;\u00fanicamente bajo supervisi\u00f3n m\u00e9dica certificada&nbsp;y tras una evaluaci\u00f3n oftalmol\u00f3gica completa.<\/p>\n\n\n\n<p>Porque, aunque una nueva mirada puede cambiar una imagen\u2026&nbsp;tambi\u00e9n podr\u00eda costar la visi\u00f3n.<\/p>","protected":false},"excerpt":{"rendered":"<p>La cantante y actriz&nbsp;Ninel Conde&nbsp;sorprendi\u00f3 a sus seguidores al revelar que decidi\u00f3 someterse a un&nbsp;procedimiento para cambiar el color de sus ojos, realizado en la cl\u00ednica&nbsp;Kerato NYC, una de las m\u00e1s reconocidas en este tipo de tratamientos est\u00e9ticos. De acuerdo con informaci\u00f3n difundida por la periodista&nbsp;Chamonic, la int\u00e9rprete no habr\u00eda pagado los&nbsp;10 mil d\u00f3lares&nbsp;que cuesta [&hellip;]<\/p>","protected":false},"author":2,"featured_media":6487,"comment_status":"open","ping_status":"open","sticky":false,"template":"","format":"standard","meta":{"_et_pb_use_builder":"off","_et_pb_old_content":"","_et_gb_content_width":"","footnotes":""},"categories":[249],"tags":[429,1694,1692,1693],"class_list":["post-6486","post","type-post","status-publish","format-standard","has-post-thumbnail","hentry","category-entretenimiento","tag-artista","tag-color-de-ojos","tag-ninel-conde","tag-ojos"],"yoast_head":"<!-- This site is optimized with the Yoast SEO plugin v27.4 - https:\/\/yoast.com\/product\/yoast-seo-wordpress\/ -->\n<title>Ninel Conde sorprende con nuevo color de ojos y causa pol\u00e9mica - La G Noticias<\/title>\n<meta name=\"robots\" content=\"index, follow, max-snippet:-1, max-image-preview:large, max-video-preview:-1\" \/>\n<link rel=\"canonical\" href=\"https:\/\/lagnoticias.com\/en\/2025\/10\/29\/ninel-conde-sorprende-con-nuevo-color-de-ojos-y-causa-polemica\/\" \/>\n<meta property=\"og:locale\" content=\"en_US\" \/>\n<meta property=\"og:type\" content=\"article\" \/>\n<meta property=\"og:title\" content=\"Ninel Conde sorprende con nuevo color de ojos y causa pol\u00e9mica - La G Noticias\" \/>\n<meta property=\"og:description\" content=\"La cantante y actriz&nbsp;Ninel Conde&nbsp;sorprendi\u00f3 a sus seguidores al revelar que decidi\u00f3 someterse a un&nbsp;procedimiento para cambiar el color de sus ojos, realizado en la cl\u00ednica&nbsp;Kerato NYC, una de las m\u00e1s reconocidas en este tipo de tratamientos est\u00e9ticos. De acuerdo con informaci\u00f3n difundida por la periodista&nbsp;Chamonic, la int\u00e9rprete no habr\u00eda pagado los&nbsp;10 mil d\u00f3lares&nbsp;que cuesta [&hellip;]\" \/>\n<meta property=\"og:url\" content=\"https:\/\/lagnoticias.com\/en\/2025\/10\/29\/ninel-conde-sorprende-con-nuevo-color-de-ojos-y-causa-polemica\/\" \/>\n<meta property=\"og:site_name\" content=\"La G Noticias\" \/>\n<meta property=\"article:publisher\" content=\"https:\/\/www.facebook.com\/LaGNoticias\" \/>\n<meta property=\"article:published_time\" content=\"2025-10-29T17:02:12+00:00\" \/>\n<meta property=\"article:modified_time\" content=\"2025-10-30T16:57:58+00:00\" \/>\n<meta property=\"og:image\" content=\"https:\/\/lagnoticias.com\/wp-content\/uploads\/2025\/10\/87-2.jpg\" \/>\n\t<meta property=\"og:image:width\" content=\"768\" \/>\n\t<meta property=\"og:image:height\" content=\"539\" \/>\n\t<meta property=\"og:image:type\" content=\"image\/jpeg\" \/>\n<meta name=\"author\" content=\"Oscar\" \/>\n<meta name=\"twitter:card\" content=\"summary_large_image\" \/>\n<meta name=\"twitter:creator\" content=\"@lagnoticias\" \/>\n<meta name=\"twitter:site\" content=\"@lagnoticias\" \/>\n<meta name=\"twitter:label1\" content=\"Written by\" \/>\n\t<meta name=\"twitter:data1\" content=\"Oscar\" \/>\n\t<meta name=\"twitter:label2\" content=\"Est. reading time\" \/>\n\t<meta name=\"twitter:data2\" content=\"3 minutes\" \/>\n<script type=\"application\/ld+json\" class=\"yoast-schema-graph\">{\"@context\":\"https:\\\/\\\/schema.org\",\"@graph\":[{\"@type\":\"Article\",\"@id\":\"https:\\\/\\\/lagnoticias.com\\\/2025\\\/10\\\/29\\\/ninel-conde-sorprende-con-nuevo-color-de-ojos-y-causa-polemica\\\/#article\",\"isPartOf\":{\"@id\":\"https:\\\/\\\/lagnoticias.com\\\/2025\\\/10\\\/29\\\/ninel-conde-sorprende-con-nuevo-color-de-ojos-y-causa-polemica\\\/\"},\"author\":{\"name\":\"Oscar\",\"@id\":\"https:\\\/\\\/lagnoticias.com\\\/#\\\/schema\\\/person\\\/cb9bfe13f8de05d2c55270be25c6a550\"},\"headline\":\"Ninel Conde sorprende con nuevo color de ojos y causa pol\u00e9mica\",\"datePublished\":\"2025-10-29T17:02:12+00:00\",\"dateModified\":\"2025-10-30T16:57:58+00:00\",\"mainEntityOfPage\":{\"@id\":\"https:\\\/\\\/lagnoticias.com\\\/2025\\\/10\\\/29\\\/ninel-conde-sorprende-con-nuevo-color-de-ojos-y-causa-polemica\\\/\"},\"wordCount\":477,\"commentCount\":0,\"image\":{\"@id\":\"https:\\\/\\\/lagnoticias.com\\\/2025\\\/10\\\/29\\\/ninel-conde-sorprende-con-nuevo-color-de-ojos-y-causa-polemica\\\/#primaryimage\"},\"thumbnailUrl\":\"https:\\\/\\\/lagnoticias.com\\\/wp-content\\\/uploads\\\/2025\\\/10\\\/87-2.jpg\",\"keywords\":[\"ARTISTA\",\"COLOR DE OJOS\",\"NINEL CONDE\",\"OJOS\"],\"articleSection\":[\"ENTRETENIMIENTO\"],\"inLanguage\":\"en-US\",\"potentialAction\":[{\"@type\":\"CommentAction\",\"name\":\"Comment\",\"target\":[\"https:\\\/\\\/lagnoticias.com\\\/2025\\\/10\\\/29\\\/ninel-conde-sorprende-con-nuevo-color-de-ojos-y-causa-polemica\\\/#respond\"]}]},{\"@type\":\"WebPage\",\"@id\":\"https:\\\/\\\/lagnoticias.com\\\/2025\\\/10\\\/29\\\/ninel-conde-sorprende-con-nuevo-color-de-ojos-y-causa-polemica\\\/\",\"url\":\"https:\\\/\\\/lagnoticias.com\\\/2025\\\/10\\\/29\\\/ninel-conde-sorprende-con-nuevo-color-de-ojos-y-causa-polemica\\\/\",\"name\":\"Ninel Conde sorprende con nuevo color de ojos y causa pol\u00e9mica - La G Noticias\",\"isPartOf\":{\"@id\":\"https:\\\/\\\/lagnoticias.com\\\/#website\"},\"primaryImageOfPage\":{\"@id\":\"https:\\\/\\\/lagnoticias.com\\\/2025\\\/10\\\/29\\\/ninel-conde-sorprende-con-nuevo-color-de-ojos-y-causa-polemica\\\/#primaryimage\"},\"image\":{\"@id\":\"https:\\\/\\\/lagnoticias.com\\\/2025\\\/10\\\/29\\\/ninel-conde-sorprende-con-nuevo-color-de-ojos-y-causa-polemica\\\/#primaryimage\"},\"thumbnailUrl\":\"https:\\\/\\\/lagnoticias.com\\\/wp-content\\\/uploads\\\/2025\\\/10\\\/87-2.jpg\",\"datePublished\":\"2025-10-29T17:02:12+00:00\",\"dateModified\":\"2025-10-30T16:57:58+00:00\",\"author\":{\"@id\":\"https:\\\/\\\/lagnoticias.com\\\/#\\\/schema\\\/person\\\/cb9bfe13f8de05d2c55270be25c6a550\"},\"breadcrumb\":{\"@id\":\"https:\\\/\\\/lagnoticias.com\\\/2025\\\/10\\\/29\\\/ninel-conde-sorprende-con-nuevo-color-de-ojos-y-causa-polemica\\\/#breadcrumb\"},\"inLanguage\":\"en-US\",\"potentialAction\":[{\"@type\":\"ReadAction\",\"target\":[\"https:\\\/\\\/lagnoticias.com\\\/2025\\\/10\\\/29\\\/ninel-conde-sorprende-con-nuevo-color-de-ojos-y-causa-polemica\\\/\"]}]},{\"@type\":\"ImageObject\",\"inLanguage\":\"en-US\",\"@id\":\"https:\\\/\\\/lagnoticias.com\\\/2025\\\/10\\\/29\\\/ninel-conde-sorprende-con-nuevo-color-de-ojos-y-causa-polemica\\\/#primaryimage\",\"url\":\"https:\\\/\\\/lagnoticias.com\\\/wp-content\\\/uploads\\\/2025\\\/10\\\/87-2.jpg\",\"contentUrl\":\"https:\\\/\\\/lagnoticias.com\\\/wp-content\\\/uploads\\\/2025\\\/10\\\/87-2.jpg\",\"width\":768,\"height\":539},{\"@type\":\"BreadcrumbList\",\"@id\":\"https:\\\/\\\/lagnoticias.com\\\/2025\\\/10\\\/29\\\/ninel-conde-sorprende-con-nuevo-color-de-ojos-y-causa-polemica\\\/#breadcrumb\",\"itemListElement\":[{\"@type\":\"ListItem\",\"position\":1,\"name\":\"Portada\",\"item\":\"https:\\\/\\\/lagnoticias.com\\\/\"},{\"@type\":\"ListItem\",\"position\":2,\"name\":\"Ninel Conde sorprende con nuevo color de ojos y causa pol\u00e9mica\"}]},{\"@type\":\"WebSite\",\"@id\":\"https:\\\/\\\/lagnoticias.com\\\/#website\",\"url\":\"https:\\\/\\\/lagnoticias.com\\\/\",\"name\":\"La G Noticias\",\"description\":\"Noticias Positivas\",\"potentialAction\":[{\"@type\":\"SearchAction\",\"target\":{\"@type\":\"EntryPoint\",\"urlTemplate\":\"https:\\\/\\\/lagnoticias.com\\\/?s={search_term_string}\"},\"query-input\":{\"@type\":\"PropertyValueSpecification\",\"valueRequired\":true,\"valueName\":\"search_term_string\"}}],\"inLanguage\":\"en-US\"},{\"@type\":\"Person\",\"@id\":\"https:\\\/\\\/lagnoticias.com\\\/#\\\/schema\\\/person\\\/cb9bfe13f8de05d2c55270be25c6a550\",\"name\":\"Oscar\",\"image\":{\"@type\":\"ImageObject\",\"inLanguage\":\"en-US\",\"@id\":\"https:\\\/\\\/secure.gravatar.com\\\/avatar\\\/45c195718f652dc7ffdd591dc1f2678956ab7fdadcd359a635edc61304a8c757?s=96&d=mm&r=g\",\"url\":\"https:\\\/\\\/secure.gravatar.com\\\/avatar\\\/45c195718f652dc7ffdd591dc1f2678956ab7fdadcd359a635edc61304a8c757?s=96&d=mm&r=g\",\"contentUrl\":\"https:\\\/\\\/secure.gravatar.com\\\/avatar\\\/45c195718f652dc7ffdd591dc1f2678956ab7fdadcd359a635edc61304a8c757?s=96&d=mm&r=g\",\"caption\":\"Oscar\"},\"url\":\"https:\\\/\\\/lagnoticias.com\\\/en\\\/author\\\/oscar\\\/\"}]}<\/script>\n<!-- \/ Yoast SEO plugin. -->","yoast_head_json":{"title":"Ninel Conde sorprende con nuevo color de ojos y causa pol\u00e9mica - La G Noticias","robots":{"index":"index","follow":"follow","max-snippet":"max-snippet:-1","max-image-preview":"max-image-preview:large","max-video-preview":"max-video-preview:-1"},"canonical":"https:\/\/lagnoticias.com\/en\/2025\/10\/29\/ninel-conde-sorprende-con-nuevo-color-de-ojos-y-causa-polemica\/","og_locale":"en_US","og_type":"article","og_title":"Ninel Conde sorprende con nuevo color de ojos y causa pol\u00e9mica - La G Noticias","og_description":"La cantante y actriz&nbsp;Ninel Conde&nbsp;sorprendi\u00f3 a sus seguidores al revelar que decidi\u00f3 someterse a un&nbsp;procedimiento para cambiar el color de sus ojos, realizado en la cl\u00ednica&nbsp;Kerato NYC, una de las m\u00e1s reconocidas en este tipo de tratamientos est\u00e9ticos. De acuerdo con informaci\u00f3n difundida por la periodista&nbsp;Chamonic, la int\u00e9rprete no habr\u00eda pagado los&nbsp;10 mil d\u00f3lares&nbsp;que cuesta [&hellip;]","og_url":"https:\/\/lagnoticias.com\/en\/2025\/10\/29\/ninel-conde-sorprende-con-nuevo-color-de-ojos-y-causa-polemica\/","og_site_name":"La G Noticias","article_publisher":"https:\/\/www.facebook.com\/LaGNoticias","article_published_time":"2025-10-29T17:02:12+00:00","article_modified_time":"2025-10-30T16:57:58+00:00","og_image":[{"width":768,"height":539,"url":"https:\/\/lagnoticias.com\/wp-content\/uploads\/2025\/10\/87-2.jpg","type":"image\/jpeg"}],"author":"Oscar","twitter_card":"summary_large_image","twitter_creator":"@lagnoticias","twitter_site":"@lagnoticias","twitter_misc":{"Written by":"Oscar","Est. reading time":"3 minutes"},"schema":{"@context":"https:\/\/schema.org","@graph":[{"@type":"Article","@id":"https:\/\/lagnoticias.com\/2025\/10\/29\/ninel-conde-sorprende-con-nuevo-color-de-ojos-y-causa-polemica\/#article","isPartOf":{"@id":"https:\/\/lagnoticias.com\/2025\/10\/29\/ninel-conde-sorprende-con-nuevo-color-de-ojos-y-causa-polemica\/"},"author":{"name":"Oscar","@id":"https:\/\/lagnoticias.com\/#\/schema\/person\/cb9bfe13f8de05d2c55270be25c6a550"},"headline":"Ninel Conde sorprende con nuevo color de ojos y causa pol\u00e9mica","datePublished":"2025-10-29T17:02:12+00:00","dateModified":"2025-10-30T16:57:58+00:00","mainEntityOfPage":{"@id":"https:\/\/lagnoticias.com\/2025\/10\/29\/ninel-conde-sorprende-con-nuevo-color-de-ojos-y-causa-polemica\/"},"wordCount":477,"commentCount":0,"image":{"@id":"https:\/\/lagnoticias.com\/2025\/10\/29\/ninel-conde-sorprende-con-nuevo-color-de-ojos-y-causa-polemica\/#primaryimage"},"thumbnailUrl":"https:\/\/lagnoticias.com\/wp-content\/uploads\/2025\/10\/87-2.jpg","keywords":["ARTISTA","COLOR DE OJOS","NINEL CONDE","OJOS"],"articleSection":["ENTRETENIMIENTO"],"inLanguage":"en-US","potentialAction":[{"@type":"CommentAction","name":"Comment","target":["https:\/\/lagnoticias.com\/2025\/10\/29\/ninel-conde-sorprende-con-nuevo-color-de-ojos-y-causa-polemica\/#respond"]}]},{"@type":"WebPage","@id":"https:\/\/lagnoticias.com\/2025\/10\/29\/ninel-conde-sorprende-con-nuevo-color-de-ojos-y-causa-polemica\/","url":"https:\/\/lagnoticias.com\/2025\/10\/29\/ninel-conde-sorprende-con-nuevo-color-de-ojos-y-causa-polemica\/","name":"Ninel Conde sorprende con nuevo color de ojos y causa pol\u00e9mica - La G Noticias","isPartOf":{"@id":"https:\/\/lagnoticias.com\/#website"},"primaryImageOfPage":{"@id":"https:\/\/lagnoticias.com\/2025\/10\/29\/ninel-conde-sorprende-con-nuevo-color-de-ojos-y-causa-polemica\/#primaryimage"},"image":{"@id":"https:\/\/lagnoticias.com\/2025\/10\/29\/ninel-conde-sorprende-con-nuevo-color-de-ojos-y-causa-polemica\/#primaryimage"},"thumbnailUrl":"https:\/\/lagnoticias.com\/wp-content\/uploads\/2025\/10\/87-2.jpg","datePublished":"2025-10-29T17:02:12+00:00","dateModified":"2025-10-30T16:57:58+00:00","author":{"@id":"https:\/\/lagnoticias.com\/#\/schema\/person\/cb9bfe13f8de05d2c55270be25c6a550"},"breadcrumb":{"@id":"https:\/\/lagnoticias.com\/2025\/10\/29\/ninel-conde-sorprende-con-nuevo-color-de-ojos-y-causa-polemica\/#breadcrumb"},"inLanguage":"en-US","potentialAction":[{"@type":"ReadAction","target":["https:\/\/lagnoticias.com\/2025\/10\/29\/ninel-conde-sorprende-con-nuevo-color-de-ojos-y-causa-polemica\/"]}]},{"@type":"ImageObject","inLanguage":"en-US","@id":"https:\/\/lagnoticias.com\/2025\/10\/29\/ninel-conde-sorprende-con-nuevo-color-de-ojos-y-causa-polemica\/#primaryimage","url":"https:\/\/lagnoticias.com\/wp-content\/uploads\/2025\/10\/87-2.jpg","contentUrl":"https:\/\/lagnoticias.com\/wp-content\/uploads\/2025\/10\/87-2.jpg","width":768,"height":539},{"@type":"BreadcrumbList","@id":"https:\/\/lagnoticias.com\/2025\/10\/29\/ninel-conde-sorprende-con-nuevo-color-de-ojos-y-causa-polemica\/#breadcrumb","itemListElement":[{"@type":"ListItem","position":1,"name":"Portada","item":"https:\/\/lagnoticias.com\/"},{"@type":"ListItem","position":2,"name":"Ninel Conde sorprende con nuevo color de ojos y causa pol\u00e9mica"}]},{"@type":"WebSite","@id":"https:\/\/lagnoticias.com\/#website","url":"https:\/\/lagnoticias.com\/","name":"La G Noticias","description":"Noticias Positivas","potentialAction":[{"@type":"SearchAction","target":{"@type":"EntryPoint","urlTemplate":"https:\/\/lagnoticias.com\/?s={search_term_string}"},"query-input":{"@type":"PropertyValueSpecification","valueRequired":true,"valueName":"search_term_string"}}],"inLanguage":"en-US"},{"@type":"Person","@id":"https:\/\/lagnoticias.com\/#\/schema\/person\/cb9bfe13f8de05d2c55270be25c6a550","name":"Oscar","image":{"@type":"ImageObject","inLanguage":"en-US","@id":"https:\/\/secure.gravatar.com\/avatar\/45c195718f652dc7ffdd591dc1f2678956ab7fdadcd359a635edc61304a8c757?s=96&d=mm&r=g","url":"https:\/\/secure.gravatar.com\/avatar\/45c195718f652dc7ffdd591dc1f2678956ab7fdadcd359a635edc61304a8c757?s=96&d=mm&r=g","contentUrl":"https:\/\/secure.gravatar.com\/avatar\/45c195718f652dc7ffdd591dc1f2678956ab7fdadcd359a635edc61304a8c757?s=96&d=mm&r=g","caption":"Oscar"},"url":"https:\/\/lagnoticias.com\/en\/author\/oscar\/"}]}},"_links":{"self":[{"href":"https:\/\/lagnoticias.com\/en\/wp-json\/wp\/v2\/posts\/6486","targetHints":{"allow":["GET"]}}],"collection":[{"href":"https:\/\/lagnoticias.com\/en\/wp-json\/wp\/v2\/posts"}],"about":[{"href":"https:\/\/lagnoticias.com\/en\/wp-json\/wp\/v2\/types\/post"}],"author":[{"embeddable":true,"href":"https:\/\/lagnoticias.com\/en\/wp-json\/wp\/v2\/users\/2"}],"replies":[{"embeddable":true,"href":"https:\/\/lagnoticias.com\/en\/wp-json\/wp\/v2\/comments?post=6486"}],"version-history":[{"count":1,"href":"https:\/\/lagnoticias.com\/en\/wp-json\/wp\/v2\/posts\/6486\/revisions"}],"predecessor-version":[{"id":6489,"href":"https:\/\/lagnoticias.com\/en\/wp-json\/wp\/v2\/posts\/6486\/revisions\/6489"}],"wp:featuredmedia":[{"embeddable":true,"href":"https:\/\/lagnoticias.com\/en\/wp-json\/wp\/v2\/media\/6487"}],"wp:attachment":[{"href":"https:\/\/lagnoticias.com\/en\/wp-json\/wp\/v2\/media?parent=6486"}],"wp:term":[{"taxonomy":"category","embeddable":true,"href":"https:\/\/lagnoticias.com\/en\/wp-json\/wp\/v2\/categories?post=6486"},{"taxonomy":"post_tag","embeddable":true,"href":"https:\/\/lagnoticias.com\/en\/wp-json\/wp\/v2\/tags?post=6486"}],"curies":[{"name":"wp","href":"https:\/\/api.w.org\/{rel}","templated":true}]}}