{"id":6483,"date":"2025-10-29T10:47:48","date_gmt":"2025-10-29T16:47:48","guid":{"rendered":"https:\/\/lagnoticias.com\/?p=6483"},"modified":"2025-10-30T10:58:04","modified_gmt":"2025-10-30T16:58:04","slug":"james-rodriguez-dejara-al-leon-esto-es-lo-que-se-sabe","status":"publish","type":"post","link":"https:\/\/lagnoticias.com\/en\/2025\/10\/29\/james-rodriguez-dejara-al-leon-esto-es-lo-que-se-sabe\/","title":{"rendered":"James Rodr\u00edguez dejar\u00e1 al Le\u00f3n: esto es lo que se sabe"},"content":{"rendered":"<p>El&nbsp;Club Le\u00f3n&nbsp;est\u00e1 listo para cerrar un cap\u00edtulo importante.&nbsp;James Rodr\u00edguez, la estrella colombiana que lleg\u00f3 como bomba en el Clausura 2025,&nbsp;no seguir\u00e1 en el equipo para el pr\u00f3ximo torneo. Su contrato termina en diciembre de 2025 y la directiva ya decidi\u00f3&nbsp;no renovarlo, aunque a\u00fan faltan meses para que sea oficial.<\/p>\n\n\n\n<h2 class=\"wp-block-heading\">\u00bfPor qu\u00e9 James no seguir\u00e1 con Le\u00f3n?<\/h2>\n\n\n\n<p>Jes\u00fas Mart\u00ednez, presidente del club, y su directiva consideran que James&nbsp;no ha dado los resultados&nbsp;esperados. Aunque es capit\u00e1n y l\u00edder en el vestidor, el impacto en el campo no ha sido el que se imaginaban. Seg\u00fan el reportero Paco Vela en \u2018Conexi\u00f3n MT\u2019, el proyecto para el Clausura 2026 ya se arma sin el colombiano, y eso es un hecho, aunque&nbsp;no se anuncie todav\u00eda.<\/p>\n\n\n\n<ul class=\"wp-block-list\">\n<li>Uno de los puntos clave es el sueldo. James gana alrededor de 600 mil d\u00f3lares al mes, una cifra alta para un equipo que no est\u00e1 peleando por t\u00edtulos.<\/li>\n\n\n\n<li>Con solo 13 puntos y en el antepen\u00faltimo lugar de la tabla, Le\u00f3n no ve viable seguir pagando eso sin ver frutos claros. La falta de goles y asistencias decisivas ha inclinado la balanza.<\/li>\n\n\n\n<li>Ignacio Ambriz, el entrenador, no tiene nada que ver con esta decisi\u00f3n. De hecho, el t\u00e9cnico valora a James como un referente positivo en el grupo y hasta le dio el gafete de capit\u00e1n. Pero la directiva prioriza lo deportivo y econ\u00f3mico.<\/li>\n<\/ul>\n\n\n\n<p>Paco Vela aclar\u00f3 que no hay pleito:&nbsp;\u201cNacho sabe que se va, pero la relaci\u00f3n es buena y no hay confrontaci\u00f3n\u201d.<\/p>\n\n\n\n<p>Desde su llegada, James ha jugado&nbsp;32 partidos con Le\u00f3n:&nbsp;5 goles y 8 asistencias. Son cifras decentes para un mediocampista, pero no suficientes para justificar su inversi\u00f3n ni para sacar al equipo del fondo. Con el torneo casi perdido (solo quedan duelos contra Am\u00e9rica y Puebla), parece que su etapa en verde termina sin Liguilla.<\/p>\n\n\n\n<p><\/p>\n\n\n\n<figure class=\"wp-block-embed is-type-rich is-provider-twitter wp-block-embed-twitter\"><div class=\"wp-block-embed__wrapper\">\nhttps:\/\/twitter.com\/SomosAnalistas_\/status\/1983237999941836936\n<\/div><\/figure>","protected":false},"excerpt":{"rendered":"<p>El&nbsp;Club Le\u00f3n&nbsp;est\u00e1 listo para cerrar un cap\u00edtulo importante.&nbsp;James Rodr\u00edguez, la estrella colombiana que lleg\u00f3 como bomba en el Clausura 2025,&nbsp;no seguir\u00e1 en el equipo para el pr\u00f3ximo torneo. Su contrato termina en diciembre de 2025 y la directiva ya decidi\u00f3&nbsp;no renovarlo, aunque a\u00fan faltan meses para que sea oficial. \u00bfPor qu\u00e9 James no seguir\u00e1 con [&hellip;]<\/p>","protected":false},"author":2,"featured_media":6484,"comment_status":"open","ping_status":"open","sticky":false,"template":"","format":"standard","meta":{"_et_pb_use_builder":"off","_et_pb_old_content":"","_et_gb_content_width":"","footnotes":""},"categories":[248],"tags":[1691,499,286,1690,287],"class_list":["post-6483","post","type-post","status-publish","format-standard","has-post-thumbnail","hentry","category-deportes","tag-club-leon","tag-colombia","tag-futbol","tag-james-rodriguez","tag-mexico"],"yoast_head":"<!-- This site is optimized with the Yoast SEO plugin v27.4 - https:\/\/yoast.com\/product\/yoast-seo-wordpress\/ -->\n<title>James Rodr\u00edguez dejar\u00e1 al Le\u00f3n: esto es lo que se sabe - La G Noticias<\/title>\n<meta name=\"robots\" content=\"index, follow, max-snippet:-1, max-image-preview:large, max-video-preview:-1\" \/>\n<link rel=\"canonical\" href=\"https:\/\/lagnoticias.com\/en\/2025\/10\/29\/james-rodriguez-dejara-al-leon-esto-es-lo-que-se-sabe\/\" \/>\n<meta property=\"og:locale\" content=\"en_US\" \/>\n<meta property=\"og:type\" content=\"article\" \/>\n<meta property=\"og:title\" content=\"James Rodr\u00edguez dejar\u00e1 al Le\u00f3n: esto es lo que se sabe - La G Noticias\" \/>\n<meta property=\"og:description\" content=\"El&nbsp;Club Le\u00f3n&nbsp;est\u00e1 listo para cerrar un cap\u00edtulo importante.&nbsp;James Rodr\u00edguez, la estrella colombiana que lleg\u00f3 como bomba en el Clausura 2025,&nbsp;no seguir\u00e1 en el equipo para el pr\u00f3ximo torneo. Su contrato termina en diciembre de 2025 y la directiva ya decidi\u00f3&nbsp;no renovarlo, aunque a\u00fan faltan meses para que sea oficial. \u00bfPor qu\u00e9 James no seguir\u00e1 con [&hellip;]\" \/>\n<meta property=\"og:url\" content=\"https:\/\/lagnoticias.com\/en\/2025\/10\/29\/james-rodriguez-dejara-al-leon-esto-es-lo-que-se-sabe\/\" \/>\n<meta property=\"og:site_name\" content=\"La G Noticias\" \/>\n<meta property=\"article:publisher\" content=\"https:\/\/www.facebook.com\/LaGNoticias\" \/>\n<meta property=\"article:published_time\" content=\"2025-10-29T16:47:48+00:00\" \/>\n<meta property=\"article:modified_time\" content=\"2025-10-30T16:58:04+00:00\" \/>\n<meta property=\"og:image\" content=\"https:\/\/lagnoticias.com\/wp-content\/uploads\/2025\/10\/8-8.jpg\" \/>\n\t<meta property=\"og:image:width\" content=\"1300\" \/>\n\t<meta property=\"og:image:height\" content=\"732\" \/>\n\t<meta property=\"og:image:type\" content=\"image\/jpeg\" \/>\n<meta name=\"author\" content=\"Oscar\" \/>\n<meta name=\"twitter:card\" content=\"summary_large_image\" \/>\n<meta name=\"twitter:creator\" content=\"@lagnoticias\" \/>\n<meta name=\"twitter:site\" content=\"@lagnoticias\" \/>\n<meta name=\"twitter:label1\" content=\"Written by\" \/>\n\t<meta name=\"twitter:data1\" content=\"Oscar\" \/>\n\t<meta name=\"twitter:label2\" content=\"Est. reading time\" \/>\n\t<meta name=\"twitter:data2\" content=\"2 minutes\" \/>\n<script type=\"application\/ld+json\" class=\"yoast-schema-graph\">{\"@context\":\"https:\\\/\\\/schema.org\",\"@graph\":[{\"@type\":\"Article\",\"@id\":\"https:\\\/\\\/lagnoticias.com\\\/2025\\\/10\\\/29\\\/james-rodriguez-dejara-al-leon-esto-es-lo-que-se-sabe\\\/#article\",\"isPartOf\":{\"@id\":\"https:\\\/\\\/lagnoticias.com\\\/2025\\\/10\\\/29\\\/james-rodriguez-dejara-al-leon-esto-es-lo-que-se-sabe\\\/\"},\"author\":{\"name\":\"Oscar\",\"@id\":\"https:\\\/\\\/lagnoticias.com\\\/#\\\/schema\\\/person\\\/cb9bfe13f8de05d2c55270be25c6a550\"},\"headline\":\"James Rodr\u00edguez dejar\u00e1 al Le\u00f3n: esto es lo que se sabe\",\"datePublished\":\"2025-10-29T16:47:48+00:00\",\"dateModified\":\"2025-10-30T16:58:04+00:00\",\"mainEntityOfPage\":{\"@id\":\"https:\\\/\\\/lagnoticias.com\\\/2025\\\/10\\\/29\\\/james-rodriguez-dejara-al-leon-esto-es-lo-que-se-sabe\\\/\"},\"wordCount\":357,\"commentCount\":0,\"image\":{\"@id\":\"https:\\\/\\\/lagnoticias.com\\\/2025\\\/10\\\/29\\\/james-rodriguez-dejara-al-leon-esto-es-lo-que-se-sabe\\\/#primaryimage\"},\"thumbnailUrl\":\"https:\\\/\\\/lagnoticias.com\\\/wp-content\\\/uploads\\\/2025\\\/10\\\/8-8.jpg\",\"keywords\":[\"CLUB LE\u00d3N\",\"COLOMBIA\",\"F\u00daTBOL\",\"JAMES RODR\u00cdGUEZ\",\"M\u00c9XICO\"],\"articleSection\":[\"DEPORTES\"],\"inLanguage\":\"en-US\",\"potentialAction\":[{\"@type\":\"CommentAction\",\"name\":\"Comment\",\"target\":[\"https:\\\/\\\/lagnoticias.com\\\/2025\\\/10\\\/29\\\/james-rodriguez-dejara-al-leon-esto-es-lo-que-se-sabe\\\/#respond\"]}]},{\"@type\":\"WebPage\",\"@id\":\"https:\\\/\\\/lagnoticias.com\\\/2025\\\/10\\\/29\\\/james-rodriguez-dejara-al-leon-esto-es-lo-que-se-sabe\\\/\",\"url\":\"https:\\\/\\\/lagnoticias.com\\\/2025\\\/10\\\/29\\\/james-rodriguez-dejara-al-leon-esto-es-lo-que-se-sabe\\\/\",\"name\":\"James Rodr\u00edguez dejar\u00e1 al Le\u00f3n: esto es lo que se sabe - La G Noticias\",\"isPartOf\":{\"@id\":\"https:\\\/\\\/lagnoticias.com\\\/#website\"},\"primaryImageOfPage\":{\"@id\":\"https:\\\/\\\/lagnoticias.com\\\/2025\\\/10\\\/29\\\/james-rodriguez-dejara-al-leon-esto-es-lo-que-se-sabe\\\/#primaryimage\"},\"image\":{\"@id\":\"https:\\\/\\\/lagnoticias.com\\\/2025\\\/10\\\/29\\\/james-rodriguez-dejara-al-leon-esto-es-lo-que-se-sabe\\\/#primaryimage\"},\"thumbnailUrl\":\"https:\\\/\\\/lagnoticias.com\\\/wp-content\\\/uploads\\\/2025\\\/10\\\/8-8.jpg\",\"datePublished\":\"2025-10-29T16:47:48+00:00\",\"dateModified\":\"2025-10-30T16:58:04+00:00\",\"author\":{\"@id\":\"https:\\\/\\\/lagnoticias.com\\\/#\\\/schema\\\/person\\\/cb9bfe13f8de05d2c55270be25c6a550\"},\"breadcrumb\":{\"@id\":\"https:\\\/\\\/lagnoticias.com\\\/2025\\\/10\\\/29\\\/james-rodriguez-dejara-al-leon-esto-es-lo-que-se-sabe\\\/#breadcrumb\"},\"inLanguage\":\"en-US\",\"potentialAction\":[{\"@type\":\"ReadAction\",\"target\":[\"https:\\\/\\\/lagnoticias.com\\\/2025\\\/10\\\/29\\\/james-rodriguez-dejara-al-leon-esto-es-lo-que-se-sabe\\\/\"]}]},{\"@type\":\"ImageObject\",\"inLanguage\":\"en-US\",\"@id\":\"https:\\\/\\\/lagnoticias.com\\\/2025\\\/10\\\/29\\\/james-rodriguez-dejara-al-leon-esto-es-lo-que-se-sabe\\\/#primaryimage\",\"url\":\"https:\\\/\\\/lagnoticias.com\\\/wp-content\\\/uploads\\\/2025\\\/10\\\/8-8.jpg\",\"contentUrl\":\"https:\\\/\\\/lagnoticias.com\\\/wp-content\\\/uploads\\\/2025\\\/10\\\/8-8.jpg\",\"width\":1300,\"height\":732},{\"@type\":\"BreadcrumbList\",\"@id\":\"https:\\\/\\\/lagnoticias.com\\\/2025\\\/10\\\/29\\\/james-rodriguez-dejara-al-leon-esto-es-lo-que-se-sabe\\\/#breadcrumb\",\"itemListElement\":[{\"@type\":\"ListItem\",\"position\":1,\"name\":\"Portada\",\"item\":\"https:\\\/\\\/lagnoticias.com\\\/\"},{\"@type\":\"ListItem\",\"position\":2,\"name\":\"James Rodr\u00edguez dejar\u00e1 al Le\u00f3n: esto es lo que se sabe\"}]},{\"@type\":\"WebSite\",\"@id\":\"https:\\\/\\\/lagnoticias.com\\\/#website\",\"url\":\"https:\\\/\\\/lagnoticias.com\\\/\",\"name\":\"La G Noticias\",\"description\":\"Noticias Positivas\",\"potentialAction\":[{\"@type\":\"SearchAction\",\"target\":{\"@type\":\"EntryPoint\",\"urlTemplate\":\"https:\\\/\\\/lagnoticias.com\\\/?s={search_term_string}\"},\"query-input\":{\"@type\":\"PropertyValueSpecification\",\"valueRequired\":true,\"valueName\":\"search_term_string\"}}],\"inLanguage\":\"en-US\"},{\"@type\":\"Person\",\"@id\":\"https:\\\/\\\/lagnoticias.com\\\/#\\\/schema\\\/person\\\/cb9bfe13f8de05d2c55270be25c6a550\",\"name\":\"Oscar\",\"image\":{\"@type\":\"ImageObject\",\"inLanguage\":\"en-US\",\"@id\":\"https:\\\/\\\/secure.gravatar.com\\\/avatar\\\/45c195718f652dc7ffdd591dc1f2678956ab7fdadcd359a635edc61304a8c757?s=96&d=mm&r=g\",\"url\":\"https:\\\/\\\/secure.gravatar.com\\\/avatar\\\/45c195718f652dc7ffdd591dc1f2678956ab7fdadcd359a635edc61304a8c757?s=96&d=mm&r=g\",\"contentUrl\":\"https:\\\/\\\/secure.gravatar.com\\\/avatar\\\/45c195718f652dc7ffdd591dc1f2678956ab7fdadcd359a635edc61304a8c757?s=96&d=mm&r=g\",\"caption\":\"Oscar\"},\"url\":\"https:\\\/\\\/lagnoticias.com\\\/en\\\/author\\\/oscar\\\/\"}]}<\/script>\n<!-- \/ Yoast SEO plugin. -->","yoast_head_json":{"title":"James Rodr\u00edguez dejar\u00e1 al Le\u00f3n: esto es lo que se sabe - La G Noticias","robots":{"index":"index","follow":"follow","max-snippet":"max-snippet:-1","max-image-preview":"max-image-preview:large","max-video-preview":"max-video-preview:-1"},"canonical":"https:\/\/lagnoticias.com\/en\/2025\/10\/29\/james-rodriguez-dejara-al-leon-esto-es-lo-que-se-sabe\/","og_locale":"en_US","og_type":"article","og_title":"James Rodr\u00edguez dejar\u00e1 al Le\u00f3n: esto es lo que se sabe - La G Noticias","og_description":"El&nbsp;Club Le\u00f3n&nbsp;est\u00e1 listo para cerrar un cap\u00edtulo importante.&nbsp;James Rodr\u00edguez, la estrella colombiana que lleg\u00f3 como bomba en el Clausura 2025,&nbsp;no seguir\u00e1 en el equipo para el pr\u00f3ximo torneo. Su contrato termina en diciembre de 2025 y la directiva ya decidi\u00f3&nbsp;no renovarlo, aunque a\u00fan faltan meses para que sea oficial. \u00bfPor qu\u00e9 James no seguir\u00e1 con [&hellip;]","og_url":"https:\/\/lagnoticias.com\/en\/2025\/10\/29\/james-rodriguez-dejara-al-leon-esto-es-lo-que-se-sabe\/","og_site_name":"La G Noticias","article_publisher":"https:\/\/www.facebook.com\/LaGNoticias","article_published_time":"2025-10-29T16:47:48+00:00","article_modified_time":"2025-10-30T16:58:04+00:00","og_image":[{"width":1300,"height":732,"url":"https:\/\/lagnoticias.com\/wp-content\/uploads\/2025\/10\/8-8.jpg","type":"image\/jpeg"}],"author":"Oscar","twitter_card":"summary_large_image","twitter_creator":"@lagnoticias","twitter_site":"@lagnoticias","twitter_misc":{"Written by":"Oscar","Est. reading time":"2 minutes"},"schema":{"@context":"https:\/\/schema.org","@graph":[{"@type":"Article","@id":"https:\/\/lagnoticias.com\/2025\/10\/29\/james-rodriguez-dejara-al-leon-esto-es-lo-que-se-sabe\/#article","isPartOf":{"@id":"https:\/\/lagnoticias.com\/2025\/10\/29\/james-rodriguez-dejara-al-leon-esto-es-lo-que-se-sabe\/"},"author":{"name":"Oscar","@id":"https:\/\/lagnoticias.com\/#\/schema\/person\/cb9bfe13f8de05d2c55270be25c6a550"},"headline":"James Rodr\u00edguez dejar\u00e1 al Le\u00f3n: esto es lo que se sabe","datePublished":"2025-10-29T16:47:48+00:00","dateModified":"2025-10-30T16:58:04+00:00","mainEntityOfPage":{"@id":"https:\/\/lagnoticias.com\/2025\/10\/29\/james-rodriguez-dejara-al-leon-esto-es-lo-que-se-sabe\/"},"wordCount":357,"commentCount":0,"image":{"@id":"https:\/\/lagnoticias.com\/2025\/10\/29\/james-rodriguez-dejara-al-leon-esto-es-lo-que-se-sabe\/#primaryimage"},"thumbnailUrl":"https:\/\/lagnoticias.com\/wp-content\/uploads\/2025\/10\/8-8.jpg","keywords":["CLUB LE\u00d3N","COLOMBIA","F\u00daTBOL","JAMES RODR\u00cdGUEZ","M\u00c9XICO"],"articleSection":["DEPORTES"],"inLanguage":"en-US","potentialAction":[{"@type":"CommentAction","name":"Comment","target":["https:\/\/lagnoticias.com\/2025\/10\/29\/james-rodriguez-dejara-al-leon-esto-es-lo-que-se-sabe\/#respond"]}]},{"@type":"WebPage","@id":"https:\/\/lagnoticias.com\/2025\/10\/29\/james-rodriguez-dejara-al-leon-esto-es-lo-que-se-sabe\/","url":"https:\/\/lagnoticias.com\/2025\/10\/29\/james-rodriguez-dejara-al-leon-esto-es-lo-que-se-sabe\/","name":"James Rodr\u00edguez dejar\u00e1 al Le\u00f3n: esto es lo que se sabe - La G Noticias","isPartOf":{"@id":"https:\/\/lagnoticias.com\/#website"},"primaryImageOfPage":{"@id":"https:\/\/lagnoticias.com\/2025\/10\/29\/james-rodriguez-dejara-al-leon-esto-es-lo-que-se-sabe\/#primaryimage"},"image":{"@id":"https:\/\/lagnoticias.com\/2025\/10\/29\/james-rodriguez-dejara-al-leon-esto-es-lo-que-se-sabe\/#primaryimage"},"thumbnailUrl":"https:\/\/lagnoticias.com\/wp-content\/uploads\/2025\/10\/8-8.jpg","datePublished":"2025-10-29T16:47:48+00:00","dateModified":"2025-10-30T16:58:04+00:00","author":{"@id":"https:\/\/lagnoticias.com\/#\/schema\/person\/cb9bfe13f8de05d2c55270be25c6a550"},"breadcrumb":{"@id":"https:\/\/lagnoticias.com\/2025\/10\/29\/james-rodriguez-dejara-al-leon-esto-es-lo-que-se-sabe\/#breadcrumb"},"inLanguage":"en-US","potentialAction":[{"@type":"ReadAction","target":["https:\/\/lagnoticias.com\/2025\/10\/29\/james-rodriguez-dejara-al-leon-esto-es-lo-que-se-sabe\/"]}]},{"@type":"ImageObject","inLanguage":"en-US","@id":"https:\/\/lagnoticias.com\/2025\/10\/29\/james-rodriguez-dejara-al-leon-esto-es-lo-que-se-sabe\/#primaryimage","url":"https:\/\/lagnoticias.com\/wp-content\/uploads\/2025\/10\/8-8.jpg","contentUrl":"https:\/\/lagnoticias.com\/wp-content\/uploads\/2025\/10\/8-8.jpg","width":1300,"height":732},{"@type":"BreadcrumbList","@id":"https:\/\/lagnoticias.com\/2025\/10\/29\/james-rodriguez-dejara-al-leon-esto-es-lo-que-se-sabe\/#breadcrumb","itemListElement":[{"@type":"ListItem","position":1,"name":"Portada","item":"https:\/\/lagnoticias.com\/"},{"@type":"ListItem","position":2,"name":"James Rodr\u00edguez dejar\u00e1 al Le\u00f3n: esto es lo que se sabe"}]},{"@type":"WebSite","@id":"https:\/\/lagnoticias.com\/#website","url":"https:\/\/lagnoticias.com\/","name":"La G Noticias","description":"Noticias Positivas","potentialAction":[{"@type":"SearchAction","target":{"@type":"EntryPoint","urlTemplate":"https:\/\/lagnoticias.com\/?s={search_term_string}"},"query-input":{"@type":"PropertyValueSpecification","valueRequired":true,"valueName":"search_term_string"}}],"inLanguage":"en-US"},{"@type":"Person","@id":"https:\/\/lagnoticias.com\/#\/schema\/person\/cb9bfe13f8de05d2c55270be25c6a550","name":"Oscar","image":{"@type":"ImageObject","inLanguage":"en-US","@id":"https:\/\/secure.gravatar.com\/avatar\/45c195718f652dc7ffdd591dc1f2678956ab7fdadcd359a635edc61304a8c757?s=96&d=mm&r=g","url":"https:\/\/secure.gravatar.com\/avatar\/45c195718f652dc7ffdd591dc1f2678956ab7fdadcd359a635edc61304a8c757?s=96&d=mm&r=g","contentUrl":"https:\/\/secure.gravatar.com\/avatar\/45c195718f652dc7ffdd591dc1f2678956ab7fdadcd359a635edc61304a8c757?s=96&d=mm&r=g","caption":"Oscar"},"url":"https:\/\/lagnoticias.com\/en\/author\/oscar\/"}]}},"_links":{"self":[{"href":"https:\/\/lagnoticias.com\/en\/wp-json\/wp\/v2\/posts\/6483","targetHints":{"allow":["GET"]}}],"collection":[{"href":"https:\/\/lagnoticias.com\/en\/wp-json\/wp\/v2\/posts"}],"about":[{"href":"https:\/\/lagnoticias.com\/en\/wp-json\/wp\/v2\/types\/post"}],"author":[{"embeddable":true,"href":"https:\/\/lagnoticias.com\/en\/wp-json\/wp\/v2\/users\/2"}],"replies":[{"embeddable":true,"href":"https:\/\/lagnoticias.com\/en\/wp-json\/wp\/v2\/comments?post=6483"}],"version-history":[{"count":1,"href":"https:\/\/lagnoticias.com\/en\/wp-json\/wp\/v2\/posts\/6483\/revisions"}],"predecessor-version":[{"id":6485,"href":"https:\/\/lagnoticias.com\/en\/wp-json\/wp\/v2\/posts\/6483\/revisions\/6485"}],"wp:featuredmedia":[{"embeddable":true,"href":"https:\/\/lagnoticias.com\/en\/wp-json\/wp\/v2\/media\/6484"}],"wp:attachment":[{"href":"https:\/\/lagnoticias.com\/en\/wp-json\/wp\/v2\/media?parent=6483"}],"wp:term":[{"taxonomy":"category","embeddable":true,"href":"https:\/\/lagnoticias.com\/en\/wp-json\/wp\/v2\/categories?post=6483"},{"taxonomy":"post_tag","embeddable":true,"href":"https:\/\/lagnoticias.com\/en\/wp-json\/wp\/v2\/tags?post=6483"}],"curies":[{"name":"wp","href":"https:\/\/api.w.org\/{rel}","templated":true}]}}