{"id":6479,"date":"2025-10-29T09:09:01","date_gmt":"2025-10-29T15:09:01","guid":{"rendered":"https:\/\/lagnoticias.com\/?p=6479"},"modified":"2025-10-29T09:09:01","modified_gmt":"2025-10-29T15:09:01","slug":"trump-anuncia-un-acuerdo-comercial-con-corea-del-sur","status":"publish","type":"post","link":"https:\/\/lagnoticias.com\/en\/2025\/10\/29\/trump-anuncia-un-acuerdo-comercial-con-corea-del-sur\/","title":{"rendered":"Trump anuncia un acuerdo comercial con Corea del Sur"},"content":{"rendered":"<p>Estados Unidos&nbsp;y&nbsp;Corea del Sur&nbsp;afirmaron este mi\u00e9rcoles haber finalizado los detalles de un acuerdo comercial tras la reuni\u00f3n entre el presidente estadounidense,&nbsp;Donald Trump, y el surcoreano, Lee Jae-myung.<\/p>\n\n\n\n<p>\u00abHemos llegado a un acuerdo\u00bb, anunci\u00f3 Trump en la ciudad surcoreana de Gyeongju durante una cena con otros mandatarios del Foro de Cooperaci\u00f3n Econ\u00f3mica Asia-Pac\u00edfico (APEC), que celebra all\u00ed su cumbre de l\u00edderes esta semana, aunque luego apostill\u00f3 que el trato estaba \u00abpr\u00e1cticamente finalizado\u00bb.<\/p>\n\n\n\n<p>Kim Yong-beom, el jefe de Gabinete surcoreano para asuntos pol\u00edticos, afirm\u00f3 por su parte en una rueda de prensa que ambos pa\u00edses se pusieron de acuerdo sobre la forma de financiar la inversi\u00f3n de 350.000 millones de d\u00f3lares que Se\u00fal se comprometi\u00f3 a realizar en Estados Unidos para fijar los denominados&nbsp;aranceles&nbsp;rec\u00edprocos de Washington en el 15&nbsp;%. No obstante, se mantendr\u00edan tarifas elevadas sobre los veh\u00edculos.<\/p>\n\n\n\n<h2 class=\"wp-block-heading\">Trump confirma reuni\u00f3n con Xi en Corea<\/h2>\n\n\n\n<p>El presidente estadounidense,&nbsp;en la primera gira asi\u00e1tica de su segundo mandato, confirm\u00f3 previamente su reuni\u00f3n ma\u00f1ana jueves con el presidente chino, Xi Jinping. Trump dijo que espera resolver \u00abmuchos problemas\u00bb cuando se re\u00fana con \u00e9l en Corea del Sur, mientras Pek\u00edn prometi\u00f3 una conversaci\u00f3n \u00abprofunda\u00bb para evitar una escalada en su guerra comercial.<\/p>\n\n\n\n<p>\u00abHemos estado hablando con ellos, no es que vamos a la reuni\u00f3n en fr\u00edo (&#8230;). Creo que habr\u00e1 un buen resultado para nuestro pa\u00eds y para el mundo\u00bb, agreg\u00f3, en referencia probablemente a&nbsp;las negociaciones previas en Malasia.<\/p>\n\n\n\n<p>El presidente estadounidense adelant\u00f3 que espera reducir los aranceles contra China ligados al fentanilo, un opioide sint\u00e9tico asociado con la epidemia de uso de drogas en su pa\u00eds. \u00abCreo que tendremos una gran reuni\u00f3n con el presidente Xi de China y muchos problemas ser\u00e1n resueltos\u00bb, declar\u00f3 Trump mientras se trasladaba a Corea del Sur a bordo del avi\u00f3n presidencial Air Force One.<\/p>\n\n\n\n<p><\/p>\n\n\n\n<p><\/p>\n\n\n\n<p><\/p>\n\n\n\n<p><\/p>\n\n\n\n<p><\/p>\n\n\n\n<p><\/p>\n\n\n\n<p>(DW)<\/p>","protected":false},"excerpt":{"rendered":"<p>El presidente estadounidense se reuni\u00f3 con su par surcoreano, Lee Jae-myung, durante la cumbre del Foro de Cooperaci\u00f3n Econ\u00f3mica Asia-Pac\u00edfico (APEC). Y confirm\u00f3 tambi\u00e9n su encuentro ma\u00f1ana con Xi Jinping.<\/p>","protected":false},"author":2,"featured_media":6480,"comment_status":"open","ping_status":"open","sticky":false,"template":"","format":"standard","meta":{"_et_pb_use_builder":"off","_et_pb_old_content":"","_et_gb_content_width":"","footnotes":""},"categories":[245],"tags":[1092,272,260,347],"class_list":["post-6479","post","type-post","status-publish","format-standard","has-post-thumbnail","hentry","category-internacionales","tag-corea-del-sur","tag-donald-trump","tag-estados-unidos","tag-gobierno-de-estados-unidos"],"yoast_head":"<!-- This site is optimized with the Yoast SEO plugin v27.4 - https:\/\/yoast.com\/product\/yoast-seo-wordpress\/ -->\n<title>Trump anuncia un acuerdo comercial con Corea del Sur - La G Noticias<\/title>\n<meta name=\"robots\" content=\"index, follow, max-snippet:-1, max-image-preview:large, max-video-preview:-1\" \/>\n<link rel=\"canonical\" href=\"https:\/\/lagnoticias.com\/en\/2025\/10\/29\/trump-anuncia-un-acuerdo-comercial-con-corea-del-sur\/\" \/>\n<meta property=\"og:locale\" content=\"en_US\" \/>\n<meta property=\"og:type\" content=\"article\" \/>\n<meta property=\"og:title\" content=\"Trump anuncia un acuerdo comercial con Corea del Sur - La G Noticias\" \/>\n<meta property=\"og:description\" content=\"El presidente estadounidense se reuni\u00f3 con su par surcoreano, Lee Jae-myung, durante la cumbre del Foro de Cooperaci\u00f3n Econ\u00f3mica Asia-Pac\u00edfico (APEC). Y confirm\u00f3 tambi\u00e9n su encuentro ma\u00f1ana con Xi Jinping.\" \/>\n<meta property=\"og:url\" content=\"https:\/\/lagnoticias.com\/en\/2025\/10\/29\/trump-anuncia-un-acuerdo-comercial-con-corea-del-sur\/\" \/>\n<meta property=\"og:site_name\" content=\"La G Noticias\" \/>\n<meta property=\"article:publisher\" content=\"https:\/\/www.facebook.com\/LaGNoticias\" \/>\n<meta property=\"article:published_time\" content=\"2025-10-29T15:09:01+00:00\" \/>\n<meta property=\"og:image\" content=\"https:\/\/lagnoticias.com\/wp-content\/uploads\/2025\/10\/9-7.jpg\" \/>\n\t<meta property=\"og:image:width\" content=\"1042\" \/>\n\t<meta property=\"og:image:height\" content=\"510\" \/>\n\t<meta property=\"og:image:type\" content=\"image\/jpeg\" \/>\n<meta name=\"author\" content=\"Oscar\" \/>\n<meta name=\"twitter:card\" content=\"summary_large_image\" \/>\n<meta name=\"twitter:creator\" content=\"@lagnoticias\" \/>\n<meta name=\"twitter:site\" content=\"@lagnoticias\" \/>\n<meta name=\"twitter:label1\" content=\"Written by\" \/>\n\t<meta name=\"twitter:data1\" content=\"Oscar\" \/>\n\t<meta name=\"twitter:label2\" content=\"Est. reading time\" \/>\n\t<meta name=\"twitter:data2\" content=\"2 minutes\" \/>\n<script type=\"application\/ld+json\" class=\"yoast-schema-graph\">{\"@context\":\"https:\\\/\\\/schema.org\",\"@graph\":[{\"@type\":\"Article\",\"@id\":\"https:\\\/\\\/lagnoticias.com\\\/2025\\\/10\\\/29\\\/trump-anuncia-un-acuerdo-comercial-con-corea-del-sur\\\/#article\",\"isPartOf\":{\"@id\":\"https:\\\/\\\/lagnoticias.com\\\/2025\\\/10\\\/29\\\/trump-anuncia-un-acuerdo-comercial-con-corea-del-sur\\\/\"},\"author\":{\"name\":\"Oscar\",\"@id\":\"https:\\\/\\\/lagnoticias.com\\\/#\\\/schema\\\/person\\\/cb9bfe13f8de05d2c55270be25c6a550\"},\"headline\":\"Trump anuncia un acuerdo comercial con Corea del Sur\",\"datePublished\":\"2025-10-29T15:09:01+00:00\",\"mainEntityOfPage\":{\"@id\":\"https:\\\/\\\/lagnoticias.com\\\/2025\\\/10\\\/29\\\/trump-anuncia-un-acuerdo-comercial-con-corea-del-sur\\\/\"},\"wordCount\":349,\"commentCount\":0,\"image\":{\"@id\":\"https:\\\/\\\/lagnoticias.com\\\/2025\\\/10\\\/29\\\/trump-anuncia-un-acuerdo-comercial-con-corea-del-sur\\\/#primaryimage\"},\"thumbnailUrl\":\"https:\\\/\\\/lagnoticias.com\\\/wp-content\\\/uploads\\\/2025\\\/10\\\/9-7.jpg\",\"keywords\":[\"COREA DEL SUR\",\"DONALD TRUMP\",\"ESTADOS UNIDOS\",\"GOBIERNO DE ESTADOS UNIDOS\"],\"articleSection\":[\"INTERNACIONALES\"],\"inLanguage\":\"en-US\",\"potentialAction\":[{\"@type\":\"CommentAction\",\"name\":\"Comment\",\"target\":[\"https:\\\/\\\/lagnoticias.com\\\/2025\\\/10\\\/29\\\/trump-anuncia-un-acuerdo-comercial-con-corea-del-sur\\\/#respond\"]}]},{\"@type\":\"WebPage\",\"@id\":\"https:\\\/\\\/lagnoticias.com\\\/2025\\\/10\\\/29\\\/trump-anuncia-un-acuerdo-comercial-con-corea-del-sur\\\/\",\"url\":\"https:\\\/\\\/lagnoticias.com\\\/2025\\\/10\\\/29\\\/trump-anuncia-un-acuerdo-comercial-con-corea-del-sur\\\/\",\"name\":\"Trump anuncia un acuerdo comercial con Corea del Sur - La G Noticias\",\"isPartOf\":{\"@id\":\"https:\\\/\\\/lagnoticias.com\\\/#website\"},\"primaryImageOfPage\":{\"@id\":\"https:\\\/\\\/lagnoticias.com\\\/2025\\\/10\\\/29\\\/trump-anuncia-un-acuerdo-comercial-con-corea-del-sur\\\/#primaryimage\"},\"image\":{\"@id\":\"https:\\\/\\\/lagnoticias.com\\\/2025\\\/10\\\/29\\\/trump-anuncia-un-acuerdo-comercial-con-corea-del-sur\\\/#primaryimage\"},\"thumbnailUrl\":\"https:\\\/\\\/lagnoticias.com\\\/wp-content\\\/uploads\\\/2025\\\/10\\\/9-7.jpg\",\"datePublished\":\"2025-10-29T15:09:01+00:00\",\"author\":{\"@id\":\"https:\\\/\\\/lagnoticias.com\\\/#\\\/schema\\\/person\\\/cb9bfe13f8de05d2c55270be25c6a550\"},\"breadcrumb\":{\"@id\":\"https:\\\/\\\/lagnoticias.com\\\/2025\\\/10\\\/29\\\/trump-anuncia-un-acuerdo-comercial-con-corea-del-sur\\\/#breadcrumb\"},\"inLanguage\":\"en-US\",\"potentialAction\":[{\"@type\":\"ReadAction\",\"target\":[\"https:\\\/\\\/lagnoticias.com\\\/2025\\\/10\\\/29\\\/trump-anuncia-un-acuerdo-comercial-con-corea-del-sur\\\/\"]}]},{\"@type\":\"ImageObject\",\"inLanguage\":\"en-US\",\"@id\":\"https:\\\/\\\/lagnoticias.com\\\/2025\\\/10\\\/29\\\/trump-anuncia-un-acuerdo-comercial-con-corea-del-sur\\\/#primaryimage\",\"url\":\"https:\\\/\\\/lagnoticias.com\\\/wp-content\\\/uploads\\\/2025\\\/10\\\/9-7.jpg\",\"contentUrl\":\"https:\\\/\\\/lagnoticias.com\\\/wp-content\\\/uploads\\\/2025\\\/10\\\/9-7.jpg\",\"width\":1042,\"height\":510},{\"@type\":\"BreadcrumbList\",\"@id\":\"https:\\\/\\\/lagnoticias.com\\\/2025\\\/10\\\/29\\\/trump-anuncia-un-acuerdo-comercial-con-corea-del-sur\\\/#breadcrumb\",\"itemListElement\":[{\"@type\":\"ListItem\",\"position\":1,\"name\":\"Portada\",\"item\":\"https:\\\/\\\/lagnoticias.com\\\/\"},{\"@type\":\"ListItem\",\"position\":2,\"name\":\"Trump anuncia un acuerdo comercial con Corea del Sur\"}]},{\"@type\":\"WebSite\",\"@id\":\"https:\\\/\\\/lagnoticias.com\\\/#website\",\"url\":\"https:\\\/\\\/lagnoticias.com\\\/\",\"name\":\"La G Noticias\",\"description\":\"Noticias Positivas\",\"potentialAction\":[{\"@type\":\"SearchAction\",\"target\":{\"@type\":\"EntryPoint\",\"urlTemplate\":\"https:\\\/\\\/lagnoticias.com\\\/?s={search_term_string}\"},\"query-input\":{\"@type\":\"PropertyValueSpecification\",\"valueRequired\":true,\"valueName\":\"search_term_string\"}}],\"inLanguage\":\"en-US\"},{\"@type\":\"Person\",\"@id\":\"https:\\\/\\\/lagnoticias.com\\\/#\\\/schema\\\/person\\\/cb9bfe13f8de05d2c55270be25c6a550\",\"name\":\"Oscar\",\"image\":{\"@type\":\"ImageObject\",\"inLanguage\":\"en-US\",\"@id\":\"https:\\\/\\\/secure.gravatar.com\\\/avatar\\\/45c195718f652dc7ffdd591dc1f2678956ab7fdadcd359a635edc61304a8c757?s=96&d=mm&r=g\",\"url\":\"https:\\\/\\\/secure.gravatar.com\\\/avatar\\\/45c195718f652dc7ffdd591dc1f2678956ab7fdadcd359a635edc61304a8c757?s=96&d=mm&r=g\",\"contentUrl\":\"https:\\\/\\\/secure.gravatar.com\\\/avatar\\\/45c195718f652dc7ffdd591dc1f2678956ab7fdadcd359a635edc61304a8c757?s=96&d=mm&r=g\",\"caption\":\"Oscar\"},\"url\":\"https:\\\/\\\/lagnoticias.com\\\/en\\\/author\\\/oscar\\\/\"}]}<\/script>\n<!-- \/ Yoast SEO plugin. -->","yoast_head_json":{"title":"Trump anuncia un acuerdo comercial con Corea del Sur - La G Noticias","robots":{"index":"index","follow":"follow","max-snippet":"max-snippet:-1","max-image-preview":"max-image-preview:large","max-video-preview":"max-video-preview:-1"},"canonical":"https:\/\/lagnoticias.com\/en\/2025\/10\/29\/trump-anuncia-un-acuerdo-comercial-con-corea-del-sur\/","og_locale":"en_US","og_type":"article","og_title":"Trump anuncia un acuerdo comercial con Corea del Sur - La G Noticias","og_description":"El presidente estadounidense se reuni\u00f3 con su par surcoreano, Lee Jae-myung, durante la cumbre del Foro de Cooperaci\u00f3n Econ\u00f3mica Asia-Pac\u00edfico (APEC). Y confirm\u00f3 tambi\u00e9n su encuentro ma\u00f1ana con Xi Jinping.","og_url":"https:\/\/lagnoticias.com\/en\/2025\/10\/29\/trump-anuncia-un-acuerdo-comercial-con-corea-del-sur\/","og_site_name":"La G Noticias","article_publisher":"https:\/\/www.facebook.com\/LaGNoticias","article_published_time":"2025-10-29T15:09:01+00:00","og_image":[{"width":1042,"height":510,"url":"https:\/\/lagnoticias.com\/wp-content\/uploads\/2025\/10\/9-7.jpg","type":"image\/jpeg"}],"author":"Oscar","twitter_card":"summary_large_image","twitter_creator":"@lagnoticias","twitter_site":"@lagnoticias","twitter_misc":{"Written by":"Oscar","Est. reading time":"2 minutes"},"schema":{"@context":"https:\/\/schema.org","@graph":[{"@type":"Article","@id":"https:\/\/lagnoticias.com\/2025\/10\/29\/trump-anuncia-un-acuerdo-comercial-con-corea-del-sur\/#article","isPartOf":{"@id":"https:\/\/lagnoticias.com\/2025\/10\/29\/trump-anuncia-un-acuerdo-comercial-con-corea-del-sur\/"},"author":{"name":"Oscar","@id":"https:\/\/lagnoticias.com\/#\/schema\/person\/cb9bfe13f8de05d2c55270be25c6a550"},"headline":"Trump anuncia un acuerdo comercial con Corea del Sur","datePublished":"2025-10-29T15:09:01+00:00","mainEntityOfPage":{"@id":"https:\/\/lagnoticias.com\/2025\/10\/29\/trump-anuncia-un-acuerdo-comercial-con-corea-del-sur\/"},"wordCount":349,"commentCount":0,"image":{"@id":"https:\/\/lagnoticias.com\/2025\/10\/29\/trump-anuncia-un-acuerdo-comercial-con-corea-del-sur\/#primaryimage"},"thumbnailUrl":"https:\/\/lagnoticias.com\/wp-content\/uploads\/2025\/10\/9-7.jpg","keywords":["COREA DEL SUR","DONALD TRUMP","ESTADOS UNIDOS","GOBIERNO DE ESTADOS UNIDOS"],"articleSection":["INTERNACIONALES"],"inLanguage":"en-US","potentialAction":[{"@type":"CommentAction","name":"Comment","target":["https:\/\/lagnoticias.com\/2025\/10\/29\/trump-anuncia-un-acuerdo-comercial-con-corea-del-sur\/#respond"]}]},{"@type":"WebPage","@id":"https:\/\/lagnoticias.com\/2025\/10\/29\/trump-anuncia-un-acuerdo-comercial-con-corea-del-sur\/","url":"https:\/\/lagnoticias.com\/2025\/10\/29\/trump-anuncia-un-acuerdo-comercial-con-corea-del-sur\/","name":"Trump anuncia un acuerdo comercial con Corea del Sur - La G Noticias","isPartOf":{"@id":"https:\/\/lagnoticias.com\/#website"},"primaryImageOfPage":{"@id":"https:\/\/lagnoticias.com\/2025\/10\/29\/trump-anuncia-un-acuerdo-comercial-con-corea-del-sur\/#primaryimage"},"image":{"@id":"https:\/\/lagnoticias.com\/2025\/10\/29\/trump-anuncia-un-acuerdo-comercial-con-corea-del-sur\/#primaryimage"},"thumbnailUrl":"https:\/\/lagnoticias.com\/wp-content\/uploads\/2025\/10\/9-7.jpg","datePublished":"2025-10-29T15:09:01+00:00","author":{"@id":"https:\/\/lagnoticias.com\/#\/schema\/person\/cb9bfe13f8de05d2c55270be25c6a550"},"breadcrumb":{"@id":"https:\/\/lagnoticias.com\/2025\/10\/29\/trump-anuncia-un-acuerdo-comercial-con-corea-del-sur\/#breadcrumb"},"inLanguage":"en-US","potentialAction":[{"@type":"ReadAction","target":["https:\/\/lagnoticias.com\/2025\/10\/29\/trump-anuncia-un-acuerdo-comercial-con-corea-del-sur\/"]}]},{"@type":"ImageObject","inLanguage":"en-US","@id":"https:\/\/lagnoticias.com\/2025\/10\/29\/trump-anuncia-un-acuerdo-comercial-con-corea-del-sur\/#primaryimage","url":"https:\/\/lagnoticias.com\/wp-content\/uploads\/2025\/10\/9-7.jpg","contentUrl":"https:\/\/lagnoticias.com\/wp-content\/uploads\/2025\/10\/9-7.jpg","width":1042,"height":510},{"@type":"BreadcrumbList","@id":"https:\/\/lagnoticias.com\/2025\/10\/29\/trump-anuncia-un-acuerdo-comercial-con-corea-del-sur\/#breadcrumb","itemListElement":[{"@type":"ListItem","position":1,"name":"Portada","item":"https:\/\/lagnoticias.com\/"},{"@type":"ListItem","position":2,"name":"Trump anuncia un acuerdo comercial con Corea del Sur"}]},{"@type":"WebSite","@id":"https:\/\/lagnoticias.com\/#website","url":"https:\/\/lagnoticias.com\/","name":"La G Noticias","description":"Noticias Positivas","potentialAction":[{"@type":"SearchAction","target":{"@type":"EntryPoint","urlTemplate":"https:\/\/lagnoticias.com\/?s={search_term_string}"},"query-input":{"@type":"PropertyValueSpecification","valueRequired":true,"valueName":"search_term_string"}}],"inLanguage":"en-US"},{"@type":"Person","@id":"https:\/\/lagnoticias.com\/#\/schema\/person\/cb9bfe13f8de05d2c55270be25c6a550","name":"Oscar","image":{"@type":"ImageObject","inLanguage":"en-US","@id":"https:\/\/secure.gravatar.com\/avatar\/45c195718f652dc7ffdd591dc1f2678956ab7fdadcd359a635edc61304a8c757?s=96&d=mm&r=g","url":"https:\/\/secure.gravatar.com\/avatar\/45c195718f652dc7ffdd591dc1f2678956ab7fdadcd359a635edc61304a8c757?s=96&d=mm&r=g","contentUrl":"https:\/\/secure.gravatar.com\/avatar\/45c195718f652dc7ffdd591dc1f2678956ab7fdadcd359a635edc61304a8c757?s=96&d=mm&r=g","caption":"Oscar"},"url":"https:\/\/lagnoticias.com\/en\/author\/oscar\/"}]}},"_links":{"self":[{"href":"https:\/\/lagnoticias.com\/en\/wp-json\/wp\/v2\/posts\/6479","targetHints":{"allow":["GET"]}}],"collection":[{"href":"https:\/\/lagnoticias.com\/en\/wp-json\/wp\/v2\/posts"}],"about":[{"href":"https:\/\/lagnoticias.com\/en\/wp-json\/wp\/v2\/types\/post"}],"author":[{"embeddable":true,"href":"https:\/\/lagnoticias.com\/en\/wp-json\/wp\/v2\/users\/2"}],"replies":[{"embeddable":true,"href":"https:\/\/lagnoticias.com\/en\/wp-json\/wp\/v2\/comments?post=6479"}],"version-history":[{"count":1,"href":"https:\/\/lagnoticias.com\/en\/wp-json\/wp\/v2\/posts\/6479\/revisions"}],"predecessor-version":[{"id":6481,"href":"https:\/\/lagnoticias.com\/en\/wp-json\/wp\/v2\/posts\/6479\/revisions\/6481"}],"wp:featuredmedia":[{"embeddable":true,"href":"https:\/\/lagnoticias.com\/en\/wp-json\/wp\/v2\/media\/6480"}],"wp:attachment":[{"href":"https:\/\/lagnoticias.com\/en\/wp-json\/wp\/v2\/media?parent=6479"}],"wp:term":[{"taxonomy":"category","embeddable":true,"href":"https:\/\/lagnoticias.com\/en\/wp-json\/wp\/v2\/categories?post=6479"},{"taxonomy":"post_tag","embeddable":true,"href":"https:\/\/lagnoticias.com\/en\/wp-json\/wp\/v2\/tags?post=6479"}],"curies":[{"name":"wp","href":"https:\/\/api.w.org\/{rel}","templated":true}]}}