{"id":6476,"date":"2025-10-29T09:00:52","date_gmt":"2025-10-29T15:00:52","guid":{"rendered":"https:\/\/lagnoticias.com\/?p=6476"},"modified":"2025-10-29T09:00:52","modified_gmt":"2025-10-29T15:00:52","slug":"autoridades-presentan-el-sexto-festival-de-cortos-de-escine-2025","status":"publish","type":"post","link":"https:\/\/lagnoticias.com\/en\/2025\/10\/29\/autoridades-presentan-el-sexto-festival-de-cortos-de-escine-2025\/","title":{"rendered":"Autoridades presentan el sexto Festival de Cortos\u00a0de Escine 2025"},"content":{"rendered":"<p>Los titulares de Cultura, Ra\u00fal Castillo; y de Turismo, Morena Valdez, participaron en la presentaci\u00f3n del sexto Festival de Cortos de la Escuela de Cine y Arte Audiovisual de El Salvador (Escine). El evento, que tuvo lugar en el Palacio Nacional, representa un punto de encuentro entre la tradici\u00f3n cultural y la innovaci\u00f3n art\u00edstica, convirti\u00e9ndose en una vitrina esencial para la nueva generaci\u00f3n de talentos salvadore\u00f1os.<\/p>\n\n\n\n<p>\u201cNos reunimos, hoy, en el Palacio Nacional, un espacio hist\u00f3rico convertido en el s\u00edmbolo de la nueva etapa que vive El Salvador, de recuperaci\u00f3n del patrimonio y del impulso decidido a la creaci\u00f3n art\u00edstica. Presentar ac\u00e1 el Festival de Cortos de la Escuela de Cine y Arte Audiovisual de El Salvador (Escine), cuya sexta edici\u00f3n es bajo el lema \u2018Vivir para contarlo\u2019, tiene un significado profundo; esta actividad representa la fuerza de la creatividad salvadore\u00f1a\u201d, expres\u00f3 el ministro de Cultura.<\/p>\n\n\n\n<p>La fecha de inscripci\u00f3n tiene como fecha l\u00edmite hasta el 28 de noviembre, y abre sus puertas a cineastas emergentes y profesionales, nacionales y salvadore\u00f1os residentes en el exterior.<\/p>\n\n\n\n<p> A partir del 5 de diciembre todos los contenidos se har\u00e1n p\u00fablicos y la audiencia podr\u00e1 votar en las categor\u00edas Premio Escine del p\u00fablico y Premio Popularidad. Las votaciones estar\u00e1n abiertas hasta el d\u00eda 16 de diciembre.\u00a0<\/p>\n\n\n\n<p>\u201cEs un honor abrir este encuentro. Hoy, no solo presentamos la sexta edici\u00f3n del festival, sino la continuidad de una idea que ha crecido y se ha vuelto parte del alma creativa de nuestro pa\u00eds. La idea es que el cine pueda hacerse aqu\u00ed, desde nuestras calles y nuestras voces\u201d, afirm\u00f3 Diego Figueroa, director de Escine, destacando el compromiso con el desarrollo cultural desde la educaci\u00f3n art\u00edstica.<\/p>\n\n\n\n<p>Cada esfuerzo en el \u00e1mbito cultural contribuye a construir una naci\u00f3n orgullosa de su identidad, de su historia y consciente del poder transformador del arte.<\/p>","protected":false},"excerpt":{"rendered":"<p>Los titulares de Cultura, Ra\u00fal Castillo; y de Turismo, Morena Valdez, participaron en la presentaci\u00f3n del sexto Festival de Cortos de la Escuela de Cine y Arte Audiovisual de El Salvador (Escine). El evento, que tuvo lugar en el Palacio Nacional, representa un punto de encuentro entre la tradici\u00f3n cultural y la innovaci\u00f3n art\u00edstica, convirti\u00e9ndose [&hellip;]<\/p>","protected":false},"author":2,"featured_media":6477,"comment_status":"open","ping_status":"open","sticky":false,"template":"","format":"standard","meta":{"_et_pb_use_builder":"off","_et_pb_old_content":"","_et_gb_content_width":"","footnotes":""},"categories":[244],"tags":[447,267,1689,268,653,314],"class_list":["post-6476","post","type-post","status-publish","format-standard","has-post-thumbnail","hentry","category-nacionales","tag-cine","tag-el-salvador","tag-festival-de-cortos-de-escine-2025","tag-gobierno-de-el-salvador","tag-ministerio-de-cultura","tag-mitur"],"yoast_head":"<!-- This site is optimized with the Yoast SEO plugin v27.4 - https:\/\/yoast.com\/product\/yoast-seo-wordpress\/ -->\n<title>Autoridades presentan el sexto Festival de Cortos\u00a0de Escine 2025 - La G Noticias<\/title>\n<meta name=\"robots\" content=\"index, follow, max-snippet:-1, max-image-preview:large, max-video-preview:-1\" \/>\n<link rel=\"canonical\" href=\"https:\/\/lagnoticias.com\/en\/2025\/10\/29\/autoridades-presentan-el-sexto-festival-de-cortos-de-escine-2025\/\" \/>\n<meta property=\"og:locale\" content=\"en_US\" \/>\n<meta property=\"og:type\" content=\"article\" \/>\n<meta property=\"og:title\" content=\"Autoridades presentan el sexto Festival de Cortos\u00a0de Escine 2025 - La G Noticias\" \/>\n<meta property=\"og:description\" content=\"Los titulares de Cultura, Ra\u00fal Castillo; y de Turismo, Morena Valdez, participaron en la presentaci\u00f3n del sexto Festival de Cortos de la Escuela de Cine y Arte Audiovisual de El Salvador (Escine). El evento, que tuvo lugar en el Palacio Nacional, representa un punto de encuentro entre la tradici\u00f3n cultural y la innovaci\u00f3n art\u00edstica, convirti\u00e9ndose [&hellip;]\" \/>\n<meta property=\"og:url\" content=\"https:\/\/lagnoticias.com\/en\/2025\/10\/29\/autoridades-presentan-el-sexto-festival-de-cortos-de-escine-2025\/\" \/>\n<meta property=\"og:site_name\" content=\"La G Noticias\" \/>\n<meta property=\"article:publisher\" content=\"https:\/\/www.facebook.com\/LaGNoticias\" \/>\n<meta property=\"article:published_time\" content=\"2025-10-29T15:00:52+00:00\" \/>\n<meta property=\"og:image\" content=\"https:\/\/lagnoticias.com\/wp-content\/uploads\/2025\/10\/5-8.jpg\" \/>\n\t<meta property=\"og:image:width\" content=\"1520\" \/>\n\t<meta property=\"og:image:height\" content=\"744\" \/>\n\t<meta property=\"og:image:type\" content=\"image\/jpeg\" \/>\n<meta name=\"author\" content=\"Oscar\" \/>\n<meta name=\"twitter:card\" content=\"summary_large_image\" \/>\n<meta name=\"twitter:creator\" content=\"@lagnoticias\" \/>\n<meta name=\"twitter:site\" content=\"@lagnoticias\" \/>\n<meta name=\"twitter:label1\" content=\"Written by\" \/>\n\t<meta name=\"twitter:data1\" content=\"Oscar\" \/>\n\t<meta name=\"twitter:label2\" content=\"Est. reading time\" \/>\n\t<meta name=\"twitter:data2\" content=\"2 minutes\" \/>\n<script type=\"application\/ld+json\" class=\"yoast-schema-graph\">{\"@context\":\"https:\\\/\\\/schema.org\",\"@graph\":[{\"@type\":\"Article\",\"@id\":\"https:\\\/\\\/lagnoticias.com\\\/2025\\\/10\\\/29\\\/autoridades-presentan-el-sexto-festival-de-cortos-de-escine-2025\\\/#article\",\"isPartOf\":{\"@id\":\"https:\\\/\\\/lagnoticias.com\\\/2025\\\/10\\\/29\\\/autoridades-presentan-el-sexto-festival-de-cortos-de-escine-2025\\\/\"},\"author\":{\"name\":\"Oscar\",\"@id\":\"https:\\\/\\\/lagnoticias.com\\\/#\\\/schema\\\/person\\\/cb9bfe13f8de05d2c55270be25c6a550\"},\"headline\":\"Autoridades presentan el sexto Festival de Cortos\u00a0de Escine 2025\",\"datePublished\":\"2025-10-29T15:00:52+00:00\",\"mainEntityOfPage\":{\"@id\":\"https:\\\/\\\/lagnoticias.com\\\/2025\\\/10\\\/29\\\/autoridades-presentan-el-sexto-festival-de-cortos-de-escine-2025\\\/\"},\"wordCount\":339,\"commentCount\":0,\"image\":{\"@id\":\"https:\\\/\\\/lagnoticias.com\\\/2025\\\/10\\\/29\\\/autoridades-presentan-el-sexto-festival-de-cortos-de-escine-2025\\\/#primaryimage\"},\"thumbnailUrl\":\"https:\\\/\\\/lagnoticias.com\\\/wp-content\\\/uploads\\\/2025\\\/10\\\/5-8.jpg\",\"keywords\":[\"CINE\",\"EL SALVADOR\",\"Festival de Cortos\u00a0de Escine 2025\",\"GOBIERNO DE EL SALVADOR\",\"MINISTERIO DE CULTURA\",\"MITUR\"],\"articleSection\":[\"NACIONALES\"],\"inLanguage\":\"en-US\",\"potentialAction\":[{\"@type\":\"CommentAction\",\"name\":\"Comment\",\"target\":[\"https:\\\/\\\/lagnoticias.com\\\/2025\\\/10\\\/29\\\/autoridades-presentan-el-sexto-festival-de-cortos-de-escine-2025\\\/#respond\"]}]},{\"@type\":\"WebPage\",\"@id\":\"https:\\\/\\\/lagnoticias.com\\\/2025\\\/10\\\/29\\\/autoridades-presentan-el-sexto-festival-de-cortos-de-escine-2025\\\/\",\"url\":\"https:\\\/\\\/lagnoticias.com\\\/2025\\\/10\\\/29\\\/autoridades-presentan-el-sexto-festival-de-cortos-de-escine-2025\\\/\",\"name\":\"Autoridades presentan el sexto Festival de Cortos\u00a0de Escine 2025 - La G Noticias\",\"isPartOf\":{\"@id\":\"https:\\\/\\\/lagnoticias.com\\\/#website\"},\"primaryImageOfPage\":{\"@id\":\"https:\\\/\\\/lagnoticias.com\\\/2025\\\/10\\\/29\\\/autoridades-presentan-el-sexto-festival-de-cortos-de-escine-2025\\\/#primaryimage\"},\"image\":{\"@id\":\"https:\\\/\\\/lagnoticias.com\\\/2025\\\/10\\\/29\\\/autoridades-presentan-el-sexto-festival-de-cortos-de-escine-2025\\\/#primaryimage\"},\"thumbnailUrl\":\"https:\\\/\\\/lagnoticias.com\\\/wp-content\\\/uploads\\\/2025\\\/10\\\/5-8.jpg\",\"datePublished\":\"2025-10-29T15:00:52+00:00\",\"author\":{\"@id\":\"https:\\\/\\\/lagnoticias.com\\\/#\\\/schema\\\/person\\\/cb9bfe13f8de05d2c55270be25c6a550\"},\"breadcrumb\":{\"@id\":\"https:\\\/\\\/lagnoticias.com\\\/2025\\\/10\\\/29\\\/autoridades-presentan-el-sexto-festival-de-cortos-de-escine-2025\\\/#breadcrumb\"},\"inLanguage\":\"en-US\",\"potentialAction\":[{\"@type\":\"ReadAction\",\"target\":[\"https:\\\/\\\/lagnoticias.com\\\/2025\\\/10\\\/29\\\/autoridades-presentan-el-sexto-festival-de-cortos-de-escine-2025\\\/\"]}]},{\"@type\":\"ImageObject\",\"inLanguage\":\"en-US\",\"@id\":\"https:\\\/\\\/lagnoticias.com\\\/2025\\\/10\\\/29\\\/autoridades-presentan-el-sexto-festival-de-cortos-de-escine-2025\\\/#primaryimage\",\"url\":\"https:\\\/\\\/lagnoticias.com\\\/wp-content\\\/uploads\\\/2025\\\/10\\\/5-8.jpg\",\"contentUrl\":\"https:\\\/\\\/lagnoticias.com\\\/wp-content\\\/uploads\\\/2025\\\/10\\\/5-8.jpg\",\"width\":1520,\"height\":744},{\"@type\":\"BreadcrumbList\",\"@id\":\"https:\\\/\\\/lagnoticias.com\\\/2025\\\/10\\\/29\\\/autoridades-presentan-el-sexto-festival-de-cortos-de-escine-2025\\\/#breadcrumb\",\"itemListElement\":[{\"@type\":\"ListItem\",\"position\":1,\"name\":\"Portada\",\"item\":\"https:\\\/\\\/lagnoticias.com\\\/\"},{\"@type\":\"ListItem\",\"position\":2,\"name\":\"Autoridades presentan el sexto Festival de Cortos\u00a0de Escine 2025\"}]},{\"@type\":\"WebSite\",\"@id\":\"https:\\\/\\\/lagnoticias.com\\\/#website\",\"url\":\"https:\\\/\\\/lagnoticias.com\\\/\",\"name\":\"La G Noticias\",\"description\":\"Noticias Positivas\",\"potentialAction\":[{\"@type\":\"SearchAction\",\"target\":{\"@type\":\"EntryPoint\",\"urlTemplate\":\"https:\\\/\\\/lagnoticias.com\\\/?s={search_term_string}\"},\"query-input\":{\"@type\":\"PropertyValueSpecification\",\"valueRequired\":true,\"valueName\":\"search_term_string\"}}],\"inLanguage\":\"en-US\"},{\"@type\":\"Person\",\"@id\":\"https:\\\/\\\/lagnoticias.com\\\/#\\\/schema\\\/person\\\/cb9bfe13f8de05d2c55270be25c6a550\",\"name\":\"Oscar\",\"image\":{\"@type\":\"ImageObject\",\"inLanguage\":\"en-US\",\"@id\":\"https:\\\/\\\/secure.gravatar.com\\\/avatar\\\/45c195718f652dc7ffdd591dc1f2678956ab7fdadcd359a635edc61304a8c757?s=96&d=mm&r=g\",\"url\":\"https:\\\/\\\/secure.gravatar.com\\\/avatar\\\/45c195718f652dc7ffdd591dc1f2678956ab7fdadcd359a635edc61304a8c757?s=96&d=mm&r=g\",\"contentUrl\":\"https:\\\/\\\/secure.gravatar.com\\\/avatar\\\/45c195718f652dc7ffdd591dc1f2678956ab7fdadcd359a635edc61304a8c757?s=96&d=mm&r=g\",\"caption\":\"Oscar\"},\"url\":\"https:\\\/\\\/lagnoticias.com\\\/en\\\/author\\\/oscar\\\/\"}]}<\/script>\n<!-- \/ Yoast SEO plugin. -->","yoast_head_json":{"title":"Autoridades presentan el sexto Festival de Cortos\u00a0de Escine 2025 - La G Noticias","robots":{"index":"index","follow":"follow","max-snippet":"max-snippet:-1","max-image-preview":"max-image-preview:large","max-video-preview":"max-video-preview:-1"},"canonical":"https:\/\/lagnoticias.com\/en\/2025\/10\/29\/autoridades-presentan-el-sexto-festival-de-cortos-de-escine-2025\/","og_locale":"en_US","og_type":"article","og_title":"Autoridades presentan el sexto Festival de Cortos\u00a0de Escine 2025 - La G Noticias","og_description":"Los titulares de Cultura, Ra\u00fal Castillo; y de Turismo, Morena Valdez, participaron en la presentaci\u00f3n del sexto Festival de Cortos de la Escuela de Cine y Arte Audiovisual de El Salvador (Escine). El evento, que tuvo lugar en el Palacio Nacional, representa un punto de encuentro entre la tradici\u00f3n cultural y la innovaci\u00f3n art\u00edstica, convirti\u00e9ndose [&hellip;]","og_url":"https:\/\/lagnoticias.com\/en\/2025\/10\/29\/autoridades-presentan-el-sexto-festival-de-cortos-de-escine-2025\/","og_site_name":"La G Noticias","article_publisher":"https:\/\/www.facebook.com\/LaGNoticias","article_published_time":"2025-10-29T15:00:52+00:00","og_image":[{"width":1520,"height":744,"url":"https:\/\/lagnoticias.com\/wp-content\/uploads\/2025\/10\/5-8.jpg","type":"image\/jpeg"}],"author":"Oscar","twitter_card":"summary_large_image","twitter_creator":"@lagnoticias","twitter_site":"@lagnoticias","twitter_misc":{"Written by":"Oscar","Est. reading time":"2 minutes"},"schema":{"@context":"https:\/\/schema.org","@graph":[{"@type":"Article","@id":"https:\/\/lagnoticias.com\/2025\/10\/29\/autoridades-presentan-el-sexto-festival-de-cortos-de-escine-2025\/#article","isPartOf":{"@id":"https:\/\/lagnoticias.com\/2025\/10\/29\/autoridades-presentan-el-sexto-festival-de-cortos-de-escine-2025\/"},"author":{"name":"Oscar","@id":"https:\/\/lagnoticias.com\/#\/schema\/person\/cb9bfe13f8de05d2c55270be25c6a550"},"headline":"Autoridades presentan el sexto Festival de Cortos\u00a0de Escine 2025","datePublished":"2025-10-29T15:00:52+00:00","mainEntityOfPage":{"@id":"https:\/\/lagnoticias.com\/2025\/10\/29\/autoridades-presentan-el-sexto-festival-de-cortos-de-escine-2025\/"},"wordCount":339,"commentCount":0,"image":{"@id":"https:\/\/lagnoticias.com\/2025\/10\/29\/autoridades-presentan-el-sexto-festival-de-cortos-de-escine-2025\/#primaryimage"},"thumbnailUrl":"https:\/\/lagnoticias.com\/wp-content\/uploads\/2025\/10\/5-8.jpg","keywords":["CINE","EL SALVADOR","Festival de Cortos\u00a0de Escine 2025","GOBIERNO DE EL SALVADOR","MINISTERIO DE CULTURA","MITUR"],"articleSection":["NACIONALES"],"inLanguage":"en-US","potentialAction":[{"@type":"CommentAction","name":"Comment","target":["https:\/\/lagnoticias.com\/2025\/10\/29\/autoridades-presentan-el-sexto-festival-de-cortos-de-escine-2025\/#respond"]}]},{"@type":"WebPage","@id":"https:\/\/lagnoticias.com\/2025\/10\/29\/autoridades-presentan-el-sexto-festival-de-cortos-de-escine-2025\/","url":"https:\/\/lagnoticias.com\/2025\/10\/29\/autoridades-presentan-el-sexto-festival-de-cortos-de-escine-2025\/","name":"Autoridades presentan el sexto Festival de Cortos\u00a0de Escine 2025 - La G Noticias","isPartOf":{"@id":"https:\/\/lagnoticias.com\/#website"},"primaryImageOfPage":{"@id":"https:\/\/lagnoticias.com\/2025\/10\/29\/autoridades-presentan-el-sexto-festival-de-cortos-de-escine-2025\/#primaryimage"},"image":{"@id":"https:\/\/lagnoticias.com\/2025\/10\/29\/autoridades-presentan-el-sexto-festival-de-cortos-de-escine-2025\/#primaryimage"},"thumbnailUrl":"https:\/\/lagnoticias.com\/wp-content\/uploads\/2025\/10\/5-8.jpg","datePublished":"2025-10-29T15:00:52+00:00","author":{"@id":"https:\/\/lagnoticias.com\/#\/schema\/person\/cb9bfe13f8de05d2c55270be25c6a550"},"breadcrumb":{"@id":"https:\/\/lagnoticias.com\/2025\/10\/29\/autoridades-presentan-el-sexto-festival-de-cortos-de-escine-2025\/#breadcrumb"},"inLanguage":"en-US","potentialAction":[{"@type":"ReadAction","target":["https:\/\/lagnoticias.com\/2025\/10\/29\/autoridades-presentan-el-sexto-festival-de-cortos-de-escine-2025\/"]}]},{"@type":"ImageObject","inLanguage":"en-US","@id":"https:\/\/lagnoticias.com\/2025\/10\/29\/autoridades-presentan-el-sexto-festival-de-cortos-de-escine-2025\/#primaryimage","url":"https:\/\/lagnoticias.com\/wp-content\/uploads\/2025\/10\/5-8.jpg","contentUrl":"https:\/\/lagnoticias.com\/wp-content\/uploads\/2025\/10\/5-8.jpg","width":1520,"height":744},{"@type":"BreadcrumbList","@id":"https:\/\/lagnoticias.com\/2025\/10\/29\/autoridades-presentan-el-sexto-festival-de-cortos-de-escine-2025\/#breadcrumb","itemListElement":[{"@type":"ListItem","position":1,"name":"Portada","item":"https:\/\/lagnoticias.com\/"},{"@type":"ListItem","position":2,"name":"Autoridades presentan el sexto Festival de Cortos\u00a0de Escine 2025"}]},{"@type":"WebSite","@id":"https:\/\/lagnoticias.com\/#website","url":"https:\/\/lagnoticias.com\/","name":"La G Noticias","description":"Noticias Positivas","potentialAction":[{"@type":"SearchAction","target":{"@type":"EntryPoint","urlTemplate":"https:\/\/lagnoticias.com\/?s={search_term_string}"},"query-input":{"@type":"PropertyValueSpecification","valueRequired":true,"valueName":"search_term_string"}}],"inLanguage":"en-US"},{"@type":"Person","@id":"https:\/\/lagnoticias.com\/#\/schema\/person\/cb9bfe13f8de05d2c55270be25c6a550","name":"Oscar","image":{"@type":"ImageObject","inLanguage":"en-US","@id":"https:\/\/secure.gravatar.com\/avatar\/45c195718f652dc7ffdd591dc1f2678956ab7fdadcd359a635edc61304a8c757?s=96&d=mm&r=g","url":"https:\/\/secure.gravatar.com\/avatar\/45c195718f652dc7ffdd591dc1f2678956ab7fdadcd359a635edc61304a8c757?s=96&d=mm&r=g","contentUrl":"https:\/\/secure.gravatar.com\/avatar\/45c195718f652dc7ffdd591dc1f2678956ab7fdadcd359a635edc61304a8c757?s=96&d=mm&r=g","caption":"Oscar"},"url":"https:\/\/lagnoticias.com\/en\/author\/oscar\/"}]}},"_links":{"self":[{"href":"https:\/\/lagnoticias.com\/en\/wp-json\/wp\/v2\/posts\/6476","targetHints":{"allow":["GET"]}}],"collection":[{"href":"https:\/\/lagnoticias.com\/en\/wp-json\/wp\/v2\/posts"}],"about":[{"href":"https:\/\/lagnoticias.com\/en\/wp-json\/wp\/v2\/types\/post"}],"author":[{"embeddable":true,"href":"https:\/\/lagnoticias.com\/en\/wp-json\/wp\/v2\/users\/2"}],"replies":[{"embeddable":true,"href":"https:\/\/lagnoticias.com\/en\/wp-json\/wp\/v2\/comments?post=6476"}],"version-history":[{"count":1,"href":"https:\/\/lagnoticias.com\/en\/wp-json\/wp\/v2\/posts\/6476\/revisions"}],"predecessor-version":[{"id":6478,"href":"https:\/\/lagnoticias.com\/en\/wp-json\/wp\/v2\/posts\/6476\/revisions\/6478"}],"wp:featuredmedia":[{"embeddable":true,"href":"https:\/\/lagnoticias.com\/en\/wp-json\/wp\/v2\/media\/6477"}],"wp:attachment":[{"href":"https:\/\/lagnoticias.com\/en\/wp-json\/wp\/v2\/media?parent=6476"}],"wp:term":[{"taxonomy":"category","embeddable":true,"href":"https:\/\/lagnoticias.com\/en\/wp-json\/wp\/v2\/categories?post=6476"},{"taxonomy":"post_tag","embeddable":true,"href":"https:\/\/lagnoticias.com\/en\/wp-json\/wp\/v2\/tags?post=6476"}],"curies":[{"name":"wp","href":"https:\/\/api.w.org\/{rel}","templated":true}]}}