{"id":6472,"date":"2025-10-29T08:48:32","date_gmt":"2025-10-29T14:48:32","guid":{"rendered":"https:\/\/lagnoticias.com\/?p=6472"},"modified":"2025-10-30T10:58:10","modified_gmt":"2025-10-30T16:58:10","slug":"conamype-capacita-a-126-emprendedoras-con-el-diplomado-mujer-y-negocios","status":"publish","type":"post","link":"https:\/\/lagnoticias.com\/en\/2025\/10\/29\/conamype-capacita-a-126-emprendedoras-con-el-diplomado-mujer-y-negocios\/","title":{"rendered":"Conamype capacita a 126 emprendedoras con el diplomado \u201cMujer y Negocios\u201d"},"content":{"rendered":"<p>La Comisi\u00f3n Nacional de la Micro y Peque\u00f1a Empresa (Conamype), en coordinaci\u00f3n con el Instituto Salvadore\u00f1o para el Desarrollo de la Mujer (Isdemu) y la Agencia de El Salvador para la Cooperaci\u00f3n Internacional (Esco) del Ministerio de Relaciones Exteriores realizaron el acto de graduaci\u00f3n del diplomado \u201cMujer y Negocios\u201d. Se trata de 126 emprendedoras de 11 municipios priorizados.<\/p>\n\n\n\n<p>El presidente de Conamype, Paul Steiner, destaca la importancia que las herramientas de aprendizaje tienen para el trabajo de las emprendedoras. \u201cLo que nosotros hemos podido entregar gracias a la iniciativa del presidente Bukele, el apoyo de la Uni\u00f3n Europea y las numerosas personas que han participado en llevarles este conocimiento, es para que ustedes lo transformen en empoderamiento\u201d, destaca.&nbsp;<\/p>\n\n\n\n<p><\/p>\n\n\n\n<figure class=\"wp-block-image aligncenter size-large\"><img loading=\"lazy\" decoding=\"async\" width=\"1024\" height=\"683\" src=\"https:\/\/lagnoticias.com\/wp-content\/uploads\/2025\/10\/SAVP4069-1024x683.jpg\" alt=\"\" class=\"wp-image-6474\" srcset=\"https:\/\/lagnoticias.com\/wp-content\/uploads\/2025\/10\/SAVP4069-980x653.jpg 980w, https:\/\/lagnoticias.com\/wp-content\/uploads\/2025\/10\/SAVP4069-480x320.jpg 480w\" sizes=\"(min-width: 0px) and (max-width: 480px) 480px, (min-width: 481px) and (max-width: 980px) 980px, (min-width: 981px) 1024px, 100vw\" \/><\/figure>\n\n\n\n<p><\/p>\n\n\n\n<p>Este proyecto se realiza con el apoyo de la Uni\u00f3n Europea y la Agencia Espa\u00f1ola de Cooperaci\u00f3n Internacional para el Desarrollo (AECID) con el objetivo de capacitar a mujeres jefas de hogar o madres solteras que cuentan con emprendimientos en marcha en diversos sectores, para que puedan generar mayores oportunidades de negocio.&nbsp;<\/p>\n\n\n\n<p>\u201cComo Uni\u00f3n Europea creemos que empoderar a las mujeres es clave para construir una sociedad m\u00e1s justa e igualitaria. Trabajamos para impulsar emprendimientos como los suyos liderados por mujeres, conect\u00e1ndolas con las oportunidades del mercado, fortalecer su autoestima, liderazgo y conocimiento de sus derechos\u201d, expres\u00f3 la encargada de Asuntos de Cooperaci\u00f3n de la delegaci\u00f3n de la Uni\u00f3n Europea en El Salvador, Evangelina Blanco.<\/p>","protected":false},"excerpt":{"rendered":"<p>La Comisi\u00f3n Nacional de la Micro y Peque\u00f1a Empresa (Conamype), en coordinaci\u00f3n con el Instituto Salvadore\u00f1o para el Desarrollo de la Mujer (Isdemu) y la Agencia de El Salvador para la Cooperaci\u00f3n Internacional (Esco) del Ministerio de Relaciones Exteriores realizaron el acto de graduaci\u00f3n del diplomado \u201cMujer y Negocios\u201d. Se trata de 126 emprendedoras de [&hellip;]<\/p>","protected":false},"author":2,"featured_media":6473,"comment_status":"open","ping_status":"open","sticky":false,"template":"","format":"standard","meta":{"_et_pb_use_builder":"off","_et_pb_old_content":"","_et_gb_content_width":"","footnotes":""},"categories":[244],"tags":[],"class_list":["post-6472","post","type-post","status-publish","format-standard","has-post-thumbnail","hentry","category-nacionales"],"yoast_head":"<!-- This site is optimized with the Yoast SEO plugin v27.4 - https:\/\/yoast.com\/product\/yoast-seo-wordpress\/ -->\n<title>Conamype capacita a 126 emprendedoras con el diplomado \u201cMujer y Negocios\u201d - La G Noticias<\/title>\n<meta name=\"robots\" content=\"index, follow, max-snippet:-1, max-image-preview:large, max-video-preview:-1\" \/>\n<link rel=\"canonical\" href=\"https:\/\/lagnoticias.com\/en\/2025\/10\/29\/conamype-capacita-a-126-emprendedoras-con-el-diplomado-mujer-y-negocios\/\" \/>\n<meta property=\"og:locale\" content=\"en_US\" \/>\n<meta property=\"og:type\" content=\"article\" \/>\n<meta property=\"og:title\" content=\"Conamype capacita a 126 emprendedoras con el diplomado \u201cMujer y Negocios\u201d - La G Noticias\" \/>\n<meta property=\"og:description\" content=\"La Comisi\u00f3n Nacional de la Micro y Peque\u00f1a Empresa (Conamype), en coordinaci\u00f3n con el Instituto Salvadore\u00f1o para el Desarrollo de la Mujer (Isdemu) y la Agencia de El Salvador para la Cooperaci\u00f3n Internacional (Esco) del Ministerio de Relaciones Exteriores realizaron el acto de graduaci\u00f3n del diplomado \u201cMujer y Negocios\u201d. Se trata de 126 emprendedoras de [&hellip;]\" \/>\n<meta property=\"og:url\" content=\"https:\/\/lagnoticias.com\/en\/2025\/10\/29\/conamype-capacita-a-126-emprendedoras-con-el-diplomado-mujer-y-negocios\/\" \/>\n<meta property=\"og:site_name\" content=\"La G Noticias\" \/>\n<meta property=\"article:publisher\" content=\"https:\/\/www.facebook.com\/LaGNoticias\" \/>\n<meta property=\"article:published_time\" content=\"2025-10-29T14:48:32+00:00\" \/>\n<meta property=\"article:modified_time\" content=\"2025-10-30T16:58:10+00:00\" \/>\n<meta property=\"og:image\" content=\"https:\/\/lagnoticias.com\/wp-content\/uploads\/2025\/10\/4-9.jpg\" \/>\n\t<meta property=\"og:image:width\" content=\"1536\" \/>\n\t<meta property=\"og:image:height\" content=\"870\" \/>\n\t<meta property=\"og:image:type\" content=\"image\/jpeg\" \/>\n<meta name=\"author\" content=\"Oscar\" \/>\n<meta name=\"twitter:card\" content=\"summary_large_image\" \/>\n<meta name=\"twitter:creator\" content=\"@lagnoticias\" \/>\n<meta name=\"twitter:site\" content=\"@lagnoticias\" \/>\n<meta name=\"twitter:label1\" content=\"Written by\" \/>\n\t<meta name=\"twitter:data1\" content=\"Oscar\" \/>\n\t<meta name=\"twitter:label2\" content=\"Est. reading time\" \/>\n\t<meta name=\"twitter:data2\" content=\"2 minutes\" \/>\n<script type=\"application\/ld+json\" class=\"yoast-schema-graph\">{\"@context\":\"https:\\\/\\\/schema.org\",\"@graph\":[{\"@type\":\"Article\",\"@id\":\"https:\\\/\\\/lagnoticias.com\\\/2025\\\/10\\\/29\\\/conamype-capacita-a-126-emprendedoras-con-el-diplomado-mujer-y-negocios\\\/#article\",\"isPartOf\":{\"@id\":\"https:\\\/\\\/lagnoticias.com\\\/2025\\\/10\\\/29\\\/conamype-capacita-a-126-emprendedoras-con-el-diplomado-mujer-y-negocios\\\/\"},\"author\":{\"name\":\"Oscar\",\"@id\":\"https:\\\/\\\/lagnoticias.com\\\/#\\\/schema\\\/person\\\/cb9bfe13f8de05d2c55270be25c6a550\"},\"headline\":\"Conamype capacita a 126 emprendedoras con el diplomado \u201cMujer y Negocios\u201d\",\"datePublished\":\"2025-10-29T14:48:32+00:00\",\"dateModified\":\"2025-10-30T16:58:10+00:00\",\"mainEntityOfPage\":{\"@id\":\"https:\\\/\\\/lagnoticias.com\\\/2025\\\/10\\\/29\\\/conamype-capacita-a-126-emprendedoras-con-el-diplomado-mujer-y-negocios\\\/\"},\"wordCount\":259,\"commentCount\":0,\"image\":{\"@id\":\"https:\\\/\\\/lagnoticias.com\\\/2025\\\/10\\\/29\\\/conamype-capacita-a-126-emprendedoras-con-el-diplomado-mujer-y-negocios\\\/#primaryimage\"},\"thumbnailUrl\":\"https:\\\/\\\/lagnoticias.com\\\/wp-content\\\/uploads\\\/2025\\\/10\\\/4-9.jpg\",\"articleSection\":[\"NACIONALES\"],\"inLanguage\":\"en-US\",\"potentialAction\":[{\"@type\":\"CommentAction\",\"name\":\"Comment\",\"target\":[\"https:\\\/\\\/lagnoticias.com\\\/2025\\\/10\\\/29\\\/conamype-capacita-a-126-emprendedoras-con-el-diplomado-mujer-y-negocios\\\/#respond\"]}]},{\"@type\":\"WebPage\",\"@id\":\"https:\\\/\\\/lagnoticias.com\\\/2025\\\/10\\\/29\\\/conamype-capacita-a-126-emprendedoras-con-el-diplomado-mujer-y-negocios\\\/\",\"url\":\"https:\\\/\\\/lagnoticias.com\\\/2025\\\/10\\\/29\\\/conamype-capacita-a-126-emprendedoras-con-el-diplomado-mujer-y-negocios\\\/\",\"name\":\"Conamype capacita a 126 emprendedoras con el diplomado \u201cMujer y Negocios\u201d - La G Noticias\",\"isPartOf\":{\"@id\":\"https:\\\/\\\/lagnoticias.com\\\/#website\"},\"primaryImageOfPage\":{\"@id\":\"https:\\\/\\\/lagnoticias.com\\\/2025\\\/10\\\/29\\\/conamype-capacita-a-126-emprendedoras-con-el-diplomado-mujer-y-negocios\\\/#primaryimage\"},\"image\":{\"@id\":\"https:\\\/\\\/lagnoticias.com\\\/2025\\\/10\\\/29\\\/conamype-capacita-a-126-emprendedoras-con-el-diplomado-mujer-y-negocios\\\/#primaryimage\"},\"thumbnailUrl\":\"https:\\\/\\\/lagnoticias.com\\\/wp-content\\\/uploads\\\/2025\\\/10\\\/4-9.jpg\",\"datePublished\":\"2025-10-29T14:48:32+00:00\",\"dateModified\":\"2025-10-30T16:58:10+00:00\",\"author\":{\"@id\":\"https:\\\/\\\/lagnoticias.com\\\/#\\\/schema\\\/person\\\/cb9bfe13f8de05d2c55270be25c6a550\"},\"breadcrumb\":{\"@id\":\"https:\\\/\\\/lagnoticias.com\\\/2025\\\/10\\\/29\\\/conamype-capacita-a-126-emprendedoras-con-el-diplomado-mujer-y-negocios\\\/#breadcrumb\"},\"inLanguage\":\"en-US\",\"potentialAction\":[{\"@type\":\"ReadAction\",\"target\":[\"https:\\\/\\\/lagnoticias.com\\\/2025\\\/10\\\/29\\\/conamype-capacita-a-126-emprendedoras-con-el-diplomado-mujer-y-negocios\\\/\"]}]},{\"@type\":\"ImageObject\",\"inLanguage\":\"en-US\",\"@id\":\"https:\\\/\\\/lagnoticias.com\\\/2025\\\/10\\\/29\\\/conamype-capacita-a-126-emprendedoras-con-el-diplomado-mujer-y-negocios\\\/#primaryimage\",\"url\":\"https:\\\/\\\/lagnoticias.com\\\/wp-content\\\/uploads\\\/2025\\\/10\\\/4-9.jpg\",\"contentUrl\":\"https:\\\/\\\/lagnoticias.com\\\/wp-content\\\/uploads\\\/2025\\\/10\\\/4-9.jpg\",\"width\":1536,\"height\":870},{\"@type\":\"BreadcrumbList\",\"@id\":\"https:\\\/\\\/lagnoticias.com\\\/2025\\\/10\\\/29\\\/conamype-capacita-a-126-emprendedoras-con-el-diplomado-mujer-y-negocios\\\/#breadcrumb\",\"itemListElement\":[{\"@type\":\"ListItem\",\"position\":1,\"name\":\"Portada\",\"item\":\"https:\\\/\\\/lagnoticias.com\\\/\"},{\"@type\":\"ListItem\",\"position\":2,\"name\":\"Conamype capacita a 126 emprendedoras con el diplomado \u201cMujer y Negocios\u201d\"}]},{\"@type\":\"WebSite\",\"@id\":\"https:\\\/\\\/lagnoticias.com\\\/#website\",\"url\":\"https:\\\/\\\/lagnoticias.com\\\/\",\"name\":\"La G Noticias\",\"description\":\"Noticias Positivas\",\"potentialAction\":[{\"@type\":\"SearchAction\",\"target\":{\"@type\":\"EntryPoint\",\"urlTemplate\":\"https:\\\/\\\/lagnoticias.com\\\/?s={search_term_string}\"},\"query-input\":{\"@type\":\"PropertyValueSpecification\",\"valueRequired\":true,\"valueName\":\"search_term_string\"}}],\"inLanguage\":\"en-US\"},{\"@type\":\"Person\",\"@id\":\"https:\\\/\\\/lagnoticias.com\\\/#\\\/schema\\\/person\\\/cb9bfe13f8de05d2c55270be25c6a550\",\"name\":\"Oscar\",\"image\":{\"@type\":\"ImageObject\",\"inLanguage\":\"en-US\",\"@id\":\"https:\\\/\\\/secure.gravatar.com\\\/avatar\\\/45c195718f652dc7ffdd591dc1f2678956ab7fdadcd359a635edc61304a8c757?s=96&d=mm&r=g\",\"url\":\"https:\\\/\\\/secure.gravatar.com\\\/avatar\\\/45c195718f652dc7ffdd591dc1f2678956ab7fdadcd359a635edc61304a8c757?s=96&d=mm&r=g\",\"contentUrl\":\"https:\\\/\\\/secure.gravatar.com\\\/avatar\\\/45c195718f652dc7ffdd591dc1f2678956ab7fdadcd359a635edc61304a8c757?s=96&d=mm&r=g\",\"caption\":\"Oscar\"},\"url\":\"https:\\\/\\\/lagnoticias.com\\\/en\\\/author\\\/oscar\\\/\"}]}<\/script>\n<!-- \/ Yoast SEO plugin. -->","yoast_head_json":{"title":"Conamype capacita a 126 emprendedoras con el diplomado \u201cMujer y Negocios\u201d - La G Noticias","robots":{"index":"index","follow":"follow","max-snippet":"max-snippet:-1","max-image-preview":"max-image-preview:large","max-video-preview":"max-video-preview:-1"},"canonical":"https:\/\/lagnoticias.com\/en\/2025\/10\/29\/conamype-capacita-a-126-emprendedoras-con-el-diplomado-mujer-y-negocios\/","og_locale":"en_US","og_type":"article","og_title":"Conamype capacita a 126 emprendedoras con el diplomado \u201cMujer y Negocios\u201d - La G Noticias","og_description":"La Comisi\u00f3n Nacional de la Micro y Peque\u00f1a Empresa (Conamype), en coordinaci\u00f3n con el Instituto Salvadore\u00f1o para el Desarrollo de la Mujer (Isdemu) y la Agencia de El Salvador para la Cooperaci\u00f3n Internacional (Esco) del Ministerio de Relaciones Exteriores realizaron el acto de graduaci\u00f3n del diplomado \u201cMujer y Negocios\u201d. Se trata de 126 emprendedoras de [&hellip;]","og_url":"https:\/\/lagnoticias.com\/en\/2025\/10\/29\/conamype-capacita-a-126-emprendedoras-con-el-diplomado-mujer-y-negocios\/","og_site_name":"La G Noticias","article_publisher":"https:\/\/www.facebook.com\/LaGNoticias","article_published_time":"2025-10-29T14:48:32+00:00","article_modified_time":"2025-10-30T16:58:10+00:00","og_image":[{"width":1536,"height":870,"url":"https:\/\/lagnoticias.com\/wp-content\/uploads\/2025\/10\/4-9.jpg","type":"image\/jpeg"}],"author":"Oscar","twitter_card":"summary_large_image","twitter_creator":"@lagnoticias","twitter_site":"@lagnoticias","twitter_misc":{"Written by":"Oscar","Est. reading time":"2 minutes"},"schema":{"@context":"https:\/\/schema.org","@graph":[{"@type":"Article","@id":"https:\/\/lagnoticias.com\/2025\/10\/29\/conamype-capacita-a-126-emprendedoras-con-el-diplomado-mujer-y-negocios\/#article","isPartOf":{"@id":"https:\/\/lagnoticias.com\/2025\/10\/29\/conamype-capacita-a-126-emprendedoras-con-el-diplomado-mujer-y-negocios\/"},"author":{"name":"Oscar","@id":"https:\/\/lagnoticias.com\/#\/schema\/person\/cb9bfe13f8de05d2c55270be25c6a550"},"headline":"Conamype capacita a 126 emprendedoras con el diplomado \u201cMujer y Negocios\u201d","datePublished":"2025-10-29T14:48:32+00:00","dateModified":"2025-10-30T16:58:10+00:00","mainEntityOfPage":{"@id":"https:\/\/lagnoticias.com\/2025\/10\/29\/conamype-capacita-a-126-emprendedoras-con-el-diplomado-mujer-y-negocios\/"},"wordCount":259,"commentCount":0,"image":{"@id":"https:\/\/lagnoticias.com\/2025\/10\/29\/conamype-capacita-a-126-emprendedoras-con-el-diplomado-mujer-y-negocios\/#primaryimage"},"thumbnailUrl":"https:\/\/lagnoticias.com\/wp-content\/uploads\/2025\/10\/4-9.jpg","articleSection":["NACIONALES"],"inLanguage":"en-US","potentialAction":[{"@type":"CommentAction","name":"Comment","target":["https:\/\/lagnoticias.com\/2025\/10\/29\/conamype-capacita-a-126-emprendedoras-con-el-diplomado-mujer-y-negocios\/#respond"]}]},{"@type":"WebPage","@id":"https:\/\/lagnoticias.com\/2025\/10\/29\/conamype-capacita-a-126-emprendedoras-con-el-diplomado-mujer-y-negocios\/","url":"https:\/\/lagnoticias.com\/2025\/10\/29\/conamype-capacita-a-126-emprendedoras-con-el-diplomado-mujer-y-negocios\/","name":"Conamype capacita a 126 emprendedoras con el diplomado \u201cMujer y Negocios\u201d - La G Noticias","isPartOf":{"@id":"https:\/\/lagnoticias.com\/#website"},"primaryImageOfPage":{"@id":"https:\/\/lagnoticias.com\/2025\/10\/29\/conamype-capacita-a-126-emprendedoras-con-el-diplomado-mujer-y-negocios\/#primaryimage"},"image":{"@id":"https:\/\/lagnoticias.com\/2025\/10\/29\/conamype-capacita-a-126-emprendedoras-con-el-diplomado-mujer-y-negocios\/#primaryimage"},"thumbnailUrl":"https:\/\/lagnoticias.com\/wp-content\/uploads\/2025\/10\/4-9.jpg","datePublished":"2025-10-29T14:48:32+00:00","dateModified":"2025-10-30T16:58:10+00:00","author":{"@id":"https:\/\/lagnoticias.com\/#\/schema\/person\/cb9bfe13f8de05d2c55270be25c6a550"},"breadcrumb":{"@id":"https:\/\/lagnoticias.com\/2025\/10\/29\/conamype-capacita-a-126-emprendedoras-con-el-diplomado-mujer-y-negocios\/#breadcrumb"},"inLanguage":"en-US","potentialAction":[{"@type":"ReadAction","target":["https:\/\/lagnoticias.com\/2025\/10\/29\/conamype-capacita-a-126-emprendedoras-con-el-diplomado-mujer-y-negocios\/"]}]},{"@type":"ImageObject","inLanguage":"en-US","@id":"https:\/\/lagnoticias.com\/2025\/10\/29\/conamype-capacita-a-126-emprendedoras-con-el-diplomado-mujer-y-negocios\/#primaryimage","url":"https:\/\/lagnoticias.com\/wp-content\/uploads\/2025\/10\/4-9.jpg","contentUrl":"https:\/\/lagnoticias.com\/wp-content\/uploads\/2025\/10\/4-9.jpg","width":1536,"height":870},{"@type":"BreadcrumbList","@id":"https:\/\/lagnoticias.com\/2025\/10\/29\/conamype-capacita-a-126-emprendedoras-con-el-diplomado-mujer-y-negocios\/#breadcrumb","itemListElement":[{"@type":"ListItem","position":1,"name":"Portada","item":"https:\/\/lagnoticias.com\/"},{"@type":"ListItem","position":2,"name":"Conamype capacita a 126 emprendedoras con el diplomado \u201cMujer y Negocios\u201d"}]},{"@type":"WebSite","@id":"https:\/\/lagnoticias.com\/#website","url":"https:\/\/lagnoticias.com\/","name":"La G Noticias","description":"Noticias Positivas","potentialAction":[{"@type":"SearchAction","target":{"@type":"EntryPoint","urlTemplate":"https:\/\/lagnoticias.com\/?s={search_term_string}"},"query-input":{"@type":"PropertyValueSpecification","valueRequired":true,"valueName":"search_term_string"}}],"inLanguage":"en-US"},{"@type":"Person","@id":"https:\/\/lagnoticias.com\/#\/schema\/person\/cb9bfe13f8de05d2c55270be25c6a550","name":"Oscar","image":{"@type":"ImageObject","inLanguage":"en-US","@id":"https:\/\/secure.gravatar.com\/avatar\/45c195718f652dc7ffdd591dc1f2678956ab7fdadcd359a635edc61304a8c757?s=96&d=mm&r=g","url":"https:\/\/secure.gravatar.com\/avatar\/45c195718f652dc7ffdd591dc1f2678956ab7fdadcd359a635edc61304a8c757?s=96&d=mm&r=g","contentUrl":"https:\/\/secure.gravatar.com\/avatar\/45c195718f652dc7ffdd591dc1f2678956ab7fdadcd359a635edc61304a8c757?s=96&d=mm&r=g","caption":"Oscar"},"url":"https:\/\/lagnoticias.com\/en\/author\/oscar\/"}]}},"_links":{"self":[{"href":"https:\/\/lagnoticias.com\/en\/wp-json\/wp\/v2\/posts\/6472","targetHints":{"allow":["GET"]}}],"collection":[{"href":"https:\/\/lagnoticias.com\/en\/wp-json\/wp\/v2\/posts"}],"about":[{"href":"https:\/\/lagnoticias.com\/en\/wp-json\/wp\/v2\/types\/post"}],"author":[{"embeddable":true,"href":"https:\/\/lagnoticias.com\/en\/wp-json\/wp\/v2\/users\/2"}],"replies":[{"embeddable":true,"href":"https:\/\/lagnoticias.com\/en\/wp-json\/wp\/v2\/comments?post=6472"}],"version-history":[{"count":1,"href":"https:\/\/lagnoticias.com\/en\/wp-json\/wp\/v2\/posts\/6472\/revisions"}],"predecessor-version":[{"id":6475,"href":"https:\/\/lagnoticias.com\/en\/wp-json\/wp\/v2\/posts\/6472\/revisions\/6475"}],"wp:featuredmedia":[{"embeddable":true,"href":"https:\/\/lagnoticias.com\/en\/wp-json\/wp\/v2\/media\/6473"}],"wp:attachment":[{"href":"https:\/\/lagnoticias.com\/en\/wp-json\/wp\/v2\/media?parent=6472"}],"wp:term":[{"taxonomy":"category","embeddable":true,"href":"https:\/\/lagnoticias.com\/en\/wp-json\/wp\/v2\/categories?post=6472"},{"taxonomy":"post_tag","embeddable":true,"href":"https:\/\/lagnoticias.com\/en\/wp-json\/wp\/v2\/tags?post=6472"}],"curies":[{"name":"wp","href":"https:\/\/api.w.org\/{rel}","templated":true}]}}