{"id":6469,"date":"2025-10-29T08:38:21","date_gmt":"2025-10-29T14:38:21","guid":{"rendered":"https:\/\/lagnoticias.com\/?p=6469"},"modified":"2025-10-30T10:58:17","modified_gmt":"2025-10-30T16:58:17","slug":"el-extremadamente-peligroso-huracan-melissa-llega-a-cuba","status":"publish","type":"post","link":"https:\/\/lagnoticias.com\/en\/2025\/10\/29\/el-extremadamente-peligroso-huracan-melissa-llega-a-cuba\/","title":{"rendered":"El \u00abextremadamente peligroso\u00bb hurac\u00e1n Melissa llega a Cuba"},"content":{"rendered":"<p>El poderoso&nbsp;hurac\u00e1n&nbsp;Melissa toc\u00f3 tierra en el este de&nbsp;Cuba&nbsp;el mi\u00e9rcoles con vientos m\u00e1ximos sostenidos de 195 km\/h, despu\u00e9s de haberse debilitado a categor\u00eda 3&nbsp;tras asolar Jamaica con vientos feroces y lluvias torrenciales. \u00abMelissa ha tocado tierra en la provincia de Santiago de Cuba, cerca de la localidad de Chivirico\u00bb, a las 07:10 GMT, indic\u00f3 el Centro Nacional de Huracanes estadounidense (CNH) en su \u00faltimo parte.<\/p>\n\n\n\n<p>El CNH calific\u00f3 el hurac\u00e1n de \u00abextremadamente peligroso\u00bb a su llegada a Cuba, tras su paso por Jamaica, declarada \u00abzona de desastre por las autoridades\u00bb. El cicl\u00f3n, que horas antes se hab\u00eda fortalecido a categor\u00eda 4 (de un m\u00e1ximo de 5), ha provocado diez muertes, tres en Jamaica, tres en Hait\u00ed, tres en Panam\u00e1 y una en Rep\u00fablica Dominicana. \u00abSe espera que Melissa permanezca como un hurac\u00e1n poderoso cuando se desplace por Cuba\u00bb, indic\u00f3 el CNH.<\/p>\n\n\n\n<h2 class=\"wp-block-heading\">Unos 735,000 evacuados o protegidos en Cuba<\/h2>\n\n\n\n<p>Las autoridades cubanas han advertido que se trata de un sistema \u00abextremadamente peligroso\u00bb por la probabilidad de que se produzcan inundaciones s\u00fabitas, deslaves, penetraciones del mar en zonas bajas costeras, derrumbes e, incluso, roturas de presas. En las seis provincias en alarma cicl\u00f3nica (Granma, Santiago de Cuba, Guant\u00e1namo, Holgu\u00edn, Las Tunas y Camag\u00fcey) se ha evacuado o protegido a 735,000 personas, la mayor\u00eda en casas de familiares y amigos, aunque algunos tambi\u00e9n en refugios. Suponen m\u00e1s del 7,5 % de la poblaci\u00f3n total.<\/p>\n\n\n\n<p>Adem\u00e1s, en toda la regi\u00f3n oriental se ha paralizado el transporte p\u00fablico terrestre, mar\u00edtimo y a\u00e9reo; se ha suspendido la actividad docente y se han asegurado infraestructuras estatales, incluidas dos centrales termoel\u00e9ctricas, y cultivos. El presidente de Cuba, Miguel D\u00edaz-Canel, ha pedido responsabilidad y precauci\u00f3n y ha advertido que \u00e9sta \u00abser\u00e1 una noche muy dif\u00edcil\u00bb para todo el pa\u00eds.<\/p>\n\n\n\n<p>El \u00faltimo gran hurac\u00e1n que afect\u00f3 Jamaica&nbsp;fue Beryl, en julio de 2024, una tormenta anormalmente fuerte para esa \u00e9poca del a\u00f1o. Y en Cuba, el \u00faltimo&nbsp;hurac\u00e1n categor\u00eda 5 que azot\u00f3 la isla fue Irma en 2017, que dej\u00f3 10 muertos y da\u00f1os por unos 13,000 millones de d\u00f3lares. El m\u00e1s reciente cicl\u00f3n que afect\u00f3 a Santiago de Cuba fue&nbsp;Sandy, en 2012, que provoc\u00f3 11 fallecidos&nbsp;y severos desperfectos en la ciudad.<\/p>\n\n\n\n<p><\/p>\n\n\n\n<p><\/p>\n\n\n\n<p><\/p>\n\n\n\n<p>(DW)<\/p>","protected":false},"excerpt":{"rendered":"<p>El hurac\u00e1n, debilitado a categor\u00eda 3, llega a la isla tras golpear Jamaica, declarada \u00abzona de desastre por las autoridades\u00bb.<\/p>","protected":false},"author":2,"featured_media":6470,"comment_status":"open","ping_status":"open","sticky":false,"template":"","format":"standard","meta":{"_et_pb_use_builder":"off","_et_pb_old_content":"","_et_gb_content_width":"","footnotes":""},"categories":[245],"tags":[1684,339,1465,1660,1661],"class_list":["post-6469","post","type-post","status-publish","format-standard","has-post-thumbnail","hentry","category-internacionales","tag-centro-nacional-de-huracanes","tag-clima","tag-cuba","tag-huracan","tag-huracan-melissa"],"yoast_head":"<!-- This site is optimized with the Yoast SEO plugin v27.4 - https:\/\/yoast.com\/product\/yoast-seo-wordpress\/ -->\n<title>El &quot;extremadamente peligroso&quot; hurac\u00e1n Melissa llega a Cuba - La G Noticias<\/title>\n<meta name=\"robots\" content=\"index, follow, max-snippet:-1, max-image-preview:large, max-video-preview:-1\" \/>\n<link rel=\"canonical\" href=\"https:\/\/lagnoticias.com\/en\/2025\/10\/29\/el-extremadamente-peligroso-huracan-melissa-llega-a-cuba\/\" \/>\n<meta property=\"og:locale\" content=\"en_US\" \/>\n<meta property=\"og:type\" content=\"article\" \/>\n<meta property=\"og:title\" content=\"El &quot;extremadamente peligroso&quot; hurac\u00e1n Melissa llega a Cuba - La G Noticias\" \/>\n<meta property=\"og:description\" content=\"El hurac\u00e1n, debilitado a categor\u00eda 3, llega a la isla tras golpear Jamaica, declarada &quot;zona de desastre por las autoridades&quot;.\" \/>\n<meta property=\"og:url\" content=\"https:\/\/lagnoticias.com\/en\/2025\/10\/29\/el-extremadamente-peligroso-huracan-melissa-llega-a-cuba\/\" \/>\n<meta property=\"og:site_name\" content=\"La G Noticias\" \/>\n<meta property=\"article:publisher\" content=\"https:\/\/www.facebook.com\/LaGNoticias\" \/>\n<meta property=\"article:published_time\" content=\"2025-10-29T14:38:21+00:00\" \/>\n<meta property=\"article:modified_time\" content=\"2025-10-30T16:58:17+00:00\" \/>\n<meta property=\"og:image\" content=\"https:\/\/lagnoticias.com\/wp-content\/uploads\/2025\/10\/7-10.jpg\" \/>\n\t<meta property=\"og:image:width\" content=\"976\" \/>\n\t<meta property=\"og:image:height\" content=\"525\" \/>\n\t<meta property=\"og:image:type\" content=\"image\/jpeg\" \/>\n<meta name=\"author\" content=\"Oscar\" \/>\n<meta name=\"twitter:card\" content=\"summary_large_image\" \/>\n<meta name=\"twitter:creator\" content=\"@lagnoticias\" \/>\n<meta name=\"twitter:site\" content=\"@lagnoticias\" \/>\n<meta name=\"twitter:label1\" content=\"Written by\" \/>\n\t<meta name=\"twitter:data1\" content=\"Oscar\" \/>\n\t<meta name=\"twitter:label2\" content=\"Est. reading time\" \/>\n\t<meta name=\"twitter:data2\" content=\"2 minutes\" \/>\n<script type=\"application\/ld+json\" class=\"yoast-schema-graph\">{\"@context\":\"https:\\\/\\\/schema.org\",\"@graph\":[{\"@type\":\"Article\",\"@id\":\"https:\\\/\\\/lagnoticias.com\\\/2025\\\/10\\\/29\\\/el-extremadamente-peligroso-huracan-melissa-llega-a-cuba\\\/#article\",\"isPartOf\":{\"@id\":\"https:\\\/\\\/lagnoticias.com\\\/2025\\\/10\\\/29\\\/el-extremadamente-peligroso-huracan-melissa-llega-a-cuba\\\/\"},\"author\":{\"name\":\"Oscar\",\"@id\":\"https:\\\/\\\/lagnoticias.com\\\/#\\\/schema\\\/person\\\/cb9bfe13f8de05d2c55270be25c6a550\"},\"headline\":\"El \u00abextremadamente peligroso\u00bb hurac\u00e1n Melissa llega a Cuba\",\"datePublished\":\"2025-10-29T14:38:21+00:00\",\"dateModified\":\"2025-10-30T16:58:17+00:00\",\"mainEntityOfPage\":{\"@id\":\"https:\\\/\\\/lagnoticias.com\\\/2025\\\/10\\\/29\\\/el-extremadamente-peligroso-huracan-melissa-llega-a-cuba\\\/\"},\"wordCount\":411,\"commentCount\":0,\"image\":{\"@id\":\"https:\\\/\\\/lagnoticias.com\\\/2025\\\/10\\\/29\\\/el-extremadamente-peligroso-huracan-melissa-llega-a-cuba\\\/#primaryimage\"},\"thumbnailUrl\":\"https:\\\/\\\/lagnoticias.com\\\/wp-content\\\/uploads\\\/2025\\\/10\\\/7-10.jpg\",\"keywords\":[\"CENTRO NACIONAL DE HURACANES\",\"CLIMA\",\"CUBA\",\"HURAC\u00c1N\",\"HURAC\u00c1N MELISSA\"],\"articleSection\":[\"INTERNACIONALES\"],\"inLanguage\":\"en-US\",\"potentialAction\":[{\"@type\":\"CommentAction\",\"name\":\"Comment\",\"target\":[\"https:\\\/\\\/lagnoticias.com\\\/2025\\\/10\\\/29\\\/el-extremadamente-peligroso-huracan-melissa-llega-a-cuba\\\/#respond\"]}]},{\"@type\":\"WebPage\",\"@id\":\"https:\\\/\\\/lagnoticias.com\\\/2025\\\/10\\\/29\\\/el-extremadamente-peligroso-huracan-melissa-llega-a-cuba\\\/\",\"url\":\"https:\\\/\\\/lagnoticias.com\\\/2025\\\/10\\\/29\\\/el-extremadamente-peligroso-huracan-melissa-llega-a-cuba\\\/\",\"name\":\"El \\\"extremadamente peligroso\\\" hurac\u00e1n Melissa llega a Cuba - La G Noticias\",\"isPartOf\":{\"@id\":\"https:\\\/\\\/lagnoticias.com\\\/#website\"},\"primaryImageOfPage\":{\"@id\":\"https:\\\/\\\/lagnoticias.com\\\/2025\\\/10\\\/29\\\/el-extremadamente-peligroso-huracan-melissa-llega-a-cuba\\\/#primaryimage\"},\"image\":{\"@id\":\"https:\\\/\\\/lagnoticias.com\\\/2025\\\/10\\\/29\\\/el-extremadamente-peligroso-huracan-melissa-llega-a-cuba\\\/#primaryimage\"},\"thumbnailUrl\":\"https:\\\/\\\/lagnoticias.com\\\/wp-content\\\/uploads\\\/2025\\\/10\\\/7-10.jpg\",\"datePublished\":\"2025-10-29T14:38:21+00:00\",\"dateModified\":\"2025-10-30T16:58:17+00:00\",\"author\":{\"@id\":\"https:\\\/\\\/lagnoticias.com\\\/#\\\/schema\\\/person\\\/cb9bfe13f8de05d2c55270be25c6a550\"},\"breadcrumb\":{\"@id\":\"https:\\\/\\\/lagnoticias.com\\\/2025\\\/10\\\/29\\\/el-extremadamente-peligroso-huracan-melissa-llega-a-cuba\\\/#breadcrumb\"},\"inLanguage\":\"en-US\",\"potentialAction\":[{\"@type\":\"ReadAction\",\"target\":[\"https:\\\/\\\/lagnoticias.com\\\/2025\\\/10\\\/29\\\/el-extremadamente-peligroso-huracan-melissa-llega-a-cuba\\\/\"]}]},{\"@type\":\"ImageObject\",\"inLanguage\":\"en-US\",\"@id\":\"https:\\\/\\\/lagnoticias.com\\\/2025\\\/10\\\/29\\\/el-extremadamente-peligroso-huracan-melissa-llega-a-cuba\\\/#primaryimage\",\"url\":\"https:\\\/\\\/lagnoticias.com\\\/wp-content\\\/uploads\\\/2025\\\/10\\\/7-10.jpg\",\"contentUrl\":\"https:\\\/\\\/lagnoticias.com\\\/wp-content\\\/uploads\\\/2025\\\/10\\\/7-10.jpg\",\"width\":976,\"height\":525},{\"@type\":\"BreadcrumbList\",\"@id\":\"https:\\\/\\\/lagnoticias.com\\\/2025\\\/10\\\/29\\\/el-extremadamente-peligroso-huracan-melissa-llega-a-cuba\\\/#breadcrumb\",\"itemListElement\":[{\"@type\":\"ListItem\",\"position\":1,\"name\":\"Portada\",\"item\":\"https:\\\/\\\/lagnoticias.com\\\/\"},{\"@type\":\"ListItem\",\"position\":2,\"name\":\"El \u00abextremadamente peligroso\u00bb hurac\u00e1n Melissa llega a Cuba\"}]},{\"@type\":\"WebSite\",\"@id\":\"https:\\\/\\\/lagnoticias.com\\\/#website\",\"url\":\"https:\\\/\\\/lagnoticias.com\\\/\",\"name\":\"La G Noticias\",\"description\":\"Noticias Positivas\",\"potentialAction\":[{\"@type\":\"SearchAction\",\"target\":{\"@type\":\"EntryPoint\",\"urlTemplate\":\"https:\\\/\\\/lagnoticias.com\\\/?s={search_term_string}\"},\"query-input\":{\"@type\":\"PropertyValueSpecification\",\"valueRequired\":true,\"valueName\":\"search_term_string\"}}],\"inLanguage\":\"en-US\"},{\"@type\":\"Person\",\"@id\":\"https:\\\/\\\/lagnoticias.com\\\/#\\\/schema\\\/person\\\/cb9bfe13f8de05d2c55270be25c6a550\",\"name\":\"Oscar\",\"image\":{\"@type\":\"ImageObject\",\"inLanguage\":\"en-US\",\"@id\":\"https:\\\/\\\/secure.gravatar.com\\\/avatar\\\/45c195718f652dc7ffdd591dc1f2678956ab7fdadcd359a635edc61304a8c757?s=96&d=mm&r=g\",\"url\":\"https:\\\/\\\/secure.gravatar.com\\\/avatar\\\/45c195718f652dc7ffdd591dc1f2678956ab7fdadcd359a635edc61304a8c757?s=96&d=mm&r=g\",\"contentUrl\":\"https:\\\/\\\/secure.gravatar.com\\\/avatar\\\/45c195718f652dc7ffdd591dc1f2678956ab7fdadcd359a635edc61304a8c757?s=96&d=mm&r=g\",\"caption\":\"Oscar\"},\"url\":\"https:\\\/\\\/lagnoticias.com\\\/en\\\/author\\\/oscar\\\/\"}]}<\/script>\n<!-- \/ Yoast SEO plugin. -->","yoast_head_json":{"title":"El \"extremadamente peligroso\" hurac\u00e1n Melissa llega a Cuba - La G Noticias","robots":{"index":"index","follow":"follow","max-snippet":"max-snippet:-1","max-image-preview":"max-image-preview:large","max-video-preview":"max-video-preview:-1"},"canonical":"https:\/\/lagnoticias.com\/en\/2025\/10\/29\/el-extremadamente-peligroso-huracan-melissa-llega-a-cuba\/","og_locale":"en_US","og_type":"article","og_title":"El \"extremadamente peligroso\" hurac\u00e1n Melissa llega a Cuba - La G Noticias","og_description":"El hurac\u00e1n, debilitado a categor\u00eda 3, llega a la isla tras golpear Jamaica, declarada \"zona de desastre por las autoridades\".","og_url":"https:\/\/lagnoticias.com\/en\/2025\/10\/29\/el-extremadamente-peligroso-huracan-melissa-llega-a-cuba\/","og_site_name":"La G Noticias","article_publisher":"https:\/\/www.facebook.com\/LaGNoticias","article_published_time":"2025-10-29T14:38:21+00:00","article_modified_time":"2025-10-30T16:58:17+00:00","og_image":[{"width":976,"height":525,"url":"https:\/\/lagnoticias.com\/wp-content\/uploads\/2025\/10\/7-10.jpg","type":"image\/jpeg"}],"author":"Oscar","twitter_card":"summary_large_image","twitter_creator":"@lagnoticias","twitter_site":"@lagnoticias","twitter_misc":{"Written by":"Oscar","Est. reading time":"2 minutes"},"schema":{"@context":"https:\/\/schema.org","@graph":[{"@type":"Article","@id":"https:\/\/lagnoticias.com\/2025\/10\/29\/el-extremadamente-peligroso-huracan-melissa-llega-a-cuba\/#article","isPartOf":{"@id":"https:\/\/lagnoticias.com\/2025\/10\/29\/el-extremadamente-peligroso-huracan-melissa-llega-a-cuba\/"},"author":{"name":"Oscar","@id":"https:\/\/lagnoticias.com\/#\/schema\/person\/cb9bfe13f8de05d2c55270be25c6a550"},"headline":"El \u00abextremadamente peligroso\u00bb hurac\u00e1n Melissa llega a Cuba","datePublished":"2025-10-29T14:38:21+00:00","dateModified":"2025-10-30T16:58:17+00:00","mainEntityOfPage":{"@id":"https:\/\/lagnoticias.com\/2025\/10\/29\/el-extremadamente-peligroso-huracan-melissa-llega-a-cuba\/"},"wordCount":411,"commentCount":0,"image":{"@id":"https:\/\/lagnoticias.com\/2025\/10\/29\/el-extremadamente-peligroso-huracan-melissa-llega-a-cuba\/#primaryimage"},"thumbnailUrl":"https:\/\/lagnoticias.com\/wp-content\/uploads\/2025\/10\/7-10.jpg","keywords":["CENTRO NACIONAL DE HURACANES","CLIMA","CUBA","HURAC\u00c1N","HURAC\u00c1N MELISSA"],"articleSection":["INTERNACIONALES"],"inLanguage":"en-US","potentialAction":[{"@type":"CommentAction","name":"Comment","target":["https:\/\/lagnoticias.com\/2025\/10\/29\/el-extremadamente-peligroso-huracan-melissa-llega-a-cuba\/#respond"]}]},{"@type":"WebPage","@id":"https:\/\/lagnoticias.com\/2025\/10\/29\/el-extremadamente-peligroso-huracan-melissa-llega-a-cuba\/","url":"https:\/\/lagnoticias.com\/2025\/10\/29\/el-extremadamente-peligroso-huracan-melissa-llega-a-cuba\/","name":"El \"extremadamente peligroso\" hurac\u00e1n Melissa llega a Cuba - La G Noticias","isPartOf":{"@id":"https:\/\/lagnoticias.com\/#website"},"primaryImageOfPage":{"@id":"https:\/\/lagnoticias.com\/2025\/10\/29\/el-extremadamente-peligroso-huracan-melissa-llega-a-cuba\/#primaryimage"},"image":{"@id":"https:\/\/lagnoticias.com\/2025\/10\/29\/el-extremadamente-peligroso-huracan-melissa-llega-a-cuba\/#primaryimage"},"thumbnailUrl":"https:\/\/lagnoticias.com\/wp-content\/uploads\/2025\/10\/7-10.jpg","datePublished":"2025-10-29T14:38:21+00:00","dateModified":"2025-10-30T16:58:17+00:00","author":{"@id":"https:\/\/lagnoticias.com\/#\/schema\/person\/cb9bfe13f8de05d2c55270be25c6a550"},"breadcrumb":{"@id":"https:\/\/lagnoticias.com\/2025\/10\/29\/el-extremadamente-peligroso-huracan-melissa-llega-a-cuba\/#breadcrumb"},"inLanguage":"en-US","potentialAction":[{"@type":"ReadAction","target":["https:\/\/lagnoticias.com\/2025\/10\/29\/el-extremadamente-peligroso-huracan-melissa-llega-a-cuba\/"]}]},{"@type":"ImageObject","inLanguage":"en-US","@id":"https:\/\/lagnoticias.com\/2025\/10\/29\/el-extremadamente-peligroso-huracan-melissa-llega-a-cuba\/#primaryimage","url":"https:\/\/lagnoticias.com\/wp-content\/uploads\/2025\/10\/7-10.jpg","contentUrl":"https:\/\/lagnoticias.com\/wp-content\/uploads\/2025\/10\/7-10.jpg","width":976,"height":525},{"@type":"BreadcrumbList","@id":"https:\/\/lagnoticias.com\/2025\/10\/29\/el-extremadamente-peligroso-huracan-melissa-llega-a-cuba\/#breadcrumb","itemListElement":[{"@type":"ListItem","position":1,"name":"Portada","item":"https:\/\/lagnoticias.com\/"},{"@type":"ListItem","position":2,"name":"El \u00abextremadamente peligroso\u00bb hurac\u00e1n Melissa llega a Cuba"}]},{"@type":"WebSite","@id":"https:\/\/lagnoticias.com\/#website","url":"https:\/\/lagnoticias.com\/","name":"La G Noticias","description":"Noticias Positivas","potentialAction":[{"@type":"SearchAction","target":{"@type":"EntryPoint","urlTemplate":"https:\/\/lagnoticias.com\/?s={search_term_string}"},"query-input":{"@type":"PropertyValueSpecification","valueRequired":true,"valueName":"search_term_string"}}],"inLanguage":"en-US"},{"@type":"Person","@id":"https:\/\/lagnoticias.com\/#\/schema\/person\/cb9bfe13f8de05d2c55270be25c6a550","name":"Oscar","image":{"@type":"ImageObject","inLanguage":"en-US","@id":"https:\/\/secure.gravatar.com\/avatar\/45c195718f652dc7ffdd591dc1f2678956ab7fdadcd359a635edc61304a8c757?s=96&d=mm&r=g","url":"https:\/\/secure.gravatar.com\/avatar\/45c195718f652dc7ffdd591dc1f2678956ab7fdadcd359a635edc61304a8c757?s=96&d=mm&r=g","contentUrl":"https:\/\/secure.gravatar.com\/avatar\/45c195718f652dc7ffdd591dc1f2678956ab7fdadcd359a635edc61304a8c757?s=96&d=mm&r=g","caption":"Oscar"},"url":"https:\/\/lagnoticias.com\/en\/author\/oscar\/"}]}},"_links":{"self":[{"href":"https:\/\/lagnoticias.com\/en\/wp-json\/wp\/v2\/posts\/6469","targetHints":{"allow":["GET"]}}],"collection":[{"href":"https:\/\/lagnoticias.com\/en\/wp-json\/wp\/v2\/posts"}],"about":[{"href":"https:\/\/lagnoticias.com\/en\/wp-json\/wp\/v2\/types\/post"}],"author":[{"embeddable":true,"href":"https:\/\/lagnoticias.com\/en\/wp-json\/wp\/v2\/users\/2"}],"replies":[{"embeddable":true,"href":"https:\/\/lagnoticias.com\/en\/wp-json\/wp\/v2\/comments?post=6469"}],"version-history":[{"count":1,"href":"https:\/\/lagnoticias.com\/en\/wp-json\/wp\/v2\/posts\/6469\/revisions"}],"predecessor-version":[{"id":6471,"href":"https:\/\/lagnoticias.com\/en\/wp-json\/wp\/v2\/posts\/6469\/revisions\/6471"}],"wp:featuredmedia":[{"embeddable":true,"href":"https:\/\/lagnoticias.com\/en\/wp-json\/wp\/v2\/media\/6470"}],"wp:attachment":[{"href":"https:\/\/lagnoticias.com\/en\/wp-json\/wp\/v2\/media?parent=6469"}],"wp:term":[{"taxonomy":"category","embeddable":true,"href":"https:\/\/lagnoticias.com\/en\/wp-json\/wp\/v2\/categories?post=6469"},{"taxonomy":"post_tag","embeddable":true,"href":"https:\/\/lagnoticias.com\/en\/wp-json\/wp\/v2\/tags?post=6469"}],"curies":[{"name":"wp","href":"https:\/\/api.w.org\/{rel}","templated":true}]}}