{"id":6466,"date":"2025-10-28T16:22:15","date_gmt":"2025-10-28T22:22:15","guid":{"rendered":"https:\/\/lagnoticias.com\/?p=6466"},"modified":"2025-10-28T16:22:16","modified_gmt":"2025-10-28T22:22:16","slug":"trinidad-y-tobago-alista-masiva-deportacion-de-venezolanos","status":"publish","type":"post","link":"https:\/\/lagnoticias.com\/en\/2025\/10\/28\/trinidad-y-tobago-alista-masiva-deportacion-de-venezolanos\/","title":{"rendered":"Trinidad y Tobago alista masiva deportaci\u00f3n de venezolanos"},"content":{"rendered":"<p>El Ministerio de Seguridad Nacional de Trinidad y Tobago orden\u00f3 este martes ubicar a al menos 200 inmigrantes venezolanos en un Centro de Detenci\u00f3n de Inmigraci\u00f3n para ser deportados por instrucciones de la primera ministra del pa\u00eds, Kamla Persad-Bissessar, en una nueva escalada en la crisis desatada por la llegada a la isla de un buque de guerra estadounidense para ejercicios militares.<\/p>\n\n\n\n<p>El plan lo hab\u00eda propuesto Persad-Bissessar como parte de su pol\u00edtica migratoria, pero no fue hasta ahora que el secretario permanente del Ministerio de Seguridad Nacional, Videsh Maharaj, envi\u00f3 la solicitud, en la que explica que todos los inmigrantes ilegales ser\u00edan amontonados antes de ser deportados. Los venezolanos son la principal comunidad de migrantes en el archipi\u00e9lago.<\/p>\n\n\n\n<p>Los indocumentados, seg\u00fan agreg\u00f3 Maharaj en el pedido, no quedar\u00e1n previamente supervisados por las autoridades como una orden oficial, sino que ser\u00e1n deportados en masa como un ejercicio migratorio. El 15 de agosto pasado, reporteros del pa\u00eds le cuestionaron a Persad-Bissessar cu\u00e1ndo cumplir\u00eda sus promesas en pol\u00edtica migratoria, a lo que respondi\u00f3 que \u00abpronto\u00bb.<\/p>\n\n\n\n<h2 class=\"wp-block-heading\">Crisis en las relaciones<\/h2>\n\n\n\n<p>La relaci\u00f3n bilateral entre&nbsp;Venezuela&nbsp;y Trinidad y Tobago comenz\u00f3 a deteriorarse con la llegada al poder, en mayo de este&nbsp;a\u00f1o, de Kamla Persad-Bissessar, que tiene un discurso contra la migraci\u00f3n venezolana alineado con Washington. La primera ministra acusa a la anterior administraci\u00f3n de no haber enfrentado adecuadamente la inmigraci\u00f3n irregular, a la que vincula con un aumento en la criminalidad del pa\u00eds.<\/p>\n\n\n\n<p>\u00abEso fue lo que permitieron que pasara por los pasados diez a\u00f1os. No hubo ning\u00fan intento para que nuestros antecesores separaran a aquellos inmigrantes venezolanos que leg\u00edtimamente escapaban de su pa\u00eds a aquellos que ven\u00edan ac\u00e1 con intenciones criminales\u00bb, sostuvo Persad-Bissessar en aquel momento.<\/p>\n\n\n\n<p>A eso se suma la llegada, el domingo, del buque estadounidense \u00abUSS Gravely\u00bb, que atrac\u00f3 el domingo en Puerto Espa\u00f1a para ejercicios militares y que forma parte de la flota desplegada por Washington para controlar el narcotr\u00e1fico en la regi\u00f3n.<\/p>\n\n\n\n<p>Por todo ello, el parlamento venezolano declar\u00f3 esta misma jornada \u00abpersona non grata\u201d a Persad-Bissessar. El presidente de la Asamblea Nacional, Jorge Rodr\u00edguez, indic\u00f3 que \u00abesa se\u00f1ora est\u00e1 permitiendo que Trinidad y Tobago sea usado como un portaviones contra Venezuela y nosotros vamos a actuar de todas las maneras posibles para que Venezuela sea respetada\u201d.<\/p>\n\n\n\n<p>La primera ministra dijo a la agencia AFP que la decisi\u00f3n venezolana \u00abno tiene ning\u00fan efecto en mi vida\u201d.<\/p>\n\n\n\n<p><\/p>\n\n\n\n<p><\/p>\n\n\n\n<p>(DW)<\/p>","protected":false},"excerpt":{"rendered":"<p>En medio de una crisis entre Puerto Espa\u00f1a y Caracas, la primera ministra, Kamla Persad-Bissessar, orden\u00f3 la expulsi\u00f3n del pa\u00eds de al menos 200 inmigrantes.<\/p>","protected":false},"author":2,"featured_media":6467,"comment_status":"open","ping_status":"open","sticky":false,"template":"","format":"standard","meta":{"_et_pb_use_builder":"off","_et_pb_old_content":"","_et_gb_content_width":"","footnotes":""},"categories":[245],"tags":[1417,883,1687,1688,346],"class_list":["post-6466","post","type-post","status-publish","format-standard","has-post-thumbnail","hentry","category-internacionales","tag-deportacion","tag-inmigrantes","tag-trinidad-y-tobago","tag-venezolanos","tag-venezuela"],"yoast_head":"<!-- This site is optimized with the Yoast SEO plugin v27.4 - https:\/\/yoast.com\/product\/yoast-seo-wordpress\/ -->\n<title>Trinidad y Tobago alista masiva deportaci\u00f3n de venezolanos - La G Noticias<\/title>\n<meta name=\"robots\" content=\"index, follow, max-snippet:-1, max-image-preview:large, max-video-preview:-1\" \/>\n<link rel=\"canonical\" href=\"https:\/\/lagnoticias.com\/en\/2025\/10\/28\/trinidad-y-tobago-alista-masiva-deportacion-de-venezolanos\/\" \/>\n<meta property=\"og:locale\" content=\"en_US\" \/>\n<meta property=\"og:type\" content=\"article\" \/>\n<meta property=\"og:title\" content=\"Trinidad y Tobago alista masiva deportaci\u00f3n de venezolanos - La G Noticias\" \/>\n<meta property=\"og:description\" content=\"En medio de una crisis entre Puerto Espa\u00f1a y Caracas, la primera ministra, Kamla Persad-Bissessar, orden\u00f3 la expulsi\u00f3n del pa\u00eds de al menos 200 inmigrantes.\" \/>\n<meta property=\"og:url\" content=\"https:\/\/lagnoticias.com\/en\/2025\/10\/28\/trinidad-y-tobago-alista-masiva-deportacion-de-venezolanos\/\" \/>\n<meta property=\"og:site_name\" content=\"La G Noticias\" \/>\n<meta property=\"article:publisher\" content=\"https:\/\/www.facebook.com\/LaGNoticias\" \/>\n<meta property=\"article:published_time\" content=\"2025-10-28T22:22:15+00:00\" \/>\n<meta property=\"article:modified_time\" content=\"2025-10-28T22:22:16+00:00\" \/>\n<meta property=\"og:image\" content=\"https:\/\/lagnoticias.com\/wp-content\/uploads\/2025\/10\/85.jpg\" \/>\n\t<meta property=\"og:image:width\" content=\"1017\" \/>\n\t<meta property=\"og:image:height\" content=\"525\" \/>\n\t<meta property=\"og:image:type\" content=\"image\/jpeg\" \/>\n<meta name=\"author\" content=\"Oscar\" \/>\n<meta name=\"twitter:card\" content=\"summary_large_image\" \/>\n<meta name=\"twitter:creator\" content=\"@lagnoticias\" \/>\n<meta name=\"twitter:site\" content=\"@lagnoticias\" \/>\n<meta name=\"twitter:label1\" content=\"Written by\" \/>\n\t<meta name=\"twitter:data1\" content=\"Oscar\" \/>\n\t<meta name=\"twitter:label2\" content=\"Est. reading time\" \/>\n\t<meta name=\"twitter:data2\" content=\"3 minutes\" \/>\n<script type=\"application\/ld+json\" class=\"yoast-schema-graph\">{\"@context\":\"https:\\\/\\\/schema.org\",\"@graph\":[{\"@type\":\"Article\",\"@id\":\"https:\\\/\\\/lagnoticias.com\\\/2025\\\/10\\\/28\\\/trinidad-y-tobago-alista-masiva-deportacion-de-venezolanos\\\/#article\",\"isPartOf\":{\"@id\":\"https:\\\/\\\/lagnoticias.com\\\/2025\\\/10\\\/28\\\/trinidad-y-tobago-alista-masiva-deportacion-de-venezolanos\\\/\"},\"author\":{\"name\":\"Oscar\",\"@id\":\"https:\\\/\\\/lagnoticias.com\\\/#\\\/schema\\\/person\\\/cb9bfe13f8de05d2c55270be25c6a550\"},\"headline\":\"Trinidad y Tobago alista masiva deportaci\u00f3n de venezolanos\",\"datePublished\":\"2025-10-28T22:22:15+00:00\",\"dateModified\":\"2025-10-28T22:22:16+00:00\",\"mainEntityOfPage\":{\"@id\":\"https:\\\/\\\/lagnoticias.com\\\/2025\\\/10\\\/28\\\/trinidad-y-tobago-alista-masiva-deportacion-de-venezolanos\\\/\"},\"wordCount\":442,\"commentCount\":0,\"image\":{\"@id\":\"https:\\\/\\\/lagnoticias.com\\\/2025\\\/10\\\/28\\\/trinidad-y-tobago-alista-masiva-deportacion-de-venezolanos\\\/#primaryimage\"},\"thumbnailUrl\":\"https:\\\/\\\/lagnoticias.com\\\/wp-content\\\/uploads\\\/2025\\\/10\\\/85.jpg\",\"keywords\":[\"DEPORTACI\u00d3N\",\"INMIGRANTES\",\"TRINIDAD Y TOBAGO\",\"VENEZOLANOS\",\"VENEZUELA\"],\"articleSection\":[\"INTERNACIONALES\"],\"inLanguage\":\"en-US\",\"potentialAction\":[{\"@type\":\"CommentAction\",\"name\":\"Comment\",\"target\":[\"https:\\\/\\\/lagnoticias.com\\\/2025\\\/10\\\/28\\\/trinidad-y-tobago-alista-masiva-deportacion-de-venezolanos\\\/#respond\"]}]},{\"@type\":\"WebPage\",\"@id\":\"https:\\\/\\\/lagnoticias.com\\\/2025\\\/10\\\/28\\\/trinidad-y-tobago-alista-masiva-deportacion-de-venezolanos\\\/\",\"url\":\"https:\\\/\\\/lagnoticias.com\\\/2025\\\/10\\\/28\\\/trinidad-y-tobago-alista-masiva-deportacion-de-venezolanos\\\/\",\"name\":\"Trinidad y Tobago alista masiva deportaci\u00f3n de venezolanos - La G Noticias\",\"isPartOf\":{\"@id\":\"https:\\\/\\\/lagnoticias.com\\\/#website\"},\"primaryImageOfPage\":{\"@id\":\"https:\\\/\\\/lagnoticias.com\\\/2025\\\/10\\\/28\\\/trinidad-y-tobago-alista-masiva-deportacion-de-venezolanos\\\/#primaryimage\"},\"image\":{\"@id\":\"https:\\\/\\\/lagnoticias.com\\\/2025\\\/10\\\/28\\\/trinidad-y-tobago-alista-masiva-deportacion-de-venezolanos\\\/#primaryimage\"},\"thumbnailUrl\":\"https:\\\/\\\/lagnoticias.com\\\/wp-content\\\/uploads\\\/2025\\\/10\\\/85.jpg\",\"datePublished\":\"2025-10-28T22:22:15+00:00\",\"dateModified\":\"2025-10-28T22:22:16+00:00\",\"author\":{\"@id\":\"https:\\\/\\\/lagnoticias.com\\\/#\\\/schema\\\/person\\\/cb9bfe13f8de05d2c55270be25c6a550\"},\"breadcrumb\":{\"@id\":\"https:\\\/\\\/lagnoticias.com\\\/2025\\\/10\\\/28\\\/trinidad-y-tobago-alista-masiva-deportacion-de-venezolanos\\\/#breadcrumb\"},\"inLanguage\":\"en-US\",\"potentialAction\":[{\"@type\":\"ReadAction\",\"target\":[\"https:\\\/\\\/lagnoticias.com\\\/2025\\\/10\\\/28\\\/trinidad-y-tobago-alista-masiva-deportacion-de-venezolanos\\\/\"]}]},{\"@type\":\"ImageObject\",\"inLanguage\":\"en-US\",\"@id\":\"https:\\\/\\\/lagnoticias.com\\\/2025\\\/10\\\/28\\\/trinidad-y-tobago-alista-masiva-deportacion-de-venezolanos\\\/#primaryimage\",\"url\":\"https:\\\/\\\/lagnoticias.com\\\/wp-content\\\/uploads\\\/2025\\\/10\\\/85.jpg\",\"contentUrl\":\"https:\\\/\\\/lagnoticias.com\\\/wp-content\\\/uploads\\\/2025\\\/10\\\/85.jpg\",\"width\":1017,\"height\":525},{\"@type\":\"BreadcrumbList\",\"@id\":\"https:\\\/\\\/lagnoticias.com\\\/2025\\\/10\\\/28\\\/trinidad-y-tobago-alista-masiva-deportacion-de-venezolanos\\\/#breadcrumb\",\"itemListElement\":[{\"@type\":\"ListItem\",\"position\":1,\"name\":\"Portada\",\"item\":\"https:\\\/\\\/lagnoticias.com\\\/\"},{\"@type\":\"ListItem\",\"position\":2,\"name\":\"Trinidad y Tobago alista masiva deportaci\u00f3n de venezolanos\"}]},{\"@type\":\"WebSite\",\"@id\":\"https:\\\/\\\/lagnoticias.com\\\/#website\",\"url\":\"https:\\\/\\\/lagnoticias.com\\\/\",\"name\":\"La G Noticias\",\"description\":\"Noticias Positivas\",\"potentialAction\":[{\"@type\":\"SearchAction\",\"target\":{\"@type\":\"EntryPoint\",\"urlTemplate\":\"https:\\\/\\\/lagnoticias.com\\\/?s={search_term_string}\"},\"query-input\":{\"@type\":\"PropertyValueSpecification\",\"valueRequired\":true,\"valueName\":\"search_term_string\"}}],\"inLanguage\":\"en-US\"},{\"@type\":\"Person\",\"@id\":\"https:\\\/\\\/lagnoticias.com\\\/#\\\/schema\\\/person\\\/cb9bfe13f8de05d2c55270be25c6a550\",\"name\":\"Oscar\",\"image\":{\"@type\":\"ImageObject\",\"inLanguage\":\"en-US\",\"@id\":\"https:\\\/\\\/secure.gravatar.com\\\/avatar\\\/45c195718f652dc7ffdd591dc1f2678956ab7fdadcd359a635edc61304a8c757?s=96&d=mm&r=g\",\"url\":\"https:\\\/\\\/secure.gravatar.com\\\/avatar\\\/45c195718f652dc7ffdd591dc1f2678956ab7fdadcd359a635edc61304a8c757?s=96&d=mm&r=g\",\"contentUrl\":\"https:\\\/\\\/secure.gravatar.com\\\/avatar\\\/45c195718f652dc7ffdd591dc1f2678956ab7fdadcd359a635edc61304a8c757?s=96&d=mm&r=g\",\"caption\":\"Oscar\"},\"url\":\"https:\\\/\\\/lagnoticias.com\\\/en\\\/author\\\/oscar\\\/\"}]}<\/script>\n<!-- \/ Yoast SEO plugin. -->","yoast_head_json":{"title":"Trinidad y Tobago alista masiva deportaci\u00f3n de venezolanos - La G Noticias","robots":{"index":"index","follow":"follow","max-snippet":"max-snippet:-1","max-image-preview":"max-image-preview:large","max-video-preview":"max-video-preview:-1"},"canonical":"https:\/\/lagnoticias.com\/en\/2025\/10\/28\/trinidad-y-tobago-alista-masiva-deportacion-de-venezolanos\/","og_locale":"en_US","og_type":"article","og_title":"Trinidad y Tobago alista masiva deportaci\u00f3n de venezolanos - La G Noticias","og_description":"En medio de una crisis entre Puerto Espa\u00f1a y Caracas, la primera ministra, Kamla Persad-Bissessar, orden\u00f3 la expulsi\u00f3n del pa\u00eds de al menos 200 inmigrantes.","og_url":"https:\/\/lagnoticias.com\/en\/2025\/10\/28\/trinidad-y-tobago-alista-masiva-deportacion-de-venezolanos\/","og_site_name":"La G Noticias","article_publisher":"https:\/\/www.facebook.com\/LaGNoticias","article_published_time":"2025-10-28T22:22:15+00:00","article_modified_time":"2025-10-28T22:22:16+00:00","og_image":[{"width":1017,"height":525,"url":"https:\/\/lagnoticias.com\/wp-content\/uploads\/2025\/10\/85.jpg","type":"image\/jpeg"}],"author":"Oscar","twitter_card":"summary_large_image","twitter_creator":"@lagnoticias","twitter_site":"@lagnoticias","twitter_misc":{"Written by":"Oscar","Est. reading time":"3 minutes"},"schema":{"@context":"https:\/\/schema.org","@graph":[{"@type":"Article","@id":"https:\/\/lagnoticias.com\/2025\/10\/28\/trinidad-y-tobago-alista-masiva-deportacion-de-venezolanos\/#article","isPartOf":{"@id":"https:\/\/lagnoticias.com\/2025\/10\/28\/trinidad-y-tobago-alista-masiva-deportacion-de-venezolanos\/"},"author":{"name":"Oscar","@id":"https:\/\/lagnoticias.com\/#\/schema\/person\/cb9bfe13f8de05d2c55270be25c6a550"},"headline":"Trinidad y Tobago alista masiva deportaci\u00f3n de venezolanos","datePublished":"2025-10-28T22:22:15+00:00","dateModified":"2025-10-28T22:22:16+00:00","mainEntityOfPage":{"@id":"https:\/\/lagnoticias.com\/2025\/10\/28\/trinidad-y-tobago-alista-masiva-deportacion-de-venezolanos\/"},"wordCount":442,"commentCount":0,"image":{"@id":"https:\/\/lagnoticias.com\/2025\/10\/28\/trinidad-y-tobago-alista-masiva-deportacion-de-venezolanos\/#primaryimage"},"thumbnailUrl":"https:\/\/lagnoticias.com\/wp-content\/uploads\/2025\/10\/85.jpg","keywords":["DEPORTACI\u00d3N","INMIGRANTES","TRINIDAD Y TOBAGO","VENEZOLANOS","VENEZUELA"],"articleSection":["INTERNACIONALES"],"inLanguage":"en-US","potentialAction":[{"@type":"CommentAction","name":"Comment","target":["https:\/\/lagnoticias.com\/2025\/10\/28\/trinidad-y-tobago-alista-masiva-deportacion-de-venezolanos\/#respond"]}]},{"@type":"WebPage","@id":"https:\/\/lagnoticias.com\/2025\/10\/28\/trinidad-y-tobago-alista-masiva-deportacion-de-venezolanos\/","url":"https:\/\/lagnoticias.com\/2025\/10\/28\/trinidad-y-tobago-alista-masiva-deportacion-de-venezolanos\/","name":"Trinidad y Tobago alista masiva deportaci\u00f3n de venezolanos - La G Noticias","isPartOf":{"@id":"https:\/\/lagnoticias.com\/#website"},"primaryImageOfPage":{"@id":"https:\/\/lagnoticias.com\/2025\/10\/28\/trinidad-y-tobago-alista-masiva-deportacion-de-venezolanos\/#primaryimage"},"image":{"@id":"https:\/\/lagnoticias.com\/2025\/10\/28\/trinidad-y-tobago-alista-masiva-deportacion-de-venezolanos\/#primaryimage"},"thumbnailUrl":"https:\/\/lagnoticias.com\/wp-content\/uploads\/2025\/10\/85.jpg","datePublished":"2025-10-28T22:22:15+00:00","dateModified":"2025-10-28T22:22:16+00:00","author":{"@id":"https:\/\/lagnoticias.com\/#\/schema\/person\/cb9bfe13f8de05d2c55270be25c6a550"},"breadcrumb":{"@id":"https:\/\/lagnoticias.com\/2025\/10\/28\/trinidad-y-tobago-alista-masiva-deportacion-de-venezolanos\/#breadcrumb"},"inLanguage":"en-US","potentialAction":[{"@type":"ReadAction","target":["https:\/\/lagnoticias.com\/2025\/10\/28\/trinidad-y-tobago-alista-masiva-deportacion-de-venezolanos\/"]}]},{"@type":"ImageObject","inLanguage":"en-US","@id":"https:\/\/lagnoticias.com\/2025\/10\/28\/trinidad-y-tobago-alista-masiva-deportacion-de-venezolanos\/#primaryimage","url":"https:\/\/lagnoticias.com\/wp-content\/uploads\/2025\/10\/85.jpg","contentUrl":"https:\/\/lagnoticias.com\/wp-content\/uploads\/2025\/10\/85.jpg","width":1017,"height":525},{"@type":"BreadcrumbList","@id":"https:\/\/lagnoticias.com\/2025\/10\/28\/trinidad-y-tobago-alista-masiva-deportacion-de-venezolanos\/#breadcrumb","itemListElement":[{"@type":"ListItem","position":1,"name":"Portada","item":"https:\/\/lagnoticias.com\/"},{"@type":"ListItem","position":2,"name":"Trinidad y Tobago alista masiva deportaci\u00f3n de venezolanos"}]},{"@type":"WebSite","@id":"https:\/\/lagnoticias.com\/#website","url":"https:\/\/lagnoticias.com\/","name":"La G Noticias","description":"Noticias Positivas","potentialAction":[{"@type":"SearchAction","target":{"@type":"EntryPoint","urlTemplate":"https:\/\/lagnoticias.com\/?s={search_term_string}"},"query-input":{"@type":"PropertyValueSpecification","valueRequired":true,"valueName":"search_term_string"}}],"inLanguage":"en-US"},{"@type":"Person","@id":"https:\/\/lagnoticias.com\/#\/schema\/person\/cb9bfe13f8de05d2c55270be25c6a550","name":"Oscar","image":{"@type":"ImageObject","inLanguage":"en-US","@id":"https:\/\/secure.gravatar.com\/avatar\/45c195718f652dc7ffdd591dc1f2678956ab7fdadcd359a635edc61304a8c757?s=96&d=mm&r=g","url":"https:\/\/secure.gravatar.com\/avatar\/45c195718f652dc7ffdd591dc1f2678956ab7fdadcd359a635edc61304a8c757?s=96&d=mm&r=g","contentUrl":"https:\/\/secure.gravatar.com\/avatar\/45c195718f652dc7ffdd591dc1f2678956ab7fdadcd359a635edc61304a8c757?s=96&d=mm&r=g","caption":"Oscar"},"url":"https:\/\/lagnoticias.com\/en\/author\/oscar\/"}]}},"_links":{"self":[{"href":"https:\/\/lagnoticias.com\/en\/wp-json\/wp\/v2\/posts\/6466","targetHints":{"allow":["GET"]}}],"collection":[{"href":"https:\/\/lagnoticias.com\/en\/wp-json\/wp\/v2\/posts"}],"about":[{"href":"https:\/\/lagnoticias.com\/en\/wp-json\/wp\/v2\/types\/post"}],"author":[{"embeddable":true,"href":"https:\/\/lagnoticias.com\/en\/wp-json\/wp\/v2\/users\/2"}],"replies":[{"embeddable":true,"href":"https:\/\/lagnoticias.com\/en\/wp-json\/wp\/v2\/comments?post=6466"}],"version-history":[{"count":1,"href":"https:\/\/lagnoticias.com\/en\/wp-json\/wp\/v2\/posts\/6466\/revisions"}],"predecessor-version":[{"id":6468,"href":"https:\/\/lagnoticias.com\/en\/wp-json\/wp\/v2\/posts\/6466\/revisions\/6468"}],"wp:featuredmedia":[{"embeddable":true,"href":"https:\/\/lagnoticias.com\/en\/wp-json\/wp\/v2\/media\/6467"}],"wp:attachment":[{"href":"https:\/\/lagnoticias.com\/en\/wp-json\/wp\/v2\/media?parent=6466"}],"wp:term":[{"taxonomy":"category","embeddable":true,"href":"https:\/\/lagnoticias.com\/en\/wp-json\/wp\/v2\/categories?post=6466"},{"taxonomy":"post_tag","embeddable":true,"href":"https:\/\/lagnoticias.com\/en\/wp-json\/wp\/v2\/tags?post=6466"}],"curies":[{"name":"wp","href":"https:\/\/api.w.org\/{rel}","templated":true}]}}