{"id":6459,"date":"2025-10-28T16:02:21","date_gmt":"2025-10-28T22:02:21","guid":{"rendered":"https:\/\/lagnoticias.com\/?p=6459"},"modified":"2025-10-28T16:02:22","modified_gmt":"2025-10-28T22:02:22","slug":"nelly-furtado-se-retira-de-los-escenarios-tras-25-anos-de-carrera","status":"publish","type":"post","link":"https:\/\/lagnoticias.com\/en\/2025\/10\/28\/nelly-furtado-se-retira-de-los-escenarios-tras-25-anos-de-carrera\/","title":{"rendered":"Nelly Furtado se retira de los escenarios tras 25 a\u00f1os de carrera"},"content":{"rendered":"<p>La reconocida cantante y compositora canadiense,&nbsp;Nelly Furtado,&nbsp;sorprendi\u00f3 a sus seguidores al anunciar que se retirar\u00e1 de los escenarios \u201cen el futuro previsible\u201d. La int\u00e9rprete de \u00e9xitos como \u201cI\u2019m Like a Bird\u201d y \u201cSay It Right\u201d comparti\u00f3 la noticia a trav\u00e9s de una publicaci\u00f3n en Instagram, coincidiendo con el 25.\u00ba aniversario de su \u00e1lbum debut, \u201cWhoa, \u00a1Nelly!\u201d (2000).<\/p>\n\n\n\n<p>A sus&nbsp;46 a\u00f1os,&nbsp;la artista canadiense decidi\u00f3 poner un alto a sus conciertos luego de enfrentar un intenso escrutinio p\u00fablico y&nbsp;una serie de comentarios ofensivos en redes sociales sobre su apariencia f\u00edsica, fen\u00f3meno que ella describi\u00f3 como un \u201cpeaje de la fama\u201d y que, seg\u00fan explic\u00f3, influy\u00f3 en su decisi\u00f3n de priorizar su bienestar personal y mental.<\/p>\n\n\n\n<h2 class=\"wp-block-heading\">El peaje de la fama y la presi\u00f3n medi\u00e1tica<\/h2>\n\n\n\n<p>Durante los \u00faltimos meses, Nelly Furtado ha sido objeto de comentarios cr\u00edticos sobre su cuerpo y apariencia. Un influencer lleg\u00f3 a calificarla de&nbsp;\u201cirreconocible\u201d,&nbsp;comentario que provoc\u00f3 la reacci\u00f3n de miles de fan\u00e1ticos y de otras figuras p\u00fablicas que salieron en su defensa.<\/p>\n\n\n\n<p>La cantante respondi\u00f3 de manera simb\u00f3lica durante un concierto en&nbsp;M\u00e1nchester, Inglaterra, el pasado agosto, donde apareci\u00f3 vistiendo una camiseta de gran tama\u00f1o que mostraba la silueta de una mujer delgada en la parte frontal, interpretado como una cr\u00edtica directa a las&nbsp;expectativas irreales sobre el cuerpo femenino&nbsp;dentro del espect\u00e1culo.<\/p>\n\n\n\n<p>\u201cLos comentarios hirientes pasaron factura\u201d,&nbsp;reconoci\u00f3 la artista, quien aprovech\u00f3 su mensaje de despedida para subrayar la importancia de poner l\u00edmites y centrarse en proyectos que \u201calimenten el alma y la creatividad\u201d.<\/p>\n\n\n\n<h2 class=\"wp-block-heading\">Nelly Furtado anuncia una nueva etapa creativa<\/h2>\n\n\n\n<p>En su publicaci\u00f3n, Furtado explic\u00f3 que su decisi\u00f3n no implica un adi\u00f3s definitivo a la m\u00fasica, sino una transici\u00f3n hacia una nueva etapa personal y profesional.<\/p>\n\n\n\n<p>\u201cHe decidido alejarme de las presentaciones en el futuro previsible y dedicarme a otras iniciativas creativas y personales que siento que se adaptar\u00edan mejor a esta pr\u00f3xima fase de mi vida\u201d,&nbsp;escribi\u00f3 la int\u00e9rprete.<\/p>\n\n\n\n<p>La artista a\u00f1adi\u00f3 que&nbsp;la composici\u00f3n musical seguir\u00e1 siendo parte de su identidad, al describirla como un pasatiempo que tuvo la suerte de convertir en una carrera. \u201cSiempre me ver\u00e9 como una compositora; ha sido un regalo poder vivir de algo que amo y que me sigue inspirando\u201d, expres\u00f3.<\/p>\n\n\n\n<p><\/p>\n\n\n\n<figure class=\"wp-block-image aligncenter size-large\"><img loading=\"lazy\" decoding=\"async\" width=\"1024\" height=\"683\" src=\"https:\/\/lagnoticias.com\/wp-content\/uploads\/2025\/10\/5-7-1024x683.jpg\" alt=\"\" class=\"wp-image-6461\" srcset=\"https:\/\/lagnoticias.com\/wp-content\/uploads\/2025\/10\/5-7-1024x683.jpg 1024w, https:\/\/lagnoticias.com\/wp-content\/uploads\/2025\/10\/5-7-980x653.jpg 980w, https:\/\/lagnoticias.com\/wp-content\/uploads\/2025\/10\/5-7-480x320.jpg 480w\" sizes=\"(min-width: 0px) and (max-width: 480px) 480px, (min-width: 481px) and (max-width: 980px) 980px, (min-width: 981px) 1024px, 100vw\" \/><\/figure>\n\n\n\n<p><\/p>\n\n\n\n<h2 class=\"wp-block-heading\">Una carrera que marc\u00f3 a una generaci\u00f3n<\/h2>\n\n\n\n<p>Nelly Furtado&nbsp;irrumpi\u00f3 en la escena musical a&nbsp;principios de los a\u00f1os 2000&nbsp;con un estilo fresco y multicultural que fusion\u00f3 pop, R&amp;B, ritmos latinos y folk alternativo. Su primer \u00e1lbum, \u201cWhoa, Nelly!\u201d, la catapult\u00f3 al reconocimiento internacional y le vali\u00f3 un&nbsp;Premio Grammy a Mejor Interpretaci\u00f3n Vocal Pop Femenina&nbsp;por \u201cI\u2019m Like a Bird\u201d en 2002.<\/p>\n\n\n\n<p>A lo largo de su trayectoria, ha ganado m\u00faltiples galardones, incluidos&nbsp;Premios Juno&nbsp;y&nbsp;Billboard, consolid\u00e1ndose como una de las artistas canadienses m\u00e1s influyentes de su generaci\u00f3n.<\/p>\n\n\n\n<p>Entre sus temas m\u00e1s populares destacan:<\/p>\n\n\n\n<ul class=\"wp-block-list\">\n<li>I\u2019m Like a Bird<\/li>\n\n\n\n<li>Promiscuous y Promiscuous Girl<\/li>\n\n\n\n<li>Say It Right<\/li>\n\n\n\n<li>All Good Things (Come to an End)<\/li>\n\n\n\n<li>Turn Off the Light<\/li>\n<\/ul>\n\n\n\n<p>Con su voz distintiva y su propuesta innovadora, Furtado logr\u00f3 transformar la m\u00fasica pop de la \u00e9poca, combinando&nbsp;ritmos vanguardistas y letras introspectivas.<\/p>\n\n\n\n<h2 class=\"wp-block-heading\">Un legado que resurge entre nuevas generaciones<\/h2>\n\n\n\n<p>A pesar de su retiro temporal, la m\u00fasica de Furtado ha experimentado un resurgimiento en los \u00faltimos a\u00f1os. Sus canciones han vuelto a ganar popularidad gracias a&nbsp;remixes virales en TikTok, al aumento de reproducciones en plataformas de streaming y al redescubrimiento de su cat\u00e1logo por parte de la&nbsp;Generaci\u00f3n Z.<\/p>\n\n\n\n<p>La propia cantante describi\u00f3 este fen\u00f3meno como algo&nbsp;\u201csurreal y alegre\u201d, al ver c\u00f3mo su trabajo sigue conectando con nuevas audiencias dos d\u00e9cadas despu\u00e9s de su debut.<\/p>\n\n\n\n<p>En 2024, Furtado lanz\u00f3 su s\u00e9ptimo \u00e1lbum de estudio, titulado&nbsp;\u00ab7\u2033, el cual marc\u00f3 su regreso tras un largo periodo de pausa creativa. La gira promocional de este disco se convirti\u00f3 en su despedida temporal de los escenarios.<\/p>\n\n\n\n<h2 class=\"wp-block-heading\">Un mensaje de gratitud y esperanza<\/h2>\n\n\n\n<p>En su comunicado, Nelly Furtado concluy\u00f3 con un mensaje dirigido a sus seguidores y a las nuevas generaciones de artistas, agradeciendo el apoyo constante durante m\u00e1s de 25 a\u00f1os de carrera.<\/p>\n\n\n\n<p>\u201cEstoy infinitamente agradecida con mis fans por acompa\u00f1arme en este viaje. Deseo a la nueva generaci\u00f3n de artistas muchos a\u00f1os de actuaciones fruct\u00edferas y apasionadas\u201d\u2014 Nelly Furtado.<\/p>\n\n\n\n<p>Aunque su futuro inmediato se enfocar\u00e1 en proyectos personales, Furtado deja abierta la posibilidad de volver a los escenarios m\u00e1s adelante. Por ahora, su legado musical contin\u00faa inspirando tanto a sus contempor\u00e1neos como a los j\u00f3venes que descubren su trabajo por primera vez.<\/p>","protected":false},"excerpt":{"rendered":"<p>La cantante canadiense pondr\u00e1 una pausa a sus presentaciones para enfocarse en proyectos creativos y personales.<\/p>","protected":false},"author":2,"featured_media":6460,"comment_status":"open","ping_status":"open","sticky":false,"template":"","format":"standard","meta":{"_et_pb_use_builder":"off","_et_pb_old_content":"","_et_gb_content_width":"","footnotes":""},"categories":[249],"tags":[429,343,1685],"class_list":["post-6459","post","type-post","status-publish","format-standard","has-post-thumbnail","hentry","category-entretenimiento","tag-artista","tag-cantante","tag-nelly-furtado"],"yoast_head":"<!-- This site is optimized with the Yoast SEO plugin v27.4 - https:\/\/yoast.com\/product\/yoast-seo-wordpress\/ -->\n<title>Nelly Furtado se retira de los escenarios tras 25 a\u00f1os de carrera - La G Noticias<\/title>\n<meta name=\"robots\" content=\"index, follow, max-snippet:-1, max-image-preview:large, max-video-preview:-1\" \/>\n<link rel=\"canonical\" href=\"https:\/\/lagnoticias.com\/en\/2025\/10\/28\/nelly-furtado-se-retira-de-los-escenarios-tras-25-anos-de-carrera\/\" \/>\n<meta property=\"og:locale\" content=\"en_US\" \/>\n<meta property=\"og:type\" content=\"article\" \/>\n<meta property=\"og:title\" content=\"Nelly Furtado se retira de los escenarios tras 25 a\u00f1os de carrera - La G Noticias\" \/>\n<meta property=\"og:description\" content=\"La cantante canadiense pondr\u00e1 una pausa a sus presentaciones para enfocarse en proyectos creativos y personales.\" \/>\n<meta property=\"og:url\" content=\"https:\/\/lagnoticias.com\/en\/2025\/10\/28\/nelly-furtado-se-retira-de-los-escenarios-tras-25-anos-de-carrera\/\" \/>\n<meta property=\"og:site_name\" content=\"La G Noticias\" \/>\n<meta property=\"article:publisher\" content=\"https:\/\/www.facebook.com\/LaGNoticias\" \/>\n<meta property=\"article:published_time\" content=\"2025-10-28T22:02:21+00:00\" \/>\n<meta property=\"article:modified_time\" content=\"2025-10-28T22:02:22+00:00\" \/>\n<meta property=\"og:image\" content=\"https:\/\/lagnoticias.com\/wp-content\/uploads\/2025\/10\/7-9.jpg\" \/>\n\t<meta property=\"og:image:width\" content=\"770\" \/>\n\t<meta property=\"og:image:height\" content=\"530\" \/>\n\t<meta property=\"og:image:type\" content=\"image\/jpeg\" \/>\n<meta name=\"author\" content=\"Oscar\" \/>\n<meta name=\"twitter:card\" content=\"summary_large_image\" \/>\n<meta name=\"twitter:creator\" content=\"@lagnoticias\" \/>\n<meta name=\"twitter:site\" content=\"@lagnoticias\" \/>\n<meta name=\"twitter:label1\" content=\"Written by\" \/>\n\t<meta name=\"twitter:data1\" content=\"Oscar\" \/>\n\t<meta name=\"twitter:label2\" content=\"Est. reading time\" \/>\n\t<meta name=\"twitter:data2\" content=\"4 minutes\" \/>\n<script type=\"application\/ld+json\" class=\"yoast-schema-graph\">{\"@context\":\"https:\\\/\\\/schema.org\",\"@graph\":[{\"@type\":\"Article\",\"@id\":\"https:\\\/\\\/lagnoticias.com\\\/2025\\\/10\\\/28\\\/nelly-furtado-se-retira-de-los-escenarios-tras-25-anos-de-carrera\\\/#article\",\"isPartOf\":{\"@id\":\"https:\\\/\\\/lagnoticias.com\\\/2025\\\/10\\\/28\\\/nelly-furtado-se-retira-de-los-escenarios-tras-25-anos-de-carrera\\\/\"},\"author\":{\"name\":\"Oscar\",\"@id\":\"https:\\\/\\\/lagnoticias.com\\\/#\\\/schema\\\/person\\\/cb9bfe13f8de05d2c55270be25c6a550\"},\"headline\":\"Nelly Furtado se retira de los escenarios tras 25 a\u00f1os de carrera\",\"datePublished\":\"2025-10-28T22:02:21+00:00\",\"dateModified\":\"2025-10-28T22:02:22+00:00\",\"mainEntityOfPage\":{\"@id\":\"https:\\\/\\\/lagnoticias.com\\\/2025\\\/10\\\/28\\\/nelly-furtado-se-retira-de-los-escenarios-tras-25-anos-de-carrera\\\/\"},\"wordCount\":835,\"commentCount\":0,\"image\":{\"@id\":\"https:\\\/\\\/lagnoticias.com\\\/2025\\\/10\\\/28\\\/nelly-furtado-se-retira-de-los-escenarios-tras-25-anos-de-carrera\\\/#primaryimage\"},\"thumbnailUrl\":\"https:\\\/\\\/lagnoticias.com\\\/wp-content\\\/uploads\\\/2025\\\/10\\\/7-9.jpg\",\"keywords\":[\"ARTISTA\",\"CANTANTE\",\"NELLY FURTADO\"],\"articleSection\":[\"ENTRETENIMIENTO\"],\"inLanguage\":\"en-US\",\"potentialAction\":[{\"@type\":\"CommentAction\",\"name\":\"Comment\",\"target\":[\"https:\\\/\\\/lagnoticias.com\\\/2025\\\/10\\\/28\\\/nelly-furtado-se-retira-de-los-escenarios-tras-25-anos-de-carrera\\\/#respond\"]}]},{\"@type\":\"WebPage\",\"@id\":\"https:\\\/\\\/lagnoticias.com\\\/2025\\\/10\\\/28\\\/nelly-furtado-se-retira-de-los-escenarios-tras-25-anos-de-carrera\\\/\",\"url\":\"https:\\\/\\\/lagnoticias.com\\\/2025\\\/10\\\/28\\\/nelly-furtado-se-retira-de-los-escenarios-tras-25-anos-de-carrera\\\/\",\"name\":\"Nelly Furtado se retira de los escenarios tras 25 a\u00f1os de carrera - La G Noticias\",\"isPartOf\":{\"@id\":\"https:\\\/\\\/lagnoticias.com\\\/#website\"},\"primaryImageOfPage\":{\"@id\":\"https:\\\/\\\/lagnoticias.com\\\/2025\\\/10\\\/28\\\/nelly-furtado-se-retira-de-los-escenarios-tras-25-anos-de-carrera\\\/#primaryimage\"},\"image\":{\"@id\":\"https:\\\/\\\/lagnoticias.com\\\/2025\\\/10\\\/28\\\/nelly-furtado-se-retira-de-los-escenarios-tras-25-anos-de-carrera\\\/#primaryimage\"},\"thumbnailUrl\":\"https:\\\/\\\/lagnoticias.com\\\/wp-content\\\/uploads\\\/2025\\\/10\\\/7-9.jpg\",\"datePublished\":\"2025-10-28T22:02:21+00:00\",\"dateModified\":\"2025-10-28T22:02:22+00:00\",\"author\":{\"@id\":\"https:\\\/\\\/lagnoticias.com\\\/#\\\/schema\\\/person\\\/cb9bfe13f8de05d2c55270be25c6a550\"},\"breadcrumb\":{\"@id\":\"https:\\\/\\\/lagnoticias.com\\\/2025\\\/10\\\/28\\\/nelly-furtado-se-retira-de-los-escenarios-tras-25-anos-de-carrera\\\/#breadcrumb\"},\"inLanguage\":\"en-US\",\"potentialAction\":[{\"@type\":\"ReadAction\",\"target\":[\"https:\\\/\\\/lagnoticias.com\\\/2025\\\/10\\\/28\\\/nelly-furtado-se-retira-de-los-escenarios-tras-25-anos-de-carrera\\\/\"]}]},{\"@type\":\"ImageObject\",\"inLanguage\":\"en-US\",\"@id\":\"https:\\\/\\\/lagnoticias.com\\\/2025\\\/10\\\/28\\\/nelly-furtado-se-retira-de-los-escenarios-tras-25-anos-de-carrera\\\/#primaryimage\",\"url\":\"https:\\\/\\\/lagnoticias.com\\\/wp-content\\\/uploads\\\/2025\\\/10\\\/7-9.jpg\",\"contentUrl\":\"https:\\\/\\\/lagnoticias.com\\\/wp-content\\\/uploads\\\/2025\\\/10\\\/7-9.jpg\",\"width\":770,\"height\":530},{\"@type\":\"BreadcrumbList\",\"@id\":\"https:\\\/\\\/lagnoticias.com\\\/2025\\\/10\\\/28\\\/nelly-furtado-se-retira-de-los-escenarios-tras-25-anos-de-carrera\\\/#breadcrumb\",\"itemListElement\":[{\"@type\":\"ListItem\",\"position\":1,\"name\":\"Portada\",\"item\":\"https:\\\/\\\/lagnoticias.com\\\/\"},{\"@type\":\"ListItem\",\"position\":2,\"name\":\"Nelly Furtado se retira de los escenarios tras 25 a\u00f1os de carrera\"}]},{\"@type\":\"WebSite\",\"@id\":\"https:\\\/\\\/lagnoticias.com\\\/#website\",\"url\":\"https:\\\/\\\/lagnoticias.com\\\/\",\"name\":\"La G Noticias\",\"description\":\"Noticias Positivas\",\"potentialAction\":[{\"@type\":\"SearchAction\",\"target\":{\"@type\":\"EntryPoint\",\"urlTemplate\":\"https:\\\/\\\/lagnoticias.com\\\/?s={search_term_string}\"},\"query-input\":{\"@type\":\"PropertyValueSpecification\",\"valueRequired\":true,\"valueName\":\"search_term_string\"}}],\"inLanguage\":\"en-US\"},{\"@type\":\"Person\",\"@id\":\"https:\\\/\\\/lagnoticias.com\\\/#\\\/schema\\\/person\\\/cb9bfe13f8de05d2c55270be25c6a550\",\"name\":\"Oscar\",\"image\":{\"@type\":\"ImageObject\",\"inLanguage\":\"en-US\",\"@id\":\"https:\\\/\\\/secure.gravatar.com\\\/avatar\\\/45c195718f652dc7ffdd591dc1f2678956ab7fdadcd359a635edc61304a8c757?s=96&d=mm&r=g\",\"url\":\"https:\\\/\\\/secure.gravatar.com\\\/avatar\\\/45c195718f652dc7ffdd591dc1f2678956ab7fdadcd359a635edc61304a8c757?s=96&d=mm&r=g\",\"contentUrl\":\"https:\\\/\\\/secure.gravatar.com\\\/avatar\\\/45c195718f652dc7ffdd591dc1f2678956ab7fdadcd359a635edc61304a8c757?s=96&d=mm&r=g\",\"caption\":\"Oscar\"},\"url\":\"https:\\\/\\\/lagnoticias.com\\\/en\\\/author\\\/oscar\\\/\"}]}<\/script>\n<!-- \/ Yoast SEO plugin. -->","yoast_head_json":{"title":"Nelly Furtado se retira de los escenarios tras 25 a\u00f1os de carrera - La G Noticias","robots":{"index":"index","follow":"follow","max-snippet":"max-snippet:-1","max-image-preview":"max-image-preview:large","max-video-preview":"max-video-preview:-1"},"canonical":"https:\/\/lagnoticias.com\/en\/2025\/10\/28\/nelly-furtado-se-retira-de-los-escenarios-tras-25-anos-de-carrera\/","og_locale":"en_US","og_type":"article","og_title":"Nelly Furtado se retira de los escenarios tras 25 a\u00f1os de carrera - La G Noticias","og_description":"La cantante canadiense pondr\u00e1 una pausa a sus presentaciones para enfocarse en proyectos creativos y personales.","og_url":"https:\/\/lagnoticias.com\/en\/2025\/10\/28\/nelly-furtado-se-retira-de-los-escenarios-tras-25-anos-de-carrera\/","og_site_name":"La G Noticias","article_publisher":"https:\/\/www.facebook.com\/LaGNoticias","article_published_time":"2025-10-28T22:02:21+00:00","article_modified_time":"2025-10-28T22:02:22+00:00","og_image":[{"width":770,"height":530,"url":"https:\/\/lagnoticias.com\/wp-content\/uploads\/2025\/10\/7-9.jpg","type":"image\/jpeg"}],"author":"Oscar","twitter_card":"summary_large_image","twitter_creator":"@lagnoticias","twitter_site":"@lagnoticias","twitter_misc":{"Written by":"Oscar","Est. reading time":"4 minutes"},"schema":{"@context":"https:\/\/schema.org","@graph":[{"@type":"Article","@id":"https:\/\/lagnoticias.com\/2025\/10\/28\/nelly-furtado-se-retira-de-los-escenarios-tras-25-anos-de-carrera\/#article","isPartOf":{"@id":"https:\/\/lagnoticias.com\/2025\/10\/28\/nelly-furtado-se-retira-de-los-escenarios-tras-25-anos-de-carrera\/"},"author":{"name":"Oscar","@id":"https:\/\/lagnoticias.com\/#\/schema\/person\/cb9bfe13f8de05d2c55270be25c6a550"},"headline":"Nelly Furtado se retira de los escenarios tras 25 a\u00f1os de carrera","datePublished":"2025-10-28T22:02:21+00:00","dateModified":"2025-10-28T22:02:22+00:00","mainEntityOfPage":{"@id":"https:\/\/lagnoticias.com\/2025\/10\/28\/nelly-furtado-se-retira-de-los-escenarios-tras-25-anos-de-carrera\/"},"wordCount":835,"commentCount":0,"image":{"@id":"https:\/\/lagnoticias.com\/2025\/10\/28\/nelly-furtado-se-retira-de-los-escenarios-tras-25-anos-de-carrera\/#primaryimage"},"thumbnailUrl":"https:\/\/lagnoticias.com\/wp-content\/uploads\/2025\/10\/7-9.jpg","keywords":["ARTISTA","CANTANTE","NELLY FURTADO"],"articleSection":["ENTRETENIMIENTO"],"inLanguage":"en-US","potentialAction":[{"@type":"CommentAction","name":"Comment","target":["https:\/\/lagnoticias.com\/2025\/10\/28\/nelly-furtado-se-retira-de-los-escenarios-tras-25-anos-de-carrera\/#respond"]}]},{"@type":"WebPage","@id":"https:\/\/lagnoticias.com\/2025\/10\/28\/nelly-furtado-se-retira-de-los-escenarios-tras-25-anos-de-carrera\/","url":"https:\/\/lagnoticias.com\/2025\/10\/28\/nelly-furtado-se-retira-de-los-escenarios-tras-25-anos-de-carrera\/","name":"Nelly Furtado se retira de los escenarios tras 25 a\u00f1os de carrera - La G Noticias","isPartOf":{"@id":"https:\/\/lagnoticias.com\/#website"},"primaryImageOfPage":{"@id":"https:\/\/lagnoticias.com\/2025\/10\/28\/nelly-furtado-se-retira-de-los-escenarios-tras-25-anos-de-carrera\/#primaryimage"},"image":{"@id":"https:\/\/lagnoticias.com\/2025\/10\/28\/nelly-furtado-se-retira-de-los-escenarios-tras-25-anos-de-carrera\/#primaryimage"},"thumbnailUrl":"https:\/\/lagnoticias.com\/wp-content\/uploads\/2025\/10\/7-9.jpg","datePublished":"2025-10-28T22:02:21+00:00","dateModified":"2025-10-28T22:02:22+00:00","author":{"@id":"https:\/\/lagnoticias.com\/#\/schema\/person\/cb9bfe13f8de05d2c55270be25c6a550"},"breadcrumb":{"@id":"https:\/\/lagnoticias.com\/2025\/10\/28\/nelly-furtado-se-retira-de-los-escenarios-tras-25-anos-de-carrera\/#breadcrumb"},"inLanguage":"en-US","potentialAction":[{"@type":"ReadAction","target":["https:\/\/lagnoticias.com\/2025\/10\/28\/nelly-furtado-se-retira-de-los-escenarios-tras-25-anos-de-carrera\/"]}]},{"@type":"ImageObject","inLanguage":"en-US","@id":"https:\/\/lagnoticias.com\/2025\/10\/28\/nelly-furtado-se-retira-de-los-escenarios-tras-25-anos-de-carrera\/#primaryimage","url":"https:\/\/lagnoticias.com\/wp-content\/uploads\/2025\/10\/7-9.jpg","contentUrl":"https:\/\/lagnoticias.com\/wp-content\/uploads\/2025\/10\/7-9.jpg","width":770,"height":530},{"@type":"BreadcrumbList","@id":"https:\/\/lagnoticias.com\/2025\/10\/28\/nelly-furtado-se-retira-de-los-escenarios-tras-25-anos-de-carrera\/#breadcrumb","itemListElement":[{"@type":"ListItem","position":1,"name":"Portada","item":"https:\/\/lagnoticias.com\/"},{"@type":"ListItem","position":2,"name":"Nelly Furtado se retira de los escenarios tras 25 a\u00f1os de carrera"}]},{"@type":"WebSite","@id":"https:\/\/lagnoticias.com\/#website","url":"https:\/\/lagnoticias.com\/","name":"La G Noticias","description":"Noticias Positivas","potentialAction":[{"@type":"SearchAction","target":{"@type":"EntryPoint","urlTemplate":"https:\/\/lagnoticias.com\/?s={search_term_string}"},"query-input":{"@type":"PropertyValueSpecification","valueRequired":true,"valueName":"search_term_string"}}],"inLanguage":"en-US"},{"@type":"Person","@id":"https:\/\/lagnoticias.com\/#\/schema\/person\/cb9bfe13f8de05d2c55270be25c6a550","name":"Oscar","image":{"@type":"ImageObject","inLanguage":"en-US","@id":"https:\/\/secure.gravatar.com\/avatar\/45c195718f652dc7ffdd591dc1f2678956ab7fdadcd359a635edc61304a8c757?s=96&d=mm&r=g","url":"https:\/\/secure.gravatar.com\/avatar\/45c195718f652dc7ffdd591dc1f2678956ab7fdadcd359a635edc61304a8c757?s=96&d=mm&r=g","contentUrl":"https:\/\/secure.gravatar.com\/avatar\/45c195718f652dc7ffdd591dc1f2678956ab7fdadcd359a635edc61304a8c757?s=96&d=mm&r=g","caption":"Oscar"},"url":"https:\/\/lagnoticias.com\/en\/author\/oscar\/"}]}},"_links":{"self":[{"href":"https:\/\/lagnoticias.com\/en\/wp-json\/wp\/v2\/posts\/6459","targetHints":{"allow":["GET"]}}],"collection":[{"href":"https:\/\/lagnoticias.com\/en\/wp-json\/wp\/v2\/posts"}],"about":[{"href":"https:\/\/lagnoticias.com\/en\/wp-json\/wp\/v2\/types\/post"}],"author":[{"embeddable":true,"href":"https:\/\/lagnoticias.com\/en\/wp-json\/wp\/v2\/users\/2"}],"replies":[{"embeddable":true,"href":"https:\/\/lagnoticias.com\/en\/wp-json\/wp\/v2\/comments?post=6459"}],"version-history":[{"count":1,"href":"https:\/\/lagnoticias.com\/en\/wp-json\/wp\/v2\/posts\/6459\/revisions"}],"predecessor-version":[{"id":6462,"href":"https:\/\/lagnoticias.com\/en\/wp-json\/wp\/v2\/posts\/6459\/revisions\/6462"}],"wp:featuredmedia":[{"embeddable":true,"href":"https:\/\/lagnoticias.com\/en\/wp-json\/wp\/v2\/media\/6460"}],"wp:attachment":[{"href":"https:\/\/lagnoticias.com\/en\/wp-json\/wp\/v2\/media?parent=6459"}],"wp:term":[{"taxonomy":"category","embeddable":true,"href":"https:\/\/lagnoticias.com\/en\/wp-json\/wp\/v2\/categories?post=6459"},{"taxonomy":"post_tag","embeddable":true,"href":"https:\/\/lagnoticias.com\/en\/wp-json\/wp\/v2\/tags?post=6459"}],"curies":[{"name":"wp","href":"https:\/\/api.w.org\/{rel}","templated":true}]}}