{"id":6426,"date":"2025-10-28T09:02:08","date_gmt":"2025-10-28T15:02:08","guid":{"rendered":"https:\/\/lagnoticias.com\/?p=6426"},"modified":"2025-10-29T10:50:22","modified_gmt":"2025-10-29T16:50:22","slug":"amazon-recorta-14000-puestos-de-trabajo-y-gastara-mas-en-inteligencia-artificial","status":"publish","type":"post","link":"https:\/\/lagnoticias.com\/en\/2025\/10\/28\/amazon-recorta-14000-puestos-de-trabajo-y-gastara-mas-en-inteligencia-artificial\/","title":{"rendered":"Amazon recorta 14,000 puestos de trabajo y gastar\u00e1 m\u00e1s en Inteligencia Artificial"},"content":{"rendered":"<p>Amazon&nbsp;busca reducir costos eliminando miles de empleos. El minorista en l\u00ednea anunci\u00f3 este martes la eliminaci\u00f3n de 14,000 puestos en el sector administrativo.&nbsp;La compa\u00f1\u00eda estadounidense emplea a unas 350,000 personas en&nbsp;Estados Unidos.<\/p>\n\n\n\n<p>Amazon no respondi\u00f3 inicialmente a las preguntas sobre cu\u00e1ntos trabajadores est\u00e1n amenazados con recortes de empleos en&nbsp;Alemania. Tampoco se conocen a\u00fan datos exactos sobre d\u00f3nde tendr\u00e1n lugar los recortes.<\/p>\n\n\n\n<p>La agencia de noticias Reuters inform\u00f3 el lunes sobre los planes de eliminar hasta 30,000 puestos de trabajo. El motivo son las medidas de reducci\u00f3n de costos en respuesta al exceso de contrataciones durante la pandemia de coronavirus.<\/p>\n\n\n\n<p>Seg\u00fan la revista&nbsp;Fortune, solo en el departamento de Recursos Humanos se podr\u00edan eliminar alrededor del 15 % de los puestos. Las preguntas sobre el futuro de los trabajadores de la empresa, el segundo empleador en Estados Unidos, con 1,2 millones de plantilla en el pa\u00eds, tambi\u00e9n surgen en los dep\u00f3sitos, donde Amazon est\u00e1 acelerando la automatizaci\u00f3n gracias a los robots y la IA.<\/p>\n\n\n\n<p>Los recortes de empleos forman parte de una iniciativa del director ejecutivo Andy Jassy para reducir lo que describi\u00f3 como una \u00abburocracia excesiva\u00bb dentro de la empresa. Esto tambi\u00e9n incluye la reducci\u00f3n del n\u00famero de ejecutivos.<\/p>\n\n\n\n<p>Jassy tambi\u00e9n declar\u00f3 en junio que el&nbsp;creciente uso de la inteligencia artificial (IA)&nbsp;en tareas rutinarias probablemente conducir\u00eda a nuevos recortes de empleo. La compa\u00f1\u00eda, que da empleo a 1,5 millones de personas en todo el mundo, planea presentar sus cifras del tercer trimestre el jueves.<\/p>\n\n\n\n<p>Las acciones de Amazon cerraron con un alza del 1,2 % en Wall Street en respuesta al informe de Reuters. Subieron un 0,3 % adicional en las operaciones previas a la apertura del mercado el martes.<\/p>\n\n\n\n<p>Importantes despidos de empleados administrativos tambi\u00e9n est\u00e1n ocurriendo en otros gigantes tecnol\u00f3gicos estadounidenses. Microsoft anunci\u00f3 en julio que ampliar\u00eda su plan a 15,000 despidos previstos.<\/p>\n\n\n\n<p>Meta despidi\u00f3 el mi\u00e9rcoles a unas 600 personas de su divisi\u00f3n de IA, tras una importante campa\u00f1a de contrataci\u00f3n.<\/p>\n\n\n\n<p><\/p>\n\n\n\n<p><\/p>\n\n\n\n<p>(DW)<\/p>","protected":false},"excerpt":{"rendered":"<p>Amazon&nbsp;busca reducir costos eliminando miles de empleos. El minorista en l\u00ednea anunci\u00f3 este martes la eliminaci\u00f3n de 14,000 puestos en el sector administrativo.&nbsp;La compa\u00f1\u00eda estadounidense emplea a unas 350,000 personas en&nbsp;Estados Unidos. Amazon no respondi\u00f3 inicialmente a las preguntas sobre cu\u00e1ntos trabajadores est\u00e1n amenazados con recortes de empleos en&nbsp;Alemania. Tampoco se conocen a\u00fan datos exactos [&hellip;]<\/p>","protected":false},"author":2,"featured_media":6427,"comment_status":"open","ping_status":"open","sticky":false,"template":"","format":"standard","meta":{"_et_pb_use_builder":"off","_et_pb_old_content":"","_et_gb_content_width":"","footnotes":""},"categories":[245],"tags":[564,260,382,383],"class_list":["post-6426","post","type-post","status-publish","format-standard","has-post-thumbnail","hentry","category-internacionales","tag-amazon","tag-estados-unidos","tag-ia","tag-inteligencia-artificial"],"yoast_head":"<!-- This site is optimized with the Yoast SEO plugin v27.4 - https:\/\/yoast.com\/product\/yoast-seo-wordpress\/ -->\n<title>Amazon recorta 14,000 puestos de trabajo y gastar\u00e1 m\u00e1s en Inteligencia Artificial - La G Noticias<\/title>\n<meta name=\"robots\" content=\"index, follow, max-snippet:-1, max-image-preview:large, max-video-preview:-1\" \/>\n<link rel=\"canonical\" href=\"https:\/\/lagnoticias.com\/en\/2025\/10\/28\/amazon-recorta-14000-puestos-de-trabajo-y-gastara-mas-en-inteligencia-artificial\/\" \/>\n<meta property=\"og:locale\" content=\"en_US\" \/>\n<meta property=\"og:type\" content=\"article\" \/>\n<meta property=\"og:title\" content=\"Amazon recorta 14,000 puestos de trabajo y gastar\u00e1 m\u00e1s en Inteligencia Artificial - La G Noticias\" \/>\n<meta property=\"og:description\" content=\"Amazon&nbsp;busca reducir costos eliminando miles de empleos. El minorista en l\u00ednea anunci\u00f3 este martes la eliminaci\u00f3n de 14,000 puestos en el sector administrativo.&nbsp;La compa\u00f1\u00eda estadounidense emplea a unas 350,000 personas en&nbsp;Estados Unidos. Amazon no respondi\u00f3 inicialmente a las preguntas sobre cu\u00e1ntos trabajadores est\u00e1n amenazados con recortes de empleos en&nbsp;Alemania. Tampoco se conocen a\u00fan datos exactos [&hellip;]\" \/>\n<meta property=\"og:url\" content=\"https:\/\/lagnoticias.com\/en\/2025\/10\/28\/amazon-recorta-14000-puestos-de-trabajo-y-gastara-mas-en-inteligencia-artificial\/\" \/>\n<meta property=\"og:site_name\" content=\"La G Noticias\" \/>\n<meta property=\"article:publisher\" content=\"https:\/\/www.facebook.com\/LaGNoticias\" \/>\n<meta property=\"article:published_time\" content=\"2025-10-28T15:02:08+00:00\" \/>\n<meta property=\"article:modified_time\" content=\"2025-10-29T16:50:22+00:00\" \/>\n<meta property=\"og:image\" content=\"https:\/\/lagnoticias.com\/wp-content\/uploads\/2025\/10\/1-14.jpg\" \/>\n\t<meta property=\"og:image:width\" content=\"1067\" \/>\n\t<meta property=\"og:image:height\" content=\"525\" \/>\n\t<meta property=\"og:image:type\" content=\"image\/jpeg\" \/>\n<meta name=\"author\" content=\"Oscar\" \/>\n<meta name=\"twitter:card\" content=\"summary_large_image\" \/>\n<meta name=\"twitter:creator\" content=\"@lagnoticias\" \/>\n<meta name=\"twitter:site\" content=\"@lagnoticias\" \/>\n<meta name=\"twitter:label1\" content=\"Written by\" \/>\n\t<meta name=\"twitter:data1\" content=\"Oscar\" \/>\n\t<meta name=\"twitter:label2\" content=\"Est. reading time\" \/>\n\t<meta name=\"twitter:data2\" content=\"2 minutes\" \/>\n<script type=\"application\/ld+json\" class=\"yoast-schema-graph\">{\"@context\":\"https:\\\/\\\/schema.org\",\"@graph\":[{\"@type\":\"Article\",\"@id\":\"https:\\\/\\\/lagnoticias.com\\\/2025\\\/10\\\/28\\\/amazon-recorta-14000-puestos-de-trabajo-y-gastara-mas-en-inteligencia-artificial\\\/#article\",\"isPartOf\":{\"@id\":\"https:\\\/\\\/lagnoticias.com\\\/2025\\\/10\\\/28\\\/amazon-recorta-14000-puestos-de-trabajo-y-gastara-mas-en-inteligencia-artificial\\\/\"},\"author\":{\"name\":\"Oscar\",\"@id\":\"https:\\\/\\\/lagnoticias.com\\\/#\\\/schema\\\/person\\\/cb9bfe13f8de05d2c55270be25c6a550\"},\"headline\":\"Amazon recorta 14,000 puestos de trabajo y gastar\u00e1 m\u00e1s en Inteligencia Artificial\",\"datePublished\":\"2025-10-28T15:02:08+00:00\",\"dateModified\":\"2025-10-29T16:50:22+00:00\",\"mainEntityOfPage\":{\"@id\":\"https:\\\/\\\/lagnoticias.com\\\/2025\\\/10\\\/28\\\/amazon-recorta-14000-puestos-de-trabajo-y-gastara-mas-en-inteligencia-artificial\\\/\"},\"wordCount\":366,\"commentCount\":0,\"image\":{\"@id\":\"https:\\\/\\\/lagnoticias.com\\\/2025\\\/10\\\/28\\\/amazon-recorta-14000-puestos-de-trabajo-y-gastara-mas-en-inteligencia-artificial\\\/#primaryimage\"},\"thumbnailUrl\":\"https:\\\/\\\/lagnoticias.com\\\/wp-content\\\/uploads\\\/2025\\\/10\\\/1-14.jpg\",\"keywords\":[\"AMAZON\",\"ESTADOS UNIDOS\",\"IA\",\"INTELIGENCIA ARTIFICIAL\"],\"articleSection\":[\"INTERNACIONALES\"],\"inLanguage\":\"en-US\",\"potentialAction\":[{\"@type\":\"CommentAction\",\"name\":\"Comment\",\"target\":[\"https:\\\/\\\/lagnoticias.com\\\/2025\\\/10\\\/28\\\/amazon-recorta-14000-puestos-de-trabajo-y-gastara-mas-en-inteligencia-artificial\\\/#respond\"]}]},{\"@type\":\"WebPage\",\"@id\":\"https:\\\/\\\/lagnoticias.com\\\/2025\\\/10\\\/28\\\/amazon-recorta-14000-puestos-de-trabajo-y-gastara-mas-en-inteligencia-artificial\\\/\",\"url\":\"https:\\\/\\\/lagnoticias.com\\\/2025\\\/10\\\/28\\\/amazon-recorta-14000-puestos-de-trabajo-y-gastara-mas-en-inteligencia-artificial\\\/\",\"name\":\"Amazon recorta 14,000 puestos de trabajo y gastar\u00e1 m\u00e1s en Inteligencia Artificial - La G Noticias\",\"isPartOf\":{\"@id\":\"https:\\\/\\\/lagnoticias.com\\\/#website\"},\"primaryImageOfPage\":{\"@id\":\"https:\\\/\\\/lagnoticias.com\\\/2025\\\/10\\\/28\\\/amazon-recorta-14000-puestos-de-trabajo-y-gastara-mas-en-inteligencia-artificial\\\/#primaryimage\"},\"image\":{\"@id\":\"https:\\\/\\\/lagnoticias.com\\\/2025\\\/10\\\/28\\\/amazon-recorta-14000-puestos-de-trabajo-y-gastara-mas-en-inteligencia-artificial\\\/#primaryimage\"},\"thumbnailUrl\":\"https:\\\/\\\/lagnoticias.com\\\/wp-content\\\/uploads\\\/2025\\\/10\\\/1-14.jpg\",\"datePublished\":\"2025-10-28T15:02:08+00:00\",\"dateModified\":\"2025-10-29T16:50:22+00:00\",\"author\":{\"@id\":\"https:\\\/\\\/lagnoticias.com\\\/#\\\/schema\\\/person\\\/cb9bfe13f8de05d2c55270be25c6a550\"},\"breadcrumb\":{\"@id\":\"https:\\\/\\\/lagnoticias.com\\\/2025\\\/10\\\/28\\\/amazon-recorta-14000-puestos-de-trabajo-y-gastara-mas-en-inteligencia-artificial\\\/#breadcrumb\"},\"inLanguage\":\"en-US\",\"potentialAction\":[{\"@type\":\"ReadAction\",\"target\":[\"https:\\\/\\\/lagnoticias.com\\\/2025\\\/10\\\/28\\\/amazon-recorta-14000-puestos-de-trabajo-y-gastara-mas-en-inteligencia-artificial\\\/\"]}]},{\"@type\":\"ImageObject\",\"inLanguage\":\"en-US\",\"@id\":\"https:\\\/\\\/lagnoticias.com\\\/2025\\\/10\\\/28\\\/amazon-recorta-14000-puestos-de-trabajo-y-gastara-mas-en-inteligencia-artificial\\\/#primaryimage\",\"url\":\"https:\\\/\\\/lagnoticias.com\\\/wp-content\\\/uploads\\\/2025\\\/10\\\/1-14.jpg\",\"contentUrl\":\"https:\\\/\\\/lagnoticias.com\\\/wp-content\\\/uploads\\\/2025\\\/10\\\/1-14.jpg\",\"width\":1067,\"height\":525},{\"@type\":\"BreadcrumbList\",\"@id\":\"https:\\\/\\\/lagnoticias.com\\\/2025\\\/10\\\/28\\\/amazon-recorta-14000-puestos-de-trabajo-y-gastara-mas-en-inteligencia-artificial\\\/#breadcrumb\",\"itemListElement\":[{\"@type\":\"ListItem\",\"position\":1,\"name\":\"Portada\",\"item\":\"https:\\\/\\\/lagnoticias.com\\\/\"},{\"@type\":\"ListItem\",\"position\":2,\"name\":\"Amazon recorta 14,000 puestos de trabajo y gastar\u00e1 m\u00e1s en Inteligencia Artificial\"}]},{\"@type\":\"WebSite\",\"@id\":\"https:\\\/\\\/lagnoticias.com\\\/#website\",\"url\":\"https:\\\/\\\/lagnoticias.com\\\/\",\"name\":\"La G Noticias\",\"description\":\"Noticias Positivas\",\"potentialAction\":[{\"@type\":\"SearchAction\",\"target\":{\"@type\":\"EntryPoint\",\"urlTemplate\":\"https:\\\/\\\/lagnoticias.com\\\/?s={search_term_string}\"},\"query-input\":{\"@type\":\"PropertyValueSpecification\",\"valueRequired\":true,\"valueName\":\"search_term_string\"}}],\"inLanguage\":\"en-US\"},{\"@type\":\"Person\",\"@id\":\"https:\\\/\\\/lagnoticias.com\\\/#\\\/schema\\\/person\\\/cb9bfe13f8de05d2c55270be25c6a550\",\"name\":\"Oscar\",\"image\":{\"@type\":\"ImageObject\",\"inLanguage\":\"en-US\",\"@id\":\"https:\\\/\\\/secure.gravatar.com\\\/avatar\\\/45c195718f652dc7ffdd591dc1f2678956ab7fdadcd359a635edc61304a8c757?s=96&d=mm&r=g\",\"url\":\"https:\\\/\\\/secure.gravatar.com\\\/avatar\\\/45c195718f652dc7ffdd591dc1f2678956ab7fdadcd359a635edc61304a8c757?s=96&d=mm&r=g\",\"contentUrl\":\"https:\\\/\\\/secure.gravatar.com\\\/avatar\\\/45c195718f652dc7ffdd591dc1f2678956ab7fdadcd359a635edc61304a8c757?s=96&d=mm&r=g\",\"caption\":\"Oscar\"},\"url\":\"https:\\\/\\\/lagnoticias.com\\\/en\\\/author\\\/oscar\\\/\"}]}<\/script>\n<!-- \/ Yoast SEO plugin. -->","yoast_head_json":{"title":"Amazon recorta 14,000 puestos de trabajo y gastar\u00e1 m\u00e1s en Inteligencia Artificial - La G Noticias","robots":{"index":"index","follow":"follow","max-snippet":"max-snippet:-1","max-image-preview":"max-image-preview:large","max-video-preview":"max-video-preview:-1"},"canonical":"https:\/\/lagnoticias.com\/en\/2025\/10\/28\/amazon-recorta-14000-puestos-de-trabajo-y-gastara-mas-en-inteligencia-artificial\/","og_locale":"en_US","og_type":"article","og_title":"Amazon recorta 14,000 puestos de trabajo y gastar\u00e1 m\u00e1s en Inteligencia Artificial - La G Noticias","og_description":"Amazon&nbsp;busca reducir costos eliminando miles de empleos. El minorista en l\u00ednea anunci\u00f3 este martes la eliminaci\u00f3n de 14,000 puestos en el sector administrativo.&nbsp;La compa\u00f1\u00eda estadounidense emplea a unas 350,000 personas en&nbsp;Estados Unidos. Amazon no respondi\u00f3 inicialmente a las preguntas sobre cu\u00e1ntos trabajadores est\u00e1n amenazados con recortes de empleos en&nbsp;Alemania. Tampoco se conocen a\u00fan datos exactos [&hellip;]","og_url":"https:\/\/lagnoticias.com\/en\/2025\/10\/28\/amazon-recorta-14000-puestos-de-trabajo-y-gastara-mas-en-inteligencia-artificial\/","og_site_name":"La G Noticias","article_publisher":"https:\/\/www.facebook.com\/LaGNoticias","article_published_time":"2025-10-28T15:02:08+00:00","article_modified_time":"2025-10-29T16:50:22+00:00","og_image":[{"width":1067,"height":525,"url":"https:\/\/lagnoticias.com\/wp-content\/uploads\/2025\/10\/1-14.jpg","type":"image\/jpeg"}],"author":"Oscar","twitter_card":"summary_large_image","twitter_creator":"@lagnoticias","twitter_site":"@lagnoticias","twitter_misc":{"Written by":"Oscar","Est. reading time":"2 minutes"},"schema":{"@context":"https:\/\/schema.org","@graph":[{"@type":"Article","@id":"https:\/\/lagnoticias.com\/2025\/10\/28\/amazon-recorta-14000-puestos-de-trabajo-y-gastara-mas-en-inteligencia-artificial\/#article","isPartOf":{"@id":"https:\/\/lagnoticias.com\/2025\/10\/28\/amazon-recorta-14000-puestos-de-trabajo-y-gastara-mas-en-inteligencia-artificial\/"},"author":{"name":"Oscar","@id":"https:\/\/lagnoticias.com\/#\/schema\/person\/cb9bfe13f8de05d2c55270be25c6a550"},"headline":"Amazon recorta 14,000 puestos de trabajo y gastar\u00e1 m\u00e1s en Inteligencia Artificial","datePublished":"2025-10-28T15:02:08+00:00","dateModified":"2025-10-29T16:50:22+00:00","mainEntityOfPage":{"@id":"https:\/\/lagnoticias.com\/2025\/10\/28\/amazon-recorta-14000-puestos-de-trabajo-y-gastara-mas-en-inteligencia-artificial\/"},"wordCount":366,"commentCount":0,"image":{"@id":"https:\/\/lagnoticias.com\/2025\/10\/28\/amazon-recorta-14000-puestos-de-trabajo-y-gastara-mas-en-inteligencia-artificial\/#primaryimage"},"thumbnailUrl":"https:\/\/lagnoticias.com\/wp-content\/uploads\/2025\/10\/1-14.jpg","keywords":["AMAZON","ESTADOS UNIDOS","IA","INTELIGENCIA ARTIFICIAL"],"articleSection":["INTERNACIONALES"],"inLanguage":"en-US","potentialAction":[{"@type":"CommentAction","name":"Comment","target":["https:\/\/lagnoticias.com\/2025\/10\/28\/amazon-recorta-14000-puestos-de-trabajo-y-gastara-mas-en-inteligencia-artificial\/#respond"]}]},{"@type":"WebPage","@id":"https:\/\/lagnoticias.com\/2025\/10\/28\/amazon-recorta-14000-puestos-de-trabajo-y-gastara-mas-en-inteligencia-artificial\/","url":"https:\/\/lagnoticias.com\/2025\/10\/28\/amazon-recorta-14000-puestos-de-trabajo-y-gastara-mas-en-inteligencia-artificial\/","name":"Amazon recorta 14,000 puestos de trabajo y gastar\u00e1 m\u00e1s en Inteligencia Artificial - La G Noticias","isPartOf":{"@id":"https:\/\/lagnoticias.com\/#website"},"primaryImageOfPage":{"@id":"https:\/\/lagnoticias.com\/2025\/10\/28\/amazon-recorta-14000-puestos-de-trabajo-y-gastara-mas-en-inteligencia-artificial\/#primaryimage"},"image":{"@id":"https:\/\/lagnoticias.com\/2025\/10\/28\/amazon-recorta-14000-puestos-de-trabajo-y-gastara-mas-en-inteligencia-artificial\/#primaryimage"},"thumbnailUrl":"https:\/\/lagnoticias.com\/wp-content\/uploads\/2025\/10\/1-14.jpg","datePublished":"2025-10-28T15:02:08+00:00","dateModified":"2025-10-29T16:50:22+00:00","author":{"@id":"https:\/\/lagnoticias.com\/#\/schema\/person\/cb9bfe13f8de05d2c55270be25c6a550"},"breadcrumb":{"@id":"https:\/\/lagnoticias.com\/2025\/10\/28\/amazon-recorta-14000-puestos-de-trabajo-y-gastara-mas-en-inteligencia-artificial\/#breadcrumb"},"inLanguage":"en-US","potentialAction":[{"@type":"ReadAction","target":["https:\/\/lagnoticias.com\/2025\/10\/28\/amazon-recorta-14000-puestos-de-trabajo-y-gastara-mas-en-inteligencia-artificial\/"]}]},{"@type":"ImageObject","inLanguage":"en-US","@id":"https:\/\/lagnoticias.com\/2025\/10\/28\/amazon-recorta-14000-puestos-de-trabajo-y-gastara-mas-en-inteligencia-artificial\/#primaryimage","url":"https:\/\/lagnoticias.com\/wp-content\/uploads\/2025\/10\/1-14.jpg","contentUrl":"https:\/\/lagnoticias.com\/wp-content\/uploads\/2025\/10\/1-14.jpg","width":1067,"height":525},{"@type":"BreadcrumbList","@id":"https:\/\/lagnoticias.com\/2025\/10\/28\/amazon-recorta-14000-puestos-de-trabajo-y-gastara-mas-en-inteligencia-artificial\/#breadcrumb","itemListElement":[{"@type":"ListItem","position":1,"name":"Portada","item":"https:\/\/lagnoticias.com\/"},{"@type":"ListItem","position":2,"name":"Amazon recorta 14,000 puestos de trabajo y gastar\u00e1 m\u00e1s en Inteligencia Artificial"}]},{"@type":"WebSite","@id":"https:\/\/lagnoticias.com\/#website","url":"https:\/\/lagnoticias.com\/","name":"La G Noticias","description":"Noticias Positivas","potentialAction":[{"@type":"SearchAction","target":{"@type":"EntryPoint","urlTemplate":"https:\/\/lagnoticias.com\/?s={search_term_string}"},"query-input":{"@type":"PropertyValueSpecification","valueRequired":true,"valueName":"search_term_string"}}],"inLanguage":"en-US"},{"@type":"Person","@id":"https:\/\/lagnoticias.com\/#\/schema\/person\/cb9bfe13f8de05d2c55270be25c6a550","name":"Oscar","image":{"@type":"ImageObject","inLanguage":"en-US","@id":"https:\/\/secure.gravatar.com\/avatar\/45c195718f652dc7ffdd591dc1f2678956ab7fdadcd359a635edc61304a8c757?s=96&d=mm&r=g","url":"https:\/\/secure.gravatar.com\/avatar\/45c195718f652dc7ffdd591dc1f2678956ab7fdadcd359a635edc61304a8c757?s=96&d=mm&r=g","contentUrl":"https:\/\/secure.gravatar.com\/avatar\/45c195718f652dc7ffdd591dc1f2678956ab7fdadcd359a635edc61304a8c757?s=96&d=mm&r=g","caption":"Oscar"},"url":"https:\/\/lagnoticias.com\/en\/author\/oscar\/"}]}},"_links":{"self":[{"href":"https:\/\/lagnoticias.com\/en\/wp-json\/wp\/v2\/posts\/6426","targetHints":{"allow":["GET"]}}],"collection":[{"href":"https:\/\/lagnoticias.com\/en\/wp-json\/wp\/v2\/posts"}],"about":[{"href":"https:\/\/lagnoticias.com\/en\/wp-json\/wp\/v2\/types\/post"}],"author":[{"embeddable":true,"href":"https:\/\/lagnoticias.com\/en\/wp-json\/wp\/v2\/users\/2"}],"replies":[{"embeddable":true,"href":"https:\/\/lagnoticias.com\/en\/wp-json\/wp\/v2\/comments?post=6426"}],"version-history":[{"count":1,"href":"https:\/\/lagnoticias.com\/en\/wp-json\/wp\/v2\/posts\/6426\/revisions"}],"predecessor-version":[{"id":6428,"href":"https:\/\/lagnoticias.com\/en\/wp-json\/wp\/v2\/posts\/6426\/revisions\/6428"}],"wp:featuredmedia":[{"embeddable":true,"href":"https:\/\/lagnoticias.com\/en\/wp-json\/wp\/v2\/media\/6427"}],"wp:attachment":[{"href":"https:\/\/lagnoticias.com\/en\/wp-json\/wp\/v2\/media?parent=6426"}],"wp:term":[{"taxonomy":"category","embeddable":true,"href":"https:\/\/lagnoticias.com\/en\/wp-json\/wp\/v2\/categories?post=6426"},{"taxonomy":"post_tag","embeddable":true,"href":"https:\/\/lagnoticias.com\/en\/wp-json\/wp\/v2\/tags?post=6426"}],"curies":[{"name":"wp","href":"https:\/\/api.w.org\/{rel}","templated":true}]}}