{"id":6420,"date":"2025-10-27T16:37:14","date_gmt":"2025-10-27T22:37:14","guid":{"rendered":"https:\/\/lagnoticias.com\/?p=6420"},"modified":"2025-10-27T16:37:15","modified_gmt":"2025-10-27T22:37:15","slug":"marn-anuncia-ingreso-del-primer-frente-frio-y-llegada-de-vientos-nortes-al-pais","status":"publish","type":"post","link":"https:\/\/lagnoticias.com\/en\/2025\/10\/27\/marn-anuncia-ingreso-del-primer-frente-frio-y-llegada-de-vientos-nortes-al-pais\/","title":{"rendered":"MARN anuncia ingreso del primer frente fr\u00edo y llegada de Vientos Nortes al pa\u00eds"},"content":{"rendered":"<p>El Ministerio de Medio Ambiente y Recursos Naturales (MARN) inform\u00f3 que esta semana comenzar\u00e1 a sentirse la influencia del primer frente fr\u00edo de la temporada, acompa\u00f1ado por la llegada de los Vientos Nortes al territorio salvadore\u00f1o.<\/p>\n\n\n\n<p>De acuerdo con el MARN, desde ayer se registran vientos moderados y ocasionalmente fuertes, principalmente en las zonas altas del norte y occidente del pa\u00eds, con r\u00e1fagas entre 40 y 60 kil\u00f3metros por hora.<\/p>\n\n\n\n<p>El ministro de Medio Ambiente, Fernando L\u00f3pez, se\u00f1al\u00f3 que el fen\u00f3meno se intensificar\u00e1 entre el 29 y 30 de octubre.<\/p>\n\n\n\n<p>\u201cSe espera un evento de Vientos Nortes y, probablemente, un frente fr\u00edo que limpie la atm\u00f3sfera a partir del 29 o 30 de octubre\u201d, indic\u00f3.<\/p>\n\n\n\n<p>A pesar de la presencia de los vientos, la instituci\u00f3n prev\u00e9 que persistan lluvias aisladas durante las tardes y noches, especialmente en el oriente del pa\u00eds.<\/p>\n\n\n\n<p>Seg\u00fan el pron\u00f3stico del MARN, para este lunes en horas de la tarde podr\u00edan presentarse precipitaciones en la zona norte y sobre la cordillera volc\u00e1nica, con mayor \u00e9nfasis en el sector nororiental. Durante la noche, existe probabilidad de lluvias y tormentas en las zonas oriental y central, incluyendo el \u00c1rea Metropolitana de San Salvador.<\/p>\n\n\n\n<p>El viento provendr\u00e1 del norte, con velocidades promedio entre 10 y 20 km\/h, y r\u00e1fagas de hasta 35 km\/h en zonas altas.<\/p>\n\n\n\n<p>La instituci\u00f3n explic\u00f3 que este comportamiento atmosf\u00e9rico se debe a la influencia de un sistema de alta presi\u00f3n ubicado sobre el Golfo de M\u00e9xico, el cual favorece el ingreso de Vientos Nortes sobre el pa\u00eds.<\/p>\n\n\n\n<p>El ministro L\u00f3pez tambi\u00e9n adelant\u00f3 que noviembre marcar\u00e1 el inicio de la transici\u00f3n entre la \u00e9poca lluviosa y la seca.<\/p>\n\n\n\n<p>\u201cSer\u00e1 un proceso gradual; a\u00fan se registrar\u00e1n lluvias, pero en menor cantidad en comparaci\u00f3n con octubre\u201d, precis\u00f3 el funcionario.<\/p>","protected":false},"excerpt":{"rendered":"<p>El Ministerio de Medio Ambiente y Recursos Naturales (MARN) inform\u00f3 que esta semana comenzar\u00e1 a sentirse la influencia del primer frente fr\u00edo de la temporada, acompa\u00f1ado por la llegada de los Vientos Nortes al territorio salvadore\u00f1o. De acuerdo con el MARN, desde ayer se registran vientos moderados y ocasionalmente fuertes, principalmente en las zonas altas [&hellip;]<\/p>","protected":false},"author":2,"featured_media":6421,"comment_status":"open","ping_status":"open","sticky":false,"template":"","format":"standard","meta":{"_et_pb_use_builder":"off","_et_pb_old_content":"","_et_gb_content_width":"","footnotes":""},"categories":[244],"tags":[339,267,1674,497,560],"class_list":["post-6420","post","type-post","status-publish","format-standard","has-post-thumbnail","hentry","category-nacionales","tag-clima","tag-el-salvador","tag-frente-frio","tag-marn","tag-ministerio-de-medio-ambiente"],"yoast_head":"<!-- This site is optimized with the Yoast SEO plugin v27.4 - https:\/\/yoast.com\/product\/yoast-seo-wordpress\/ -->\n<title>MARN anuncia ingreso del primer frente fr\u00edo y llegada de Vientos Nortes al pa\u00eds - La G Noticias<\/title>\n<meta name=\"robots\" content=\"index, follow, max-snippet:-1, max-image-preview:large, max-video-preview:-1\" \/>\n<link rel=\"canonical\" href=\"https:\/\/lagnoticias.com\/en\/2025\/10\/27\/marn-anuncia-ingreso-del-primer-frente-frio-y-llegada-de-vientos-nortes-al-pais\/\" \/>\n<meta property=\"og:locale\" content=\"en_US\" \/>\n<meta property=\"og:type\" content=\"article\" \/>\n<meta property=\"og:title\" content=\"MARN anuncia ingreso del primer frente fr\u00edo y llegada de Vientos Nortes al pa\u00eds - La G Noticias\" \/>\n<meta property=\"og:description\" content=\"El Ministerio de Medio Ambiente y Recursos Naturales (MARN) inform\u00f3 que esta semana comenzar\u00e1 a sentirse la influencia del primer frente fr\u00edo de la temporada, acompa\u00f1ado por la llegada de los Vientos Nortes al territorio salvadore\u00f1o. De acuerdo con el MARN, desde ayer se registran vientos moderados y ocasionalmente fuertes, principalmente en las zonas altas [&hellip;]\" \/>\n<meta property=\"og:url\" content=\"https:\/\/lagnoticias.com\/en\/2025\/10\/27\/marn-anuncia-ingreso-del-primer-frente-frio-y-llegada-de-vientos-nortes-al-pais\/\" \/>\n<meta property=\"og:site_name\" content=\"La G Noticias\" \/>\n<meta property=\"article:publisher\" content=\"https:\/\/www.facebook.com\/LaGNoticias\" \/>\n<meta property=\"article:published_time\" content=\"2025-10-27T22:37:14+00:00\" \/>\n<meta property=\"article:modified_time\" content=\"2025-10-27T22:37:15+00:00\" \/>\n<meta property=\"og:image\" content=\"https:\/\/lagnoticias.com\/wp-content\/uploads\/2025\/10\/6-8.jpg\" \/>\n\t<meta property=\"og:image:width\" content=\"600\" \/>\n\t<meta property=\"og:image:height\" content=\"400\" \/>\n\t<meta property=\"og:image:type\" content=\"image\/jpeg\" \/>\n<meta name=\"author\" content=\"Oscar\" \/>\n<meta name=\"twitter:card\" content=\"summary_large_image\" \/>\n<meta name=\"twitter:creator\" content=\"@lagnoticias\" \/>\n<meta name=\"twitter:site\" content=\"@lagnoticias\" \/>\n<meta name=\"twitter:label1\" content=\"Written by\" \/>\n\t<meta name=\"twitter:data1\" content=\"Oscar\" \/>\n\t<meta name=\"twitter:label2\" content=\"Est. reading time\" \/>\n\t<meta name=\"twitter:data2\" content=\"2 minutes\" \/>\n<script type=\"application\/ld+json\" class=\"yoast-schema-graph\">{\"@context\":\"https:\\\/\\\/schema.org\",\"@graph\":[{\"@type\":\"Article\",\"@id\":\"https:\\\/\\\/lagnoticias.com\\\/2025\\\/10\\\/27\\\/marn-anuncia-ingreso-del-primer-frente-frio-y-llegada-de-vientos-nortes-al-pais\\\/#article\",\"isPartOf\":{\"@id\":\"https:\\\/\\\/lagnoticias.com\\\/2025\\\/10\\\/27\\\/marn-anuncia-ingreso-del-primer-frente-frio-y-llegada-de-vientos-nortes-al-pais\\\/\"},\"author\":{\"name\":\"Oscar\",\"@id\":\"https:\\\/\\\/lagnoticias.com\\\/#\\\/schema\\\/person\\\/cb9bfe13f8de05d2c55270be25c6a550\"},\"headline\":\"MARN anuncia ingreso del primer frente fr\u00edo y llegada de Vientos Nortes al pa\u00eds\",\"datePublished\":\"2025-10-27T22:37:14+00:00\",\"dateModified\":\"2025-10-27T22:37:15+00:00\",\"mainEntityOfPage\":{\"@id\":\"https:\\\/\\\/lagnoticias.com\\\/2025\\\/10\\\/27\\\/marn-anuncia-ingreso-del-primer-frente-frio-y-llegada-de-vientos-nortes-al-pais\\\/\"},\"wordCount\":329,\"commentCount\":0,\"image\":{\"@id\":\"https:\\\/\\\/lagnoticias.com\\\/2025\\\/10\\\/27\\\/marn-anuncia-ingreso-del-primer-frente-frio-y-llegada-de-vientos-nortes-al-pais\\\/#primaryimage\"},\"thumbnailUrl\":\"https:\\\/\\\/lagnoticias.com\\\/wp-content\\\/uploads\\\/2025\\\/10\\\/6-8.jpg\",\"keywords\":[\"CLIMA\",\"EL SALVADOR\",\"FRENTE FRIO\",\"MARN\",\"MINISTERIO DE MEDIO AMBIENTE\"],\"articleSection\":[\"NACIONALES\"],\"inLanguage\":\"en-US\",\"potentialAction\":[{\"@type\":\"CommentAction\",\"name\":\"Comment\",\"target\":[\"https:\\\/\\\/lagnoticias.com\\\/2025\\\/10\\\/27\\\/marn-anuncia-ingreso-del-primer-frente-frio-y-llegada-de-vientos-nortes-al-pais\\\/#respond\"]}]},{\"@type\":\"WebPage\",\"@id\":\"https:\\\/\\\/lagnoticias.com\\\/2025\\\/10\\\/27\\\/marn-anuncia-ingreso-del-primer-frente-frio-y-llegada-de-vientos-nortes-al-pais\\\/\",\"url\":\"https:\\\/\\\/lagnoticias.com\\\/2025\\\/10\\\/27\\\/marn-anuncia-ingreso-del-primer-frente-frio-y-llegada-de-vientos-nortes-al-pais\\\/\",\"name\":\"MARN anuncia ingreso del primer frente fr\u00edo y llegada de Vientos Nortes al pa\u00eds - La G Noticias\",\"isPartOf\":{\"@id\":\"https:\\\/\\\/lagnoticias.com\\\/#website\"},\"primaryImageOfPage\":{\"@id\":\"https:\\\/\\\/lagnoticias.com\\\/2025\\\/10\\\/27\\\/marn-anuncia-ingreso-del-primer-frente-frio-y-llegada-de-vientos-nortes-al-pais\\\/#primaryimage\"},\"image\":{\"@id\":\"https:\\\/\\\/lagnoticias.com\\\/2025\\\/10\\\/27\\\/marn-anuncia-ingreso-del-primer-frente-frio-y-llegada-de-vientos-nortes-al-pais\\\/#primaryimage\"},\"thumbnailUrl\":\"https:\\\/\\\/lagnoticias.com\\\/wp-content\\\/uploads\\\/2025\\\/10\\\/6-8.jpg\",\"datePublished\":\"2025-10-27T22:37:14+00:00\",\"dateModified\":\"2025-10-27T22:37:15+00:00\",\"author\":{\"@id\":\"https:\\\/\\\/lagnoticias.com\\\/#\\\/schema\\\/person\\\/cb9bfe13f8de05d2c55270be25c6a550\"},\"breadcrumb\":{\"@id\":\"https:\\\/\\\/lagnoticias.com\\\/2025\\\/10\\\/27\\\/marn-anuncia-ingreso-del-primer-frente-frio-y-llegada-de-vientos-nortes-al-pais\\\/#breadcrumb\"},\"inLanguage\":\"en-US\",\"potentialAction\":[{\"@type\":\"ReadAction\",\"target\":[\"https:\\\/\\\/lagnoticias.com\\\/2025\\\/10\\\/27\\\/marn-anuncia-ingreso-del-primer-frente-frio-y-llegada-de-vientos-nortes-al-pais\\\/\"]}]},{\"@type\":\"ImageObject\",\"inLanguage\":\"en-US\",\"@id\":\"https:\\\/\\\/lagnoticias.com\\\/2025\\\/10\\\/27\\\/marn-anuncia-ingreso-del-primer-frente-frio-y-llegada-de-vientos-nortes-al-pais\\\/#primaryimage\",\"url\":\"https:\\\/\\\/lagnoticias.com\\\/wp-content\\\/uploads\\\/2025\\\/10\\\/6-8.jpg\",\"contentUrl\":\"https:\\\/\\\/lagnoticias.com\\\/wp-content\\\/uploads\\\/2025\\\/10\\\/6-8.jpg\",\"width\":600,\"height\":400,\"caption\":\"c\"},{\"@type\":\"BreadcrumbList\",\"@id\":\"https:\\\/\\\/lagnoticias.com\\\/2025\\\/10\\\/27\\\/marn-anuncia-ingreso-del-primer-frente-frio-y-llegada-de-vientos-nortes-al-pais\\\/#breadcrumb\",\"itemListElement\":[{\"@type\":\"ListItem\",\"position\":1,\"name\":\"Portada\",\"item\":\"https:\\\/\\\/lagnoticias.com\\\/\"},{\"@type\":\"ListItem\",\"position\":2,\"name\":\"MARN anuncia ingreso del primer frente fr\u00edo y llegada de Vientos Nortes al pa\u00eds\"}]},{\"@type\":\"WebSite\",\"@id\":\"https:\\\/\\\/lagnoticias.com\\\/#website\",\"url\":\"https:\\\/\\\/lagnoticias.com\\\/\",\"name\":\"La G Noticias\",\"description\":\"Noticias Positivas\",\"potentialAction\":[{\"@type\":\"SearchAction\",\"target\":{\"@type\":\"EntryPoint\",\"urlTemplate\":\"https:\\\/\\\/lagnoticias.com\\\/?s={search_term_string}\"},\"query-input\":{\"@type\":\"PropertyValueSpecification\",\"valueRequired\":true,\"valueName\":\"search_term_string\"}}],\"inLanguage\":\"en-US\"},{\"@type\":\"Person\",\"@id\":\"https:\\\/\\\/lagnoticias.com\\\/#\\\/schema\\\/person\\\/cb9bfe13f8de05d2c55270be25c6a550\",\"name\":\"Oscar\",\"image\":{\"@type\":\"ImageObject\",\"inLanguage\":\"en-US\",\"@id\":\"https:\\\/\\\/secure.gravatar.com\\\/avatar\\\/45c195718f652dc7ffdd591dc1f2678956ab7fdadcd359a635edc61304a8c757?s=96&d=mm&r=g\",\"url\":\"https:\\\/\\\/secure.gravatar.com\\\/avatar\\\/45c195718f652dc7ffdd591dc1f2678956ab7fdadcd359a635edc61304a8c757?s=96&d=mm&r=g\",\"contentUrl\":\"https:\\\/\\\/secure.gravatar.com\\\/avatar\\\/45c195718f652dc7ffdd591dc1f2678956ab7fdadcd359a635edc61304a8c757?s=96&d=mm&r=g\",\"caption\":\"Oscar\"},\"url\":\"https:\\\/\\\/lagnoticias.com\\\/en\\\/author\\\/oscar\\\/\"}]}<\/script>\n<!-- \/ Yoast SEO plugin. -->","yoast_head_json":{"title":"MARN anuncia ingreso del primer frente fr\u00edo y llegada de Vientos Nortes al pa\u00eds - La G Noticias","robots":{"index":"index","follow":"follow","max-snippet":"max-snippet:-1","max-image-preview":"max-image-preview:large","max-video-preview":"max-video-preview:-1"},"canonical":"https:\/\/lagnoticias.com\/en\/2025\/10\/27\/marn-anuncia-ingreso-del-primer-frente-frio-y-llegada-de-vientos-nortes-al-pais\/","og_locale":"en_US","og_type":"article","og_title":"MARN anuncia ingreso del primer frente fr\u00edo y llegada de Vientos Nortes al pa\u00eds - La G Noticias","og_description":"El Ministerio de Medio Ambiente y Recursos Naturales (MARN) inform\u00f3 que esta semana comenzar\u00e1 a sentirse la influencia del primer frente fr\u00edo de la temporada, acompa\u00f1ado por la llegada de los Vientos Nortes al territorio salvadore\u00f1o. De acuerdo con el MARN, desde ayer se registran vientos moderados y ocasionalmente fuertes, principalmente en las zonas altas [&hellip;]","og_url":"https:\/\/lagnoticias.com\/en\/2025\/10\/27\/marn-anuncia-ingreso-del-primer-frente-frio-y-llegada-de-vientos-nortes-al-pais\/","og_site_name":"La G Noticias","article_publisher":"https:\/\/www.facebook.com\/LaGNoticias","article_published_time":"2025-10-27T22:37:14+00:00","article_modified_time":"2025-10-27T22:37:15+00:00","og_image":[{"width":600,"height":400,"url":"https:\/\/lagnoticias.com\/wp-content\/uploads\/2025\/10\/6-8.jpg","type":"image\/jpeg"}],"author":"Oscar","twitter_card":"summary_large_image","twitter_creator":"@lagnoticias","twitter_site":"@lagnoticias","twitter_misc":{"Written by":"Oscar","Est. reading time":"2 minutes"},"schema":{"@context":"https:\/\/schema.org","@graph":[{"@type":"Article","@id":"https:\/\/lagnoticias.com\/2025\/10\/27\/marn-anuncia-ingreso-del-primer-frente-frio-y-llegada-de-vientos-nortes-al-pais\/#article","isPartOf":{"@id":"https:\/\/lagnoticias.com\/2025\/10\/27\/marn-anuncia-ingreso-del-primer-frente-frio-y-llegada-de-vientos-nortes-al-pais\/"},"author":{"name":"Oscar","@id":"https:\/\/lagnoticias.com\/#\/schema\/person\/cb9bfe13f8de05d2c55270be25c6a550"},"headline":"MARN anuncia ingreso del primer frente fr\u00edo y llegada de Vientos Nortes al pa\u00eds","datePublished":"2025-10-27T22:37:14+00:00","dateModified":"2025-10-27T22:37:15+00:00","mainEntityOfPage":{"@id":"https:\/\/lagnoticias.com\/2025\/10\/27\/marn-anuncia-ingreso-del-primer-frente-frio-y-llegada-de-vientos-nortes-al-pais\/"},"wordCount":329,"commentCount":0,"image":{"@id":"https:\/\/lagnoticias.com\/2025\/10\/27\/marn-anuncia-ingreso-del-primer-frente-frio-y-llegada-de-vientos-nortes-al-pais\/#primaryimage"},"thumbnailUrl":"https:\/\/lagnoticias.com\/wp-content\/uploads\/2025\/10\/6-8.jpg","keywords":["CLIMA","EL SALVADOR","FRENTE FRIO","MARN","MINISTERIO DE MEDIO AMBIENTE"],"articleSection":["NACIONALES"],"inLanguage":"en-US","potentialAction":[{"@type":"CommentAction","name":"Comment","target":["https:\/\/lagnoticias.com\/2025\/10\/27\/marn-anuncia-ingreso-del-primer-frente-frio-y-llegada-de-vientos-nortes-al-pais\/#respond"]}]},{"@type":"WebPage","@id":"https:\/\/lagnoticias.com\/2025\/10\/27\/marn-anuncia-ingreso-del-primer-frente-frio-y-llegada-de-vientos-nortes-al-pais\/","url":"https:\/\/lagnoticias.com\/2025\/10\/27\/marn-anuncia-ingreso-del-primer-frente-frio-y-llegada-de-vientos-nortes-al-pais\/","name":"MARN anuncia ingreso del primer frente fr\u00edo y llegada de Vientos Nortes al pa\u00eds - La G Noticias","isPartOf":{"@id":"https:\/\/lagnoticias.com\/#website"},"primaryImageOfPage":{"@id":"https:\/\/lagnoticias.com\/2025\/10\/27\/marn-anuncia-ingreso-del-primer-frente-frio-y-llegada-de-vientos-nortes-al-pais\/#primaryimage"},"image":{"@id":"https:\/\/lagnoticias.com\/2025\/10\/27\/marn-anuncia-ingreso-del-primer-frente-frio-y-llegada-de-vientos-nortes-al-pais\/#primaryimage"},"thumbnailUrl":"https:\/\/lagnoticias.com\/wp-content\/uploads\/2025\/10\/6-8.jpg","datePublished":"2025-10-27T22:37:14+00:00","dateModified":"2025-10-27T22:37:15+00:00","author":{"@id":"https:\/\/lagnoticias.com\/#\/schema\/person\/cb9bfe13f8de05d2c55270be25c6a550"},"breadcrumb":{"@id":"https:\/\/lagnoticias.com\/2025\/10\/27\/marn-anuncia-ingreso-del-primer-frente-frio-y-llegada-de-vientos-nortes-al-pais\/#breadcrumb"},"inLanguage":"en-US","potentialAction":[{"@type":"ReadAction","target":["https:\/\/lagnoticias.com\/2025\/10\/27\/marn-anuncia-ingreso-del-primer-frente-frio-y-llegada-de-vientos-nortes-al-pais\/"]}]},{"@type":"ImageObject","inLanguage":"en-US","@id":"https:\/\/lagnoticias.com\/2025\/10\/27\/marn-anuncia-ingreso-del-primer-frente-frio-y-llegada-de-vientos-nortes-al-pais\/#primaryimage","url":"https:\/\/lagnoticias.com\/wp-content\/uploads\/2025\/10\/6-8.jpg","contentUrl":"https:\/\/lagnoticias.com\/wp-content\/uploads\/2025\/10\/6-8.jpg","width":600,"height":400,"caption":"c"},{"@type":"BreadcrumbList","@id":"https:\/\/lagnoticias.com\/2025\/10\/27\/marn-anuncia-ingreso-del-primer-frente-frio-y-llegada-de-vientos-nortes-al-pais\/#breadcrumb","itemListElement":[{"@type":"ListItem","position":1,"name":"Portada","item":"https:\/\/lagnoticias.com\/"},{"@type":"ListItem","position":2,"name":"MARN anuncia ingreso del primer frente fr\u00edo y llegada de Vientos Nortes al pa\u00eds"}]},{"@type":"WebSite","@id":"https:\/\/lagnoticias.com\/#website","url":"https:\/\/lagnoticias.com\/","name":"La G Noticias","description":"Noticias Positivas","potentialAction":[{"@type":"SearchAction","target":{"@type":"EntryPoint","urlTemplate":"https:\/\/lagnoticias.com\/?s={search_term_string}"},"query-input":{"@type":"PropertyValueSpecification","valueRequired":true,"valueName":"search_term_string"}}],"inLanguage":"en-US"},{"@type":"Person","@id":"https:\/\/lagnoticias.com\/#\/schema\/person\/cb9bfe13f8de05d2c55270be25c6a550","name":"Oscar","image":{"@type":"ImageObject","inLanguage":"en-US","@id":"https:\/\/secure.gravatar.com\/avatar\/45c195718f652dc7ffdd591dc1f2678956ab7fdadcd359a635edc61304a8c757?s=96&d=mm&r=g","url":"https:\/\/secure.gravatar.com\/avatar\/45c195718f652dc7ffdd591dc1f2678956ab7fdadcd359a635edc61304a8c757?s=96&d=mm&r=g","contentUrl":"https:\/\/secure.gravatar.com\/avatar\/45c195718f652dc7ffdd591dc1f2678956ab7fdadcd359a635edc61304a8c757?s=96&d=mm&r=g","caption":"Oscar"},"url":"https:\/\/lagnoticias.com\/en\/author\/oscar\/"}]}},"_links":{"self":[{"href":"https:\/\/lagnoticias.com\/en\/wp-json\/wp\/v2\/posts\/6420","targetHints":{"allow":["GET"]}}],"collection":[{"href":"https:\/\/lagnoticias.com\/en\/wp-json\/wp\/v2\/posts"}],"about":[{"href":"https:\/\/lagnoticias.com\/en\/wp-json\/wp\/v2\/types\/post"}],"author":[{"embeddable":true,"href":"https:\/\/lagnoticias.com\/en\/wp-json\/wp\/v2\/users\/2"}],"replies":[{"embeddable":true,"href":"https:\/\/lagnoticias.com\/en\/wp-json\/wp\/v2\/comments?post=6420"}],"version-history":[{"count":1,"href":"https:\/\/lagnoticias.com\/en\/wp-json\/wp\/v2\/posts\/6420\/revisions"}],"predecessor-version":[{"id":6422,"href":"https:\/\/lagnoticias.com\/en\/wp-json\/wp\/v2\/posts\/6420\/revisions\/6422"}],"wp:featuredmedia":[{"embeddable":true,"href":"https:\/\/lagnoticias.com\/en\/wp-json\/wp\/v2\/media\/6421"}],"wp:attachment":[{"href":"https:\/\/lagnoticias.com\/en\/wp-json\/wp\/v2\/media?parent=6420"}],"wp:term":[{"taxonomy":"category","embeddable":true,"href":"https:\/\/lagnoticias.com\/en\/wp-json\/wp\/v2\/categories?post=6420"},{"taxonomy":"post_tag","embeddable":true,"href":"https:\/\/lagnoticias.com\/en\/wp-json\/wp\/v2\/tags?post=6420"}],"curies":[{"name":"wp","href":"https:\/\/api.w.org\/{rel}","templated":true}]}}