{"id":6410,"date":"2025-10-27T15:34:25","date_gmt":"2025-10-27T21:34:25","guid":{"rendered":"https:\/\/lagnoticias.com\/?p=6410"},"modified":"2025-10-27T15:34:25","modified_gmt":"2025-10-27T21:34:25","slug":"gobierno-aumentara-capacidad-de-dui-centros-para-renovacion-masiva-de-documentos-en-2026","status":"publish","type":"post","link":"https:\/\/lagnoticias.com\/en\/2025\/10\/27\/gobierno-aumentara-capacidad-de-dui-centros-para-renovacion-masiva-de-documentos-en-2026\/","title":{"rendered":"Gobierno aumentar\u00e1 capacidad de DUI Centros para renovaci\u00f3n masiva de documentos en 2026"},"content":{"rendered":"<p>El Registro Natural de las Personas Naturales (RNPN) se prepara para el proceso de renovaci\u00f3n masiva del documento, el pr\u00f3ximo a\u00f1o, para m\u00e1s de 1.6 millones de personas en el pa\u00eds y para el exterior m\u00e1s de 100 mil, debido al vencimiento del mismo.&nbsp;<\/p>\n\n\n\n<p>El presidente de la instituci\u00f3n, Fernando Velasco, resalt\u00f3 que para este proceso aumentar\u00e1n la capacidad en los DUI Centros, adem\u00e1s abrir\u00e1n temporales y sobre todo que el valor del tr\u00e1mite no tendr\u00e1 incremento alguno.&nbsp;<\/p>\n\n\n\n<p>\u00abActualmente tenemos 19 DUI Centros, y para el periodo de renovaci\u00f3n masiva abriremos tres temporales. El valor del tr\u00e1mite ser\u00e1 el mismo, $10.31\u00bb, expres\u00f3 Velasco y agreg\u00f3 que han movido algunos centros en beneficio de la poblaci\u00f3n; por ejemplo, el de Usulut\u00e1n hacia Plaza Mundo Usulut\u00e1n; de igual forma, el de Portal Sagrera fue movido a Plaza Mundo Soyapango, donde hay estacionamiento y establecimientos bancarios; y tambi\u00e9n San Miguel, al Garden Mall, que ofrece mejor ubicaci\u00f3n.<\/p>\n\n\n\n<p>El funcionario ampli\u00f3 sobre las formas de pago. \u201cAdem\u00e1s de pagar de la forma tradicional, es decir en cualquier instituci\u00f3n bancaria, hemos abierto el pago en l\u00ednea, no es necesario imprimirlo, lo muestra y como la cancelaci\u00f3n est\u00e1 vinculada al DUI, no hay problema\u00bb, apunt\u00f3.<\/p>\n\n\n\n<p>Velasco explic\u00f3 que para modificar un dato del DUI se necesita un documento que acredite el cambio, y se debe incorporar al expediente digital, por ejemplo, se puede modificar su profesi\u00f3n o estado familiar; y a\u00f1adi\u00f3 que han mejorado los tiempos de respuesta.<\/p>\n\n\n\n<p>Para el tr\u00e1mite por primera vez, donde se necesita un ingreso de datos, son alrededor de 30 minutos; pero procesos como renovaci\u00f3n o reposici\u00f3n es 10 a 15 minutos.<\/p>\n\n\n\n<p>En cuanto a las medidas de seguridad del documento afirm\u00f3 que el DUI incluye 35 medidas de seguridad.<\/p>\n\n\n\n<p>En su lanzamiento recibieron un galard\u00f3n como mejor tarjeta nueva latinoamericana en un evento que hubo en Bahamas, fue un reconocimiento al trabajo y modernizaci\u00f3n en materia de identidad, y continuar\u00e1n con esas medidas en la protecci\u00f3n de los datos de los salvadore\u00f1os.&nbsp;<\/p>","protected":false},"excerpt":{"rendered":"<p>El Registro Natural de las Personas Naturales (RNPN) se prepara para el proceso de renovaci\u00f3n masiva del documento, el pr\u00f3ximo a\u00f1o, para m\u00e1s de 1.6 millones de personas en el pa\u00eds y para el exterior m\u00e1s de 100 mil, debido al vencimiento del mismo.&nbsp; El presidente de la instituci\u00f3n, Fernando Velasco, resalt\u00f3 que para este [&hellip;]<\/p>","protected":false},"author":2,"featured_media":6411,"comment_status":"open","ping_status":"open","sticky":false,"template":"","format":"standard","meta":{"_et_pb_use_builder":"off","_et_pb_old_content":"","_et_gb_content_width":"","footnotes":""},"categories":[244],"tags":[1669,1670,268,1671],"class_list":["post-6410","post","type-post","status-publish","format-standard","has-post-thumbnail","hentry","category-nacionales","tag-dui","tag-dui-centros","tag-gobierno-de-el-salvador","tag-registro-natural-de-las-personas-naturales"],"yoast_head":"<!-- This site is optimized with the Yoast SEO plugin v27.4 - https:\/\/yoast.com\/product\/yoast-seo-wordpress\/ -->\n<title>Gobierno aumentar\u00e1 capacidad de DUI Centros para renovaci\u00f3n masiva de documentos en 2026 - La G Noticias<\/title>\n<meta name=\"robots\" content=\"index, follow, max-snippet:-1, max-image-preview:large, max-video-preview:-1\" \/>\n<link rel=\"canonical\" href=\"https:\/\/lagnoticias.com\/en\/2025\/10\/27\/gobierno-aumentara-capacidad-de-dui-centros-para-renovacion-masiva-de-documentos-en-2026\/\" \/>\n<meta property=\"og:locale\" content=\"en_US\" \/>\n<meta property=\"og:type\" content=\"article\" \/>\n<meta property=\"og:title\" content=\"Gobierno aumentar\u00e1 capacidad de DUI Centros para renovaci\u00f3n masiva de documentos en 2026 - La G Noticias\" \/>\n<meta property=\"og:description\" content=\"El Registro Natural de las Personas Naturales (RNPN) se prepara para el proceso de renovaci\u00f3n masiva del documento, el pr\u00f3ximo a\u00f1o, para m\u00e1s de 1.6 millones de personas en el pa\u00eds y para el exterior m\u00e1s de 100 mil, debido al vencimiento del mismo.&nbsp; El presidente de la instituci\u00f3n, Fernando Velasco, resalt\u00f3 que para este [&hellip;]\" \/>\n<meta property=\"og:url\" content=\"https:\/\/lagnoticias.com\/en\/2025\/10\/27\/gobierno-aumentara-capacidad-de-dui-centros-para-renovacion-masiva-de-documentos-en-2026\/\" \/>\n<meta property=\"og:site_name\" content=\"La G Noticias\" \/>\n<meta property=\"article:publisher\" content=\"https:\/\/www.facebook.com\/LaGNoticias\" \/>\n<meta property=\"article:published_time\" content=\"2025-10-27T21:34:25+00:00\" \/>\n<meta property=\"og:image\" content=\"https:\/\/lagnoticias.com\/wp-content\/uploads\/2025\/10\/2-10-scaled.jpg\" \/>\n\t<meta property=\"og:image:width\" content=\"2560\" \/>\n\t<meta property=\"og:image:height\" content=\"1835\" \/>\n\t<meta property=\"og:image:type\" content=\"image\/jpeg\" \/>\n<meta name=\"author\" content=\"Oscar\" \/>\n<meta name=\"twitter:card\" content=\"summary_large_image\" \/>\n<meta name=\"twitter:creator\" content=\"@lagnoticias\" \/>\n<meta name=\"twitter:site\" content=\"@lagnoticias\" \/>\n<meta name=\"twitter:label1\" content=\"Written by\" \/>\n\t<meta name=\"twitter:data1\" content=\"Oscar\" \/>\n\t<meta name=\"twitter:label2\" content=\"Est. reading time\" \/>\n\t<meta name=\"twitter:data2\" content=\"2 minutes\" \/>\n<script type=\"application\/ld+json\" class=\"yoast-schema-graph\">{\"@context\":\"https:\\\/\\\/schema.org\",\"@graph\":[{\"@type\":\"Article\",\"@id\":\"https:\\\/\\\/lagnoticias.com\\\/2025\\\/10\\\/27\\\/gobierno-aumentara-capacidad-de-dui-centros-para-renovacion-masiva-de-documentos-en-2026\\\/#article\",\"isPartOf\":{\"@id\":\"https:\\\/\\\/lagnoticias.com\\\/2025\\\/10\\\/27\\\/gobierno-aumentara-capacidad-de-dui-centros-para-renovacion-masiva-de-documentos-en-2026\\\/\"},\"author\":{\"name\":\"Oscar\",\"@id\":\"https:\\\/\\\/lagnoticias.com\\\/#\\\/schema\\\/person\\\/cb9bfe13f8de05d2c55270be25c6a550\"},\"headline\":\"Gobierno aumentar\u00e1 capacidad de DUI Centros para renovaci\u00f3n masiva de documentos en 2026\",\"datePublished\":\"2025-10-27T21:34:25+00:00\",\"mainEntityOfPage\":{\"@id\":\"https:\\\/\\\/lagnoticias.com\\\/2025\\\/10\\\/27\\\/gobierno-aumentara-capacidad-de-dui-centros-para-renovacion-masiva-de-documentos-en-2026\\\/\"},\"wordCount\":372,\"commentCount\":0,\"image\":{\"@id\":\"https:\\\/\\\/lagnoticias.com\\\/2025\\\/10\\\/27\\\/gobierno-aumentara-capacidad-de-dui-centros-para-renovacion-masiva-de-documentos-en-2026\\\/#primaryimage\"},\"thumbnailUrl\":\"https:\\\/\\\/lagnoticias.com\\\/wp-content\\\/uploads\\\/2025\\\/10\\\/2-10-scaled.jpg\",\"keywords\":[\"DUI\",\"DUI CENTROS\",\"GOBIERNO DE EL SALVADOR\",\"Registro Natural de las Personas Naturales\"],\"articleSection\":[\"NACIONALES\"],\"inLanguage\":\"en-US\",\"potentialAction\":[{\"@type\":\"CommentAction\",\"name\":\"Comment\",\"target\":[\"https:\\\/\\\/lagnoticias.com\\\/2025\\\/10\\\/27\\\/gobierno-aumentara-capacidad-de-dui-centros-para-renovacion-masiva-de-documentos-en-2026\\\/#respond\"]}]},{\"@type\":\"WebPage\",\"@id\":\"https:\\\/\\\/lagnoticias.com\\\/2025\\\/10\\\/27\\\/gobierno-aumentara-capacidad-de-dui-centros-para-renovacion-masiva-de-documentos-en-2026\\\/\",\"url\":\"https:\\\/\\\/lagnoticias.com\\\/2025\\\/10\\\/27\\\/gobierno-aumentara-capacidad-de-dui-centros-para-renovacion-masiva-de-documentos-en-2026\\\/\",\"name\":\"Gobierno aumentar\u00e1 capacidad de DUI Centros para renovaci\u00f3n masiva de documentos en 2026 - La G Noticias\",\"isPartOf\":{\"@id\":\"https:\\\/\\\/lagnoticias.com\\\/#website\"},\"primaryImageOfPage\":{\"@id\":\"https:\\\/\\\/lagnoticias.com\\\/2025\\\/10\\\/27\\\/gobierno-aumentara-capacidad-de-dui-centros-para-renovacion-masiva-de-documentos-en-2026\\\/#primaryimage\"},\"image\":{\"@id\":\"https:\\\/\\\/lagnoticias.com\\\/2025\\\/10\\\/27\\\/gobierno-aumentara-capacidad-de-dui-centros-para-renovacion-masiva-de-documentos-en-2026\\\/#primaryimage\"},\"thumbnailUrl\":\"https:\\\/\\\/lagnoticias.com\\\/wp-content\\\/uploads\\\/2025\\\/10\\\/2-10-scaled.jpg\",\"datePublished\":\"2025-10-27T21:34:25+00:00\",\"author\":{\"@id\":\"https:\\\/\\\/lagnoticias.com\\\/#\\\/schema\\\/person\\\/cb9bfe13f8de05d2c55270be25c6a550\"},\"breadcrumb\":{\"@id\":\"https:\\\/\\\/lagnoticias.com\\\/2025\\\/10\\\/27\\\/gobierno-aumentara-capacidad-de-dui-centros-para-renovacion-masiva-de-documentos-en-2026\\\/#breadcrumb\"},\"inLanguage\":\"en-US\",\"potentialAction\":[{\"@type\":\"ReadAction\",\"target\":[\"https:\\\/\\\/lagnoticias.com\\\/2025\\\/10\\\/27\\\/gobierno-aumentara-capacidad-de-dui-centros-para-renovacion-masiva-de-documentos-en-2026\\\/\"]}]},{\"@type\":\"ImageObject\",\"inLanguage\":\"en-US\",\"@id\":\"https:\\\/\\\/lagnoticias.com\\\/2025\\\/10\\\/27\\\/gobierno-aumentara-capacidad-de-dui-centros-para-renovacion-masiva-de-documentos-en-2026\\\/#primaryimage\",\"url\":\"https:\\\/\\\/lagnoticias.com\\\/wp-content\\\/uploads\\\/2025\\\/10\\\/2-10-scaled.jpg\",\"contentUrl\":\"https:\\\/\\\/lagnoticias.com\\\/wp-content\\\/uploads\\\/2025\\\/10\\\/2-10-scaled.jpg\",\"width\":2560,\"height\":1835},{\"@type\":\"BreadcrumbList\",\"@id\":\"https:\\\/\\\/lagnoticias.com\\\/2025\\\/10\\\/27\\\/gobierno-aumentara-capacidad-de-dui-centros-para-renovacion-masiva-de-documentos-en-2026\\\/#breadcrumb\",\"itemListElement\":[{\"@type\":\"ListItem\",\"position\":1,\"name\":\"Portada\",\"item\":\"https:\\\/\\\/lagnoticias.com\\\/\"},{\"@type\":\"ListItem\",\"position\":2,\"name\":\"Gobierno aumentar\u00e1 capacidad de DUI Centros para renovaci\u00f3n masiva de documentos en 2026\"}]},{\"@type\":\"WebSite\",\"@id\":\"https:\\\/\\\/lagnoticias.com\\\/#website\",\"url\":\"https:\\\/\\\/lagnoticias.com\\\/\",\"name\":\"La G Noticias\",\"description\":\"Noticias Positivas\",\"potentialAction\":[{\"@type\":\"SearchAction\",\"target\":{\"@type\":\"EntryPoint\",\"urlTemplate\":\"https:\\\/\\\/lagnoticias.com\\\/?s={search_term_string}\"},\"query-input\":{\"@type\":\"PropertyValueSpecification\",\"valueRequired\":true,\"valueName\":\"search_term_string\"}}],\"inLanguage\":\"en-US\"},{\"@type\":\"Person\",\"@id\":\"https:\\\/\\\/lagnoticias.com\\\/#\\\/schema\\\/person\\\/cb9bfe13f8de05d2c55270be25c6a550\",\"name\":\"Oscar\",\"image\":{\"@type\":\"ImageObject\",\"inLanguage\":\"en-US\",\"@id\":\"https:\\\/\\\/secure.gravatar.com\\\/avatar\\\/45c195718f652dc7ffdd591dc1f2678956ab7fdadcd359a635edc61304a8c757?s=96&d=mm&r=g\",\"url\":\"https:\\\/\\\/secure.gravatar.com\\\/avatar\\\/45c195718f652dc7ffdd591dc1f2678956ab7fdadcd359a635edc61304a8c757?s=96&d=mm&r=g\",\"contentUrl\":\"https:\\\/\\\/secure.gravatar.com\\\/avatar\\\/45c195718f652dc7ffdd591dc1f2678956ab7fdadcd359a635edc61304a8c757?s=96&d=mm&r=g\",\"caption\":\"Oscar\"},\"url\":\"https:\\\/\\\/lagnoticias.com\\\/en\\\/author\\\/oscar\\\/\"}]}<\/script>\n<!-- \/ Yoast SEO plugin. -->","yoast_head_json":{"title":"Gobierno aumentar\u00e1 capacidad de DUI Centros para renovaci\u00f3n masiva de documentos en 2026 - La G Noticias","robots":{"index":"index","follow":"follow","max-snippet":"max-snippet:-1","max-image-preview":"max-image-preview:large","max-video-preview":"max-video-preview:-1"},"canonical":"https:\/\/lagnoticias.com\/en\/2025\/10\/27\/gobierno-aumentara-capacidad-de-dui-centros-para-renovacion-masiva-de-documentos-en-2026\/","og_locale":"en_US","og_type":"article","og_title":"Gobierno aumentar\u00e1 capacidad de DUI Centros para renovaci\u00f3n masiva de documentos en 2026 - La G Noticias","og_description":"El Registro Natural de las Personas Naturales (RNPN) se prepara para el proceso de renovaci\u00f3n masiva del documento, el pr\u00f3ximo a\u00f1o, para m\u00e1s de 1.6 millones de personas en el pa\u00eds y para el exterior m\u00e1s de 100 mil, debido al vencimiento del mismo.&nbsp; El presidente de la instituci\u00f3n, Fernando Velasco, resalt\u00f3 que para este [&hellip;]","og_url":"https:\/\/lagnoticias.com\/en\/2025\/10\/27\/gobierno-aumentara-capacidad-de-dui-centros-para-renovacion-masiva-de-documentos-en-2026\/","og_site_name":"La G Noticias","article_publisher":"https:\/\/www.facebook.com\/LaGNoticias","article_published_time":"2025-10-27T21:34:25+00:00","og_image":[{"width":2560,"height":1835,"url":"https:\/\/lagnoticias.com\/wp-content\/uploads\/2025\/10\/2-10-scaled.jpg","type":"image\/jpeg"}],"author":"Oscar","twitter_card":"summary_large_image","twitter_creator":"@lagnoticias","twitter_site":"@lagnoticias","twitter_misc":{"Written by":"Oscar","Est. reading time":"2 minutes"},"schema":{"@context":"https:\/\/schema.org","@graph":[{"@type":"Article","@id":"https:\/\/lagnoticias.com\/2025\/10\/27\/gobierno-aumentara-capacidad-de-dui-centros-para-renovacion-masiva-de-documentos-en-2026\/#article","isPartOf":{"@id":"https:\/\/lagnoticias.com\/2025\/10\/27\/gobierno-aumentara-capacidad-de-dui-centros-para-renovacion-masiva-de-documentos-en-2026\/"},"author":{"name":"Oscar","@id":"https:\/\/lagnoticias.com\/#\/schema\/person\/cb9bfe13f8de05d2c55270be25c6a550"},"headline":"Gobierno aumentar\u00e1 capacidad de DUI Centros para renovaci\u00f3n masiva de documentos en 2026","datePublished":"2025-10-27T21:34:25+00:00","mainEntityOfPage":{"@id":"https:\/\/lagnoticias.com\/2025\/10\/27\/gobierno-aumentara-capacidad-de-dui-centros-para-renovacion-masiva-de-documentos-en-2026\/"},"wordCount":372,"commentCount":0,"image":{"@id":"https:\/\/lagnoticias.com\/2025\/10\/27\/gobierno-aumentara-capacidad-de-dui-centros-para-renovacion-masiva-de-documentos-en-2026\/#primaryimage"},"thumbnailUrl":"https:\/\/lagnoticias.com\/wp-content\/uploads\/2025\/10\/2-10-scaled.jpg","keywords":["DUI","DUI CENTROS","GOBIERNO DE EL SALVADOR","Registro Natural de las Personas Naturales"],"articleSection":["NACIONALES"],"inLanguage":"en-US","potentialAction":[{"@type":"CommentAction","name":"Comment","target":["https:\/\/lagnoticias.com\/2025\/10\/27\/gobierno-aumentara-capacidad-de-dui-centros-para-renovacion-masiva-de-documentos-en-2026\/#respond"]}]},{"@type":"WebPage","@id":"https:\/\/lagnoticias.com\/2025\/10\/27\/gobierno-aumentara-capacidad-de-dui-centros-para-renovacion-masiva-de-documentos-en-2026\/","url":"https:\/\/lagnoticias.com\/2025\/10\/27\/gobierno-aumentara-capacidad-de-dui-centros-para-renovacion-masiva-de-documentos-en-2026\/","name":"Gobierno aumentar\u00e1 capacidad de DUI Centros para renovaci\u00f3n masiva de documentos en 2026 - La G Noticias","isPartOf":{"@id":"https:\/\/lagnoticias.com\/#website"},"primaryImageOfPage":{"@id":"https:\/\/lagnoticias.com\/2025\/10\/27\/gobierno-aumentara-capacidad-de-dui-centros-para-renovacion-masiva-de-documentos-en-2026\/#primaryimage"},"image":{"@id":"https:\/\/lagnoticias.com\/2025\/10\/27\/gobierno-aumentara-capacidad-de-dui-centros-para-renovacion-masiva-de-documentos-en-2026\/#primaryimage"},"thumbnailUrl":"https:\/\/lagnoticias.com\/wp-content\/uploads\/2025\/10\/2-10-scaled.jpg","datePublished":"2025-10-27T21:34:25+00:00","author":{"@id":"https:\/\/lagnoticias.com\/#\/schema\/person\/cb9bfe13f8de05d2c55270be25c6a550"},"breadcrumb":{"@id":"https:\/\/lagnoticias.com\/2025\/10\/27\/gobierno-aumentara-capacidad-de-dui-centros-para-renovacion-masiva-de-documentos-en-2026\/#breadcrumb"},"inLanguage":"en-US","potentialAction":[{"@type":"ReadAction","target":["https:\/\/lagnoticias.com\/2025\/10\/27\/gobierno-aumentara-capacidad-de-dui-centros-para-renovacion-masiva-de-documentos-en-2026\/"]}]},{"@type":"ImageObject","inLanguage":"en-US","@id":"https:\/\/lagnoticias.com\/2025\/10\/27\/gobierno-aumentara-capacidad-de-dui-centros-para-renovacion-masiva-de-documentos-en-2026\/#primaryimage","url":"https:\/\/lagnoticias.com\/wp-content\/uploads\/2025\/10\/2-10-scaled.jpg","contentUrl":"https:\/\/lagnoticias.com\/wp-content\/uploads\/2025\/10\/2-10-scaled.jpg","width":2560,"height":1835},{"@type":"BreadcrumbList","@id":"https:\/\/lagnoticias.com\/2025\/10\/27\/gobierno-aumentara-capacidad-de-dui-centros-para-renovacion-masiva-de-documentos-en-2026\/#breadcrumb","itemListElement":[{"@type":"ListItem","position":1,"name":"Portada","item":"https:\/\/lagnoticias.com\/"},{"@type":"ListItem","position":2,"name":"Gobierno aumentar\u00e1 capacidad de DUI Centros para renovaci\u00f3n masiva de documentos en 2026"}]},{"@type":"WebSite","@id":"https:\/\/lagnoticias.com\/#website","url":"https:\/\/lagnoticias.com\/","name":"La G Noticias","description":"Noticias Positivas","potentialAction":[{"@type":"SearchAction","target":{"@type":"EntryPoint","urlTemplate":"https:\/\/lagnoticias.com\/?s={search_term_string}"},"query-input":{"@type":"PropertyValueSpecification","valueRequired":true,"valueName":"search_term_string"}}],"inLanguage":"en-US"},{"@type":"Person","@id":"https:\/\/lagnoticias.com\/#\/schema\/person\/cb9bfe13f8de05d2c55270be25c6a550","name":"Oscar","image":{"@type":"ImageObject","inLanguage":"en-US","@id":"https:\/\/secure.gravatar.com\/avatar\/45c195718f652dc7ffdd591dc1f2678956ab7fdadcd359a635edc61304a8c757?s=96&d=mm&r=g","url":"https:\/\/secure.gravatar.com\/avatar\/45c195718f652dc7ffdd591dc1f2678956ab7fdadcd359a635edc61304a8c757?s=96&d=mm&r=g","contentUrl":"https:\/\/secure.gravatar.com\/avatar\/45c195718f652dc7ffdd591dc1f2678956ab7fdadcd359a635edc61304a8c757?s=96&d=mm&r=g","caption":"Oscar"},"url":"https:\/\/lagnoticias.com\/en\/author\/oscar\/"}]}},"_links":{"self":[{"href":"https:\/\/lagnoticias.com\/en\/wp-json\/wp\/v2\/posts\/6410","targetHints":{"allow":["GET"]}}],"collection":[{"href":"https:\/\/lagnoticias.com\/en\/wp-json\/wp\/v2\/posts"}],"about":[{"href":"https:\/\/lagnoticias.com\/en\/wp-json\/wp\/v2\/types\/post"}],"author":[{"embeddable":true,"href":"https:\/\/lagnoticias.com\/en\/wp-json\/wp\/v2\/users\/2"}],"replies":[{"embeddable":true,"href":"https:\/\/lagnoticias.com\/en\/wp-json\/wp\/v2\/comments?post=6410"}],"version-history":[{"count":1,"href":"https:\/\/lagnoticias.com\/en\/wp-json\/wp\/v2\/posts\/6410\/revisions"}],"predecessor-version":[{"id":6412,"href":"https:\/\/lagnoticias.com\/en\/wp-json\/wp\/v2\/posts\/6410\/revisions\/6412"}],"wp:featuredmedia":[{"embeddable":true,"href":"https:\/\/lagnoticias.com\/en\/wp-json\/wp\/v2\/media\/6411"}],"wp:attachment":[{"href":"https:\/\/lagnoticias.com\/en\/wp-json\/wp\/v2\/media?parent=6410"}],"wp:term":[{"taxonomy":"category","embeddable":true,"href":"https:\/\/lagnoticias.com\/en\/wp-json\/wp\/v2\/categories?post=6410"},{"taxonomy":"post_tag","embeddable":true,"href":"https:\/\/lagnoticias.com\/en\/wp-json\/wp\/v2\/tags?post=6410"}],"curies":[{"name":"wp","href":"https:\/\/api.w.org\/{rel}","templated":true}]}}